{"id":3400,"date":"2009-12-28T00:01:56","date_gmt":"2009-12-27T21:01:56","guid":{"rendered":"http:\/\/localhost\/wordpress\/2009\/12\/28\/birden-sonra-sifir\/"},"modified":"2009-12-28T00:01:56","modified_gmt":"2009-12-27T21:01:56","slug":"birden-sonra-sifir","status":"publish","type":"post","link":"https:\/\/narteks.net\/index.php\/2009\/12\/28\/birden-sonra-sifir\/","title":{"rendered":"B\u0130RDEN SONRA SIFIR"},"content":{"rendered":"<p>\u00a0<\/p>\n<p>taml\u0131k yoktu bende sadece de\u011fil isteme<br \/>ikiyle \u00e7arp\u0131mda serinli\u011fini yitiren bir, neden s\u0131f\u0131r<br \/>kalbimden y\u00fcz\u00fcme do\u011fru ak\u0131yor c\u0131va<br \/>duadan yoksun ruh bedenle dolu<\/p>\n<p>istemedim hi\u00e7 olmak istemedi\u011fim ki\u015fi olmak<br \/>ne kadar da b\u00fcy\u00fcd\u00fc benden ba\u011f\u0131ms\u0131z beden<br \/>zay\u0131fl\u0131k beni izleyenlerin g\u00f6zlerindeki nesne<br \/>selamdan sonra sanki aya\u011f\u0131m\u0131za t\u00fck\u00fcr\u00fcrler<\/p>\n<p>\u015fiddete bula\u015fmadan \u00f6lemez mi beden<br \/>kim bulabilmi\u015f kendini kendine tay\u0131n edilen yerde<br \/>her ben yapt\u0131klar\u0131n\u0131 gizledi\u011fi s\u00fcrece taml\u0131k<br \/>ba\u015fkas\u0131nda olan\u0131 istersen ba\u015fkas\u0131na benzersin<\/p>\n<p>kayan\u0131n s\u00f6k\u00fcld\u00fc\u011f\u00fc toprakt\u0131m ben<br \/>\u00e7irkinle\u015fmeden olmaz m\u0131yd\u0131 neden<br \/>gen\u00e7ken tazeyken dokuzu be\u015f ge\u00e7eyken<br \/>ipe \u00e7ekmedim de kendimi ben<\/p>\n<p>Necati, kim koydu bu ac\u0131y\u0131 kalbimize, Necati!<\/p>\n<p> MOR TAKA \/ G\u00dcZ 2005<\/p>\n","protected":false},"excerpt":{"rendered":"<p>\u00a0 taml\u0131k yoktu bende sadece de\u011fil istemeikiyle \u00e7arp\u0131mda serinli\u011fini yitiren bir, neden s\u0131f\u0131rkalbimden y\u00fcz\u00fcme do\u011fru ak\u0131yor c\u0131vaduadan yoksun ruh bedenle dolu istemedim hi\u00e7 olmak istemedi\u011fim ki\u015fi olmakne kadar da b\u00fcy\u00fcd\u00fc benden ba\u011f\u0131ms\u0131z bedenzay\u0131fl\u0131k beni izleyenlerin g\u00f6zlerindeki nesneselamdan sonra sanki aya\u011f\u0131m\u0131za t\u00fck\u00fcr\u00fcrler \u015fiddete bula\u015fmadan \u00f6lemez mi bedenkim bulabilmi\u015f kendini kendine tay\u0131n edilen yerdeher ben yapt\u0131klar\u0131n\u0131 gizledi\u011fi [&hellip;]<\/p>\n","protected":false},"author":1,"featured_media":0,"comment_status":"open","ping_status":"open","sticky":false,"template":"","format":"standard","meta":{"footnotes":""},"categories":[118],"tags":[],"class_list":{"0":"post-3400","1":"post","2":"type-post","3":"status-publish","4":"format-standard","6":"category-yucel-kayiran"},"yoast_head":"<!-- This site is optimized with the Yoast SEO Premium plugin v24.9 (Yoast SEO v24.9) - https:\/\/yoast.com\/wordpress\/plugins\/seo\/ -->\n<title>B\u0130RDEN SONRA SIFIR - narteks.net<\/title>\n<meta name=\"robots\" content=\"index, follow, max-snippet:-1, max-image-preview:large, max-video-preview:-1\" \/>\n<link rel=\"canonical\" href=\"https:\/\/narteks.net\/index.php\/2009\/12\/28\/birden-sonra-sifir\/\" \/>\n<meta property=\"og:locale\" content=\"tr_TR\" \/>\n<meta property=\"og:type\" content=\"article\" \/>\n<meta property=\"og:title\" content=\"B\u0130RDEN SONRA SIFIR\" \/>\n<meta property=\"og:description\" content=\"\u00a0 taml\u0131k yoktu bende sadece de\u011fil istemeikiyle \u00e7arp\u0131mda serinli\u011fini yitiren bir, neden s\u0131f\u0131rkalbimden y\u00fcz\u00fcme do\u011fru ak\u0131yor c\u0131vaduadan yoksun ruh bedenle dolu istemedim hi\u00e7 olmak istemedi\u011fim ki\u015fi olmakne kadar da b\u00fcy\u00fcd\u00fc benden ba\u011f\u0131ms\u0131z bedenzay\u0131fl\u0131k beni izleyenlerin g\u00f6zlerindeki nesneselamdan sonra sanki aya\u011f\u0131m\u0131za t\u00fck\u00fcr\u00fcrler \u015fiddete bula\u015fmadan \u00f6lemez mi bedenkim bulabilmi\u015f kendini kendine tay\u0131n edilen yerdeher ben yapt\u0131klar\u0131n\u0131 gizledi\u011fi [&hellip;]\" \/>\n<meta property=\"og:url\" content=\"https:\/\/narteks.net\/index.php\/2009\/12\/28\/birden-sonra-sifir\/\" \/>\n<meta property=\"og:site_name\" content=\"narteks.net\" \/>\n<meta property=\"article:published_time\" content=\"2009-12-27T21:01:56+00:00\" \/>\n<meta property=\"og:image\" content=\"https:\/\/narteks.net\/wp-content\/uploads\/narteks.png\" \/>\n\t<meta property=\"og:image:width\" content=\"300\" \/>\n\t<meta property=\"og:image:height\" content=\"90\" \/>\n\t<meta property=\"og:image:type\" content=\"image\/png\" \/>\n<meta name=\"author\" content=\"Tar\u0131k\" \/>\n<meta name=\"twitter:card\" content=\"summary_large_image\" \/>\n<meta name=\"twitter:creator\" content=\"@narteks\" \/>\n<meta name=\"twitter:site\" content=\"@narteks\" \/>\n<meta name=\"twitter:label1\" content=\"Yazan:\" \/>\n\t<meta name=\"twitter:data1\" content=\"Tar\u0131k\" \/>\n\t<meta name=\"twitter:label2\" content=\"Tahmini okuma s\u00fcresi\" \/>\n\t<meta name=\"twitter:data2\" content=\"1 dakika\" \/>\n<script type=\"application\/ld+json\" class=\"yoast-schema-graph\">{\"@context\":\"https:\/\/schema.org\",\"@graph\":[{\"@type\":\"Article\",\"@id\":\"https:\/\/narteks.net\/index.php\/2009\/12\/28\/birden-sonra-sifir\/#article\",\"isPartOf\":{\"@id\":\"https:\/\/narteks.net\/index.php\/2009\/12\/28\/birden-sonra-sifir\/\"},\"author\":{\"name\":\"Tar\u0131k\",\"@id\":\"https:\/\/narteks.net\/#\/schema\/person\/61f37d9834294b72d31d274e7ed79bca\"},\"headline\":\"B\u0130RDEN SONRA SIFIR\",\"datePublished\":\"2009-12-27T21:01:56+00:00\",\"mainEntityOfPage\":{\"@id\":\"https:\/\/narteks.net\/index.php\/2009\/12\/28\/birden-sonra-sifir\/\"},\"wordCount\":136,\"commentCount\":0,\"publisher\":{\"@id\":\"https:\/\/narteks.net\/#organization\"},\"articleSection\":[\"Y\u00fccel KAYIRAN\"],\"inLanguage\":\"tr\",\"potentialAction\":[{\"@type\":\"CommentAction\",\"name\":\"Comment\",\"target\":[\"https:\/\/narteks.net\/index.php\/2009\/12\/28\/birden-sonra-sifir\/#respond\"]}]},{\"@type\":\"WebPage\",\"@id\":\"https:\/\/narteks.net\/index.php\/2009\/12\/28\/birden-sonra-sifir\/\",\"url\":\"https:\/\/narteks.net\/index.php\/2009\/12\/28\/birden-sonra-sifir\/\",\"name\":\"B\u0130RDEN SONRA SIFIR - narteks.net\",\"isPartOf\":{\"@id\":\"https:\/\/narteks.net\/#website\"},\"datePublished\":\"2009-12-27T21:01:56+00:00\",\"breadcrumb\":{\"@id\":\"https:\/\/narteks.net\/index.php\/2009\/12\/28\/birden-sonra-sifir\/#breadcrumb\"},\"inLanguage\":\"tr\",\"potentialAction\":[{\"@type\":\"ReadAction\",\"target\":[\"https:\/\/narteks.net\/index.php\/2009\/12\/28\/birden-sonra-sifir\/\"]}]},{\"@type\":\"BreadcrumbList\",\"@id\":\"https:\/\/narteks.net\/index.php\/2009\/12\/28\/birden-sonra-sifir\/#breadcrumb\",\"itemListElement\":[{\"@type\":\"ListItem\",\"position\":1,\"name\":\"Anasayfa\",\"item\":\"https:\/\/narteks.net\/\"},{\"@type\":\"ListItem\",\"position\":2,\"name\":\"B\u0130RDEN SONRA SIFIR\"}]},{\"@type\":\"WebSite\",\"@id\":\"https:\/\/narteks.net\/#website\",\"url\":\"https:\/\/narteks.net\/\",\"name\":\"narteks.net\",\"description\":\"K\u00fclt\u00fcr Sanat Edebiyat Felsefe\",\"publisher\":{\"@id\":\"https:\/\/narteks.net\/#organization\"},\"alternateName\":\"K\u00fclt\u00fcr Sanat Edebiyat Felsefe\",\"potentialAction\":[{\"@type\":\"SearchAction\",\"target\":{\"@type\":\"EntryPoint\",\"urlTemplate\":\"https:\/\/narteks.net\/?s={search_term_string}\"},\"query-input\":{\"@type\":\"PropertyValueSpecification\",\"valueRequired\":true,\"valueName\":\"search_term_string\"}}],\"inLanguage\":\"tr\"},{\"@type\":\"Organization\",\"@id\":\"https:\/\/narteks.net\/#organization\",\"name\":\"narteks.net\",\"url\":\"https:\/\/narteks.net\/\",\"logo\":{\"@type\":\"ImageObject\",\"inLanguage\":\"tr\",\"@id\":\"https:\/\/narteks.net\/#\/schema\/logo\/image\/\",\"url\":\"https:\/\/narteks.net\/wp-content\/uploads\/narteks.png\",\"contentUrl\":\"https:\/\/narteks.net\/wp-content\/uploads\/narteks.png\",\"width\":300,\"height\":90,\"caption\":\"narteks.net\"},\"image\":{\"@id\":\"https:\/\/narteks.net\/#\/schema\/logo\/image\/\"},\"sameAs\":[\"https:\/\/x.com\/narteks\",\"https:\/\/instagram.com\/narteksnet\"]},{\"@type\":\"Person\",\"@id\":\"https:\/\/narteks.net\/#\/schema\/person\/61f37d9834294b72d31d274e7ed79bca\",\"name\":\"Tar\u0131k\",\"image\":{\"@type\":\"ImageObject\",\"inLanguage\":\"tr\",\"@id\":\"https:\/\/narteks.net\/#\/schema\/person\/image\/\",\"url\":\"https:\/\/secure.gravatar.com\/avatar\/50865afb55632c4ae467e0af0930f6510aa2297d8014be502a55b14f3b7550cf?s=96&d=mm&r=g\",\"contentUrl\":\"https:\/\/secure.gravatar.com\/avatar\/50865afb55632c4ae467e0af0930f6510aa2297d8014be502a55b14f3b7550cf?s=96&d=mm&r=g\",\"caption\":\"Tar\u0131k\"},\"sameAs\":[\"http:\/\/narteks.net\"],\"url\":\"https:\/\/narteks.net\/index.php\/author\/narbak\/\"}]}<\/script>\n<!-- \/ Yoast SEO Premium plugin. -->","yoast_head_json":{"title":"B\u0130RDEN SONRA SIFIR - narteks.net","robots":{"index":"index","follow":"follow","max-snippet":"max-snippet:-1","max-image-preview":"max-image-preview:large","max-video-preview":"max-video-preview:-1"},"canonical":"https:\/\/narteks.net\/index.php\/2009\/12\/28\/birden-sonra-sifir\/","og_locale":"tr_TR","og_type":"article","og_title":"B\u0130RDEN SONRA SIFIR","og_description":"\u00a0 taml\u0131k yoktu bende sadece de\u011fil istemeikiyle \u00e7arp\u0131mda serinli\u011fini yitiren bir, neden s\u0131f\u0131rkalbimden y\u00fcz\u00fcme do\u011fru ak\u0131yor c\u0131vaduadan yoksun ruh bedenle dolu istemedim hi\u00e7 olmak istemedi\u011fim ki\u015fi olmakne kadar da b\u00fcy\u00fcd\u00fc benden ba\u011f\u0131ms\u0131z bedenzay\u0131fl\u0131k beni izleyenlerin g\u00f6zlerindeki nesneselamdan sonra sanki aya\u011f\u0131m\u0131za t\u00fck\u00fcr\u00fcrler \u015fiddete bula\u015fmadan \u00f6lemez mi bedenkim bulabilmi\u015f kendini kendine tay\u0131n edilen yerdeher ben yapt\u0131klar\u0131n\u0131 gizledi\u011fi [&hellip;]","og_url":"https:\/\/narteks.net\/index.php\/2009\/12\/28\/birden-sonra-sifir\/","og_site_name":"narteks.net","article_published_time":"2009-12-27T21:01:56+00:00","og_image":[{"width":300,"height":90,"url":"https:\/\/narteks.net\/wp-content\/uploads\/narteks.png","type":"image\/png"}],"author":"Tar\u0131k","twitter_card":"summary_large_image","twitter_creator":"@narteks","twitter_site":"@narteks","twitter_misc":{"Yazan:":"Tar\u0131k","Tahmini okuma s\u00fcresi":"1 dakika"},"schema":{"@context":"https:\/\/schema.org","@graph":[{"@type":"Article","@id":"https:\/\/narteks.net\/index.php\/2009\/12\/28\/birden-sonra-sifir\/#article","isPartOf":{"@id":"https:\/\/narteks.net\/index.php\/2009\/12\/28\/birden-sonra-sifir\/"},"author":{"name":"Tar\u0131k","@id":"https:\/\/narteks.net\/#\/schema\/person\/61f37d9834294b72d31d274e7ed79bca"},"headline":"B\u0130RDEN SONRA SIFIR","datePublished":"2009-12-27T21:01:56+00:00","mainEntityOfPage":{"@id":"https:\/\/narteks.net\/index.php\/2009\/12\/28\/birden-sonra-sifir\/"},"wordCount":136,"commentCount":0,"publisher":{"@id":"https:\/\/narteks.net\/#organization"},"articleSection":["Y\u00fccel KAYIRAN"],"inLanguage":"tr","potentialAction":[{"@type":"CommentAction","name":"Comment","target":["https:\/\/narteks.net\/index.php\/2009\/12\/28\/birden-sonra-sifir\/#respond"]}]},{"@type":"WebPage","@id":"https:\/\/narteks.net\/index.php\/2009\/12\/28\/birden-sonra-sifir\/","url":"https:\/\/narteks.net\/index.php\/2009\/12\/28\/birden-sonra-sifir\/","name":"B\u0130RDEN SONRA SIFIR - narteks.net","isPartOf":{"@id":"https:\/\/narteks.net\/#website"},"datePublished":"2009-12-27T21:01:56+00:00","breadcrumb":{"@id":"https:\/\/narteks.net\/index.php\/2009\/12\/28\/birden-sonra-sifir\/#breadcrumb"},"inLanguage":"tr","potentialAction":[{"@type":"ReadAction","target":["https:\/\/narteks.net\/index.php\/2009\/12\/28\/birden-sonra-sifir\/"]}]},{"@type":"BreadcrumbList","@id":"https:\/\/narteks.net\/index.php\/2009\/12\/28\/birden-sonra-sifir\/#breadcrumb","itemListElement":[{"@type":"ListItem","position":1,"name":"Anasayfa","item":"https:\/\/narteks.net\/"},{"@type":"ListItem","position":2,"name":"B\u0130RDEN SONRA SIFIR"}]},{"@type":"WebSite","@id":"https:\/\/narteks.net\/#website","url":"https:\/\/narteks.net\/","name":"narteks.net","description":"K\u00fclt\u00fcr Sanat Edebiyat Felsefe","publisher":{"@id":"https:\/\/narteks.net\/#organization"},"alternateName":"K\u00fclt\u00fcr Sanat Edebiyat Felsefe","potentialAction":[{"@type":"SearchAction","target":{"@type":"EntryPoint","urlTemplate":"https:\/\/narteks.net\/?s={search_term_string}"},"query-input":{"@type":"PropertyValueSpecification","valueRequired":true,"valueName":"search_term_string"}}],"inLanguage":"tr"},{"@type":"Organization","@id":"https:\/\/narteks.net\/#organization","name":"narteks.net","url":"https:\/\/narteks.net\/","logo":{"@type":"ImageObject","inLanguage":"tr","@id":"https:\/\/narteks.net\/#\/schema\/logo\/image\/","url":"https:\/\/narteks.net\/wp-content\/uploads\/narteks.png","contentUrl":"https:\/\/narteks.net\/wp-content\/uploads\/narteks.png","width":300,"height":90,"caption":"narteks.net"},"image":{"@id":"https:\/\/narteks.net\/#\/schema\/logo\/image\/"},"sameAs":["https:\/\/x.com\/narteks","https:\/\/instagram.com\/narteksnet"]},{"@type":"Person","@id":"https:\/\/narteks.net\/#\/schema\/person\/61f37d9834294b72d31d274e7ed79bca","name":"Tar\u0131k","image":{"@type":"ImageObject","inLanguage":"tr","@id":"https:\/\/narteks.net\/#\/schema\/person\/image\/","url":"https:\/\/secure.gravatar.com\/avatar\/50865afb55632c4ae467e0af0930f6510aa2297d8014be502a55b14f3b7550cf?s=96&d=mm&r=g","contentUrl":"https:\/\/secure.gravatar.com\/avatar\/50865afb55632c4ae467e0af0930f6510aa2297d8014be502a55b14f3b7550cf?s=96&d=mm&r=g","caption":"Tar\u0131k"},"sameAs":["http:\/\/narteks.net"],"url":"https:\/\/narteks.net\/index.php\/author\/narbak\/"}]}},"_links":{"self":[{"href":"https:\/\/narteks.net\/index.php\/wp-json\/wp\/v2\/posts\/3400","targetHints":{"allow":["GET"]}}],"collection":[{"href":"https:\/\/narteks.net\/index.php\/wp-json\/wp\/v2\/posts"}],"about":[{"href":"https:\/\/narteks.net\/index.php\/wp-json\/wp\/v2\/types\/post"}],"author":[{"embeddable":true,"href":"https:\/\/narteks.net\/index.php\/wp-json\/wp\/v2\/users\/1"}],"replies":[{"embeddable":true,"href":"https:\/\/narteks.net\/index.php\/wp-json\/wp\/v2\/comments?post=3400"}],"version-history":[{"count":0,"href":"https:\/\/narteks.net\/index.php\/wp-json\/wp\/v2\/posts\/3400\/revisions"}],"wp:attachment":[{"href":"https:\/\/narteks.net\/index.php\/wp-json\/wp\/v2\/media?parent=3400"}],"wp:term":[{"taxonomy":"category","embeddable":true,"href":"https:\/\/narteks.net\/index.php\/wp-json\/wp\/v2\/categories?post=3400"},{"taxonomy":"post_tag","embeddable":true,"href":"https:\/\/narteks.net\/index.php\/wp-json\/wp\/v2\/tags?post=3400"}],"curies":[{"name":"wp","href":"https:\/\/api.w.org\/{rel}","templated":true}]}}