{"id":3403,"date":"2009-12-28T00:03:52","date_gmt":"2009-12-27T21:03:52","guid":{"rendered":"http:\/\/localhost\/wordpress\/2009\/12\/28\/degil-mi-2\/"},"modified":"2009-12-28T00:03:52","modified_gmt":"2009-12-27T21:03:52","slug":"degil-mi-2","status":"publish","type":"post","link":"https:\/\/narteks.net\/index.php\/2009\/12\/28\/degil-mi-2\/","title":{"rendered":"DE\u011e\u0130L M\u0130?"},"content":{"rendered":"<p>\u00a0<\/p>\n<p>Ba\u015far\u0131l\u0131 bir ge\u00e7mi\u015finiz var <br \/>Imajla kurulmu\u015f nas\u0131l olsa <br \/>Ka\u015flar\u0131n\u0131z\u0131n alt\u0131nda g\u00f6zleriniz <br \/>G\u00f6zlerinizin i\u00e7inde kalbiniz var de\u011fil mi <br \/>Sabaha do\u011fru do\u011fmu\u015fum <br \/>Kusmuk gibi gelir bana o vakitler <br \/>Sizin uykuya vard\u0131\u011f\u0131n\u0131z vakitler <br \/>D\u00fcnya so\u011fuk de\u011fil, de\u011fil mi <br \/>Ba\u015fka t\u00fcrl\u00fc dolmuyar mu bo\u015flu\u011funuz <br \/>S\u00fcrekli \u00e7almaya yazg\u0131l\u0131 edan\u0131z <br \/>Ba\u015fkalar\u0131n\u0131n a\u015fk\u0131yla ge\u00e7iyordu geceniz <br \/>H\u0131rs\u0131zlar m\u00fclk edinmek istemez, de\u011fil mi <br \/>Benim s\u00fcrekli bir soruya var\u0131\u015f\u0131m <br \/>Kayg\u0131dan olma o bak\u0131\u015fa var\u0131\u015f\u0131m <br \/>Neden oldu hep keyfe nesne <br \/>Keyifsiz bir d\u00fcnyada ya\u015fanm\u0131yor, de\u011fil mi <br \/>Kim bilebilir ilk olan\u0131n ilkli\u011fini <br \/>Kar\u015f\u0131la\u015fmayla gelmekte olan\u0131n birli\u011fini <br \/>\u0130\u00e7imizdeki kap\u0131 \u00e7al\u0131nd\u0131\u011f\u0131nda <br \/>Her birimiz bu\u011fulu bir ayna, de\u011fil mi? <\/p>\n<p>Adam Sanat, May\u0131s 2005<\/p>\n","protected":false},"excerpt":{"rendered":"<p>\u00a0 Ba\u015far\u0131l\u0131 bir ge\u00e7mi\u015finiz var Imajla kurulmu\u015f nas\u0131l olsa Ka\u015flar\u0131n\u0131z\u0131n alt\u0131nda g\u00f6zleriniz G\u00f6zlerinizin i\u00e7inde kalbiniz var de\u011fil mi Sabaha do\u011fru do\u011fmu\u015fum Kusmuk gibi gelir bana o vakitler Sizin uykuya vard\u0131\u011f\u0131n\u0131z vakitler D\u00fcnya so\u011fuk de\u011fil, de\u011fil mi Ba\u015fka t\u00fcrl\u00fc dolmuyar mu bo\u015flu\u011funuz S\u00fcrekli \u00e7almaya yazg\u0131l\u0131 edan\u0131z Ba\u015fkalar\u0131n\u0131n a\u015fk\u0131yla ge\u00e7iyordu geceniz H\u0131rs\u0131zlar m\u00fclk edinmek istemez, de\u011fil mi [&hellip;]<\/p>\n","protected":false},"author":1,"featured_media":0,"comment_status":"open","ping_status":"open","sticky":false,"template":"","format":"standard","meta":{"footnotes":""},"categories":[118],"tags":[],"class_list":{"0":"post-3403","1":"post","2":"type-post","3":"status-publish","4":"format-standard","6":"category-yucel-kayiran"},"yoast_head":"<!-- This site is optimized with the Yoast SEO Premium plugin v24.9 (Yoast SEO v24.9) - https:\/\/yoast.com\/wordpress\/plugins\/seo\/ -->\n<title>DE\u011e\u0130L M\u0130? - narteks.net<\/title>\n<meta name=\"robots\" content=\"index, follow, max-snippet:-1, max-image-preview:large, max-video-preview:-1\" \/>\n<link rel=\"canonical\" href=\"https:\/\/narteks.net\/index.php\/2009\/12\/28\/degil-mi-2\/\" \/>\n<meta property=\"og:locale\" content=\"tr_TR\" \/>\n<meta property=\"og:type\" content=\"article\" \/>\n<meta property=\"og:title\" content=\"DE\u011e\u0130L M\u0130?\" \/>\n<meta property=\"og:description\" content=\"\u00a0 Ba\u015far\u0131l\u0131 bir ge\u00e7mi\u015finiz var Imajla kurulmu\u015f nas\u0131l olsa Ka\u015flar\u0131n\u0131z\u0131n alt\u0131nda g\u00f6zleriniz G\u00f6zlerinizin i\u00e7inde kalbiniz var de\u011fil mi Sabaha do\u011fru do\u011fmu\u015fum Kusmuk gibi gelir bana o vakitler Sizin uykuya vard\u0131\u011f\u0131n\u0131z vakitler D\u00fcnya so\u011fuk de\u011fil, de\u011fil mi Ba\u015fka t\u00fcrl\u00fc dolmuyar mu bo\u015flu\u011funuz S\u00fcrekli \u00e7almaya yazg\u0131l\u0131 edan\u0131z Ba\u015fkalar\u0131n\u0131n a\u015fk\u0131yla ge\u00e7iyordu geceniz H\u0131rs\u0131zlar m\u00fclk edinmek istemez, de\u011fil mi [&hellip;]\" \/>\n<meta property=\"og:url\" content=\"https:\/\/narteks.net\/index.php\/2009\/12\/28\/degil-mi-2\/\" \/>\n<meta property=\"og:site_name\" content=\"narteks.net\" \/>\n<meta property=\"article:published_time\" content=\"2009-12-27T21:03:52+00:00\" \/>\n<meta property=\"og:image\" content=\"https:\/\/narteks.net\/wp-content\/uploads\/narteks.png\" \/>\n\t<meta property=\"og:image:width\" content=\"300\" \/>\n\t<meta property=\"og:image:height\" content=\"90\" \/>\n\t<meta property=\"og:image:type\" content=\"image\/png\" \/>\n<meta name=\"author\" content=\"Tar\u0131k\" \/>\n<meta name=\"twitter:card\" content=\"summary_large_image\" \/>\n<meta name=\"twitter:creator\" content=\"@narteks\" \/>\n<meta name=\"twitter:site\" content=\"@narteks\" \/>\n<meta name=\"twitter:label1\" content=\"Yazan:\" \/>\n\t<meta name=\"twitter:data1\" content=\"Tar\u0131k\" \/>\n\t<meta name=\"twitter:label2\" content=\"Tahmini okuma s\u00fcresi\" \/>\n\t<meta name=\"twitter:data2\" content=\"1 dakika\" \/>\n<script type=\"application\/ld+json\" class=\"yoast-schema-graph\">{\"@context\":\"https:\/\/schema.org\",\"@graph\":[{\"@type\":\"Article\",\"@id\":\"https:\/\/narteks.net\/index.php\/2009\/12\/28\/degil-mi-2\/#article\",\"isPartOf\":{\"@id\":\"https:\/\/narteks.net\/index.php\/2009\/12\/28\/degil-mi-2\/\"},\"author\":{\"name\":\"Tar\u0131k\",\"@id\":\"https:\/\/narteks.net\/#\/schema\/person\/61f37d9834294b72d31d274e7ed79bca\"},\"headline\":\"DE\u011e\u0130L M\u0130?\",\"datePublished\":\"2009-12-27T21:03:52+00:00\",\"mainEntityOfPage\":{\"@id\":\"https:\/\/narteks.net\/index.php\/2009\/12\/28\/degil-mi-2\/\"},\"wordCount\":160,\"commentCount\":0,\"publisher\":{\"@id\":\"https:\/\/narteks.net\/#organization\"},\"articleSection\":[\"Y\u00fccel KAYIRAN\"],\"inLanguage\":\"tr\",\"potentialAction\":[{\"@type\":\"CommentAction\",\"name\":\"Comment\",\"target\":[\"https:\/\/narteks.net\/index.php\/2009\/12\/28\/degil-mi-2\/#respond\"]}]},{\"@type\":\"WebPage\",\"@id\":\"https:\/\/narteks.net\/index.php\/2009\/12\/28\/degil-mi-2\/\",\"url\":\"https:\/\/narteks.net\/index.php\/2009\/12\/28\/degil-mi-2\/\",\"name\":\"DE\u011e\u0130L M\u0130? - narteks.net\",\"isPartOf\":{\"@id\":\"https:\/\/narteks.net\/#website\"},\"datePublished\":\"2009-12-27T21:03:52+00:00\",\"breadcrumb\":{\"@id\":\"https:\/\/narteks.net\/index.php\/2009\/12\/28\/degil-mi-2\/#breadcrumb\"},\"inLanguage\":\"tr\",\"potentialAction\":[{\"@type\":\"ReadAction\",\"target\":[\"https:\/\/narteks.net\/index.php\/2009\/12\/28\/degil-mi-2\/\"]}]},{\"@type\":\"BreadcrumbList\",\"@id\":\"https:\/\/narteks.net\/index.php\/2009\/12\/28\/degil-mi-2\/#breadcrumb\",\"itemListElement\":[{\"@type\":\"ListItem\",\"position\":1,\"name\":\"Anasayfa\",\"item\":\"https:\/\/narteks.net\/\"},{\"@type\":\"ListItem\",\"position\":2,\"name\":\"DE\u011e\u0130L M\u0130?\"}]},{\"@type\":\"WebSite\",\"@id\":\"https:\/\/narteks.net\/#website\",\"url\":\"https:\/\/narteks.net\/\",\"name\":\"narteks.net\",\"description\":\"K\u00fclt\u00fcr Sanat Edebiyat Felsefe\",\"publisher\":{\"@id\":\"https:\/\/narteks.net\/#organization\"},\"alternateName\":\"K\u00fclt\u00fcr Sanat Edebiyat Felsefe\",\"potentialAction\":[{\"@type\":\"SearchAction\",\"target\":{\"@type\":\"EntryPoint\",\"urlTemplate\":\"https:\/\/narteks.net\/?s={search_term_string}\"},\"query-input\":{\"@type\":\"PropertyValueSpecification\",\"valueRequired\":true,\"valueName\":\"search_term_string\"}}],\"inLanguage\":\"tr\"},{\"@type\":\"Organization\",\"@id\":\"https:\/\/narteks.net\/#organization\",\"name\":\"narteks.net\",\"url\":\"https:\/\/narteks.net\/\",\"logo\":{\"@type\":\"ImageObject\",\"inLanguage\":\"tr\",\"@id\":\"https:\/\/narteks.net\/#\/schema\/logo\/image\/\",\"url\":\"https:\/\/narteks.net\/wp-content\/uploads\/narteks.png\",\"contentUrl\":\"https:\/\/narteks.net\/wp-content\/uploads\/narteks.png\",\"width\":300,\"height\":90,\"caption\":\"narteks.net\"},\"image\":{\"@id\":\"https:\/\/narteks.net\/#\/schema\/logo\/image\/\"},\"sameAs\":[\"https:\/\/x.com\/narteks\",\"https:\/\/instagram.com\/narteksnet\"]},{\"@type\":\"Person\",\"@id\":\"https:\/\/narteks.net\/#\/schema\/person\/61f37d9834294b72d31d274e7ed79bca\",\"name\":\"Tar\u0131k\",\"image\":{\"@type\":\"ImageObject\",\"inLanguage\":\"tr\",\"@id\":\"https:\/\/narteks.net\/#\/schema\/person\/image\/\",\"url\":\"https:\/\/secure.gravatar.com\/avatar\/50865afb55632c4ae467e0af0930f6510aa2297d8014be502a55b14f3b7550cf?s=96&d=mm&r=g\",\"contentUrl\":\"https:\/\/secure.gravatar.com\/avatar\/50865afb55632c4ae467e0af0930f6510aa2297d8014be502a55b14f3b7550cf?s=96&d=mm&r=g\",\"caption\":\"Tar\u0131k\"},\"sameAs\":[\"http:\/\/narteks.net\"],\"url\":\"https:\/\/narteks.net\/index.php\/author\/narbak\/\"}]}<\/script>\n<!-- \/ Yoast SEO Premium plugin. -->","yoast_head_json":{"title":"DE\u011e\u0130L M\u0130? - narteks.net","robots":{"index":"index","follow":"follow","max-snippet":"max-snippet:-1","max-image-preview":"max-image-preview:large","max-video-preview":"max-video-preview:-1"},"canonical":"https:\/\/narteks.net\/index.php\/2009\/12\/28\/degil-mi-2\/","og_locale":"tr_TR","og_type":"article","og_title":"DE\u011e\u0130L M\u0130?","og_description":"\u00a0 Ba\u015far\u0131l\u0131 bir ge\u00e7mi\u015finiz var Imajla kurulmu\u015f nas\u0131l olsa Ka\u015flar\u0131n\u0131z\u0131n alt\u0131nda g\u00f6zleriniz G\u00f6zlerinizin i\u00e7inde kalbiniz var de\u011fil mi Sabaha do\u011fru do\u011fmu\u015fum Kusmuk gibi gelir bana o vakitler Sizin uykuya vard\u0131\u011f\u0131n\u0131z vakitler D\u00fcnya so\u011fuk de\u011fil, de\u011fil mi Ba\u015fka t\u00fcrl\u00fc dolmuyar mu bo\u015flu\u011funuz S\u00fcrekli \u00e7almaya yazg\u0131l\u0131 edan\u0131z Ba\u015fkalar\u0131n\u0131n a\u015fk\u0131yla ge\u00e7iyordu geceniz H\u0131rs\u0131zlar m\u00fclk edinmek istemez, de\u011fil mi [&hellip;]","og_url":"https:\/\/narteks.net\/index.php\/2009\/12\/28\/degil-mi-2\/","og_site_name":"narteks.net","article_published_time":"2009-12-27T21:03:52+00:00","og_image":[{"width":300,"height":90,"url":"https:\/\/narteks.net\/wp-content\/uploads\/narteks.png","type":"image\/png"}],"author":"Tar\u0131k","twitter_card":"summary_large_image","twitter_creator":"@narteks","twitter_site":"@narteks","twitter_misc":{"Yazan:":"Tar\u0131k","Tahmini okuma s\u00fcresi":"1 dakika"},"schema":{"@context":"https:\/\/schema.org","@graph":[{"@type":"Article","@id":"https:\/\/narteks.net\/index.php\/2009\/12\/28\/degil-mi-2\/#article","isPartOf":{"@id":"https:\/\/narteks.net\/index.php\/2009\/12\/28\/degil-mi-2\/"},"author":{"name":"Tar\u0131k","@id":"https:\/\/narteks.net\/#\/schema\/person\/61f37d9834294b72d31d274e7ed79bca"},"headline":"DE\u011e\u0130L M\u0130?","datePublished":"2009-12-27T21:03:52+00:00","mainEntityOfPage":{"@id":"https:\/\/narteks.net\/index.php\/2009\/12\/28\/degil-mi-2\/"},"wordCount":160,"commentCount":0,"publisher":{"@id":"https:\/\/narteks.net\/#organization"},"articleSection":["Y\u00fccel KAYIRAN"],"inLanguage":"tr","potentialAction":[{"@type":"CommentAction","name":"Comment","target":["https:\/\/narteks.net\/index.php\/2009\/12\/28\/degil-mi-2\/#respond"]}]},{"@type":"WebPage","@id":"https:\/\/narteks.net\/index.php\/2009\/12\/28\/degil-mi-2\/","url":"https:\/\/narteks.net\/index.php\/2009\/12\/28\/degil-mi-2\/","name":"DE\u011e\u0130L M\u0130? - narteks.net","isPartOf":{"@id":"https:\/\/narteks.net\/#website"},"datePublished":"2009-12-27T21:03:52+00:00","breadcrumb":{"@id":"https:\/\/narteks.net\/index.php\/2009\/12\/28\/degil-mi-2\/#breadcrumb"},"inLanguage":"tr","potentialAction":[{"@type":"ReadAction","target":["https:\/\/narteks.net\/index.php\/2009\/12\/28\/degil-mi-2\/"]}]},{"@type":"BreadcrumbList","@id":"https:\/\/narteks.net\/index.php\/2009\/12\/28\/degil-mi-2\/#breadcrumb","itemListElement":[{"@type":"ListItem","position":1,"name":"Anasayfa","item":"https:\/\/narteks.net\/"},{"@type":"ListItem","position":2,"name":"DE\u011e\u0130L M\u0130?"}]},{"@type":"WebSite","@id":"https:\/\/narteks.net\/#website","url":"https:\/\/narteks.net\/","name":"narteks.net","description":"K\u00fclt\u00fcr Sanat Edebiyat Felsefe","publisher":{"@id":"https:\/\/narteks.net\/#organization"},"alternateName":"K\u00fclt\u00fcr Sanat Edebiyat Felsefe","potentialAction":[{"@type":"SearchAction","target":{"@type":"EntryPoint","urlTemplate":"https:\/\/narteks.net\/?s={search_term_string}"},"query-input":{"@type":"PropertyValueSpecification","valueRequired":true,"valueName":"search_term_string"}}],"inLanguage":"tr"},{"@type":"Organization","@id":"https:\/\/narteks.net\/#organization","name":"narteks.net","url":"https:\/\/narteks.net\/","logo":{"@type":"ImageObject","inLanguage":"tr","@id":"https:\/\/narteks.net\/#\/schema\/logo\/image\/","url":"https:\/\/narteks.net\/wp-content\/uploads\/narteks.png","contentUrl":"https:\/\/narteks.net\/wp-content\/uploads\/narteks.png","width":300,"height":90,"caption":"narteks.net"},"image":{"@id":"https:\/\/narteks.net\/#\/schema\/logo\/image\/"},"sameAs":["https:\/\/x.com\/narteks","https:\/\/instagram.com\/narteksnet"]},{"@type":"Person","@id":"https:\/\/narteks.net\/#\/schema\/person\/61f37d9834294b72d31d274e7ed79bca","name":"Tar\u0131k","image":{"@type":"ImageObject","inLanguage":"tr","@id":"https:\/\/narteks.net\/#\/schema\/person\/image\/","url":"https:\/\/secure.gravatar.com\/avatar\/50865afb55632c4ae467e0af0930f6510aa2297d8014be502a55b14f3b7550cf?s=96&d=mm&r=g","contentUrl":"https:\/\/secure.gravatar.com\/avatar\/50865afb55632c4ae467e0af0930f6510aa2297d8014be502a55b14f3b7550cf?s=96&d=mm&r=g","caption":"Tar\u0131k"},"sameAs":["http:\/\/narteks.net"],"url":"https:\/\/narteks.net\/index.php\/author\/narbak\/"}]}},"_links":{"self":[{"href":"https:\/\/narteks.net\/index.php\/wp-json\/wp\/v2\/posts\/3403","targetHints":{"allow":["GET"]}}],"collection":[{"href":"https:\/\/narteks.net\/index.php\/wp-json\/wp\/v2\/posts"}],"about":[{"href":"https:\/\/narteks.net\/index.php\/wp-json\/wp\/v2\/types\/post"}],"author":[{"embeddable":true,"href":"https:\/\/narteks.net\/index.php\/wp-json\/wp\/v2\/users\/1"}],"replies":[{"embeddable":true,"href":"https:\/\/narteks.net\/index.php\/wp-json\/wp\/v2\/comments?post=3403"}],"version-history":[{"count":0,"href":"https:\/\/narteks.net\/index.php\/wp-json\/wp\/v2\/posts\/3403\/revisions"}],"wp:attachment":[{"href":"https:\/\/narteks.net\/index.php\/wp-json\/wp\/v2\/media?parent=3403"}],"wp:term":[{"taxonomy":"category","embeddable":true,"href":"https:\/\/narteks.net\/index.php\/wp-json\/wp\/v2\/categories?post=3403"},{"taxonomy":"post_tag","embeddable":true,"href":"https:\/\/narteks.net\/index.php\/wp-json\/wp\/v2\/tags?post=3403"}],"curies":[{"name":"wp","href":"https:\/\/api.w.org\/{rel}","templated":true}]}}