{"id":3404,"date":"2009-12-28T00:04:38","date_gmt":"2009-12-27T21:04:38","guid":{"rendered":"http:\/\/localhost\/wordpress\/2009\/12\/28\/gunes-yanigi\/"},"modified":"2009-12-28T00:04:38","modified_gmt":"2009-12-27T21:04:38","slug":"gunes-yanigi","status":"publish","type":"post","link":"https:\/\/narteks.net\/index.php\/2009\/12\/28\/gunes-yanigi\/","title":{"rendered":"G\u00dcNE\u015e YANI\u011eI"},"content":{"rendered":"<p>\u00a0<\/p>\n<p>y\u00fcz\u00fcmdeki leke arzu g\u00fcne\u015finden hat\u0131ra <br \/>sesimdeki girdap <br \/>i\u00e7imden s\u00f6k\u00fclen k\u00f6kdala <br \/>uzun geceler bazen b\u00f6yle <br \/>g\u00f6vdeme vura vura i\u00e7erden <br \/>uyand\u0131r\u0131yorum ya kendimi Necati! <br \/>r\u00fcyada bana g\u00f6r\u00fcnenler olmasa <br \/>beni uykuya g\u00f6t\u00fcrenler olmasa <br \/>tekrar nas\u0131l d\u00f6nerim ben kendime Necati! <br \/>su\u00e7luluk izin vermiyor \u00f6zg\u00fcrl\u00fck duygusuna <br \/>g\u00fcn\u0131\u015f\u0131\u011f\u0131na \u00e7\u0131k\u0131nca kama\u015f\u0131yor g\u00f6z <br \/>bakarken g\u00fcne\u015fin utkusuna <br \/>ak\u0131n var ak\u0131n, i\u00e7imden ak\u0131n <br \/>beni g\u00fcne\u015fe g\u00f6t\u00fcr\u00fcp yak\u0131n <br \/>g\u00fcne\u015fe varamayanlar <br \/>g\u00fcne\u015fin uykusuna yak\u0131n <br \/>s\u00f6k\u00fclerek gidiyor insan <br \/>bo\u015fluk halinde her durak d\u00fc\u015ferken benzine <br \/>k\u00f6kleri i\u00e7 a\u00e7\u0131lar\u0131n\u0131n toplam\u0131nda <br \/>biriken bir krizle gidiyor <br \/>\u00f6yle akarak dipten dal\u0131n benzine <br \/>baksalar aleval\u0131r, a\u011f\u0131r alev <br \/>baksalar g\u00fcne\u015fini yitirmi\u015fin benzine <br \/>doluluk yok bizim gecemizde <br \/>i\u00e7imizde b\u00fcy\u00fcrd\u00fc g\u00fcne\u015f <br \/>sayr\u0131l\u0131k hat\u0131rlamad\u0131 uykusunu sesimizde <br \/>\u00e7ok seneler ge\u00e7ti, ge\u00e7medi <br \/>\u00f6yle memnun ki yerinden <br \/>sadece &#8220;ke\u015fke&#8221;lerdi beliren g\u00f6n\u00fcm\u00fczde <br \/>b\u00f6yle \u00e7\u0131kt\u0131k\u00e7a d\u00fcnyadaki yerimden <br \/>g\u00f6lgeler neden k\u0131sal\u0131yor i\u00e7imde <br \/>bilen yok ne yapaca\u011f\u0131m\u0131 kayg\u0131 belirdi\u011finde <br \/>kefilim yok! yok kelimelerden ba\u015fka <br \/>yok olan bu g\u00fcne\u015f tutulmas\u0131nda <br \/>\u015fimdi tekrar nas\u0131l d\u00f6nerim ben kendime <br \/>Bu c\u0131vay\u0131 kim koydu kalbimize Necati? <br \/>Varl\u0131k, Ocak 2004<\/p>\n","protected":false},"excerpt":{"rendered":"<p>\u00a0 y\u00fcz\u00fcmdeki leke arzu g\u00fcne\u015finden hat\u0131ra sesimdeki girdap i\u00e7imden s\u00f6k\u00fclen k\u00f6kdala uzun geceler bazen b\u00f6yle g\u00f6vdeme vura vura i\u00e7erden uyand\u0131r\u0131yorum ya kendimi Necati! r\u00fcyada bana g\u00f6r\u00fcnenler olmasa beni uykuya g\u00f6t\u00fcrenler olmasa tekrar nas\u0131l d\u00f6nerim ben kendime Necati! su\u00e7luluk izin vermiyor \u00f6zg\u00fcrl\u00fck duygusuna g\u00fcn\u0131\u015f\u0131\u011f\u0131na \u00e7\u0131k\u0131nca kama\u015f\u0131yor g\u00f6z bakarken g\u00fcne\u015fin utkusuna ak\u0131n var ak\u0131n, i\u00e7imden ak\u0131n beni [&hellip;]<\/p>\n","protected":false},"author":1,"featured_media":0,"comment_status":"open","ping_status":"open","sticky":false,"template":"","format":"standard","meta":{"footnotes":""},"categories":[118],"tags":[],"class_list":{"0":"post-3404","1":"post","2":"type-post","3":"status-publish","4":"format-standard","6":"category-yucel-kayiran"},"yoast_head":"<!-- This site is optimized with the Yoast SEO Premium plugin v24.9 (Yoast SEO v24.9) - https:\/\/yoast.com\/wordpress\/plugins\/seo\/ -->\n<title>G\u00dcNE\u015e YANI\u011eI - narteks.net<\/title>\n<meta name=\"robots\" content=\"index, follow, max-snippet:-1, max-image-preview:large, max-video-preview:-1\" \/>\n<link rel=\"canonical\" href=\"https:\/\/narteks.net\/index.php\/2009\/12\/28\/gunes-yanigi\/\" \/>\n<meta property=\"og:locale\" content=\"tr_TR\" \/>\n<meta property=\"og:type\" content=\"article\" \/>\n<meta property=\"og:title\" content=\"G\u00dcNE\u015e YANI\u011eI\" \/>\n<meta property=\"og:description\" content=\"\u00a0 y\u00fcz\u00fcmdeki leke arzu g\u00fcne\u015finden hat\u0131ra sesimdeki girdap i\u00e7imden s\u00f6k\u00fclen k\u00f6kdala uzun geceler bazen b\u00f6yle g\u00f6vdeme vura vura i\u00e7erden uyand\u0131r\u0131yorum ya kendimi Necati! r\u00fcyada bana g\u00f6r\u00fcnenler olmasa beni uykuya g\u00f6t\u00fcrenler olmasa tekrar nas\u0131l d\u00f6nerim ben kendime Necati! su\u00e7luluk izin vermiyor \u00f6zg\u00fcrl\u00fck duygusuna g\u00fcn\u0131\u015f\u0131\u011f\u0131na \u00e7\u0131k\u0131nca kama\u015f\u0131yor g\u00f6z bakarken g\u00fcne\u015fin utkusuna ak\u0131n var ak\u0131n, i\u00e7imden ak\u0131n beni [&hellip;]\" \/>\n<meta property=\"og:url\" content=\"https:\/\/narteks.net\/index.php\/2009\/12\/28\/gunes-yanigi\/\" \/>\n<meta property=\"og:site_name\" content=\"narteks.net\" \/>\n<meta property=\"article:published_time\" content=\"2009-12-27T21:04:38+00:00\" \/>\n<meta property=\"og:image\" content=\"https:\/\/narteks.net\/wp-content\/uploads\/narteks.png\" \/>\n\t<meta property=\"og:image:width\" content=\"300\" \/>\n\t<meta property=\"og:image:height\" content=\"90\" \/>\n\t<meta property=\"og:image:type\" content=\"image\/png\" \/>\n<meta name=\"author\" content=\"Tar\u0131k\" \/>\n<meta name=\"twitter:card\" content=\"summary_large_image\" \/>\n<meta name=\"twitter:creator\" content=\"@narteks\" \/>\n<meta name=\"twitter:site\" content=\"@narteks\" \/>\n<meta name=\"twitter:label1\" content=\"Yazan:\" \/>\n\t<meta name=\"twitter:data1\" content=\"Tar\u0131k\" \/>\n\t<meta name=\"twitter:label2\" content=\"Tahmini okuma s\u00fcresi\" \/>\n\t<meta name=\"twitter:data2\" content=\"1 dakika\" \/>\n<script type=\"application\/ld+json\" class=\"yoast-schema-graph\">{\"@context\":\"https:\/\/schema.org\",\"@graph\":[{\"@type\":\"Article\",\"@id\":\"https:\/\/narteks.net\/index.php\/2009\/12\/28\/gunes-yanigi\/#article\",\"isPartOf\":{\"@id\":\"https:\/\/narteks.net\/index.php\/2009\/12\/28\/gunes-yanigi\/\"},\"author\":{\"name\":\"Tar\u0131k\",\"@id\":\"https:\/\/narteks.net\/#\/schema\/person\/61f37d9834294b72d31d274e7ed79bca\"},\"headline\":\"G\u00dcNE\u015e YANI\u011eI\",\"datePublished\":\"2009-12-27T21:04:38+00:00\",\"mainEntityOfPage\":{\"@id\":\"https:\/\/narteks.net\/index.php\/2009\/12\/28\/gunes-yanigi\/\"},\"wordCount\":249,\"commentCount\":0,\"publisher\":{\"@id\":\"https:\/\/narteks.net\/#organization\"},\"articleSection\":[\"Y\u00fccel KAYIRAN\"],\"inLanguage\":\"tr\",\"potentialAction\":[{\"@type\":\"CommentAction\",\"name\":\"Comment\",\"target\":[\"https:\/\/narteks.net\/index.php\/2009\/12\/28\/gunes-yanigi\/#respond\"]}]},{\"@type\":\"WebPage\",\"@id\":\"https:\/\/narteks.net\/index.php\/2009\/12\/28\/gunes-yanigi\/\",\"url\":\"https:\/\/narteks.net\/index.php\/2009\/12\/28\/gunes-yanigi\/\",\"name\":\"G\u00dcNE\u015e YANI\u011eI - narteks.net\",\"isPartOf\":{\"@id\":\"https:\/\/narteks.net\/#website\"},\"datePublished\":\"2009-12-27T21:04:38+00:00\",\"breadcrumb\":{\"@id\":\"https:\/\/narteks.net\/index.php\/2009\/12\/28\/gunes-yanigi\/#breadcrumb\"},\"inLanguage\":\"tr\",\"potentialAction\":[{\"@type\":\"ReadAction\",\"target\":[\"https:\/\/narteks.net\/index.php\/2009\/12\/28\/gunes-yanigi\/\"]}]},{\"@type\":\"BreadcrumbList\",\"@id\":\"https:\/\/narteks.net\/index.php\/2009\/12\/28\/gunes-yanigi\/#breadcrumb\",\"itemListElement\":[{\"@type\":\"ListItem\",\"position\":1,\"name\":\"Anasayfa\",\"item\":\"https:\/\/narteks.net\/\"},{\"@type\":\"ListItem\",\"position\":2,\"name\":\"G\u00dcNE\u015e YANI\u011eI\"}]},{\"@type\":\"WebSite\",\"@id\":\"https:\/\/narteks.net\/#website\",\"url\":\"https:\/\/narteks.net\/\",\"name\":\"narteks.net\",\"description\":\"K\u00fclt\u00fcr Sanat Edebiyat Felsefe\",\"publisher\":{\"@id\":\"https:\/\/narteks.net\/#organization\"},\"alternateName\":\"K\u00fclt\u00fcr Sanat Edebiyat Felsefe\",\"potentialAction\":[{\"@type\":\"SearchAction\",\"target\":{\"@type\":\"EntryPoint\",\"urlTemplate\":\"https:\/\/narteks.net\/?s={search_term_string}\"},\"query-input\":{\"@type\":\"PropertyValueSpecification\",\"valueRequired\":true,\"valueName\":\"search_term_string\"}}],\"inLanguage\":\"tr\"},{\"@type\":\"Organization\",\"@id\":\"https:\/\/narteks.net\/#organization\",\"name\":\"narteks.net\",\"url\":\"https:\/\/narteks.net\/\",\"logo\":{\"@type\":\"ImageObject\",\"inLanguage\":\"tr\",\"@id\":\"https:\/\/narteks.net\/#\/schema\/logo\/image\/\",\"url\":\"https:\/\/narteks.net\/wp-content\/uploads\/narteks.png\",\"contentUrl\":\"https:\/\/narteks.net\/wp-content\/uploads\/narteks.png\",\"width\":300,\"height\":90,\"caption\":\"narteks.net\"},\"image\":{\"@id\":\"https:\/\/narteks.net\/#\/schema\/logo\/image\/\"},\"sameAs\":[\"https:\/\/x.com\/narteks\",\"https:\/\/instagram.com\/narteksnet\"]},{\"@type\":\"Person\",\"@id\":\"https:\/\/narteks.net\/#\/schema\/person\/61f37d9834294b72d31d274e7ed79bca\",\"name\":\"Tar\u0131k\",\"image\":{\"@type\":\"ImageObject\",\"inLanguage\":\"tr\",\"@id\":\"https:\/\/narteks.net\/#\/schema\/person\/image\/\",\"url\":\"https:\/\/secure.gravatar.com\/avatar\/50865afb55632c4ae467e0af0930f6510aa2297d8014be502a55b14f3b7550cf?s=96&d=mm&r=g\",\"contentUrl\":\"https:\/\/secure.gravatar.com\/avatar\/50865afb55632c4ae467e0af0930f6510aa2297d8014be502a55b14f3b7550cf?s=96&d=mm&r=g\",\"caption\":\"Tar\u0131k\"},\"sameAs\":[\"http:\/\/narteks.net\"],\"url\":\"https:\/\/narteks.net\/index.php\/author\/narbak\/\"}]}<\/script>\n<!-- \/ Yoast SEO Premium plugin. -->","yoast_head_json":{"title":"G\u00dcNE\u015e YANI\u011eI - narteks.net","robots":{"index":"index","follow":"follow","max-snippet":"max-snippet:-1","max-image-preview":"max-image-preview:large","max-video-preview":"max-video-preview:-1"},"canonical":"https:\/\/narteks.net\/index.php\/2009\/12\/28\/gunes-yanigi\/","og_locale":"tr_TR","og_type":"article","og_title":"G\u00dcNE\u015e YANI\u011eI","og_description":"\u00a0 y\u00fcz\u00fcmdeki leke arzu g\u00fcne\u015finden hat\u0131ra sesimdeki girdap i\u00e7imden s\u00f6k\u00fclen k\u00f6kdala uzun geceler bazen b\u00f6yle g\u00f6vdeme vura vura i\u00e7erden uyand\u0131r\u0131yorum ya kendimi Necati! r\u00fcyada bana g\u00f6r\u00fcnenler olmasa beni uykuya g\u00f6t\u00fcrenler olmasa tekrar nas\u0131l d\u00f6nerim ben kendime Necati! su\u00e7luluk izin vermiyor \u00f6zg\u00fcrl\u00fck duygusuna g\u00fcn\u0131\u015f\u0131\u011f\u0131na \u00e7\u0131k\u0131nca kama\u015f\u0131yor g\u00f6z bakarken g\u00fcne\u015fin utkusuna ak\u0131n var ak\u0131n, i\u00e7imden ak\u0131n beni [&hellip;]","og_url":"https:\/\/narteks.net\/index.php\/2009\/12\/28\/gunes-yanigi\/","og_site_name":"narteks.net","article_published_time":"2009-12-27T21:04:38+00:00","og_image":[{"width":300,"height":90,"url":"https:\/\/narteks.net\/wp-content\/uploads\/narteks.png","type":"image\/png"}],"author":"Tar\u0131k","twitter_card":"summary_large_image","twitter_creator":"@narteks","twitter_site":"@narteks","twitter_misc":{"Yazan:":"Tar\u0131k","Tahmini okuma s\u00fcresi":"1 dakika"},"schema":{"@context":"https:\/\/schema.org","@graph":[{"@type":"Article","@id":"https:\/\/narteks.net\/index.php\/2009\/12\/28\/gunes-yanigi\/#article","isPartOf":{"@id":"https:\/\/narteks.net\/index.php\/2009\/12\/28\/gunes-yanigi\/"},"author":{"name":"Tar\u0131k","@id":"https:\/\/narteks.net\/#\/schema\/person\/61f37d9834294b72d31d274e7ed79bca"},"headline":"G\u00dcNE\u015e YANI\u011eI","datePublished":"2009-12-27T21:04:38+00:00","mainEntityOfPage":{"@id":"https:\/\/narteks.net\/index.php\/2009\/12\/28\/gunes-yanigi\/"},"wordCount":249,"commentCount":0,"publisher":{"@id":"https:\/\/narteks.net\/#organization"},"articleSection":["Y\u00fccel KAYIRAN"],"inLanguage":"tr","potentialAction":[{"@type":"CommentAction","name":"Comment","target":["https:\/\/narteks.net\/index.php\/2009\/12\/28\/gunes-yanigi\/#respond"]}]},{"@type":"WebPage","@id":"https:\/\/narteks.net\/index.php\/2009\/12\/28\/gunes-yanigi\/","url":"https:\/\/narteks.net\/index.php\/2009\/12\/28\/gunes-yanigi\/","name":"G\u00dcNE\u015e YANI\u011eI - narteks.net","isPartOf":{"@id":"https:\/\/narteks.net\/#website"},"datePublished":"2009-12-27T21:04:38+00:00","breadcrumb":{"@id":"https:\/\/narteks.net\/index.php\/2009\/12\/28\/gunes-yanigi\/#breadcrumb"},"inLanguage":"tr","potentialAction":[{"@type":"ReadAction","target":["https:\/\/narteks.net\/index.php\/2009\/12\/28\/gunes-yanigi\/"]}]},{"@type":"BreadcrumbList","@id":"https:\/\/narteks.net\/index.php\/2009\/12\/28\/gunes-yanigi\/#breadcrumb","itemListElement":[{"@type":"ListItem","position":1,"name":"Anasayfa","item":"https:\/\/narteks.net\/"},{"@type":"ListItem","position":2,"name":"G\u00dcNE\u015e YANI\u011eI"}]},{"@type":"WebSite","@id":"https:\/\/narteks.net\/#website","url":"https:\/\/narteks.net\/","name":"narteks.net","description":"K\u00fclt\u00fcr Sanat Edebiyat Felsefe","publisher":{"@id":"https:\/\/narteks.net\/#organization"},"alternateName":"K\u00fclt\u00fcr Sanat Edebiyat Felsefe","potentialAction":[{"@type":"SearchAction","target":{"@type":"EntryPoint","urlTemplate":"https:\/\/narteks.net\/?s={search_term_string}"},"query-input":{"@type":"PropertyValueSpecification","valueRequired":true,"valueName":"search_term_string"}}],"inLanguage":"tr"},{"@type":"Organization","@id":"https:\/\/narteks.net\/#organization","name":"narteks.net","url":"https:\/\/narteks.net\/","logo":{"@type":"ImageObject","inLanguage":"tr","@id":"https:\/\/narteks.net\/#\/schema\/logo\/image\/","url":"https:\/\/narteks.net\/wp-content\/uploads\/narteks.png","contentUrl":"https:\/\/narteks.net\/wp-content\/uploads\/narteks.png","width":300,"height":90,"caption":"narteks.net"},"image":{"@id":"https:\/\/narteks.net\/#\/schema\/logo\/image\/"},"sameAs":["https:\/\/x.com\/narteks","https:\/\/instagram.com\/narteksnet"]},{"@type":"Person","@id":"https:\/\/narteks.net\/#\/schema\/person\/61f37d9834294b72d31d274e7ed79bca","name":"Tar\u0131k","image":{"@type":"ImageObject","inLanguage":"tr","@id":"https:\/\/narteks.net\/#\/schema\/person\/image\/","url":"https:\/\/secure.gravatar.com\/avatar\/50865afb55632c4ae467e0af0930f6510aa2297d8014be502a55b14f3b7550cf?s=96&d=mm&r=g","contentUrl":"https:\/\/secure.gravatar.com\/avatar\/50865afb55632c4ae467e0af0930f6510aa2297d8014be502a55b14f3b7550cf?s=96&d=mm&r=g","caption":"Tar\u0131k"},"sameAs":["http:\/\/narteks.net"],"url":"https:\/\/narteks.net\/index.php\/author\/narbak\/"}]}},"_links":{"self":[{"href":"https:\/\/narteks.net\/index.php\/wp-json\/wp\/v2\/posts\/3404","targetHints":{"allow":["GET"]}}],"collection":[{"href":"https:\/\/narteks.net\/index.php\/wp-json\/wp\/v2\/posts"}],"about":[{"href":"https:\/\/narteks.net\/index.php\/wp-json\/wp\/v2\/types\/post"}],"author":[{"embeddable":true,"href":"https:\/\/narteks.net\/index.php\/wp-json\/wp\/v2\/users\/1"}],"replies":[{"embeddable":true,"href":"https:\/\/narteks.net\/index.php\/wp-json\/wp\/v2\/comments?post=3404"}],"version-history":[{"count":0,"href":"https:\/\/narteks.net\/index.php\/wp-json\/wp\/v2\/posts\/3404\/revisions"}],"wp:attachment":[{"href":"https:\/\/narteks.net\/index.php\/wp-json\/wp\/v2\/media?parent=3404"}],"wp:term":[{"taxonomy":"category","embeddable":true,"href":"https:\/\/narteks.net\/index.php\/wp-json\/wp\/v2\/categories?post=3404"},{"taxonomy":"post_tag","embeddable":true,"href":"https:\/\/narteks.net\/index.php\/wp-json\/wp\/v2\/tags?post=3404"}],"curies":[{"name":"wp","href":"https:\/\/api.w.org\/{rel}","templated":true}]}}