{"id":3405,"date":"2009-12-28T00:05:19","date_gmt":"2009-12-27T21:05:19","guid":{"rendered":"http:\/\/localhost\/wordpress\/2009\/12\/28\/hem-turk-hem-solcu-hem-sunni-musluman\/"},"modified":"2009-12-28T00:05:19","modified_gmt":"2009-12-27T21:05:19","slug":"hem-turk-hem-solcu-hem-sunni-musluman","status":"publish","type":"post","link":"https:\/\/narteks.net\/index.php\/2009\/12\/28\/hem-turk-hem-solcu-hem-sunni-musluman\/","title":{"rendered":"HEM T\u00dcRK,HEM SOLCU,HEM S\u00dcNN\u0130 M\u00dcSL\u00dcMAN"},"content":{"rendered":"<p>\u00a0<\/p>\n<p>hem t\u00fcrk, <br \/>hem solcu, <br \/>hem s\u00fcnni m\u00fcsl\u00fcman<br \/> Co\u015fkun \u015eenol\u2019a <br \/>1. <br \/>evlerin\u00a0 perdelerinde solgundu \u0131\u015f\u0131k <br \/>irkildim her kuyunun \u00f6n\u00fcnde <br \/>i\u00e7ime do\u011fru geni\u015fleyen derinlik <br \/>dibe do\u011fru sabah\u0131n\u0131\u00a0 bulamayan gece <br \/>yank\u0131land\u0131 ayaz vakti\u00a0 i\u00e7imde:<br \/>her karde\u015f bir Yusuf\u2019tu \u00f6tekine <br \/>bir\u00a0 kuyu: bu ev, bu aile <br \/>daha derin oluyordu, daha derin <br \/>oradan \u00e7ekilmek istemeyen\u00a0 her Yusuf\u2019a<br \/>2. <br \/>yalan\u00a0 s\u00f6ylemek yasaklanm\u0131\u015ft\u0131 bize!<br \/>kad\u0131nlar\u0131n g\u00f6zleri\u00a0 yasaklanm\u0131\u015ft\u0131\u00a0 bize!<br \/>kibirli\u00a0 konu\u015fmak yasaklanm\u0131\u015ft\u0131 bize!<br \/>evlerin\u00a0 balkonlar\u0131\u00a0 yasaklanm\u0131\u015ft\u0131\u00a0 bize!<br \/>\u00f6tekini\u00a0 be\u011fenmemek\u00a0 yasaklanm\u0131\u015ft\u0131\u00a0 bize!<br \/>ay\u0131n hayali, o bak\u0131\u015f yasaklanm\u0131\u015ft\u0131 bize!<br \/>hile yapmak vard\u0131, ama yasaklanm\u0131\u015ft\u0131 bize!<\/p>\n<p>acemilikti\u00a0 her durumda\u00a0 inen\u00a0 vaktimize!<\/p>\n<p>3. <br \/>sen\u00a0 bula\u015ft\u0131rd\u0131n hep onlar\u0131 bu solculu\u011fa <br \/>oysa s\u00f6ylediklerin\u00a0 \u00f6b\u00fcr d\u00fcnyada bile yok!<br \/>kalbinin \u015fiddetinden kork, akl\u0131n de\u011fil <br \/>sen\u00a0 kar\u015f\u0131 geldin\u00a0 be\u015finci emre<br \/>\u00f6yle akt\u0131 kalbinde biriktirdi\u011fin nakit <br \/>kad\u0131nlar\u0131n g\u00f6zleri gibi, yedinci emire<br \/>demi\u015fti babam, Suat\u2019\u0131 g\u00f6t\u00fcrd\u00fckleri\u00a0 vakit <br \/>kibirsizlik bir isyan\u00a0 belirtisi! diye<\/p>\n<p>4. <br \/>Her ak\u015fam alkolle olurdu,\u00a0 her ak\u015fam <br \/>i\u00e7indeki aynal\u0131 odada dola\u015fan bir baba: <br \/>-Z\u00fcleyha\u2019yla evlenebilseydim <br \/> bir ba\u015fka olurdu!<br \/>-O zaman biz? <br \/> Yine biz olur muyduk\u00a0 baba!<br \/>Duayla\u00a0 sab\u0131r ta\u015f\u0131na\u00a0 kesmi\u015f anne: <br \/>-G\u00fczel Allah\u0131m! <br \/> s\u0131nad\u0131n\u00a0 hep <br \/> dayanamad\u0131\u011f\u0131m ac\u0131larla, <br \/> y\u00fcze \u00e7\u0131kard\u0131n beni.. <br \/> Ey g\u00fczel Allah\u0131m!<br \/>Kuyunun g\u00f6\u011f\u00fcnde\u00a0 bir\u00a0 hayal <br \/>iner\u00a0 g\u00f6n\u00fcl dersinde, <br \/>firar etmek ister Yusuf <br \/>her Yusuf\u2019un yedisi de!<\/p>\n<p>5. <br \/>hayat\u0131\u00a0 b\u00f6yle \u00e7\u00f6zemezsin! <br \/>rakibini\u00a0 takip edemezsin! <br \/>g\u00fcn ak\u015faml\u0131 de\u011fil art\u0131k <br \/>tans\u00f6k\u00fcm\u00fcn\u00fc g\u00f6remezsin!<br \/>\u00f6yle\u00a0 tutamazs\u0131n <br \/>g\u00f6rd\u00fcm dedi\u011fin g\u00f6r\u00fclmezi <br \/>ben\u00a0 gidersem anlars\u0131n <br \/>ard\u0131mda b\u0131rakt\u0131\u011f\u0131m izi!<br \/>demi\u015fti, <br \/> babam!<\/p>\n<p>6. <br \/>kuyunun d\u0131\u015f\u0131nda\u00a0 y\u00f6n duygusu\u00a0 yoktu <br \/>ku\u015flar\u00a0 yedi \u00f6yle\u00a0 ulu orta <br \/>kalbindekini\u00a0 fa\u015f edeni<br \/>serinli\u011fe ermedi <br \/>kazmad\u0131k\u00e7a\u00a0 kendi\u00a0 kuyusunu\u00a0 <br \/>firar eden\u00a0 her Yusuf!<br \/>kendi\u00a0 kalbine\u00a0 nutuk\u00a0 olmad\u0131!<br \/>her Yakup bir \u0130brahim\u2019di <br \/>her Yusuf\u00a0 bir \u0130smail! <br \/>d\u00f6nd\u00fc Suat\u2019a.. <br \/>gidenlerin\u00a0 hi\u00e7birinden\u00a0 sala\u00a0 yok!<\/p>\n<p>7. <br \/>aleviler evlerine gitti <br \/>s\u00fcnniler evlerine gitti <br \/>milliyet\u00e7iler evlerine gitti <br \/>solcular, sa\u011fc\u0131lar evlerine\u2026 <br \/>herkesin bir cemaati var <br \/>cemaat\u00e7iler evlerine gitti<br \/>tan vaktinden \u00f6nceydi <br \/>bulundu\u011fum sokak <br \/>\u00e7ok so\u011fuktu, \u00e7ok<\/p>\n<p>8. <br \/>senin yaln\u0131zl\u0131\u011f\u0131n bir araya gelmezlerin yaln\u0131zl\u0131\u011f\u0131 <br \/>demi\u015fti babam, ku\u015flar yer cemaatinden firar edeni <br \/>zay\u0131f gagalar olur senin etinde kahraman <br \/>derin vadileri vard\u0131r, tan vaktini gecemezsin <br \/>hem T\u00fcrk, hem solcu, hem S\u00fcnni M\u00fcsl\u00fcman <\/p>\n<p>9. <br \/>gidenlerin hi\u00e7birinden sala yok!<br \/>sevemedim kimseyi <br \/>karde\u015flerimi unutacak kadar <br \/>zemindeyim, nemli\u00a0 karanl\u0131k\u00a0 derinde <br \/>g\u00f6\u011f\u00fcn dibinden bir ses beklerim!<\/p>\n","protected":false},"excerpt":{"rendered":"<p>\u00a0 hem t\u00fcrk, hem solcu, hem s\u00fcnni m\u00fcsl\u00fcman Co\u015fkun \u015eenol\u2019a 1. evlerin\u00a0 perdelerinde solgundu \u0131\u015f\u0131k irkildim her kuyunun \u00f6n\u00fcnde i\u00e7ime do\u011fru geni\u015fleyen derinlik dibe do\u011fru sabah\u0131n\u0131\u00a0 bulamayan gece yank\u0131land\u0131 ayaz vakti\u00a0 i\u00e7imde:her karde\u015f bir Yusuf\u2019tu \u00f6tekine bir\u00a0 kuyu: bu ev, bu aile daha derin oluyordu, daha derin oradan \u00e7ekilmek istemeyen\u00a0 her Yusuf\u2019a2. yalan\u00a0 s\u00f6ylemek yasaklanm\u0131\u015ft\u0131 [&hellip;]<\/p>\n","protected":false},"author":1,"featured_media":0,"comment_status":"open","ping_status":"open","sticky":false,"template":"","format":"standard","meta":{"footnotes":""},"categories":[118],"tags":[],"class_list":{"0":"post-3405","1":"post","2":"type-post","3":"status-publish","4":"format-standard","6":"category-yucel-kayiran"},"yoast_head":"<!-- This site is optimized with the Yoast SEO Premium plugin v24.9 (Yoast SEO v24.9) - https:\/\/yoast.com\/wordpress\/plugins\/seo\/ -->\n<title>HEM T\u00dcRK,HEM SOLCU,HEM S\u00dcNN\u0130 M\u00dcSL\u00dcMAN - narteks.net<\/title>\n<meta name=\"robots\" content=\"index, follow, max-snippet:-1, max-image-preview:large, max-video-preview:-1\" \/>\n<link rel=\"canonical\" href=\"https:\/\/narteks.net\/index.php\/2009\/12\/28\/hem-turk-hem-solcu-hem-sunni-musluman\/\" \/>\n<meta property=\"og:locale\" content=\"tr_TR\" \/>\n<meta property=\"og:type\" content=\"article\" \/>\n<meta property=\"og:title\" content=\"HEM T\u00dcRK,HEM SOLCU,HEM S\u00dcNN\u0130 M\u00dcSL\u00dcMAN\" \/>\n<meta property=\"og:description\" content=\"\u00a0 hem t\u00fcrk, hem solcu, hem s\u00fcnni m\u00fcsl\u00fcman Co\u015fkun \u015eenol\u2019a 1. evlerin\u00a0 perdelerinde solgundu \u0131\u015f\u0131k irkildim her kuyunun \u00f6n\u00fcnde i\u00e7ime do\u011fru geni\u015fleyen derinlik dibe do\u011fru sabah\u0131n\u0131\u00a0 bulamayan gece yank\u0131land\u0131 ayaz vakti\u00a0 i\u00e7imde:her karde\u015f bir Yusuf\u2019tu \u00f6tekine bir\u00a0 kuyu: bu ev, bu aile daha derin oluyordu, daha derin oradan \u00e7ekilmek istemeyen\u00a0 her Yusuf\u2019a2. yalan\u00a0 s\u00f6ylemek yasaklanm\u0131\u015ft\u0131 [&hellip;]\" \/>\n<meta property=\"og:url\" content=\"https:\/\/narteks.net\/index.php\/2009\/12\/28\/hem-turk-hem-solcu-hem-sunni-musluman\/\" \/>\n<meta property=\"og:site_name\" content=\"narteks.net\" \/>\n<meta property=\"article:published_time\" content=\"2009-12-27T21:05:19+00:00\" \/>\n<meta property=\"og:image\" content=\"https:\/\/narteks.net\/wp-content\/uploads\/narteks.png\" \/>\n\t<meta property=\"og:image:width\" content=\"300\" \/>\n\t<meta property=\"og:image:height\" content=\"90\" \/>\n\t<meta property=\"og:image:type\" content=\"image\/png\" \/>\n<meta name=\"author\" content=\"Tar\u0131k\" \/>\n<meta name=\"twitter:card\" content=\"summary_large_image\" \/>\n<meta name=\"twitter:creator\" content=\"@narteks\" \/>\n<meta name=\"twitter:site\" content=\"@narteks\" \/>\n<meta name=\"twitter:label1\" content=\"Yazan:\" \/>\n\t<meta name=\"twitter:data1\" content=\"Tar\u0131k\" \/>\n\t<meta name=\"twitter:label2\" content=\"Tahmini okuma s\u00fcresi\" \/>\n\t<meta name=\"twitter:data2\" content=\"2 dakika\" \/>\n<script type=\"application\/ld+json\" class=\"yoast-schema-graph\">{\"@context\":\"https:\/\/schema.org\",\"@graph\":[{\"@type\":\"Article\",\"@id\":\"https:\/\/narteks.net\/index.php\/2009\/12\/28\/hem-turk-hem-solcu-hem-sunni-musluman\/#article\",\"isPartOf\":{\"@id\":\"https:\/\/narteks.net\/index.php\/2009\/12\/28\/hem-turk-hem-solcu-hem-sunni-musluman\/\"},\"author\":{\"name\":\"Tar\u0131k\",\"@id\":\"https:\/\/narteks.net\/#\/schema\/person\/61f37d9834294b72d31d274e7ed79bca\"},\"headline\":\"HEM T\u00dcRK,HEM SOLCU,HEM S\u00dcNN\u0130 M\u00dcSL\u00dcMAN\",\"datePublished\":\"2009-12-27T21:05:19+00:00\",\"mainEntityOfPage\":{\"@id\":\"https:\/\/narteks.net\/index.php\/2009\/12\/28\/hem-turk-hem-solcu-hem-sunni-musluman\/\"},\"wordCount\":460,\"commentCount\":0,\"publisher\":{\"@id\":\"https:\/\/narteks.net\/#organization\"},\"articleSection\":[\"Y\u00fccel KAYIRAN\"],\"inLanguage\":\"tr\",\"potentialAction\":[{\"@type\":\"CommentAction\",\"name\":\"Comment\",\"target\":[\"https:\/\/narteks.net\/index.php\/2009\/12\/28\/hem-turk-hem-solcu-hem-sunni-musluman\/#respond\"]}]},{\"@type\":\"WebPage\",\"@id\":\"https:\/\/narteks.net\/index.php\/2009\/12\/28\/hem-turk-hem-solcu-hem-sunni-musluman\/\",\"url\":\"https:\/\/narteks.net\/index.php\/2009\/12\/28\/hem-turk-hem-solcu-hem-sunni-musluman\/\",\"name\":\"HEM T\u00dcRK,HEM SOLCU,HEM S\u00dcNN\u0130 M\u00dcSL\u00dcMAN - narteks.net\",\"isPartOf\":{\"@id\":\"https:\/\/narteks.net\/#website\"},\"datePublished\":\"2009-12-27T21:05:19+00:00\",\"breadcrumb\":{\"@id\":\"https:\/\/narteks.net\/index.php\/2009\/12\/28\/hem-turk-hem-solcu-hem-sunni-musluman\/#breadcrumb\"},\"inLanguage\":\"tr\",\"potentialAction\":[{\"@type\":\"ReadAction\",\"target\":[\"https:\/\/narteks.net\/index.php\/2009\/12\/28\/hem-turk-hem-solcu-hem-sunni-musluman\/\"]}]},{\"@type\":\"BreadcrumbList\",\"@id\":\"https:\/\/narteks.net\/index.php\/2009\/12\/28\/hem-turk-hem-solcu-hem-sunni-musluman\/#breadcrumb\",\"itemListElement\":[{\"@type\":\"ListItem\",\"position\":1,\"name\":\"Anasayfa\",\"item\":\"https:\/\/narteks.net\/\"},{\"@type\":\"ListItem\",\"position\":2,\"name\":\"HEM T\u00dcRK,HEM SOLCU,HEM S\u00dcNN\u0130 M\u00dcSL\u00dcMAN\"}]},{\"@type\":\"WebSite\",\"@id\":\"https:\/\/narteks.net\/#website\",\"url\":\"https:\/\/narteks.net\/\",\"name\":\"narteks.net\",\"description\":\"K\u00fclt\u00fcr Sanat Edebiyat Felsefe\",\"publisher\":{\"@id\":\"https:\/\/narteks.net\/#organization\"},\"alternateName\":\"K\u00fclt\u00fcr Sanat Edebiyat Felsefe\",\"potentialAction\":[{\"@type\":\"SearchAction\",\"target\":{\"@type\":\"EntryPoint\",\"urlTemplate\":\"https:\/\/narteks.net\/?s={search_term_string}\"},\"query-input\":{\"@type\":\"PropertyValueSpecification\",\"valueRequired\":true,\"valueName\":\"search_term_string\"}}],\"inLanguage\":\"tr\"},{\"@type\":\"Organization\",\"@id\":\"https:\/\/narteks.net\/#organization\",\"name\":\"narteks.net\",\"url\":\"https:\/\/narteks.net\/\",\"logo\":{\"@type\":\"ImageObject\",\"inLanguage\":\"tr\",\"@id\":\"https:\/\/narteks.net\/#\/schema\/logo\/image\/\",\"url\":\"https:\/\/narteks.net\/wp-content\/uploads\/narteks.png\",\"contentUrl\":\"https:\/\/narteks.net\/wp-content\/uploads\/narteks.png\",\"width\":300,\"height\":90,\"caption\":\"narteks.net\"},\"image\":{\"@id\":\"https:\/\/narteks.net\/#\/schema\/logo\/image\/\"},\"sameAs\":[\"https:\/\/x.com\/narteks\",\"https:\/\/instagram.com\/narteksnet\"]},{\"@type\":\"Person\",\"@id\":\"https:\/\/narteks.net\/#\/schema\/person\/61f37d9834294b72d31d274e7ed79bca\",\"name\":\"Tar\u0131k\",\"image\":{\"@type\":\"ImageObject\",\"inLanguage\":\"tr\",\"@id\":\"https:\/\/narteks.net\/#\/schema\/person\/image\/\",\"url\":\"https:\/\/secure.gravatar.com\/avatar\/50865afb55632c4ae467e0af0930f6510aa2297d8014be502a55b14f3b7550cf?s=96&d=mm&r=g\",\"contentUrl\":\"https:\/\/secure.gravatar.com\/avatar\/50865afb55632c4ae467e0af0930f6510aa2297d8014be502a55b14f3b7550cf?s=96&d=mm&r=g\",\"caption\":\"Tar\u0131k\"},\"sameAs\":[\"http:\/\/narteks.net\"],\"url\":\"https:\/\/narteks.net\/index.php\/author\/narbak\/\"}]}<\/script>\n<!-- \/ Yoast SEO Premium plugin. -->","yoast_head_json":{"title":"HEM T\u00dcRK,HEM SOLCU,HEM S\u00dcNN\u0130 M\u00dcSL\u00dcMAN - narteks.net","robots":{"index":"index","follow":"follow","max-snippet":"max-snippet:-1","max-image-preview":"max-image-preview:large","max-video-preview":"max-video-preview:-1"},"canonical":"https:\/\/narteks.net\/index.php\/2009\/12\/28\/hem-turk-hem-solcu-hem-sunni-musluman\/","og_locale":"tr_TR","og_type":"article","og_title":"HEM T\u00dcRK,HEM SOLCU,HEM S\u00dcNN\u0130 M\u00dcSL\u00dcMAN","og_description":"\u00a0 hem t\u00fcrk, hem solcu, hem s\u00fcnni m\u00fcsl\u00fcman Co\u015fkun \u015eenol\u2019a 1. evlerin\u00a0 perdelerinde solgundu \u0131\u015f\u0131k irkildim her kuyunun \u00f6n\u00fcnde i\u00e7ime do\u011fru geni\u015fleyen derinlik dibe do\u011fru sabah\u0131n\u0131\u00a0 bulamayan gece yank\u0131land\u0131 ayaz vakti\u00a0 i\u00e7imde:her karde\u015f bir Yusuf\u2019tu \u00f6tekine bir\u00a0 kuyu: bu ev, bu aile daha derin oluyordu, daha derin oradan \u00e7ekilmek istemeyen\u00a0 her Yusuf\u2019a2. yalan\u00a0 s\u00f6ylemek yasaklanm\u0131\u015ft\u0131 [&hellip;]","og_url":"https:\/\/narteks.net\/index.php\/2009\/12\/28\/hem-turk-hem-solcu-hem-sunni-musluman\/","og_site_name":"narteks.net","article_published_time":"2009-12-27T21:05:19+00:00","og_image":[{"width":300,"height":90,"url":"https:\/\/narteks.net\/wp-content\/uploads\/narteks.png","type":"image\/png"}],"author":"Tar\u0131k","twitter_card":"summary_large_image","twitter_creator":"@narteks","twitter_site":"@narteks","twitter_misc":{"Yazan:":"Tar\u0131k","Tahmini okuma s\u00fcresi":"2 dakika"},"schema":{"@context":"https:\/\/schema.org","@graph":[{"@type":"Article","@id":"https:\/\/narteks.net\/index.php\/2009\/12\/28\/hem-turk-hem-solcu-hem-sunni-musluman\/#article","isPartOf":{"@id":"https:\/\/narteks.net\/index.php\/2009\/12\/28\/hem-turk-hem-solcu-hem-sunni-musluman\/"},"author":{"name":"Tar\u0131k","@id":"https:\/\/narteks.net\/#\/schema\/person\/61f37d9834294b72d31d274e7ed79bca"},"headline":"HEM T\u00dcRK,HEM SOLCU,HEM S\u00dcNN\u0130 M\u00dcSL\u00dcMAN","datePublished":"2009-12-27T21:05:19+00:00","mainEntityOfPage":{"@id":"https:\/\/narteks.net\/index.php\/2009\/12\/28\/hem-turk-hem-solcu-hem-sunni-musluman\/"},"wordCount":460,"commentCount":0,"publisher":{"@id":"https:\/\/narteks.net\/#organization"},"articleSection":["Y\u00fccel KAYIRAN"],"inLanguage":"tr","potentialAction":[{"@type":"CommentAction","name":"Comment","target":["https:\/\/narteks.net\/index.php\/2009\/12\/28\/hem-turk-hem-solcu-hem-sunni-musluman\/#respond"]}]},{"@type":"WebPage","@id":"https:\/\/narteks.net\/index.php\/2009\/12\/28\/hem-turk-hem-solcu-hem-sunni-musluman\/","url":"https:\/\/narteks.net\/index.php\/2009\/12\/28\/hem-turk-hem-solcu-hem-sunni-musluman\/","name":"HEM T\u00dcRK,HEM SOLCU,HEM S\u00dcNN\u0130 M\u00dcSL\u00dcMAN - narteks.net","isPartOf":{"@id":"https:\/\/narteks.net\/#website"},"datePublished":"2009-12-27T21:05:19+00:00","breadcrumb":{"@id":"https:\/\/narteks.net\/index.php\/2009\/12\/28\/hem-turk-hem-solcu-hem-sunni-musluman\/#breadcrumb"},"inLanguage":"tr","potentialAction":[{"@type":"ReadAction","target":["https:\/\/narteks.net\/index.php\/2009\/12\/28\/hem-turk-hem-solcu-hem-sunni-musluman\/"]}]},{"@type":"BreadcrumbList","@id":"https:\/\/narteks.net\/index.php\/2009\/12\/28\/hem-turk-hem-solcu-hem-sunni-musluman\/#breadcrumb","itemListElement":[{"@type":"ListItem","position":1,"name":"Anasayfa","item":"https:\/\/narteks.net\/"},{"@type":"ListItem","position":2,"name":"HEM T\u00dcRK,HEM SOLCU,HEM S\u00dcNN\u0130 M\u00dcSL\u00dcMAN"}]},{"@type":"WebSite","@id":"https:\/\/narteks.net\/#website","url":"https:\/\/narteks.net\/","name":"narteks.net","description":"K\u00fclt\u00fcr Sanat Edebiyat Felsefe","publisher":{"@id":"https:\/\/narteks.net\/#organization"},"alternateName":"K\u00fclt\u00fcr Sanat Edebiyat Felsefe","potentialAction":[{"@type":"SearchAction","target":{"@type":"EntryPoint","urlTemplate":"https:\/\/narteks.net\/?s={search_term_string}"},"query-input":{"@type":"PropertyValueSpecification","valueRequired":true,"valueName":"search_term_string"}}],"inLanguage":"tr"},{"@type":"Organization","@id":"https:\/\/narteks.net\/#organization","name":"narteks.net","url":"https:\/\/narteks.net\/","logo":{"@type":"ImageObject","inLanguage":"tr","@id":"https:\/\/narteks.net\/#\/schema\/logo\/image\/","url":"https:\/\/narteks.net\/wp-content\/uploads\/narteks.png","contentUrl":"https:\/\/narteks.net\/wp-content\/uploads\/narteks.png","width":300,"height":90,"caption":"narteks.net"},"image":{"@id":"https:\/\/narteks.net\/#\/schema\/logo\/image\/"},"sameAs":["https:\/\/x.com\/narteks","https:\/\/instagram.com\/narteksnet"]},{"@type":"Person","@id":"https:\/\/narteks.net\/#\/schema\/person\/61f37d9834294b72d31d274e7ed79bca","name":"Tar\u0131k","image":{"@type":"ImageObject","inLanguage":"tr","@id":"https:\/\/narteks.net\/#\/schema\/person\/image\/","url":"https:\/\/secure.gravatar.com\/avatar\/50865afb55632c4ae467e0af0930f6510aa2297d8014be502a55b14f3b7550cf?s=96&d=mm&r=g","contentUrl":"https:\/\/secure.gravatar.com\/avatar\/50865afb55632c4ae467e0af0930f6510aa2297d8014be502a55b14f3b7550cf?s=96&d=mm&r=g","caption":"Tar\u0131k"},"sameAs":["http:\/\/narteks.net"],"url":"https:\/\/narteks.net\/index.php\/author\/narbak\/"}]}},"_links":{"self":[{"href":"https:\/\/narteks.net\/index.php\/wp-json\/wp\/v2\/posts\/3405","targetHints":{"allow":["GET"]}}],"collection":[{"href":"https:\/\/narteks.net\/index.php\/wp-json\/wp\/v2\/posts"}],"about":[{"href":"https:\/\/narteks.net\/index.php\/wp-json\/wp\/v2\/types\/post"}],"author":[{"embeddable":true,"href":"https:\/\/narteks.net\/index.php\/wp-json\/wp\/v2\/users\/1"}],"replies":[{"embeddable":true,"href":"https:\/\/narteks.net\/index.php\/wp-json\/wp\/v2\/comments?post=3405"}],"version-history":[{"count":0,"href":"https:\/\/narteks.net\/index.php\/wp-json\/wp\/v2\/posts\/3405\/revisions"}],"wp:attachment":[{"href":"https:\/\/narteks.net\/index.php\/wp-json\/wp\/v2\/media?parent=3405"}],"wp:term":[{"taxonomy":"category","embeddable":true,"href":"https:\/\/narteks.net\/index.php\/wp-json\/wp\/v2\/categories?post=3405"},{"taxonomy":"post_tag","embeddable":true,"href":"https:\/\/narteks.net\/index.php\/wp-json\/wp\/v2\/tags?post=3405"}],"curies":[{"name":"wp","href":"https:\/\/api.w.org\/{rel}","templated":true}]}}