{"id":3412,"date":"2010-01-27T01:00:00","date_gmt":"2010-01-26T22:00:00","guid":{"rendered":"http:\/\/localhost\/wordpress\/2010\/01\/27\/insanlar-kaybolduklarinda-olduklari-yere-geri-donuyorlar\/"},"modified":"2010-01-27T01:00:00","modified_gmt":"2010-01-26T22:00:00","slug":"insanlar-kaybolduklarinda-olduklari-yere-geri-donuyorlar","status":"publish","type":"post","link":"https:\/\/narteks.net\/index.php\/2010\/01\/27\/insanlar-kaybolduklarinda-olduklari-yere-geri-donuyorlar\/","title":{"rendered":"\u0130nsanlar kaybolduklar\u0131nda olduklar\u0131 yere geri d\u00f6n\u00fcyorlar"},"content":{"rendered":"<p style=\"text-align: justify;\"><strong><span style=\"font-size: 12pt;\"><img loading=\"lazy\" decoding=\"async\" src=\"http:\/\/cnetturkiye.com\/images\/00_09\/08_09\/22\/kayip_daire_haberici.jpg\" border=\"0\" width=\"155\" height=\"203\" style=\"float: left;\" \/><\/span>Ara\u015ft\u0131rmac\u0131lar, insanlar\u0131n kaybolduklar\u0131 zaman daire \u00e7izerek ba\u015flad\u0131klar\u0131 noktaya geri d\u00f6nd\u00fc\u011f\u00fc teorisini ispatlad\u0131.<\/strong><\/p>\n<p style=\"text-align: justify;\">Yap\u0131lan ara\u015ft\u0131rmaya g\u00f6re y\u00f6n duygusu kaybedildikten sonra d\u00fcz bir \u00e7izgide y\u00fcr\u00fcmek imkans\u0131zla\u015f\u0131yor.\u00a0 \u0130lk defa bir ara\u015ft\u0131rmada insanlar\u0131n nereye gitti\u011fine dair fikri olmad\u0131\u011f\u0131 zaman nereye gittikleri ara\u015ft\u0131r\u0131ld\u0131.Ara\u015ft\u0131rmac\u0131lar GPS sistemi kullanarak ara\u015ft\u0131rmaya kat\u0131lan g\u00f6n\u00fcll\u00fclerin Sahara \u00c7\u00f6l\u00fc&#8217;nde ve Almanya&#8217;daki Bienwald orman\u0131nda nereye gittiklerini bir ka\u00e7 saat boyunca g\u00f6zlemledi. Ara\u015ft\u0131rmac\u0131lar sadece g\u00fcne\u015f ve ay g\u00f6r\u00fclebilirken ara\u015ft\u0131rmaya kat\u0131lanlar\u0131n d\u00fcz bir \u00e7izgi halinde y\u00fcr\u00fcyebildi\u011fini ortaya \u00e7\u0131kartt\u0131. Ay ya da g\u00fcne\u015f kayboldu\u011funda y\u00fcr\u00fcy\u00fc\u015f\u00e7\u00fcler fark etmeden daire \u00e7izmeye ba\u015flad\u0131lar.<br \/>Ara\u015ft\u0131rmay\u0131 y\u00f6neten Almanya T\u00fcbingen&#8217;de bulunan Biyolojik Sibernetik Max Planck Enstit\u00fcs\u00fc&#8217;nden Dr. Jan Souman insanlar\u0131n kaybolduklar\u0131 zaman e\u011fer referans noktas\u0131 bulamazlarsa yuvarlak \u00e7izdi\u011fini do\u011frulad\u0131. &#8220;Bu referans noktas\u0131 bir da\u011f ya da bir bina olabilir.&#8221; Yuvarlak \u00e7izilmesinin nedeni ise bir baca\u011f\u0131n daha g\u00fc\u00e7l\u00fc ya da daha uzun olabilece\u011fi de en mant\u0131kl\u0131 a\u00e7\u0131klama olarak ara\u015ft\u0131rman\u0131n sonu\u00e7lar\u0131nda yer ald\u0131.<\/p>\n<p>\u00a0<\/p>\n<p>\u00a0<\/p>\n","protected":false},"excerpt":{"rendered":"<p>Ara\u015ft\u0131rmac\u0131lar, insanlar\u0131n kaybolduklar\u0131 zaman daire \u00e7izerek ba\u015flad\u0131klar\u0131 noktaya geri d\u00f6nd\u00fc\u011f\u00fc teorisini ispatlad\u0131. Yap\u0131lan ara\u015ft\u0131rmaya g\u00f6re y\u00f6n duygusu kaybedildikten sonra d\u00fcz bir \u00e7izgide y\u00fcr\u00fcmek imkans\u0131zla\u015f\u0131yor.\u00a0 \u0130lk defa bir ara\u015ft\u0131rmada insanlar\u0131n nereye gitti\u011fine dair fikri olmad\u0131\u011f\u0131 zaman nereye gittikleri ara\u015ft\u0131r\u0131ld\u0131.Ara\u015ft\u0131rmac\u0131lar GPS sistemi kullanarak ara\u015ft\u0131rmaya kat\u0131lan g\u00f6n\u00fcll\u00fclerin Sahara \u00c7\u00f6l\u00fc&#8217;nde ve Almanya&#8217;daki Bienwald orman\u0131nda nereye gittiklerini bir ka\u00e7 saat [&hellip;]<\/p>\n","protected":false},"author":1,"featured_media":0,"comment_status":"open","ping_status":"open","sticky":false,"template":"","format":"standard","meta":{"footnotes":""},"categories":[52],"tags":[],"class_list":{"0":"post-3412","1":"post","2":"type-post","3":"status-publish","4":"format-standard","6":"category-psikoloji"},"yoast_head":"<!-- This site is optimized with the Yoast SEO Premium plugin v24.9 (Yoast SEO v24.9) - https:\/\/yoast.com\/wordpress\/plugins\/seo\/ -->\n<title>\u0130nsanlar kaybolduklar\u0131nda olduklar\u0131 yere geri d\u00f6n\u00fcyorlar - narteks.net<\/title>\n<meta name=\"robots\" content=\"index, follow, max-snippet:-1, max-image-preview:large, max-video-preview:-1\" \/>\n<link rel=\"canonical\" href=\"https:\/\/narteks.net\/index.php\/2010\/01\/27\/insanlar-kaybolduklarinda-olduklari-yere-geri-donuyorlar\/\" \/>\n<meta property=\"og:locale\" content=\"tr_TR\" \/>\n<meta property=\"og:type\" content=\"article\" \/>\n<meta property=\"og:title\" content=\"\u0130nsanlar kaybolduklar\u0131nda olduklar\u0131 yere geri d\u00f6n\u00fcyorlar\" \/>\n<meta property=\"og:description\" content=\"Ara\u015ft\u0131rmac\u0131lar, insanlar\u0131n kaybolduklar\u0131 zaman daire \u00e7izerek ba\u015flad\u0131klar\u0131 noktaya geri d\u00f6nd\u00fc\u011f\u00fc teorisini ispatlad\u0131. Yap\u0131lan ara\u015ft\u0131rmaya g\u00f6re y\u00f6n duygusu kaybedildikten sonra d\u00fcz bir \u00e7izgide y\u00fcr\u00fcmek imkans\u0131zla\u015f\u0131yor.\u00a0 \u0130lk defa bir ara\u015ft\u0131rmada insanlar\u0131n nereye gitti\u011fine dair fikri olmad\u0131\u011f\u0131 zaman nereye gittikleri ara\u015ft\u0131r\u0131ld\u0131.Ara\u015ft\u0131rmac\u0131lar GPS sistemi kullanarak ara\u015ft\u0131rmaya kat\u0131lan g\u00f6n\u00fcll\u00fclerin Sahara \u00c7\u00f6l\u00fc&#8217;nde ve Almanya&#8217;daki Bienwald orman\u0131nda nereye gittiklerini bir ka\u00e7 saat [&hellip;]\" \/>\n<meta property=\"og:url\" content=\"https:\/\/narteks.net\/index.php\/2010\/01\/27\/insanlar-kaybolduklarinda-olduklari-yere-geri-donuyorlar\/\" \/>\n<meta property=\"og:site_name\" content=\"narteks.net\" \/>\n<meta property=\"article:published_time\" content=\"2010-01-26T22:00:00+00:00\" \/>\n<meta property=\"og:image\" content=\"http:\/\/cnetturkiye.com\/images\/00_09\/08_09\/22\/kayip_daire_haberici.jpg\" \/>\n<meta name=\"author\" content=\"Tar\u0131k\" \/>\n<meta name=\"twitter:card\" content=\"summary_large_image\" \/>\n<meta name=\"twitter:creator\" content=\"@narteks\" \/>\n<meta name=\"twitter:site\" content=\"@narteks\" \/>\n<meta name=\"twitter:label1\" content=\"Yazan:\" \/>\n\t<meta name=\"twitter:data1\" content=\"Tar\u0131k\" \/>\n\t<meta name=\"twitter:label2\" content=\"Tahmini okuma s\u00fcresi\" \/>\n\t<meta name=\"twitter:data2\" content=\"1 dakika\" \/>\n<script type=\"application\/ld+json\" class=\"yoast-schema-graph\">{\"@context\":\"https:\/\/schema.org\",\"@graph\":[{\"@type\":\"Article\",\"@id\":\"https:\/\/narteks.net\/index.php\/2010\/01\/27\/insanlar-kaybolduklarinda-olduklari-yere-geri-donuyorlar\/#article\",\"isPartOf\":{\"@id\":\"https:\/\/narteks.net\/index.php\/2010\/01\/27\/insanlar-kaybolduklarinda-olduklari-yere-geri-donuyorlar\/\"},\"author\":{\"name\":\"Tar\u0131k\",\"@id\":\"https:\/\/narteks.net\/#\/schema\/person\/61f37d9834294b72d31d274e7ed79bca\"},\"headline\":\"\u0130nsanlar kaybolduklar\u0131nda olduklar\u0131 yere geri d\u00f6n\u00fcyorlar\",\"datePublished\":\"2010-01-26T22:00:00+00:00\",\"mainEntityOfPage\":{\"@id\":\"https:\/\/narteks.net\/index.php\/2010\/01\/27\/insanlar-kaybolduklarinda-olduklari-yere-geri-donuyorlar\/\"},\"wordCount\":225,\"commentCount\":0,\"publisher\":{\"@id\":\"https:\/\/narteks.net\/#organization\"},\"image\":{\"@id\":\"https:\/\/narteks.net\/index.php\/2010\/01\/27\/insanlar-kaybolduklarinda-olduklari-yere-geri-donuyorlar\/#primaryimage\"},\"thumbnailUrl\":\"http:\/\/cnetturkiye.com\/images\/00_09\/08_09\/22\/kayip_daire_haberici.jpg\",\"articleSection\":[\"Psikoloji\"],\"inLanguage\":\"tr\",\"potentialAction\":[{\"@type\":\"CommentAction\",\"name\":\"Comment\",\"target\":[\"https:\/\/narteks.net\/index.php\/2010\/01\/27\/insanlar-kaybolduklarinda-olduklari-yere-geri-donuyorlar\/#respond\"]}]},{\"@type\":\"WebPage\",\"@id\":\"https:\/\/narteks.net\/index.php\/2010\/01\/27\/insanlar-kaybolduklarinda-olduklari-yere-geri-donuyorlar\/\",\"url\":\"https:\/\/narteks.net\/index.php\/2010\/01\/27\/insanlar-kaybolduklarinda-olduklari-yere-geri-donuyorlar\/\",\"name\":\"\u0130nsanlar kaybolduklar\u0131nda olduklar\u0131 yere geri d\u00f6n\u00fcyorlar - narteks.net\",\"isPartOf\":{\"@id\":\"https:\/\/narteks.net\/#website\"},\"primaryImageOfPage\":{\"@id\":\"https:\/\/narteks.net\/index.php\/2010\/01\/27\/insanlar-kaybolduklarinda-olduklari-yere-geri-donuyorlar\/#primaryimage\"},\"image\":{\"@id\":\"https:\/\/narteks.net\/index.php\/2010\/01\/27\/insanlar-kaybolduklarinda-olduklari-yere-geri-donuyorlar\/#primaryimage\"},\"thumbnailUrl\":\"http:\/\/cnetturkiye.com\/images\/00_09\/08_09\/22\/kayip_daire_haberici.jpg\",\"datePublished\":\"2010-01-26T22:00:00+00:00\",\"breadcrumb\":{\"@id\":\"https:\/\/narteks.net\/index.php\/2010\/01\/27\/insanlar-kaybolduklarinda-olduklari-yere-geri-donuyorlar\/#breadcrumb\"},\"inLanguage\":\"tr\",\"potentialAction\":[{\"@type\":\"ReadAction\",\"target\":[\"https:\/\/narteks.net\/index.php\/2010\/01\/27\/insanlar-kaybolduklarinda-olduklari-yere-geri-donuyorlar\/\"]}]},{\"@type\":\"ImageObject\",\"inLanguage\":\"tr\",\"@id\":\"https:\/\/narteks.net\/index.php\/2010\/01\/27\/insanlar-kaybolduklarinda-olduklari-yere-geri-donuyorlar\/#primaryimage\",\"url\":\"http:\/\/cnetturkiye.com\/images\/00_09\/08_09\/22\/kayip_daire_haberici.jpg\",\"contentUrl\":\"http:\/\/cnetturkiye.com\/images\/00_09\/08_09\/22\/kayip_daire_haberici.jpg\"},{\"@type\":\"BreadcrumbList\",\"@id\":\"https:\/\/narteks.net\/index.php\/2010\/01\/27\/insanlar-kaybolduklarinda-olduklari-yere-geri-donuyorlar\/#breadcrumb\",\"itemListElement\":[{\"@type\":\"ListItem\",\"position\":1,\"name\":\"Anasayfa\",\"item\":\"https:\/\/narteks.net\/\"},{\"@type\":\"ListItem\",\"position\":2,\"name\":\"\u0130nsanlar kaybolduklar\u0131nda olduklar\u0131 yere geri d\u00f6n\u00fcyorlar\"}]},{\"@type\":\"WebSite\",\"@id\":\"https:\/\/narteks.net\/#website\",\"url\":\"https:\/\/narteks.net\/\",\"name\":\"narteks.net\",\"description\":\"K\u00fclt\u00fcr Sanat Edebiyat Felsefe\",\"publisher\":{\"@id\":\"https:\/\/narteks.net\/#organization\"},\"alternateName\":\"K\u00fclt\u00fcr Sanat Edebiyat Felsefe\",\"potentialAction\":[{\"@type\":\"SearchAction\",\"target\":{\"@type\":\"EntryPoint\",\"urlTemplate\":\"https:\/\/narteks.net\/?s={search_term_string}\"},\"query-input\":{\"@type\":\"PropertyValueSpecification\",\"valueRequired\":true,\"valueName\":\"search_term_string\"}}],\"inLanguage\":\"tr\"},{\"@type\":\"Organization\",\"@id\":\"https:\/\/narteks.net\/#organization\",\"name\":\"narteks.net\",\"url\":\"https:\/\/narteks.net\/\",\"logo\":{\"@type\":\"ImageObject\",\"inLanguage\":\"tr\",\"@id\":\"https:\/\/narteks.net\/#\/schema\/logo\/image\/\",\"url\":\"https:\/\/narteks.net\/wp-content\/uploads\/narteks.png\",\"contentUrl\":\"https:\/\/narteks.net\/wp-content\/uploads\/narteks.png\",\"width\":300,\"height\":90,\"caption\":\"narteks.net\"},\"image\":{\"@id\":\"https:\/\/narteks.net\/#\/schema\/logo\/image\/\"},\"sameAs\":[\"https:\/\/x.com\/narteks\",\"https:\/\/instagram.com\/narteksnet\"]},{\"@type\":\"Person\",\"@id\":\"https:\/\/narteks.net\/#\/schema\/person\/61f37d9834294b72d31d274e7ed79bca\",\"name\":\"Tar\u0131k\",\"image\":{\"@type\":\"ImageObject\",\"inLanguage\":\"tr\",\"@id\":\"https:\/\/narteks.net\/#\/schema\/person\/image\/\",\"url\":\"https:\/\/secure.gravatar.com\/avatar\/50865afb55632c4ae467e0af0930f6510aa2297d8014be502a55b14f3b7550cf?s=96&d=mm&r=g\",\"contentUrl\":\"https:\/\/secure.gravatar.com\/avatar\/50865afb55632c4ae467e0af0930f6510aa2297d8014be502a55b14f3b7550cf?s=96&d=mm&r=g\",\"caption\":\"Tar\u0131k\"},\"sameAs\":[\"http:\/\/narteks.net\"],\"url\":\"https:\/\/narteks.net\/index.php\/author\/narbak\/\"}]}<\/script>\n<!-- \/ Yoast SEO Premium plugin. -->","yoast_head_json":{"title":"\u0130nsanlar kaybolduklar\u0131nda olduklar\u0131 yere geri d\u00f6n\u00fcyorlar - narteks.net","robots":{"index":"index","follow":"follow","max-snippet":"max-snippet:-1","max-image-preview":"max-image-preview:large","max-video-preview":"max-video-preview:-1"},"canonical":"https:\/\/narteks.net\/index.php\/2010\/01\/27\/insanlar-kaybolduklarinda-olduklari-yere-geri-donuyorlar\/","og_locale":"tr_TR","og_type":"article","og_title":"\u0130nsanlar kaybolduklar\u0131nda olduklar\u0131 yere geri d\u00f6n\u00fcyorlar","og_description":"Ara\u015ft\u0131rmac\u0131lar, insanlar\u0131n kaybolduklar\u0131 zaman daire \u00e7izerek ba\u015flad\u0131klar\u0131 noktaya geri d\u00f6nd\u00fc\u011f\u00fc teorisini ispatlad\u0131. Yap\u0131lan ara\u015ft\u0131rmaya g\u00f6re y\u00f6n duygusu kaybedildikten sonra d\u00fcz bir \u00e7izgide y\u00fcr\u00fcmek imkans\u0131zla\u015f\u0131yor.\u00a0 \u0130lk defa bir ara\u015ft\u0131rmada insanlar\u0131n nereye gitti\u011fine dair fikri olmad\u0131\u011f\u0131 zaman nereye gittikleri ara\u015ft\u0131r\u0131ld\u0131.Ara\u015ft\u0131rmac\u0131lar GPS sistemi kullanarak ara\u015ft\u0131rmaya kat\u0131lan g\u00f6n\u00fcll\u00fclerin Sahara \u00c7\u00f6l\u00fc&#8217;nde ve Almanya&#8217;daki Bienwald orman\u0131nda nereye gittiklerini bir ka\u00e7 saat [&hellip;]","og_url":"https:\/\/narteks.net\/index.php\/2010\/01\/27\/insanlar-kaybolduklarinda-olduklari-yere-geri-donuyorlar\/","og_site_name":"narteks.net","article_published_time":"2010-01-26T22:00:00+00:00","og_image":[{"url":"http:\/\/cnetturkiye.com\/images\/00_09\/08_09\/22\/kayip_daire_haberici.jpg","type":"","width":"","height":""}],"author":"Tar\u0131k","twitter_card":"summary_large_image","twitter_creator":"@narteks","twitter_site":"@narteks","twitter_misc":{"Yazan:":"Tar\u0131k","Tahmini okuma s\u00fcresi":"1 dakika"},"schema":{"@context":"https:\/\/schema.org","@graph":[{"@type":"Article","@id":"https:\/\/narteks.net\/index.php\/2010\/01\/27\/insanlar-kaybolduklarinda-olduklari-yere-geri-donuyorlar\/#article","isPartOf":{"@id":"https:\/\/narteks.net\/index.php\/2010\/01\/27\/insanlar-kaybolduklarinda-olduklari-yere-geri-donuyorlar\/"},"author":{"name":"Tar\u0131k","@id":"https:\/\/narteks.net\/#\/schema\/person\/61f37d9834294b72d31d274e7ed79bca"},"headline":"\u0130nsanlar kaybolduklar\u0131nda olduklar\u0131 yere geri d\u00f6n\u00fcyorlar","datePublished":"2010-01-26T22:00:00+00:00","mainEntityOfPage":{"@id":"https:\/\/narteks.net\/index.php\/2010\/01\/27\/insanlar-kaybolduklarinda-olduklari-yere-geri-donuyorlar\/"},"wordCount":225,"commentCount":0,"publisher":{"@id":"https:\/\/narteks.net\/#organization"},"image":{"@id":"https:\/\/narteks.net\/index.php\/2010\/01\/27\/insanlar-kaybolduklarinda-olduklari-yere-geri-donuyorlar\/#primaryimage"},"thumbnailUrl":"http:\/\/cnetturkiye.com\/images\/00_09\/08_09\/22\/kayip_daire_haberici.jpg","articleSection":["Psikoloji"],"inLanguage":"tr","potentialAction":[{"@type":"CommentAction","name":"Comment","target":["https:\/\/narteks.net\/index.php\/2010\/01\/27\/insanlar-kaybolduklarinda-olduklari-yere-geri-donuyorlar\/#respond"]}]},{"@type":"WebPage","@id":"https:\/\/narteks.net\/index.php\/2010\/01\/27\/insanlar-kaybolduklarinda-olduklari-yere-geri-donuyorlar\/","url":"https:\/\/narteks.net\/index.php\/2010\/01\/27\/insanlar-kaybolduklarinda-olduklari-yere-geri-donuyorlar\/","name":"\u0130nsanlar kaybolduklar\u0131nda olduklar\u0131 yere geri d\u00f6n\u00fcyorlar - narteks.net","isPartOf":{"@id":"https:\/\/narteks.net\/#website"},"primaryImageOfPage":{"@id":"https:\/\/narteks.net\/index.php\/2010\/01\/27\/insanlar-kaybolduklarinda-olduklari-yere-geri-donuyorlar\/#primaryimage"},"image":{"@id":"https:\/\/narteks.net\/index.php\/2010\/01\/27\/insanlar-kaybolduklarinda-olduklari-yere-geri-donuyorlar\/#primaryimage"},"thumbnailUrl":"http:\/\/cnetturkiye.com\/images\/00_09\/08_09\/22\/kayip_daire_haberici.jpg","datePublished":"2010-01-26T22:00:00+00:00","breadcrumb":{"@id":"https:\/\/narteks.net\/index.php\/2010\/01\/27\/insanlar-kaybolduklarinda-olduklari-yere-geri-donuyorlar\/#breadcrumb"},"inLanguage":"tr","potentialAction":[{"@type":"ReadAction","target":["https:\/\/narteks.net\/index.php\/2010\/01\/27\/insanlar-kaybolduklarinda-olduklari-yere-geri-donuyorlar\/"]}]},{"@type":"ImageObject","inLanguage":"tr","@id":"https:\/\/narteks.net\/index.php\/2010\/01\/27\/insanlar-kaybolduklarinda-olduklari-yere-geri-donuyorlar\/#primaryimage","url":"http:\/\/cnetturkiye.com\/images\/00_09\/08_09\/22\/kayip_daire_haberici.jpg","contentUrl":"http:\/\/cnetturkiye.com\/images\/00_09\/08_09\/22\/kayip_daire_haberici.jpg"},{"@type":"BreadcrumbList","@id":"https:\/\/narteks.net\/index.php\/2010\/01\/27\/insanlar-kaybolduklarinda-olduklari-yere-geri-donuyorlar\/#breadcrumb","itemListElement":[{"@type":"ListItem","position":1,"name":"Anasayfa","item":"https:\/\/narteks.net\/"},{"@type":"ListItem","position":2,"name":"\u0130nsanlar kaybolduklar\u0131nda olduklar\u0131 yere geri d\u00f6n\u00fcyorlar"}]},{"@type":"WebSite","@id":"https:\/\/narteks.net\/#website","url":"https:\/\/narteks.net\/","name":"narteks.net","description":"K\u00fclt\u00fcr Sanat Edebiyat Felsefe","publisher":{"@id":"https:\/\/narteks.net\/#organization"},"alternateName":"K\u00fclt\u00fcr Sanat Edebiyat Felsefe","potentialAction":[{"@type":"SearchAction","target":{"@type":"EntryPoint","urlTemplate":"https:\/\/narteks.net\/?s={search_term_string}"},"query-input":{"@type":"PropertyValueSpecification","valueRequired":true,"valueName":"search_term_string"}}],"inLanguage":"tr"},{"@type":"Organization","@id":"https:\/\/narteks.net\/#organization","name":"narteks.net","url":"https:\/\/narteks.net\/","logo":{"@type":"ImageObject","inLanguage":"tr","@id":"https:\/\/narteks.net\/#\/schema\/logo\/image\/","url":"https:\/\/narteks.net\/wp-content\/uploads\/narteks.png","contentUrl":"https:\/\/narteks.net\/wp-content\/uploads\/narteks.png","width":300,"height":90,"caption":"narteks.net"},"image":{"@id":"https:\/\/narteks.net\/#\/schema\/logo\/image\/"},"sameAs":["https:\/\/x.com\/narteks","https:\/\/instagram.com\/narteksnet"]},{"@type":"Person","@id":"https:\/\/narteks.net\/#\/schema\/person\/61f37d9834294b72d31d274e7ed79bca","name":"Tar\u0131k","image":{"@type":"ImageObject","inLanguage":"tr","@id":"https:\/\/narteks.net\/#\/schema\/person\/image\/","url":"https:\/\/secure.gravatar.com\/avatar\/50865afb55632c4ae467e0af0930f6510aa2297d8014be502a55b14f3b7550cf?s=96&d=mm&r=g","contentUrl":"https:\/\/secure.gravatar.com\/avatar\/50865afb55632c4ae467e0af0930f6510aa2297d8014be502a55b14f3b7550cf?s=96&d=mm&r=g","caption":"Tar\u0131k"},"sameAs":["http:\/\/narteks.net"],"url":"https:\/\/narteks.net\/index.php\/author\/narbak\/"}]}},"_links":{"self":[{"href":"https:\/\/narteks.net\/index.php\/wp-json\/wp\/v2\/posts\/3412","targetHints":{"allow":["GET"]}}],"collection":[{"href":"https:\/\/narteks.net\/index.php\/wp-json\/wp\/v2\/posts"}],"about":[{"href":"https:\/\/narteks.net\/index.php\/wp-json\/wp\/v2\/types\/post"}],"author":[{"embeddable":true,"href":"https:\/\/narteks.net\/index.php\/wp-json\/wp\/v2\/users\/1"}],"replies":[{"embeddable":true,"href":"https:\/\/narteks.net\/index.php\/wp-json\/wp\/v2\/comments?post=3412"}],"version-history":[{"count":0,"href":"https:\/\/narteks.net\/index.php\/wp-json\/wp\/v2\/posts\/3412\/revisions"}],"wp:attachment":[{"href":"https:\/\/narteks.net\/index.php\/wp-json\/wp\/v2\/media?parent=3412"}],"wp:term":[{"taxonomy":"category","embeddable":true,"href":"https:\/\/narteks.net\/index.php\/wp-json\/wp\/v2\/categories?post=3412"},{"taxonomy":"post_tag","embeddable":true,"href":"https:\/\/narteks.net\/index.php\/wp-json\/wp\/v2\/tags?post=3412"}],"curies":[{"name":"wp","href":"https:\/\/api.w.org\/{rel}","templated":true}]}}