{"id":3413,"date":"2009-12-28T11:15:28","date_gmt":"2009-12-28T08:15:28","guid":{"rendered":"http:\/\/localhost\/wordpress\/2009\/12\/28\/allah-babama-acidi-da-sarkici-oldum-sezen-aksu-ve-sarkilari\/"},"modified":"2009-12-28T11:15:28","modified_gmt":"2009-12-28T08:15:28","slug":"allah-babama-acidi-da-sarkici-oldum-sezen-aksu-ve-sarkilari","status":"publish","type":"post","link":"https:\/\/narteks.net\/index.php\/2009\/12\/28\/allah-babama-acidi-da-sarkici-oldum-sezen-aksu-ve-sarkilari\/","title":{"rendered":"Allah babama ac\u0131d\u0131 da \u015fark\u0131c\u0131 oldum&#8230;| Sezen Aksu ve \u015fark\u0131lar\u0131"},"content":{"rendered":"<p style=\"text-align: justify;\"><img loading=\"lazy\" decoding=\"async\" src=\"images\/stories\/sezen_aksu.jpg\" border=\"0\" width=\"155\" height=\"205\" style=\"float: left;\" \/><strong> <\/strong><strong>Fatma Sezen Y\u0131ld\u0131r\u0131m<\/strong> veya bilinen ad\u0131yla <strong>Sezen Aksu<\/strong>, (d. 13 Temmuz 1954, Sarayk\u00f6y, Denizli),\u00a0 \u015fark\u0131c\u0131, besteci, s\u00f6z yazar\u0131. \u00d6\u011fretmen anne babaya sahip olan Aksu, \u00fc\u00e7 ya\u015f\u0131nda ailesiyle \u0130zmir&#8217;e ta\u015f\u0131nd\u0131. Bu s\u00fcrede asi ki\u015fili\u011fiyle dikkat \u00e7eken Aksu, dans\u00f6z olma hayali kurmaya ba\u015flad\u0131.<\/p>\n<p style=\"text-align: justify;\">Sanat\u00e7\u0131, daha sonras\u0131nda, bu s\u00fcre\u00e7 i\u00e7in &#8220;<em>Allah babama ac\u0131d\u0131 da \u015fark\u0131c\u0131 oldum<\/em>&#8221; demi\u015ftir. Gen\u00e7li\u011finde sanat\u0131n \u00e7o\u011fu dal\u0131na ilgi duyan Aksu, 1970 y\u0131l\u0131nda <em>Hafta Sonu<\/em> adl\u0131 derginin a\u00e7t\u0131\u011f\u0131 ses yar\u0131\u015fmas\u0131nda alt\u0131nc\u0131 oldu. 1973&#8217;te Ege \u00dcniversitesi Ziraat Fak\u00fcltesi&#8217;ne ba\u015flayan sanat\u00e7\u0131, 1974&#8217;te \u00fc\u00e7 \u015fark\u0131s\u0131n\u0131 bir plak \u015firketine g\u00f6nderdi. Ayn\u0131 y\u0131l Ali Engin Aksu ile evlenen sanat\u00e7\u0131, okulundan da ayr\u0131ld\u0131.<\/p>\n<p style=\"text-align: justify;\">1974&#8217;\u00fcn son aylar\u0131nda plak yap\u0131m\u0131 i\u00e7in <span class=\"mw-redirect\">\u0130stanbul<\/span>&#8216;a gitti. \u0130lk k\u0131rk be\u015fli\u011fini <em>Sezen Seley<\/em> ad\u0131yla yay\u0131mlayan sanat\u00e7\u0131, bu <em>Haydi \u015eans\u0131m<\/em> ad\u0131n\u0131 verdi\u011fi eserini 1975&#8217;de yay\u0131mlad\u0131. Ancak alb\u00fcm sadece elli kopya satt\u0131. Bunun ard\u0131ndan seksenlerin ba\u015f\u0131na kadar devaml\u0131 yeni k\u0131rk be\u015fliklerini \u00e7\u0131kard\u0131. \u0130lk alb\u00fcm\u00fcn\u00fc ise 1977&#8217;de <em>Allaha\u0131smarlad\u0131k<\/em> adl\u0131 ilk alb\u00fcm\u00fcn\u00fc yay\u0131mlayan sanat\u00e7\u0131, alb\u00fcmdeki &#8220;Ka\u00e7 Y\u0131l Ge\u00e7ti Aradan&#8221; adl\u0131 \u015fark\u0131s\u0131yla d\u00f6neme g\u00f6re b\u00fcy\u00fck bir ad\u0131m att\u0131. 1978&#8217;de Hur\u015fid Yenig\u00fcn&#8217;\u00fcn iki \u015fark\u0131s\u0131na s\u00f6z yazan sanat\u00e7\u0131, d\u00f6neme g\u00f6re b\u00fcy\u00fck bir ses getirdi. 1978&#8217;de ikinci alb\u00fcm\u00fc <em>Ser\u00e7e<\/em>&#8216;yi yay\u0131mlayan Aksu, ba\u015frol\u00fcn\u00fc Bulut Aras&#8217;la payla\u015ft\u0131\u011f\u0131 bir At\u0131f Y\u0131lmaz filmi olan <em>Minik Ser\u00e7e<\/em>&#8216;de oynad\u0131. Sanat\u00e7\u0131 bu tarihten sonra <em>Minik Ser\u00e7e<\/em> ad\u0131yla an\u0131lmaya ba\u015flad\u0131.<\/p>\n<p style=\"text-align: justify;\">Sanat\u00e7\u0131, daha sonra 10 Temmuz 1981&#8217;de Sinan \u00d6zer iler evlendi. 1981 y\u0131l\u0131nda Mithat Can \u00d6zer&#8217;i d\u00fcnyaya getirdi. Sonras\u0131nda \u015eener \u015een, \u0130lyas Salman, Ay\u015fen Gruda gibi isimlerle &#8220;Bin Y\u0131l \u00d6nce, Bin Y\u0131l Sonra&#8221; adl\u0131 m\u00fczikalde rol ald\u0131. Daha sonra 1989&#8217;da ikinci filmi olan &#8220;B\u00fcy\u00fck Yaln\u0131zl\u0131k&#8221;\u0131 Yavuz \u00d6zkan&#8217;n\u0131n y\u00f6netmenli\u011finde, Ferhan \u015eensoy&#8217;la ba\u015frolu payla\u015farak \u00e7ekmi\u015ftir. 1991&#8217;de en \u00e7ok satan alb\u00fcm\u00fc &#8220;G\u00fcl\u00fcmse&#8221;yi yay\u0131mlayan sanat\u00e7\u0131, doksanlar m\u00fczi\u011finde \u00e7ok \u00f6nemli bir yer etti\u011fi gibi, Sertab Erener, Harun Kol\u00e7ak, A\u015fk\u0131n Nur Yengi, Levent Y\u00fcksel, I\u015f\u0131n Karaca, Hande Yener, Y\u0131ld\u0131z Tilbe gibi bir\u00e7ok ismi m\u00fczik piyasas\u0131na kazand\u0131rd\u0131 ve bir\u00e7ok \u00f6nemli sanat\u00e7\u0131ya destek oldu. Sanat\u00e7\u0131 son olarak 2009&#8217;da &#8220;<span class=\"mw-redirect\">Y\u00fcr\u00fcyorum D\u00fc\u015f Bah\u00e7elerinde<\/span>&#8221; adl\u0131 alb\u00fcm\u00fcne imza atm\u0131\u015ft\u0131r. Alb\u00fcmdeki caz t\u0131n\u0131lar\u0131 da alb\u00fcm\u00fcn \u00f6zellikleri aras\u0131ndad\u0131r.<\/p>\n<div>\n<object width=\"480\" height=\"365\" data=\"http:\/\/www.dailymotion.com\/swf\/x9t164&amp;related=0\" type=\"application\/x-shockwave-flash\"><param name=\"allowFullScreen\" value=\"true\" \/><param name=\"allowScriptAccess\" value=\"always\" \/><param name=\"src\" value=\"http:\/\/www.dailymotion.com\/swf\/x9t164&amp;related=0\" \/><param name=\"allowfullscreen\" value=\"true\" \/><\/object><br \/>\n<br \/><strong><a href=\"http:\/\/www.dailymotion.com\/video\/x9t164_sezen-aksu-unzile_music\">Sezen Aksu &#8211; \u00dcnzile<\/a><\/strong><br \/><em><a href=\"http:\/\/www.dailymotion.com\/tr\/channel\/music\"><br \/><\/a><\/em><\/div>\n<h3 style=\"text-align: justify;\"><span id=\"1954-1973:_.C3.87ocukluk_ve_Gen.C3.A7lik\" class=\"mw-headline\">1954-1973: \u00c7ocukluk ve Gen\u00e7lik<\/span><\/h3>\n<p style=\"text-align: justify;\">Sezen Aksu, Denizli ilinin Sarayk\u00f6y il\u00e7esinde do\u011fdu. Fen bilgisi \u00f6\u011fretmeni ve Selanik&#8217;ten m\u00fcbadelede gelen bir aileden olan \u015eehriban Han\u0131m annesi, Pazar, Rize k\u00f6kenli matematik \u00f6\u011fretmeni olan <span class=\"new\">Sami Y\u0131ld\u0131r\u0131m<\/span> Bey de babas\u0131d\u0131r. Aksu, \u00fc\u00e7 ya\u015f\u0131na kadar Denizli&#8217;de oturduktan sonra, ailesiyle \u0130zmir&#8217;e ta\u015f\u0131nd\u0131. Nihat ad\u0131ndaki karde\u015fi ile beraber b\u00fcy\u00fcyen Aksu, gen\u00e7lik y\u0131llar\u0131nda bir \u00e7ok sanat dal\u0131na merak sald\u0131. \u00d6yle ki; Cengiz Bozkurt&#8217;tan bir s\u00fcre resim dersleri ald\u0131. Tiyatro ve dans derslerini de bu s\u00fcreye s\u0131\u011fd\u0131rd\u0131. 1970 y\u0131l\u0131nda <em>Hafta Sonu<\/em> dergisinin a\u00e7t\u0131\u011f\u0131, j\u00fcri ba\u015fkanl\u0131\u011f\u0131n\u0131 Ajda Pekkan&#8217;\u0131n yapt\u0131\u011f\u0131 &#8216;Alt\u0131n Ses&#8217; yar\u0131\u015fmas\u0131nda alt\u0131nc\u0131 oldu. Ama bir di\u011fer pop sanat\u00e7\u0131s\u0131 Nil\u00fcfer ayn\u0131 y\u0131l birinci oldu. B\u00f6ylece Nil\u00fcfer, Sezen Aksu&#8217;dan \u00f6nce ilk alb\u00fcm\u00fcn\u00fc yay\u0131mlad\u0131. 1973 y\u0131l\u0131nda Ege \u00dcniversitesi Ziraat Fak\u00fcltesi&#8217;ne girdi. 1974&#8217;\u00fcn Kas\u0131m ay\u0131nda Ali Engin Aksu ile evlendi.<\/p>\n<h3 style=\"text-align: justify;\"><span id=\"1975-1983:_K.C4.B1rk_be.C5.9Flikler_d.C3.B6nemi\" class=\"mw-headline\">1975-1983: K\u0131rk be\u015flikler d\u00f6nemi<\/span><\/h3>\n<p style=\"text-align: justify;\">1975&#8217;e girildi\u011finde piyasaya \u00e7\u0131kan ilk k\u0131rk be\u015fli\u011finin ad\u0131 <em>Haydi \u015eans\u0131m<\/em>&#8216;d\u0131. Aksu, 1975 y\u0131l\u0131nda i\u00e7inde kendi \u015fark\u0131lar\u0131n\u0131n yer ald\u0131\u011f\u0131 ikinci k\u0131rk be\u015fli\u011fi <em>Ya\u015fanmam\u0131\u015f Y\u0131llar\/Kusura Bakma<\/em>&#8216;y\u0131 \u00e7\u0131kard\u0131. Kendisini uzun s\u00fcre &#8220;Plak K\u0131rk Be\u015flikler&#8221; listesinde bir numara yapacak \u00fc\u00e7\u00fcnc\u00fc k\u0131rk be\u015fli\u011fi <em>Olmaz Olsun\/Vurdumduymaz<\/em>&#8216;\u0131 1976 y\u0131l\u0131nda \u00e7\u0131kard\u0131.<\/p>\n<p style=\"text-align: justify;\">Sanat\u00e7\u0131, sonras\u0131nda 1976 y\u0131l\u0131nda ilk sahne \u00e7al\u0131\u015fmas\u0131na ba\u015flad\u0131. Bebek Belediye Gazinosu&#8217;nda sahne almaya ba\u015flayan Aksu, 1977 y\u0131l\u0131nda Allaha\u0131smarlad\u0131k\/Ka\u00e7 Y\u0131l Ge\u00e7ti Aradan, Kaybolan Y\u0131llar\/Neye Yarar k\u0131rk be\u015flikleri ve ilk otuz \u00fc\u00e7l\u00fc\u011f\u00fc olan &#8220;Allaha\u0131smarlad\u0131k&#8221; alb\u00fcmlerini yay\u0131mlad\u0131.<\/p>\n<table style=\"background: none repeat scroll 0% 0% transparent; width: auto; margin-bottom: 0.5em; font-size: 95%; color: #000000; text-align: justify;\" border=\"0\" cellpadding=\"0\">\n<tbody>\n<tr>\n<td style=\"padding: 0pt 1.2em; vertical-align: top;\"><\/td>\n<td style=\"padding: 0pt 1.2em 0pt 0pt;\"><span style=\"font-style: normal; font-size: 125%;\"><strong>\u00ab<\/strong><\/span> Y\u0131llar y\u0131l\u0131 sevi\u015ftik de neden mutlu olmad\u0131k. A\u015fk\u0131m\u0131za a\u015fk de\u011fil y\u0131llarca yalan katt\u0131k. Sana son bir s\u00f6z\u00fcm var, O da &#8216;Allaha\u0131smarlad\u0131k&#8217; \u00a0<span style=\"font-size: 125%;\"><strong>\u00bb<\/strong><\/span><\/td>\n<\/tr>\n<tr>\n<td style=\"padding: 0pt 1.2em;\"><\/td>\n<td style=\"padding: 0pt 1.2em 0pt 0pt;\">\n<div style=\"font-style: normal;\">( <small><em><span class=\"mw-redirect\">Allaha\u0131smarlad\u0131k<\/span><\/em> kapa\u011f\u0131nda da bulunan bir d\u00f6rtl\u00fck.<\/small> )<\/div>\n<\/td>\n<\/tr>\n<\/tbody>\n<\/table>\n<p style=\"text-align: justify;\">1978 y\u0131l\u0131nda Hur\u015fid Yenig\u00fcn&#8217;\u00fcn iki bestesi i\u00e7in s\u00f6z yazan Aksu, G\u00f6lge Etme\/A\u015fk k\u0131rk be\u015fli\u011fini yapt\u0131. Yine ayn\u0131 y\u0131l, piyasadaki en eski Sezen Aksu alb\u00fcm\u00fc olma \u00f6zelli\u011fini ta\u015f\u0131yan <em>Ser\u00e7e<\/em>, \u00e7ift <span class=\"mw-redirect\">LP<\/span> olarak piyasaya \u00e7\u0131kt\u0131. 1979 y\u0131l\u0131nda <em>\u0130lk G\u00fcn Gibi\/Yalanc\u0131<\/em> ve <em>Allaha\u015fk\u0131na\/Sensiz \u0130\u00e7ime Sinmiyor<\/em> k\u0131rk be\u015flikleri piyasaya \u00e7\u0131kt\u0131. Ayn\u0131 y\u0131l sanat\u00e7\u0131, sinema sekt\u00f6r\u00fcnde de g\u00f6r\u00fcnd\u00fc. Sanat\u00e7\u0131n\u0131n ilk filmi, ba\u015frol\u00fcn\u00fc Bulut Aras&#8217;la payla\u015ft\u0131\u011f\u0131; bir At\u0131f Y\u0131lmaz filmi olan <em>Minik Ser\u00e7e<\/em> oldu. Bir \u00fcnl\u00fcn\u00fcn do\u011farken, ba\u015fka bir \u00fcnl\u00fcn\u00fcn s\u00f6n\u00fc\u015f\u00fcn\u00fc anlatan film, o d\u00f6nemde fazla be\u011feni toplamad\u0131. Aksu, bu filmi 1999 y\u0131l\u0131nda Okan Bay\u00fclgen&#8217;in Zaga program\u0131nda tekrar seyretmi\u015f ve bu rol\u00fcne g\u00fclm\u00fc\u015ft\u00fcr.<\/p>\n<p style=\"text-align: justify;\">1980 y\u0131l\u0131nda Sevgilerimle alb\u00fcm\u00fcn\u00fc \u00e7\u0131karan sanat\u00e7\u0131, 1981&#8217;de <em>Sezen Aksu Aile Gazinosu<\/em> adl\u0131 m\u00fczikal i\u00e7in \u00e7al\u0131\u015fmalar yapt\u0131. Sanat\u00e7\u0131, 10 Temmuz 1981&#8217;de <em>Be\u015fikta\u015f Evlendirme Dairesi<\/em>&#8216;nde <span class=\"new\">Sinan \u00d6zer<\/span> ile evlendi. Ancak o s\u0131ralarda Aksu&#8217;nun \u00d6zer&#8217;den 4,5 ayl\u0131k gebe oldu\u011fu konu\u015fuluyordu. Bu s\u00fcre\u00e7ten sonra, 11 Kas\u0131m 1981&#8217;de Aksu, o\u011flu <em>Mithat Can \u00d6zer<\/em>&#8216;i d\u00fcnyaya getirdi. Sanat\u00e7\u0131, ayn\u0131 y\u0131l Aral\u0131k ay\u0131nda <em>Sezen Aksu Aile Gazinosu<\/em> i\u00e7in tekrar \u00e7al\u0131\u015fmaya ba\u015flad\u0131.<\/p>\n<p style=\"text-align: justify;\">1982 y\u0131l\u0131nda <em>\u015ean M\u00fczikhol\u00fc<\/em>&#8216;nde <em>Sezen Aksu Aile Gazinosu<\/em> g\u00f6sterime girdi. Adile Na\u015fit, \u015eener \u015een, Ay\u015fen Gruda ve Altan Erbulak ile ayn\u0131 oyunu payla\u015fan Aksu, sahnede yedi farkl\u0131 karakteri canland\u0131rd\u0131. Sonras\u0131nda <em>Firuze<\/em> alb\u00fcm\u00fcn\u00fc yay\u0131mlayan sanat\u00e7\u0131, ayn\u0131 y\u0131l, d\u00f6nemin pop\u00fcler dergisi <em>Hey<\/em> taraf\u0131ndan &#8220;Y\u0131l\u0131n Kad\u0131n \u015eark\u0131c\u0131s\u0131&#8221; se\u00e7ildi. 1983 y\u0131l\u0131nda Aksu, Hey&#8217;in <em>Geleneksel Oskar Konseri<\/em>&#8216;ne de <em>Y\u0131l\u0131n Kad\u0131n \u015eark\u0131c\u0131s\u0131<\/em> olarak kat\u0131ld\u0131.<\/p>\n<h3 style=\"text-align: justify;\"><span id=\"1983-1989:_Seksenler\" class=\"mw-headline\">1983-1989: Seksenler<\/span><\/h3>\n<p style=\"text-align: justify;\">1983 y\u0131l\u0131nda Sezen Aksu, <span class=\"mw-redirect\">Eurovision<\/span>&#8216;a kat\u0131lma karar\u0131 ald\u0131. S\u00f6z ve m\u00fczi\u011fi Ali Kocatepe&#8217;ye ait &#8220;Heyamola&#8221; par\u00e7as\u0131, Ali Kocatepe ve Co\u015fkun Demir ile birlikte seslendirildi. T\u00fcrkiye finaline kalan bu par\u00e7a Eurovision finallerinde T\u00fcrkiye&#8217;yi temsil edemedi. 1983 y\u0131l\u0131nda &#8220;Heyamola&#8221; par\u00e7as\u0131n\u0131n 45&#8217;li\u011fi &#8220;Hey Dergisi&#8221; taraf\u0131ndan y\u0131l\u0131n pla\u011f\u0131 se\u00e7ildi. Ayn\u0131 y\u0131l Aksu, Sinan \u00d6zer&#8217;den bo\u015fand\u0131.<\/p>\n<p style=\"text-align: justify;\">1984 y\u0131l\u0131nda sanat\u00e7\u0131n\u0131n tekrar Eurovision adayl\u0131\u011f\u0131na girdi\u011fi g\u00f6r\u00fclmektedir. Sanat\u00e7\u0131 bu y\u0131l da <em>Halay<\/em>, <em>1945<\/em> ve <em>Merhaba \u00dcmit<\/em> adl\u0131 par\u00e7alarla T\u00fcrkiye finaline kald\u0131. \u0130lk olarak &#8220;Merhaba \u00dcmit&#8221;i b\u0131rakan Sezen T\u00fcrkiye finalinde &#8220;Halay&#8221; ve &#8220;1945&#8221;i seslendirmeye karar verdi. T\u00fcrkiye finali ger\u00e7ekle\u015fmeden iki hafta \u00f6nce T\u00fcrkiye&#8217;ye gelen yabanc\u0131 bir arkada\u015f\u0131 Aksu&#8217;ya sadece &#8220;1945&#8221;i seslendirmesini \u00f6nerdi. &#8220;1945&#8221;&#8216;in s\u00f6zlerinin t\u00fcm d\u00fcnyayla ilgili oldu\u011funu d\u00fc\u015f\u00fcnen Aksu bu par\u00e7an\u0131n yurtd\u0131\u015f\u0131nda da \u00fclkemizi daha iyi temsil edece\u011fini d\u00fc\u015f\u00fcnerek &#8220;Halay&#8221;dan vazge\u00e7ti. T\u00fcrkiye finalinde &#8220;1945&#8221;i seslendiren Sezen Aksu, beklenenin aksine bu kez de se\u00e7ilememi\u015fti.<\/p>\n<p style=\"text-align: justify;\">Sanat\u00e7\u0131, 6 Eyl\u00fcl 1984&#8217;de Sen A\u011flama alb\u00fcm\u00fcn\u00fc piyasaya \u00e7\u0131kard\u0131. TRT&#8217;nin denetiminden ge\u00e7emedi\u011fi i\u00e7in en ba\u015fta televizyonda \u015fark\u0131lar\u0131 yay\u0131mlanmayan Aksu, 1985&#8217;in ba\u015f\u0131ndan itibaren bu f\u0131rsat\u0131 elde etti. Alb\u00fcm TRT&#8217;de yay\u0131mlanmaya ba\u015flar ba\u015flamaz b\u00fcy\u00fck bir ilgi g\u00f6rd\u00fc ve alb\u00fcm sat\u0131\u015f listelerinin haftalarca zirvesinde yer ald\u0131. Aksu, alb\u00fcm\u00fcn 56. haftas\u0131nda &#8220;Hey Dergisi&#8221;ne yapt\u0131\u011f\u0131 a\u00e7\u0131klamada &#8220;<em>Bekliyordum ama bu kadar\u0131n\u0131 de\u011fil&#8230; Ne yalan s\u00f6yleyeyim, 1 y\u0131l\u0131 a\u015fk\u0131n s\u00fcrece listelerde kalaca\u011f\u0131m\u0131 sanm\u0131yordum. T\u00fcm m\u00fczikseverlere candan, g\u00f6n\u00fclden te\u015fekk\u00fcrlerimi sunuyorum.<\/em>&#8221; \u015feklinde beyanatta bulundu.<\/p>\n<p style=\"text-align: justify;\">1985 y\u0131l\u0131nda Aksu, <span class=\"mw-redirect\">Eurovision<\/span>&#8216;da yine T\u00fcrkiye finaline kat\u0131ld\u0131. Bu sefer par\u00e7an\u0131n ad\u0131 <em>K\u00fc\u00e7\u00fck Bir A\u015fk Masal\u0131<\/em>&#8216;yd\u0131. S\u00f6zleri Aksu&#8217;ya ait olan bu par\u00e7ay\u0131 Sezen Aksu ve \u00d6zdemir Erdo\u011fan birlikte seslendirdi. Ama sonu\u00e7 de\u011fi\u015fmedi. Bu y\u0131l da Sezen yurtd\u0131\u015f\u0131nda T\u00fcrkiye&#8217;yi temsil edemedi. Ayn\u0131 y\u0131l, sanat\u00e7\u0131 &#8220;<em>Bin Y\u0131l \u00d6nce, Bin Y\u0131l Sonra<\/em>&#8221; isimli m\u00fczikal i\u00e7in haz\u0131rland\u0131. M\u00fczikal, 1986 y\u0131l\u0131n\u0131n ilk haftas\u0131ndan itibaren g\u00f6sterime girdi. \u015ean M\u00fczikhol\u00fc&#8217;nde kapal\u0131 gi\u015fe oynayan bu m\u00fczikal, d\u00f6nemin d\u00fcnyas\u0131n\u0131 ve T\u00fcrkiye&#8217;sini Ti&#8217;ye al\u0131yordu. Sahnede b\u00fcy\u00fck be\u011feni toplayan Aksu, sahneyi \u015eener \u015een, \u0130lyas Salman, Ay\u015fen Gruda gibi isimlerle payla\u015ft\u0131.<\/p>\n<p style=\"text-align: justify;\">1986&#8217;da &#8220;Git&#8221; ile b\u00fcy\u00fck be\u011feni toplayan Aksu, &#8220;Onyedi&#8221; dergisinin Ocak 1986 say\u0131s\u0131nda okuyucu anketinde &#8220;1985&#8217;in en b\u00fcy\u00fck kad\u0131n \u015fark\u0131c\u0131s\u0131&#8221; se\u00e7ildi. Aksu, 1988 y\u0131l\u0131nda &#8220;<span class=\"mw-redirect\">Sezen Aksu&#8217;88<\/span>&#8220;&#8216;i \u00e7\u0131kard\u0131. Bu alb\u00fcm Aksu&#8217;nun son pla\u011f\u0131 olma \u00f6zelli\u011fi ta\u015f\u0131maktayd\u0131. Ayn\u0131 \u015fekilde 1989 y\u0131l\u0131nda &#8220;<span class=\"mw-redirect\">Sezen Aksu S\u00f6yl\u00fcyor<\/span>&#8221; alb\u00fcm\u00fcyle beliren Aksu, bu alb\u00fcmle \u00e7ok b\u00fcy\u00fck bir be\u011feni toplad\u0131.<\/p>\n<h3 style=\"text-align: justify;\"><span id=\"1989-1999:_Doksanlar\" class=\"mw-headline\">1989-1999: Doksanlar<\/span><\/h3>\n<p style=\"text-align: justify;\">1990&#8217;larda Sezen Aksu, yap\u0131mc\u0131 olarak dinleyicilerin kar\u015f\u0131s\u0131na \u00e7\u0131kt\u0131. Sezen Aksu&#8217;nun o s\u0131ralardaki vokalisti A\u015fk\u0131n Nur Yengi, Sezen Aksu deste\u011fiyle beraber &#8220;<em>Sevgiliye<\/em>&#8221; alb\u00fcm\u00fcyle m\u00fczikseverlerin kar\u015f\u0131s\u0131na \u00e7\u0131kt\u0131. Alb\u00fcm Sezen Aksu yap\u0131m\u0131yd\u0131 ve bir milyona yak\u0131n sat\u0131\u015f elde etti.<\/p>\n<p style=\"text-align: justify;\">1990 y\u0131l\u0131nda Sezen Aksu beyaz perdede g\u00f6r\u00fcnd\u00fc. Y\u00f6netmenli\u011fini Yavuz \u00d6zkan&#8217;\u0131n yapt\u0131\u011f\u0131 &#8220;<em>B\u00fcy\u00fck Yaln\u0131zl\u0131k<\/em>&#8220;ta Sezen Aksu, Ferhan \u015eensoy ile rolleri payla\u015ft\u0131. Film, 1990 y\u0131l\u0131ndaki <span class=\"mw-redirect\">Alt\u0131n Portakal Film Festivali<\/span>&#8216;nde <em>En \u0130yi G\u00f6r\u00fcnt\u00fc<\/em> dal\u0131nda \u00f6d\u00fcl ald\u0131. Filmin m\u00fcziklerini de Aksu&#8217;nun yap\u0131mc\u0131s\u0131 Onno Tun\u00e7 yapm\u0131\u015ft\u0131. Onno Tun\u00e7 bestesi olan &#8220;<em>U\u00e7urtma Bayramlar\u0131<\/em>&#8221; da enstrumantal olarak bu filmde bulunmaktayd\u0131.<\/p>\n<p style=\"text-align: justify;\">Sezen 1991&#8217;de A\u015fk\u0131n Nur Yengi&#8217;nin ikinci alb\u00fcm\u00fc &#8220;<em>Hesap Ver<\/em>&#8220;in yap\u0131m\u0131n\u0131 da \u00fcstlendi. Alb\u00fcm Yengi&#8217;nin ilk alb\u00fcm\u00fc gibi y\u00fcksek bir sat\u0131\u015f elde etti. 1991&#8217;de m\u00fczik y\u00f6netmenli\u011fini Onno Tun\u00e7&#8217;un yapt\u0131\u011f\u0131 &#8220;<span class=\"mw-redirect\">G\u00fcl\u00fcmse<\/span>&#8221; \u00e7\u0131kt\u0131. Alb\u00fcm, 2 milyonu a\u015fan bir sat\u0131\u015f rakam\u0131 elde etmi\u015fti. Alb\u00fcm\u00fcn bu kadar \u00e7ok satmas\u0131n\u0131n sebeplerinden biri Aksu&#8217;nun hitap kesimiydi. Aksu bu alb\u00fcmle halktaki her z\u0131t kesime hitap etmekteydi. 1991&#8217;de bu alb\u00fcme ait &#8220;Hadi Bakal\u0131m&#8221;&#8216;\u0131n Avrupa&#8217;da teklisi \u00e7\u0131kt\u0131.<\/p>\n<p style=\"text-align: justify;\">1992&#8217;de Aksu yine vokalistlerine alb\u00fcm yapmaya devam etti. Sertab Erener ile \u00e7al\u0131\u015fan Aksu, Erener&#8217;in ilk alb\u00fcm\u00fc &#8220;<span class=\"mw-redirect\">Sakin Ol<\/span>&#8220;u yay\u0131mlad\u0131. Alb\u00fcm beklenenin \u00fczerine sat\u0131\u015f rakamlar\u0131 elde etti. Bu alb\u00fcmden birka\u00e7 ay sonra Levent Y\u00fcksel ile \u00e7al\u0131\u015fan Aksu, Y\u00fcksel&#8217;in ilk alb\u00fcm\u00fc &#8220;Med-Cezir&#8221;i de sat\u0131\u015fa sundu. Bu alb\u00fcm de y\u00fcksek bir sat\u0131\u015f rakam\u0131na ula\u015farak Levent Y\u00fcksel&#8217;i 90&#8217;larda tan\u0131n\u0131r biri h\u00e2line getirdi.<\/p>\n<p style=\"text-align: justify;\">Sanat\u00e7\u0131, 1993 y\u0131l\u0131nda bir ba\u015fka kendi alb\u00fcm\u00fc olan &#8220;<span class=\"mw-redirect\">Deli K\u0131z\u0131n T\u00fcrk\u00fcs\u00fc<\/span>&#8220;n\u00fc piyasaya s\u00fcrd\u00fc. Alb\u00fcmde Uzay Hepar\u0131 ile \u00e7al\u0131\u015fan Aksu, farkl\u0131 tarzlar denedi. Bu farkl\u0131 alb\u00fcmde &#8220;K\u00fc\u00e7\u00fc\u011f\u00fcm&#8221; ve &#8220;Masum De\u011filiz&#8221; gibi tan\u0131nan Aksu \u015fark\u0131lar\u0131 \u00e7\u0131kt\u0131. Alb\u00fcm\u00fcn etkisi s\u00fcrerken, 20 May\u0131s 1994 tarihinde alb\u00fcmde beraber \u00e7al\u0131\u015ft\u0131\u011f\u0131 Hepar\u0131, motosikletini kullan\u0131rken oyuncu Demet Akba\u011f&#8217;\u0131n duran haldeki arabas\u0131na \u00e7arparak bitkisel hayata girdi. O d\u00f6nemde alt\u0131 ayl\u0131k evli olan ve kazadan \u00f6nceki g\u00fcn baba olaca\u011f\u0131n\u0131 \u00f6\u011frenen Hepar\u0131, 31 May\u0131s tarihinde \u00f6ld\u00fc. Aksu, bu olay\u0131n ard\u0131ndan, Uzay Hepar\u0131&#8217;y\u0131 anmak \u00fczere &#8220;Yas&#8221; adl\u0131 bir \u015fark\u0131 besteledi. Ancak kendisi bu \u015fark\u0131y\u0131 okumak yerine, Levent Y\u00fcksel&#8217;in sonraki alb\u00fcm\u00fcne koydu. T\u00fcm bu \u00e7alkant\u0131lardan sonra, Aksu, Sertab Erener&#8217;in ikinci alb\u00fcm\u00fc &#8220;L\u00e2&#8217;l&#8221;in yap\u0131m\u0131n\u0131 \u00fcstlendi. Bu alb\u00fcm de y\u00fcksek bir sat\u0131\u015f elde ederken Sezen Aksu, 90&#8217;larda m\u00fczik topluluklar\u0131 aras\u0131nda yayg\u0131n bir yer elde etti.<\/p>\n<p style=\"text-align: justify;\">Bir sene sonra 1995 y\u0131l\u0131nda Aksu, &#8220;<span class=\"mw-redirect\">I\u015f\u0131k Do\u011fudan Y\u00fckselir<\/span>&#8221; alb\u00fcm\u00fcn\u00fc yay\u0131mlad\u0131. Alb\u00fcmde pop m\u00fczikten \u00e7ok Anadolu m\u00fczikleri yer almaktayd\u0131. S\u00f6zlerde a\u011f\u0131rl\u0131kl\u0131 olarak Yunus Emre&#8217;nin, Mevlana&#8217;n\u0131n ve A\u015f\u0131k Daimi&#8217;nin eserleri bulunmaktayd\u0131. Fahir Atako\u011flu&#8217;nun da iki eseri vard\u0131 alb\u00fcmde. Bunlardan birincisi, sonradan yay\u0131mlanan &#8220;Al\u00e2turka&#8221; adl\u0131 \u015fark\u0131yken, di\u011feri de &#8220;Yakt\u0131lar Halim&#8217;imi&#8221; idi. G\u00fcl\u00fcmse&#8217;nin m\u00fczi\u011fini yapan <span class=\"mw-redirect\">Arto Tun\u00e7<\/span>&#8216;un da bu alb\u00fcmde iki bestesi vard\u0131. Alb\u00fcmde yer alan bir ba\u015fka \u015fark\u0131da Bedri Rahmi Ey\u00fcbo\u011flu&#8217;nun a\u015fa\u011f\u0131daki dizeleri yer almaktayd\u0131;<\/p>\n<table style=\"background: none repeat scroll 0% 0% transparent; width: auto; margin-bottom: 0.5em; font-size: 95%; color: #000000; text-align: justify;\" border=\"0\" cellpadding=\"0\">\n<tbody>\n<tr>\n<td style=\"padding: 0pt 1.2em; vertical-align: top;\"><\/td>\n<td style=\"padding: 0pt 1.2em 0pt 0pt;\"><span style=\"font-style: normal; font-size: 125%;\"><strong>\u00ab<\/strong><\/span> <em>Bu Anadolu var ya bu Anadolu. Bu misli menendi g\u00f6r\u00fclmemi\u015f c\u00f6mert ana. Bu her yan\u0131 meme, bu her yan\u0131 dudak, bu her yan\u0131 g\u00fcl. Bu z\u0131rn\u0131k almadan veren, habire veren yedi g\u00fcl.<\/em> <span style=\"font-size: 125%;\"><strong>\u00bb<\/strong><\/span><\/td>\n<\/tr>\n<tr class=\"hiddenStructure noprint\">\n<td style=\"padding: 0pt 1.2em;\"><\/td>\n<td style=\"padding: 0pt 1.2em 0pt 0pt;\"><\/td>\n<\/tr>\n<\/tbody>\n<\/table>\n<p style=\"text-align: justify;\">1996&#8217;da Nazan \u00d6ncel&#8217;in Sokak K\u0131z\u0131 alb\u00fcm\u00fcnde bulunan &#8220;Erkekler de Yanar&#8221; ve &#8220;B\u0131rak Seveyim Rahat Edeyim&#8221; \u015fark\u0131lar\u0131na vokalist olarak e\u015flik etti. Yine ayn\u0131 y\u0131l Zerrin \u00d6zer&#8217;in \u00fcnl\u00fc &#8220;Pa\u015fa G\u00f6nl\u00fcm&#8221; klibinde yer ald\u0131.<\/p>\n<p style=\"text-align: justify;\">Aral\u0131k 1997&#8217;de sat\u0131\u015fa \u00e7\u0131kan &#8220;<span class=\"mw-redirect\">D\u00fc\u011f\u00fcn ve Cenaze<\/span>&#8221; yine ele\u015ftirilen bir Aksu alb\u00fcm\u00fcyd\u00fc. Alb\u00fcm m\u00fczikal olarak olumlu kar\u015f\u0131lansa da yo\u011fun ele\u015ftiriler sonucunda y\u00fcksek bir sat\u0131\u015f rakam\u0131 elde edemedi. Alb\u00fcme ad\u0131n\u0131 veren \u015fark\u0131yla beraber dokuz tane Goran Bregovi\u00e7, bir tane Kurtis Jasavev bestesinden olu\u015fan alb\u00fcm\u00fcn s\u00f6zlerini ise Aksu, Pakize Bar\u0131\u015fta ve Meral Okay ile birlikte yazd\u0131. 1998 y\u0131l\u0131nda alb\u00fcm\u00fcn en ses getiren \u015fark\u0131s\u0131 &#8220;Erkekler&#8221; teklisi yay\u0131mland\u0131. 1998&#8217;in Nisan ay\u0131nda ise Levent Y\u00fcksel&#8217;in \u00fc\u00e7\u00fcnc\u00fc alb\u00fcm\u00fc &#8220;Ad\u0131 Menek\u015fe&#8221; piyasaya \u00e7\u0131kt\u0131.<\/p>\n<p style=\"text-align: justify;\">Ayn\u0131 y\u0131l Aksu, Aral\u0131k 1998&#8217;de &#8220;<span class=\"mw-redirect\">Ad\u0131 Bende Sakl\u0131<\/span>&#8221; adl\u0131 bir ba\u015fka alb\u00fcm\u00fcn\u00fc daha piyasaya \u00e7\u0131kard\u0131. Alb\u00fcm geni\u015f \u00e7evrelerden olumlu yorumlar elde etti. &#8220;Tutuklu&#8221; ve &#8220;Ad\u0131 Bende Sakl\u0131&#8221; \u015fark\u0131lar\u0131 ise o d\u00f6nemin en bilinen \u015fark\u0131lar\u0131 haline geldi. 1999&#8217;da bunu &#8220;<span class=\"mw-redirect\">Sar\u0131 Odalar<\/span>&#8221; teklisi izledi. Par\u00e7aya klip, \u0130stanbul&#8217;a yap\u0131lmas\u0131 ama\u00e7lanan 3. k\u00f6pr\u00fcye kar\u015f\u0131 \u00e7\u0131kmak amac\u0131yla Arnavutk\u00f6y&#8217;de \u00e7ekildi.<\/p>\n<h3 style=\"text-align: justify;\"><span id=\"2000-2009:_2000.27ler\" class=\"mw-headline\">2000-2009: 2000&#8217;ler<\/span><\/h3>\n<p style=\"text-align: justify;\">2 Haziran 2000 tarihinde Aksu, yeni alb\u00fcm\u00fc &#8220;Deliveren&#8221;i \u00e7\u0131kard\u0131. Bu alb\u00fcmde &#8220;Oh Oh&#8221;, &#8220;Sar\u0131 Odalar&#8221;, &#8220;Kahpe Kader&#8221; ve &#8220;Keskin B\u0131\u00e7ak&#8221; gibi d\u00f6nemin en bilinen \u015fark\u0131lar\u0131 bulunmaktayd\u0131. Alb\u00fcm, bir milyona yak\u0131n satt\u0131. Aksu, bir a\u00e7\u0131klamas\u0131nda <em>Deliveren<\/em> ad\u0131n\u0131n <em>i\u00e7indeki \u015feytanla mele\u011fi y\u00f6nlendiren<\/em> anlam\u0131na geldi\u011fini belirtti.<\/p>\n<p style=\"text-align: justify;\">Aksu, 2001 y\u0131l\u0131nda sa\u011fl\u0131k sorunlar\u0131yla u\u011fra\u015ft\u0131. O yaz alt\u0131 konser veren Aksu, b\u00fcy\u00fck ilgi g\u00f6rd\u00fc. Eski vokalistlerinden I\u015f\u0131n Karaca, 2001 Eurovision \u015eark\u0131 Yar\u0131\u015fmas\u0131&#8217;n\u0131n se\u00e7melerine kat\u0131ld\u0131. Ancak se\u00e7ilemedi. Bu y\u0131l\u0131n sonunda Aksu, alt\u0131 y\u0131ld\u0131r vokalistli\u011fini yapan Karaca&#8217;n\u0131n yeni alb\u00fcm\u00fc &#8220;Anadilim A\u015fk&#8221;\u0131n yay\u0131mlanmas\u0131na yard\u0131m etti. Alb\u00fcm, ba\u015ftan sona Aksu imzas\u0131 ta\u015f\u0131yordu.<\/p>\n<p style=\"text-align: justify;\">20 May\u0131s 2002 tarihinde Sezen Aksu, &#8220;<span class=\"mw-redirect\">\u015eark\u0131 S\u00f6ylemek Laz\u0131m<\/span>&#8221; alb\u00fcm\u00fcn\u00fc sat\u0131\u015fa sundu. Bu alb\u00fcm sanat\u00e7\u0131n\u0131n DMC firmas\u0131ndan \u00e7\u0131kartt\u0131\u011f\u0131 ilk alb\u00fcm\u00fcyd\u00fc. 12 Haziran 2002&#8217;de alb\u00fcm\u00fc izleyen konser turu d\u00fczenleyen sanat\u00e7\u0131, T\u00fcrkiye&#8217;nin b\u00fct\u00fcn dillerini ve medeniyetlerini bir araya getiren &#8220;<em>T\u00fcrkiye \u015eark\u0131lar\u0131<\/em>&#8221; isimli konser serisini sundu. Konserlerde sanat\u00e7\u0131ya Rum, Ortodoks, <span class=\"mw-redirect\">Ermeni<\/span> ve <span class=\"mw-redirect\">Musevi<\/span> korolar\u0131yla birlikte Diyarbak\u0131r Belediyesi \u00c7ocuk Korosu da e\u015flik etti. Sahnede T\u00fcrk\u00e7e, K\u00fcrt\u00e7e, Ermenice ve <span class=\"mw-redirect\">Rumca<\/span> \u015fark\u0131lar, t\u00fcrk\u00fcler s\u00f6ylendi. Sanat\u00e7\u0131 konserinin sonunda &#8220;\u015eark\u0131 S\u00f6ylemek Laz\u0131m&#8221;\u0131 ve Mevlana&#8217;n\u0131n s\u00f6zlerinden olu\u015fan &#8220;Yenili\u011fe Do\u011fru&#8221; \u015fark\u0131s\u0131n\u0131 s\u00f6yledi.<\/p>\n<p style=\"text-align: justify;\">Bu konser dizisi sadece T\u00fcrkiye&#8217;de de\u011fil bir\u00e7ok \u00fclkede de haber oldu. AP ajans\u0131n\u0131n \u00e7ekti\u011fi bir foto\u011fraf bir\u00e7ok \u00fclkede yay\u0131mland\u0131. 2003 y\u0131l\u0131n\u0131n ba\u015f\u0131nda Be\u015fikta\u015f&#8217;ta BKM&#8217;de Unplugged konserler veren Sezen yo\u011fun ilgi \u00fczerine konserlerine \u00f6nce Maltepe Yayla Sanat Merkezi&#8217;nde daha sonra T\u00fcrkiye&#8217;nin de\u011fi\u015fik \u015fehirlerinde devam etti. 2003 yaz\u0131 bitmeden sanat\u00e7\u0131n\u0131n yeni alb\u00fcm\u00fc &#8220;<span class=\"mw-redirect\">Yaz Bitmeden<\/span>&#8221; \u00e7\u0131kt\u0131. Biri enst\u00fcmental olmak \u00fczere d\u00f6rt yeni \u015fark\u0131 i\u00e7eren alb\u00fcmde ayr\u0131ca daha \u00f6nce ba\u015fka yorumcular\u0131n seslendirdi\u011fi Sezen Aksu \u015fark\u0131lar\u0131 vard\u0131. Yeni \u015fark\u0131lardan biri olan &#8220;Fark\u0131nday\u0131m&#8221;a Van&#8217;\u0131n <span class=\"mw-redirect\">Geva\u015f<\/span> il\u00e7esinde klip \u00e7ekildi.<\/p>\n<p style=\"text-align: justify;\">Sezen Aksu&#8217;nun uzun bir aradan sonra 2005 y\u0131l\u0131nda piyasaya s\u00fcr\u00fclen yeni alb\u00fcm\u00fc &#8220;Bahane&#8221;, beklenenin de \u00fczerinde ilgi g\u00f6rd\u00fc. Alb\u00fcm, ilk iki haftal\u0131k s\u00fcrede 320 bin satt\u0131. Bu alb\u00fcmde &#8220;Peri\u015fan\u0131m \u015eimdi&#8221; ve &#8220;Eskidendi, \u00c7ok Eskiden&#8221; gibi \u015fark\u0131lar yay\u0131mland\u0131. Sene sonunda alb\u00fcm, T\u00fcrkiye&#8217;nin 2005 y\u0131l\u0131nda en \u00e7ok satan alb\u00fcm\u00fc oldu. Aksu, 1975-2006 y\u0131llar\u0131 aras\u0131nda yazd\u0131\u011f\u0131 \u015fark\u0131 s\u00f6zlerini ise 2006 y\u0131l\u0131nda \u00e7\u0131kard\u0131\u011f\u0131 <span class=\"mw-redirect\">Eksik \u015eiir<\/span> kitab\u0131nda toplad\u0131. \u015eiir kitab\u0131 b\u00fcy\u00fck bir ilgi g\u00f6rerek ilk 4 g\u00fcnde toplamda 30.000 bas\u0131ml\u0131k kitaplardan 17.000&#8217;i sat\u0131ld\u0131.<\/p>\n<p style=\"text-align: justify;\">Aksu son olarak 2008 y\u0131l\u0131n\u0131n Haziran ay\u0131nda &#8220;Deniz Y\u0131ld\u0131z\u0131&#8221; adl\u0131 alb\u00fcm\u00fcn\u00fc yay\u0131mlad\u0131. Alb\u00fcmde Aksu&#8217;nun uzun y\u0131llar beraber \u00e7al\u0131\u015ft\u0131\u011f\u0131 Onno Tun\u00e7&#8217;un \u00e7ald\u0131\u011f\u0131 piyano \u00f6rnekleri yer almaktad\u0131r. Alb\u00fcm, yine \u00f6nceki Aksu alb\u00fcmlerinden farkl\u0131 olarak caz t\u0131n\u0131lar\u0131 ta\u015f\u0131yan ve <span class=\"mw-redirect\">baladlar<\/span> i\u00e7eren bir alb\u00fcmd\u00fcr. Aksu, ayn\u0131 bu alb\u00fcm\u00fcnde <em>Tanr\u0131&#8217;n\u0131n G\u00f6zya\u015flar\u0131<\/em> ad\u0131nda ki \u015fark\u0131s\u0131n\u0131 T\u00fcrkiye de bar\u0131\u015f ortam\u0131n\u0131n olu\u015fmas\u0131 ve bunun ola\u015fabilmesi i\u00e7in bitirilmesi gereken s\u0131n\u0131r \u00f6tesi operasyonlar\u0131ndan dolay\u0131 yazd\u0131\u011f\u0131n\u0131 a\u00e7\u0131klad\u0131.<\/p>\n<p style=\"text-align: justify;\">Sezen Aksu son olarak 2009 y\u0131l\u0131nda Y\u00fcr\u00fcyorum D\u00fc\u015f Bah\u00e7eleri&#8217;nde&#8230; adl\u0131 2 CD&#8217;den olu\u015fan alb\u00fcm\u00fcn\u00fc \u00e7\u0131kard\u0131. Sezen Aksu, 2009 y\u0131l\u0131nda ba\u015fbakan <span class=\"mw-redirect\">Tayyip Erdo\u011fan<\/span>&#8216;\u0131 arayarak K\u00fcrt A\u00e7\u0131l\u0131m\u0131&#8217;na destek vermekten \u00f6t\u00fcr\u00fc <span class=\"mw-redirect\">Cumhuriyet Gazetesi<\/span> Yazar\u0131 Hikmet \u00c7etinkaya taraf\u0131ndan ele\u015ftirilmi\u015f ve babas\u0131n\u0131n Fethullah\u00e7\u0131 oldu\u011fu iddia edilmi\u015ftir. Aksu&#8217;yu bir\u00e7ok sanat\u00e7\u0131 da desteklemi\u015ftir.<\/p>\n<p>\n<object width=\"400\" height=\"300\" data=\"http:\/\/www.humyo.com\/E\/10044311-281475143377115\/10044311-281475143240035\/10044311-281475143242353\/10044311-281475143248991\/10044311-281475143255845\/10044311-281475143257439\/10044311-281475143260735\/10044311-281475143268159\/10044311-281475143274261\/10044311-281475143279599\/10044311-281475143282763\/10044311-281475143287139\/10044311-281475143295543\/10044311-281475143302399\/10044311-281475143310967\/10044311-281475143314453\/10044311-281475143316851\/10044311-281475143321625\/10044311-281475143328981\/10044311-281475143329861\/10044311-281475143335387\/10044311-281475143343677\/10044311-281475143365559\/10044311-281475143352091\/10044311-281475143358381\/10044311-281475143370441\/10044311-281475143381791\/10044311-281475143382571\/10044311-281475143383851\/10044311-281475143224595\/10044311-281475143231593\/10044311-281475143391465?a=KJ3lnrGoEZ0%2CmiVy3K6saHw%2CyB7T2fznZlE%2CxRkQIe4eZ9U%2C795BN-4sn3o%2CI7IDvu2WeYw%2C96CHIp-oBWQ%2CMVFwbmP4zkg%2CZ0OP3snkB-U%2ClKHJx3NPnWw%2CLM-Kmhv7IKY%2Cv9nYk9DZIUA%2Cw9pxxXK0ggg%2CMrPRsUDF7Ew%2CUg1TkqoDOtc%2CUNSuOO6-xPw%2CgYOpRlpuovw%2CbRTZNhcIy00%2CafSvoVmbezw%2CN-wH-P-gaJs%2CWhvYLzzWxD8%2C_bc9AbgMYCY%2CqlEVSCAWzB8%2Cqh9GRhn6txc%2ChBLEcPDD5M4%2C1BofT6PEoeA%2Cg2vHNw3mo4k%2C-rhoqQdDLnY%2CmfTVV3Zq7Gw%2C948G7QbH-2I%2Cv3kr5s2g9M8%2CB4SJCbySaDQ\" type=\"application\/x-shockwave-flash\"><param name=\"flashvars\" value=\"autostart=true&amp;usefullscreen=true&amp;\" \/><param name=\"src\" value=\"http:\/\/www.humyo.com\/E\/10044311-281475143377115\/10044311-281475143240035\/10044311-281475143242353\/10044311-281475143248991\/10044311-281475143255845\/10044311-281475143257439\/10044311-281475143260735\/10044311-281475143268159\/10044311-281475143274261\/10044311-281475143279599\/10044311-281475143282763\/10044311-281475143287139\/10044311-281475143295543\/10044311-281475143302399\/10044311-281475143310967\/10044311-281475143314453\/10044311-281475143316851\/10044311-281475143321625\/10044311-281475143328981\/10044311-281475143329861\/10044311-281475143335387\/10044311-281475143343677\/10044311-281475143365559\/10044311-281475143352091\/10044311-281475143358381\/10044311-281475143370441\/10044311-281475143381791\/10044311-281475143382571\/10044311-281475143383851\/10044311-281475143224595\/10044311-281475143231593\/10044311-281475143391465?a=KJ3lnrGoEZ0%2CmiVy3K6saHw%2CyB7T2fznZlE%2CxRkQIe4eZ9U%2C795BN-4sn3o%2CI7IDvu2WeYw%2C96CHIp-oBWQ%2CMVFwbmP4zkg%2CZ0OP3snkB-U%2ClKHJx3NPnWw%2CLM-Kmhv7IKY%2Cv9nYk9DZIUA%2Cw9pxxXK0ggg%2CMrPRsUDF7Ew%2CUg1TkqoDOtc%2CUNSuOO6-xPw%2CgYOpRlpuovw%2CbRTZNhcIy00%2CafSvoVmbezw%2CN-wH-P-gaJs%2CWhvYLzzWxD8%2C_bc9AbgMYCY%2CqlEVSCAWzB8%2Cqh9GRhn6txc%2ChBLEcPDD5M4%2C1BofT6PEoeA%2Cg2vHNw3mo4k%2C-rhoqQdDLnY%2CmfTVV3Zq7Gw%2C948G7QbH-2I%2Cv3kr5s2g9M8%2CB4SJCbySaDQ\" \/><param name=\"allowfullscreen\" value=\"true\" \/><\/object>\n<\/p>\n<h3 style=\"text-align: justify;\"><span id=\"M.C3.BCzik_alb.C3.BCmleri\" class=\"mw-headline\">M\u00fczik alb\u00fcmleri<\/span><\/h3>\n<table class=\"wikitable\" style=\"text-align: justify;\" border=\"0\">\n<tbody>\n<tr>\n<th style=\"background: #efefef none repeat scroll 0% 0%;\">Y\u0131l<\/th>\n<th style=\"background: #efefef none repeat scroll 0% 0%;\">Alb\u00fcm ad\u0131<\/th>\n<th style=\"background: #efefef none repeat scroll 0% 0%;\"><\/th>\n<\/tr>\n<tr>\n<td>1977<\/td>\n<td><em><span class=\"mw-redirect\">Allaha\u0131smarlad\u0131k<\/span><\/em><\/td>\n<td><\/td>\n<\/tr>\n<tr>\n<td>1978<\/td>\n<td><em>Ser\u00e7e<\/em><\/td>\n<td><\/td>\n<\/tr>\n<tr>\n<td>1980<\/td>\n<td><em><span class=\"mw-redirect\">Sevgilerimle<\/span><\/em><\/td>\n<td><\/td>\n<\/tr>\n<tr>\n<td>1981<\/td>\n<td><em><span class=\"mw-redirect\">A\u011flamak G\u00fczeldir<\/span><\/em><\/td>\n<td><\/td>\n<\/tr>\n<tr>\n<td>1982<\/td>\n<td><em><span class=\"mw-redirect\">Firuze<\/span><\/em><\/td>\n<td><\/td>\n<\/tr>\n<tr>\n<td>1984<\/td>\n<td><em><span class=\"mw-redirect\">Sen A\u011flama<\/span><\/em><\/td>\n<td><\/td>\n<\/tr>\n<tr>\n<td>1986<\/td>\n<td><em><span class=\"mw-redirect\">Git<\/span><\/em><\/td>\n<td><\/td>\n<\/tr>\n<tr>\n<td>1988<\/td>\n<td><em><span class=\"mw-redirect\">Sezen Aksu&#8217;88<\/span><\/em><\/td>\n<td><\/td>\n<\/tr>\n<tr>\n<td>1989<\/td>\n<td><em><span class=\"mw-redirect\">Sezen Aksu S\u00f6yl\u00fcyor<\/span><\/em><\/td>\n<td><\/td>\n<\/tr>\n<tr>\n<td>1991<\/td>\n<td><em><span class=\"mw-redirect\">G\u00fcl\u00fcmse<\/span><\/em><\/td>\n<td><\/td>\n<\/tr>\n<tr>\n<td>1993<\/td>\n<td><em><span class=\"mw-redirect\">Deli K\u0131z\u0131n T\u00fcrk\u00fcs\u00fc<\/span><\/em><\/td>\n<td><\/td>\n<\/tr>\n<tr>\n<td>1995<\/td>\n<td><em><span class=\"mw-redirect\">I\u015f\u0131k Do\u011fudan Y\u00fckselir<\/span><\/em><\/td>\n<td><\/td>\n<\/tr>\n<tr>\n<td>1996<\/td>\n<td><em><span class=\"mw-redirect\">D\u00fc\u015f Bah\u00e7eleri<\/span><\/em><\/td>\n<td><\/td>\n<\/tr>\n<tr>\n<td>1997<\/td>\n<td><em><span class=\"mw-redirect\">D\u00fc\u011f\u00fcn ve Cenaze<\/span><\/em><\/td>\n<td><\/td>\n<\/tr>\n<tr>\n<td>1998<\/td>\n<td><em><span class=\"mw-redirect\">Ad\u0131 Bende Sakl\u0131<\/span><\/em><\/td>\n<td><\/td>\n<\/tr>\n<tr>\n<td>2000<\/td>\n<td><em><span class=\"mw-redirect\">Deliveren<\/span><\/em><\/td>\n<td><\/td>\n<\/tr>\n<tr>\n<td>2002<\/td>\n<td><em>\u015eark\u0131 S\u00f6ylemek Laz\u0131m<\/em><\/td>\n<td><\/td>\n<\/tr>\n<tr>\n<td>2003<\/td>\n<td><em><span class=\"mw-redirect\">Yaz Bitmeden<\/span><\/em><\/td>\n<td><\/td>\n<\/tr>\n<tr>\n<td rowspan=\"3\">2005<\/td>\n<td><em><span class=\"mw-redirect\">Bahane<\/span><\/em><\/td>\n<td><\/td>\n<\/tr>\n<tr>\n<td><em>Bahane Remixes<\/em><\/td>\n<td><\/td>\n<\/tr>\n<tr>\n<td><em>Kardelen<\/em><\/td>\n<td><\/td>\n<\/tr>\n<tr>\n<td>2008<\/td>\n<td><em><span class=\"mw-redirect\">Deniz Y\u0131ld\u0131z\u0131<\/span><\/em><\/td>\n<td><\/td>\n<\/tr>\n<tr>\n<td>2009<\/td>\n<td><em>Y\u00fcr\u00fcyorum D\u00fc\u015f Bah\u00e7eleri&#8217;nde&#8230;<\/em><\/td>\n<td style=\"text-align: justify;\"><\/td>\n<\/tr>\n<\/tbody>\n<\/table>\n","protected":false},"excerpt":{"rendered":"<p>Fatma Sezen Y\u0131ld\u0131r\u0131m veya bilinen ad\u0131yla Sezen Aksu, (d. 13 Temmuz 1954, Sarayk\u00f6y, Denizli),\u00a0 \u015fark\u0131c\u0131, besteci, s\u00f6z yazar\u0131. \u00d6\u011fretmen anne babaya sahip olan Aksu, \u00fc\u00e7 ya\u015f\u0131nda ailesiyle \u0130zmir&#8217;e ta\u015f\u0131nd\u0131. Bu s\u00fcrede asi ki\u015fili\u011fiyle dikkat \u00e7eken Aksu, dans\u00f6z olma hayali kurmaya ba\u015flad\u0131. Sanat\u00e7\u0131, daha sonras\u0131nda, bu s\u00fcre\u00e7 i\u00e7in &#8220;Allah babama ac\u0131d\u0131 da \u015fark\u0131c\u0131 oldum&#8221; demi\u015ftir. Gen\u00e7li\u011finde [&hellip;]<\/p>\n","protected":false},"author":1,"featured_media":0,"comment_status":"open","ping_status":"open","sticky":false,"template":"","format":"standard","meta":{"footnotes":""},"categories":[100],"tags":[],"class_list":{"0":"post-3413","1":"post","2":"type-post","3":"status-publish","4":"format-standard","6":"category-muzisyenler"},"yoast_head":"<!-- This site is optimized with the Yoast SEO Premium plugin v24.9 (Yoast SEO v24.9) - https:\/\/yoast.com\/wordpress\/plugins\/seo\/ -->\n<title>Allah babama ac\u0131d\u0131 da \u015fark\u0131c\u0131 oldum...| Sezen Aksu ve \u015fark\u0131lar\u0131 - narteks.net<\/title>\n<meta name=\"robots\" content=\"index, follow, max-snippet:-1, max-image-preview:large, max-video-preview:-1\" \/>\n<link rel=\"canonical\" href=\"https:\/\/narteks.net\/index.php\/2009\/12\/28\/allah-babama-acidi-da-sarkici-oldum-sezen-aksu-ve-sarkilari\/\" \/>\n<meta property=\"og:locale\" content=\"tr_TR\" \/>\n<meta property=\"og:type\" content=\"article\" \/>\n<meta property=\"og:title\" content=\"Allah babama ac\u0131d\u0131 da \u015fark\u0131c\u0131 oldum...| Sezen Aksu ve \u015fark\u0131lar\u0131\" \/>\n<meta property=\"og:description\" content=\"Fatma Sezen Y\u0131ld\u0131r\u0131m veya bilinen ad\u0131yla Sezen Aksu, (d. 13 Temmuz 1954, Sarayk\u00f6y, Denizli),\u00a0 \u015fark\u0131c\u0131, besteci, s\u00f6z yazar\u0131. \u00d6\u011fretmen anne babaya sahip olan Aksu, \u00fc\u00e7 ya\u015f\u0131nda ailesiyle \u0130zmir&#8217;e ta\u015f\u0131nd\u0131. Bu s\u00fcrede asi ki\u015fili\u011fiyle dikkat \u00e7eken Aksu, dans\u00f6z olma hayali kurmaya ba\u015flad\u0131. Sanat\u00e7\u0131, daha sonras\u0131nda, bu s\u00fcre\u00e7 i\u00e7in &#8220;Allah babama ac\u0131d\u0131 da \u015fark\u0131c\u0131 oldum&#8221; demi\u015ftir. Gen\u00e7li\u011finde [&hellip;]\" \/>\n<meta property=\"og:url\" content=\"https:\/\/narteks.net\/index.php\/2009\/12\/28\/allah-babama-acidi-da-sarkici-oldum-sezen-aksu-ve-sarkilari\/\" \/>\n<meta property=\"og:site_name\" content=\"narteks.net\" \/>\n<meta property=\"article:published_time\" content=\"2009-12-28T08:15:28+00:00\" \/>\n<meta property=\"og:image\" content=\"https:\/\/narteks.net\/wp-content\/uploads\/narteks.png\" \/>\n\t<meta property=\"og:image:width\" content=\"300\" \/>\n\t<meta property=\"og:image:height\" content=\"90\" \/>\n\t<meta property=\"og:image:type\" content=\"image\/png\" \/>\n<meta name=\"author\" content=\"Tar\u0131k\" \/>\n<meta name=\"twitter:card\" content=\"summary_large_image\" \/>\n<meta name=\"twitter:creator\" content=\"@narteks\" \/>\n<meta name=\"twitter:site\" content=\"@narteks\" \/>\n<meta name=\"twitter:label1\" content=\"Yazan:\" \/>\n\t<meta name=\"twitter:data1\" content=\"Tar\u0131k\" \/>\n\t<meta name=\"twitter:label2\" content=\"Tahmini okuma s\u00fcresi\" \/>\n\t<meta name=\"twitter:data2\" content=\"16 dakika\" \/>\n<script type=\"application\/ld+json\" class=\"yoast-schema-graph\">{\"@context\":\"https:\/\/schema.org\",\"@graph\":[{\"@type\":\"Article\",\"@id\":\"https:\/\/narteks.net\/index.php\/2009\/12\/28\/allah-babama-acidi-da-sarkici-oldum-sezen-aksu-ve-sarkilari\/#article\",\"isPartOf\":{\"@id\":\"https:\/\/narteks.net\/index.php\/2009\/12\/28\/allah-babama-acidi-da-sarkici-oldum-sezen-aksu-ve-sarkilari\/\"},\"author\":{\"name\":\"Tar\u0131k\",\"@id\":\"https:\/\/narteks.net\/#\/schema\/person\/61f37d9834294b72d31d274e7ed79bca\"},\"headline\":\"Allah babama ac\u0131d\u0131 da \u015fark\u0131c\u0131 oldum&#8230;| Sezen Aksu ve \u015fark\u0131lar\u0131\",\"datePublished\":\"2009-12-28T08:15:28+00:00\",\"mainEntityOfPage\":{\"@id\":\"https:\/\/narteks.net\/index.php\/2009\/12\/28\/allah-babama-acidi-da-sarkici-oldum-sezen-aksu-ve-sarkilari\/\"},\"wordCount\":3227,\"commentCount\":0,\"publisher\":{\"@id\":\"https:\/\/narteks.net\/#organization\"},\"articleSection\":[\"M\u00fczisyenler\"],\"inLanguage\":\"tr\",\"potentialAction\":[{\"@type\":\"CommentAction\",\"name\":\"Comment\",\"target\":[\"https:\/\/narteks.net\/index.php\/2009\/12\/28\/allah-babama-acidi-da-sarkici-oldum-sezen-aksu-ve-sarkilari\/#respond\"]}]},{\"@type\":\"WebPage\",\"@id\":\"https:\/\/narteks.net\/index.php\/2009\/12\/28\/allah-babama-acidi-da-sarkici-oldum-sezen-aksu-ve-sarkilari\/\",\"url\":\"https:\/\/narteks.net\/index.php\/2009\/12\/28\/allah-babama-acidi-da-sarkici-oldum-sezen-aksu-ve-sarkilari\/\",\"name\":\"Allah babama ac\u0131d\u0131 da \u015fark\u0131c\u0131 oldum...| Sezen Aksu ve \u015fark\u0131lar\u0131 - narteks.net\",\"isPartOf\":{\"@id\":\"https:\/\/narteks.net\/#website\"},\"datePublished\":\"2009-12-28T08:15:28+00:00\",\"breadcrumb\":{\"@id\":\"https:\/\/narteks.net\/index.php\/2009\/12\/28\/allah-babama-acidi-da-sarkici-oldum-sezen-aksu-ve-sarkilari\/#breadcrumb\"},\"inLanguage\":\"tr\",\"potentialAction\":[{\"@type\":\"ReadAction\",\"target\":[\"https:\/\/narteks.net\/index.php\/2009\/12\/28\/allah-babama-acidi-da-sarkici-oldum-sezen-aksu-ve-sarkilari\/\"]}]},{\"@type\":\"BreadcrumbList\",\"@id\":\"https:\/\/narteks.net\/index.php\/2009\/12\/28\/allah-babama-acidi-da-sarkici-oldum-sezen-aksu-ve-sarkilari\/#breadcrumb\",\"itemListElement\":[{\"@type\":\"ListItem\",\"position\":1,\"name\":\"Anasayfa\",\"item\":\"https:\/\/narteks.net\/\"},{\"@type\":\"ListItem\",\"position\":2,\"name\":\"Allah babama ac\u0131d\u0131 da \u015fark\u0131c\u0131 oldum&#8230;| Sezen Aksu ve \u015fark\u0131lar\u0131\"}]},{\"@type\":\"WebSite\",\"@id\":\"https:\/\/narteks.net\/#website\",\"url\":\"https:\/\/narteks.net\/\",\"name\":\"narteks.net\",\"description\":\"K\u00fclt\u00fcr Sanat Edebiyat Felsefe\",\"publisher\":{\"@id\":\"https:\/\/narteks.net\/#organization\"},\"alternateName\":\"K\u00fclt\u00fcr Sanat Edebiyat Felsefe\",\"potentialAction\":[{\"@type\":\"SearchAction\",\"target\":{\"@type\":\"EntryPoint\",\"urlTemplate\":\"https:\/\/narteks.net\/?s={search_term_string}\"},\"query-input\":{\"@type\":\"PropertyValueSpecification\",\"valueRequired\":true,\"valueName\":\"search_term_string\"}}],\"inLanguage\":\"tr\"},{\"@type\":\"Organization\",\"@id\":\"https:\/\/narteks.net\/#organization\",\"name\":\"narteks.net\",\"url\":\"https:\/\/narteks.net\/\",\"logo\":{\"@type\":\"ImageObject\",\"inLanguage\":\"tr\",\"@id\":\"https:\/\/narteks.net\/#\/schema\/logo\/image\/\",\"url\":\"https:\/\/narteks.net\/wp-content\/uploads\/narteks.png\",\"contentUrl\":\"https:\/\/narteks.net\/wp-content\/uploads\/narteks.png\",\"width\":300,\"height\":90,\"caption\":\"narteks.net\"},\"image\":{\"@id\":\"https:\/\/narteks.net\/#\/schema\/logo\/image\/\"},\"sameAs\":[\"https:\/\/x.com\/narteks\",\"https:\/\/instagram.com\/narteksnet\"]},{\"@type\":\"Person\",\"@id\":\"https:\/\/narteks.net\/#\/schema\/person\/61f37d9834294b72d31d274e7ed79bca\",\"name\":\"Tar\u0131k\",\"image\":{\"@type\":\"ImageObject\",\"inLanguage\":\"tr\",\"@id\":\"https:\/\/narteks.net\/#\/schema\/person\/image\/\",\"url\":\"https:\/\/secure.gravatar.com\/avatar\/50865afb55632c4ae467e0af0930f6510aa2297d8014be502a55b14f3b7550cf?s=96&d=mm&r=g\",\"contentUrl\":\"https:\/\/secure.gravatar.com\/avatar\/50865afb55632c4ae467e0af0930f6510aa2297d8014be502a55b14f3b7550cf?s=96&d=mm&r=g\",\"caption\":\"Tar\u0131k\"},\"sameAs\":[\"http:\/\/narteks.net\"],\"url\":\"https:\/\/narteks.net\/index.php\/author\/narbak\/\"}]}<\/script>\n<!-- \/ Yoast SEO Premium plugin. -->","yoast_head_json":{"title":"Allah babama ac\u0131d\u0131 da \u015fark\u0131c\u0131 oldum...| Sezen Aksu ve \u015fark\u0131lar\u0131 - narteks.net","robots":{"index":"index","follow":"follow","max-snippet":"max-snippet:-1","max-image-preview":"max-image-preview:large","max-video-preview":"max-video-preview:-1"},"canonical":"https:\/\/narteks.net\/index.php\/2009\/12\/28\/allah-babama-acidi-da-sarkici-oldum-sezen-aksu-ve-sarkilari\/","og_locale":"tr_TR","og_type":"article","og_title":"Allah babama ac\u0131d\u0131 da \u015fark\u0131c\u0131 oldum...| Sezen Aksu ve \u015fark\u0131lar\u0131","og_description":"Fatma Sezen Y\u0131ld\u0131r\u0131m veya bilinen ad\u0131yla Sezen Aksu, (d. 13 Temmuz 1954, Sarayk\u00f6y, Denizli),\u00a0 \u015fark\u0131c\u0131, besteci, s\u00f6z yazar\u0131. \u00d6\u011fretmen anne babaya sahip olan Aksu, \u00fc\u00e7 ya\u015f\u0131nda ailesiyle \u0130zmir&#8217;e ta\u015f\u0131nd\u0131. Bu s\u00fcrede asi ki\u015fili\u011fiyle dikkat \u00e7eken Aksu, dans\u00f6z olma hayali kurmaya ba\u015flad\u0131. Sanat\u00e7\u0131, daha sonras\u0131nda, bu s\u00fcre\u00e7 i\u00e7in &#8220;Allah babama ac\u0131d\u0131 da \u015fark\u0131c\u0131 oldum&#8221; demi\u015ftir. Gen\u00e7li\u011finde [&hellip;]","og_url":"https:\/\/narteks.net\/index.php\/2009\/12\/28\/allah-babama-acidi-da-sarkici-oldum-sezen-aksu-ve-sarkilari\/","og_site_name":"narteks.net","article_published_time":"2009-12-28T08:15:28+00:00","og_image":[{"width":300,"height":90,"url":"https:\/\/narteks.net\/wp-content\/uploads\/narteks.png","type":"image\/png"}],"author":"Tar\u0131k","twitter_card":"summary_large_image","twitter_creator":"@narteks","twitter_site":"@narteks","twitter_misc":{"Yazan:":"Tar\u0131k","Tahmini okuma s\u00fcresi":"16 dakika"},"schema":{"@context":"https:\/\/schema.org","@graph":[{"@type":"Article","@id":"https:\/\/narteks.net\/index.php\/2009\/12\/28\/allah-babama-acidi-da-sarkici-oldum-sezen-aksu-ve-sarkilari\/#article","isPartOf":{"@id":"https:\/\/narteks.net\/index.php\/2009\/12\/28\/allah-babama-acidi-da-sarkici-oldum-sezen-aksu-ve-sarkilari\/"},"author":{"name":"Tar\u0131k","@id":"https:\/\/narteks.net\/#\/schema\/person\/61f37d9834294b72d31d274e7ed79bca"},"headline":"Allah babama ac\u0131d\u0131 da \u015fark\u0131c\u0131 oldum&#8230;| Sezen Aksu ve \u015fark\u0131lar\u0131","datePublished":"2009-12-28T08:15:28+00:00","mainEntityOfPage":{"@id":"https:\/\/narteks.net\/index.php\/2009\/12\/28\/allah-babama-acidi-da-sarkici-oldum-sezen-aksu-ve-sarkilari\/"},"wordCount":3227,"commentCount":0,"publisher":{"@id":"https:\/\/narteks.net\/#organization"},"articleSection":["M\u00fczisyenler"],"inLanguage":"tr","potentialAction":[{"@type":"CommentAction","name":"Comment","target":["https:\/\/narteks.net\/index.php\/2009\/12\/28\/allah-babama-acidi-da-sarkici-oldum-sezen-aksu-ve-sarkilari\/#respond"]}]},{"@type":"WebPage","@id":"https:\/\/narteks.net\/index.php\/2009\/12\/28\/allah-babama-acidi-da-sarkici-oldum-sezen-aksu-ve-sarkilari\/","url":"https:\/\/narteks.net\/index.php\/2009\/12\/28\/allah-babama-acidi-da-sarkici-oldum-sezen-aksu-ve-sarkilari\/","name":"Allah babama ac\u0131d\u0131 da \u015fark\u0131c\u0131 oldum...| Sezen Aksu ve \u015fark\u0131lar\u0131 - narteks.net","isPartOf":{"@id":"https:\/\/narteks.net\/#website"},"datePublished":"2009-12-28T08:15:28+00:00","breadcrumb":{"@id":"https:\/\/narteks.net\/index.php\/2009\/12\/28\/allah-babama-acidi-da-sarkici-oldum-sezen-aksu-ve-sarkilari\/#breadcrumb"},"inLanguage":"tr","potentialAction":[{"@type":"ReadAction","target":["https:\/\/narteks.net\/index.php\/2009\/12\/28\/allah-babama-acidi-da-sarkici-oldum-sezen-aksu-ve-sarkilari\/"]}]},{"@type":"BreadcrumbList","@id":"https:\/\/narteks.net\/index.php\/2009\/12\/28\/allah-babama-acidi-da-sarkici-oldum-sezen-aksu-ve-sarkilari\/#breadcrumb","itemListElement":[{"@type":"ListItem","position":1,"name":"Anasayfa","item":"https:\/\/narteks.net\/"},{"@type":"ListItem","position":2,"name":"Allah babama ac\u0131d\u0131 da \u015fark\u0131c\u0131 oldum&#8230;| Sezen Aksu ve \u015fark\u0131lar\u0131"}]},{"@type":"WebSite","@id":"https:\/\/narteks.net\/#website","url":"https:\/\/narteks.net\/","name":"narteks.net","description":"K\u00fclt\u00fcr Sanat Edebiyat Felsefe","publisher":{"@id":"https:\/\/narteks.net\/#organization"},"alternateName":"K\u00fclt\u00fcr Sanat Edebiyat Felsefe","potentialAction":[{"@type":"SearchAction","target":{"@type":"EntryPoint","urlTemplate":"https:\/\/narteks.net\/?s={search_term_string}"},"query-input":{"@type":"PropertyValueSpecification","valueRequired":true,"valueName":"search_term_string"}}],"inLanguage":"tr"},{"@type":"Organization","@id":"https:\/\/narteks.net\/#organization","name":"narteks.net","url":"https:\/\/narteks.net\/","logo":{"@type":"ImageObject","inLanguage":"tr","@id":"https:\/\/narteks.net\/#\/schema\/logo\/image\/","url":"https:\/\/narteks.net\/wp-content\/uploads\/narteks.png","contentUrl":"https:\/\/narteks.net\/wp-content\/uploads\/narteks.png","width":300,"height":90,"caption":"narteks.net"},"image":{"@id":"https:\/\/narteks.net\/#\/schema\/logo\/image\/"},"sameAs":["https:\/\/x.com\/narteks","https:\/\/instagram.com\/narteksnet"]},{"@type":"Person","@id":"https:\/\/narteks.net\/#\/schema\/person\/61f37d9834294b72d31d274e7ed79bca","name":"Tar\u0131k","image":{"@type":"ImageObject","inLanguage":"tr","@id":"https:\/\/narteks.net\/#\/schema\/person\/image\/","url":"https:\/\/secure.gravatar.com\/avatar\/50865afb55632c4ae467e0af0930f6510aa2297d8014be502a55b14f3b7550cf?s=96&d=mm&r=g","contentUrl":"https:\/\/secure.gravatar.com\/avatar\/50865afb55632c4ae467e0af0930f6510aa2297d8014be502a55b14f3b7550cf?s=96&d=mm&r=g","caption":"Tar\u0131k"},"sameAs":["http:\/\/narteks.net"],"url":"https:\/\/narteks.net\/index.php\/author\/narbak\/"}]}},"_links":{"self":[{"href":"https:\/\/narteks.net\/index.php\/wp-json\/wp\/v2\/posts\/3413","targetHints":{"allow":["GET"]}}],"collection":[{"href":"https:\/\/narteks.net\/index.php\/wp-json\/wp\/v2\/posts"}],"about":[{"href":"https:\/\/narteks.net\/index.php\/wp-json\/wp\/v2\/types\/post"}],"author":[{"embeddable":true,"href":"https:\/\/narteks.net\/index.php\/wp-json\/wp\/v2\/users\/1"}],"replies":[{"embeddable":true,"href":"https:\/\/narteks.net\/index.php\/wp-json\/wp\/v2\/comments?post=3413"}],"version-history":[{"count":0,"href":"https:\/\/narteks.net\/index.php\/wp-json\/wp\/v2\/posts\/3413\/revisions"}],"wp:attachment":[{"href":"https:\/\/narteks.net\/index.php\/wp-json\/wp\/v2\/media?parent=3413"}],"wp:term":[{"taxonomy":"category","embeddable":true,"href":"https:\/\/narteks.net\/index.php\/wp-json\/wp\/v2\/categories?post=3413"},{"taxonomy":"post_tag","embeddable":true,"href":"https:\/\/narteks.net\/index.php\/wp-json\/wp\/v2\/tags?post=3413"}],"curies":[{"name":"wp","href":"https:\/\/api.w.org\/{rel}","templated":true}]}}