{"id":3414,"date":"2009-12-28T14:37:07","date_gmt":"2009-12-28T11:37:07","guid":{"rendered":"http:\/\/localhost\/wordpress\/2009\/12\/28\/cahit-kulebi-biyografisi\/"},"modified":"2009-12-28T14:37:07","modified_gmt":"2009-12-28T11:37:07","slug":"cahit-kulebi-biyografisi","status":"publish","type":"post","link":"https:\/\/narteks.net\/index.php\/2009\/12\/28\/cahit-kulebi-biyografisi\/","title":{"rendered":"Cahit K\u00dcLEB\u0130 Biyografisi"},"content":{"rendered":"<p><img loading=\"lazy\" decoding=\"async\" src=\"http:\/\/www.turkceciler.com\/images\/yazarlar_sairler\/cahit_kulebi.jpg\" width=\"155\" height=\"205\" border=\"0\" \/><\/p>\n<p style=\"text-align: justify;\">Cahit K\u00fclebi (d. 1917 Tokat- \u00f6. 20 Haziran 1997 Ankara),<\/p>\n<p>Halk \u015fiirinden, t\u00fcrk\u00fclerden yararlanarak \u00e7a\u011fda\u015f bir \u015fiir olu\u015fturmu\u015f, konu olarak yurt sevgisini, insan ve do\u011fa sevgisini i\u015flemi\u015ftir. \u015eiirlerinde \u00e7ocuklu\u011funun ve gen\u00e7lik y\u0131llar\u0131n\u0131n ge\u00e7ti\u011fi y\u00f6relerden izlenimlerini yans\u0131tm\u0131\u015ft\u0131r.<\/p>\n<p>20 Aral\u0131k 1917&#8217;de Tokat\u2019ta do\u011fdu, 20 Haziran 1997 tarihinde Ankara\u2019da \u00f6ld\u00fc. Sivas Lisesi&#8217;nden mezun oldu. \u0130stanbul Y\u00fcksek \u00d6\u011fretmen Okulu T\u00fcrk Dili ve Edebiyat\u0131 B\u00f6l\u00fcm\u00fc\u2019n\u00fc bitirdi. Antalya lisesi&#8217;nde, Ankara Devlet Konservatuvar\u0131&#8217;nda, Ankara Gazi Lisesi&#8217;nde edebiyat \u00f6\u011fretmenli\u011fi yapt\u0131. Milli E\u011fitim m\u00fcfetti\u015fi oldu. \u0130svi\u00e7re\u2019ye k\u00fclt\u00fcr ata\u015fesi ve \u00f6\u011frenci m\u00fcfetti\u015fi olarak atand\u0131. Yurda d\u00f6n\u00fcnce Milli E\u011fitim Bakanl\u0131\u011f\u0131 Ba\u015fm\u00fcfetti\u015fli\u011fi ve K\u00fclt\u00fcr m\u00fcste\u015far yard\u0131mc\u0131l\u0131\u011f\u0131 g\u00f6revlerinde bulundu. 1972&#8217;de emekliye ayr\u0131ld\u0131. 1983 y\u0131l\u0131na kadar T\u00fcrk Dil Kurumu&#8217;nda \u00e7al\u0131\u015ft\u0131. 1976&#8217;dan sonraki d\u00f6nemde T\u00fcrk Dil Kurumu Genel Yazman\u0131\u2019yd\u0131. \u0130lk \u015fiirleri &#8220;Nazmi Cahit&#8221; takma ismiyle 1938&#8217;de Gen\u00e7lik dergisinde yay\u0131nland\u0131. Daha sonra Varl\u0131k Dergisi&#8217;nde yay\u0131nlanan \u015fiirlerinde de ayn\u0131 imzay\u0131 kulland\u0131. 1950-1954 aras\u0131nda Sokak, \u0130nsan, T\u00fcrk Dili, Yarat\u0131\u015f, K\u00fclt\u00fcr D\u00fcnyas\u0131 gibi dergilerde \u00e7\u0131kan \u015fiirleriyle \u00fcnlendi. \u0130lk \u015fiir kitab\u0131 &#8220;Adam\u0131n Biri&#8221; 1946&#8217;da yay\u0131nland\u0131. 1949&#8217;da \u00e7\u0131kan ikinci kitab\u0131 &#8220;R\u00fczg\u00e2r&#8221;da Orhan Veli \u015fiirine yakla\u015ft\u0131\u011f\u0131 dikkat \u00e7ekti. &#8220;Atat\u00fcrk Kurtulu\u015f Sava\u015f\u0131&#8217;nda adl\u0131 eseri, Nevit Kodall\u0131&#8217;n\u0131n &#8220;Atat\u00fcrk Oratoryosu&#8221;na temel olu\u015fturdu. 1940 sonras\u0131nda ba\u015flayan \u015fiirimizin yenile\u015fmesi hareketinde kendine \u00f6zg\u00fc bir yeri var. Rahat anlat\u0131m\u0131, i\u00e7tenlik ve duyarl\u0131l\u0131\u011f\u0131yla ilgi \u00e7eken titiz bir \u015fiir i\u015f\u00e7isi.<\/p>\n<p>\u015eiirleri<\/p>\n<p> * Atat\u00fcrk Kurtulu\u015f Sava\u015f\u0131nda (1952)<br \/> * Ye\u015feren Otlar (1954), 1955 T\u00fcrk Dil Kurumu Edebiyat \u00d6d\u00fcl\u00fc<br \/> * S\u00fct (1965)<br \/> * \u015eiirler (1969)<br \/> * T\u00fcrk Mavisi (1973)<br \/> * S\u0131k\u0131nt\u0131 ve Umut (1977)<br \/> * Yang\u0131n (1980), 1981 Yeditepe \u015eiir \u00d6d\u00fcl\u00fc<br \/> * B\u00fct\u00fcn \u015eiirleri (1982)<br \/> * G\u00fcz T\u00fcrk\u00fcleri (1991)<br \/> * B\u00fct\u00fcn \u015eiirleri (1997)<br \/> * G\u00fczel Yurdum (1996)<br \/> * Zerdali a\u011fac\u0131<br \/> * Kamyonlar Kavun Ta\u015f\u0131r (1999)<br \/> * Biz Biliriz Bizim \u0130\u015flerimizi<br \/> * Herkesin Bir Derdi Var<br \/> * Ekinin G\u00f6z Ya\u015flar\u0131<\/p>\n<p>An\u0131lar\u0131<\/p>\n<p> * \u0130\u00e7i Sevda Dolu Yolculuk (1986)<\/p>\n<p>D\u00fcz Yaz\u0131lar\u0131<\/p>\n<p> * \u015eiir Her Zaman (1985)<br \/> * Ecenin G\u00fcnl\u00fc\u011f\u00fc<\/p>\n","protected":false},"excerpt":{"rendered":"<p>Cahit K\u00fclebi (d. 1917 Tokat- \u00f6. 20 Haziran 1997 Ankara), Halk \u015fiirinden, t\u00fcrk\u00fclerden yararlanarak \u00e7a\u011fda\u015f bir \u015fiir olu\u015fturmu\u015f, konu olarak yurt sevgisini, insan ve do\u011fa sevgisini i\u015flemi\u015ftir. \u015eiirlerinde \u00e7ocuklu\u011funun ve gen\u00e7lik y\u0131llar\u0131n\u0131n ge\u00e7ti\u011fi y\u00f6relerden izlenimlerini yans\u0131tm\u0131\u015ft\u0131r. 20 Aral\u0131k 1917&#8217;de Tokat\u2019ta do\u011fdu, 20 Haziran 1997 tarihinde Ankara\u2019da \u00f6ld\u00fc. Sivas Lisesi&#8217;nden mezun oldu. \u0130stanbul Y\u00fcksek \u00d6\u011fretmen Okulu [&hellip;]<\/p>\n","protected":false},"author":1,"featured_media":0,"comment_status":"open","ping_status":"open","sticky":false,"template":"","format":"standard","meta":{"footnotes":""},"categories":[119],"tags":[],"class_list":{"0":"post-3414","1":"post","2":"type-post","3":"status-publish","4":"format-standard","6":"category-cahit-kulebi"},"yoast_head":"<!-- This site is optimized with the Yoast SEO Premium plugin v24.9 (Yoast SEO v24.9) - https:\/\/yoast.com\/wordpress\/plugins\/seo\/ -->\n<title>Cahit K\u00dcLEB\u0130 Biyografisi - narteks.net<\/title>\n<meta name=\"robots\" content=\"index, follow, max-snippet:-1, max-image-preview:large, max-video-preview:-1\" \/>\n<link rel=\"canonical\" href=\"https:\/\/narteks.net\/index.php\/2009\/12\/28\/cahit-kulebi-biyografisi\/\" \/>\n<meta property=\"og:locale\" content=\"tr_TR\" \/>\n<meta property=\"og:type\" content=\"article\" \/>\n<meta property=\"og:title\" content=\"Cahit K\u00dcLEB\u0130 Biyografisi\" \/>\n<meta property=\"og:description\" content=\"Cahit K\u00fclebi (d. 1917 Tokat- \u00f6. 20 Haziran 1997 Ankara), Halk \u015fiirinden, t\u00fcrk\u00fclerden yararlanarak \u00e7a\u011fda\u015f bir \u015fiir olu\u015fturmu\u015f, konu olarak yurt sevgisini, insan ve do\u011fa sevgisini i\u015flemi\u015ftir. \u015eiirlerinde \u00e7ocuklu\u011funun ve gen\u00e7lik y\u0131llar\u0131n\u0131n ge\u00e7ti\u011fi y\u00f6relerden izlenimlerini yans\u0131tm\u0131\u015ft\u0131r. 20 Aral\u0131k 1917&#8217;de Tokat\u2019ta do\u011fdu, 20 Haziran 1997 tarihinde Ankara\u2019da \u00f6ld\u00fc. Sivas Lisesi&#8217;nden mezun oldu. \u0130stanbul Y\u00fcksek \u00d6\u011fretmen Okulu [&hellip;]\" \/>\n<meta property=\"og:url\" content=\"https:\/\/narteks.net\/index.php\/2009\/12\/28\/cahit-kulebi-biyografisi\/\" \/>\n<meta property=\"og:site_name\" content=\"narteks.net\" \/>\n<meta property=\"article:published_time\" content=\"2009-12-28T11:37:07+00:00\" \/>\n<meta property=\"og:image\" content=\"http:\/\/www.turkceciler.com\/images\/yazarlar_sairler\/cahit_kulebi.jpg\" \/>\n<meta name=\"author\" content=\"Tar\u0131k\" \/>\n<meta name=\"twitter:card\" content=\"summary_large_image\" \/>\n<meta name=\"twitter:creator\" content=\"@narteks\" \/>\n<meta name=\"twitter:site\" content=\"@narteks\" \/>\n<meta name=\"twitter:label1\" content=\"Yazan:\" \/>\n\t<meta name=\"twitter:data1\" content=\"Tar\u0131k\" \/>\n\t<meta name=\"twitter:label2\" content=\"Tahmini okuma s\u00fcresi\" \/>\n\t<meta name=\"twitter:data2\" content=\"2 dakika\" \/>\n<script type=\"application\/ld+json\" class=\"yoast-schema-graph\">{\"@context\":\"https:\/\/schema.org\",\"@graph\":[{\"@type\":\"Article\",\"@id\":\"https:\/\/narteks.net\/index.php\/2009\/12\/28\/cahit-kulebi-biyografisi\/#article\",\"isPartOf\":{\"@id\":\"https:\/\/narteks.net\/index.php\/2009\/12\/28\/cahit-kulebi-biyografisi\/\"},\"author\":{\"name\":\"Tar\u0131k\",\"@id\":\"https:\/\/narteks.net\/#\/schema\/person\/61f37d9834294b72d31d274e7ed79bca\"},\"headline\":\"Cahit K\u00dcLEB\u0130 Biyografisi\",\"datePublished\":\"2009-12-28T11:37:07+00:00\",\"mainEntityOfPage\":{\"@id\":\"https:\/\/narteks.net\/index.php\/2009\/12\/28\/cahit-kulebi-biyografisi\/\"},\"wordCount\":371,\"commentCount\":0,\"publisher\":{\"@id\":\"https:\/\/narteks.net\/#organization\"},\"image\":{\"@id\":\"https:\/\/narteks.net\/index.php\/2009\/12\/28\/cahit-kulebi-biyografisi\/#primaryimage\"},\"thumbnailUrl\":\"http:\/\/www.turkceciler.com\/images\/yazarlar_sairler\/cahit_kulebi.jpg\",\"articleSection\":[\"Cahit K\u00dcLEB\u0130\"],\"inLanguage\":\"tr\",\"potentialAction\":[{\"@type\":\"CommentAction\",\"name\":\"Comment\",\"target\":[\"https:\/\/narteks.net\/index.php\/2009\/12\/28\/cahit-kulebi-biyografisi\/#respond\"]}]},{\"@type\":\"WebPage\",\"@id\":\"https:\/\/narteks.net\/index.php\/2009\/12\/28\/cahit-kulebi-biyografisi\/\",\"url\":\"https:\/\/narteks.net\/index.php\/2009\/12\/28\/cahit-kulebi-biyografisi\/\",\"name\":\"Cahit K\u00dcLEB\u0130 Biyografisi - narteks.net\",\"isPartOf\":{\"@id\":\"https:\/\/narteks.net\/#website\"},\"primaryImageOfPage\":{\"@id\":\"https:\/\/narteks.net\/index.php\/2009\/12\/28\/cahit-kulebi-biyografisi\/#primaryimage\"},\"image\":{\"@id\":\"https:\/\/narteks.net\/index.php\/2009\/12\/28\/cahit-kulebi-biyografisi\/#primaryimage\"},\"thumbnailUrl\":\"http:\/\/www.turkceciler.com\/images\/yazarlar_sairler\/cahit_kulebi.jpg\",\"datePublished\":\"2009-12-28T11:37:07+00:00\",\"breadcrumb\":{\"@id\":\"https:\/\/narteks.net\/index.php\/2009\/12\/28\/cahit-kulebi-biyografisi\/#breadcrumb\"},\"inLanguage\":\"tr\",\"potentialAction\":[{\"@type\":\"ReadAction\",\"target\":[\"https:\/\/narteks.net\/index.php\/2009\/12\/28\/cahit-kulebi-biyografisi\/\"]}]},{\"@type\":\"ImageObject\",\"inLanguage\":\"tr\",\"@id\":\"https:\/\/narteks.net\/index.php\/2009\/12\/28\/cahit-kulebi-biyografisi\/#primaryimage\",\"url\":\"http:\/\/www.turkceciler.com\/images\/yazarlar_sairler\/cahit_kulebi.jpg\",\"contentUrl\":\"http:\/\/www.turkceciler.com\/images\/yazarlar_sairler\/cahit_kulebi.jpg\"},{\"@type\":\"BreadcrumbList\",\"@id\":\"https:\/\/narteks.net\/index.php\/2009\/12\/28\/cahit-kulebi-biyografisi\/#breadcrumb\",\"itemListElement\":[{\"@type\":\"ListItem\",\"position\":1,\"name\":\"Anasayfa\",\"item\":\"https:\/\/narteks.net\/\"},{\"@type\":\"ListItem\",\"position\":2,\"name\":\"Cahit K\u00dcLEB\u0130 Biyografisi\"}]},{\"@type\":\"WebSite\",\"@id\":\"https:\/\/narteks.net\/#website\",\"url\":\"https:\/\/narteks.net\/\",\"name\":\"narteks.net\",\"description\":\"K\u00fclt\u00fcr Sanat Edebiyat Felsefe\",\"publisher\":{\"@id\":\"https:\/\/narteks.net\/#organization\"},\"alternateName\":\"K\u00fclt\u00fcr Sanat Edebiyat Felsefe\",\"potentialAction\":[{\"@type\":\"SearchAction\",\"target\":{\"@type\":\"EntryPoint\",\"urlTemplate\":\"https:\/\/narteks.net\/?s={search_term_string}\"},\"query-input\":{\"@type\":\"PropertyValueSpecification\",\"valueRequired\":true,\"valueName\":\"search_term_string\"}}],\"inLanguage\":\"tr\"},{\"@type\":\"Organization\",\"@id\":\"https:\/\/narteks.net\/#organization\",\"name\":\"narteks.net\",\"url\":\"https:\/\/narteks.net\/\",\"logo\":{\"@type\":\"ImageObject\",\"inLanguage\":\"tr\",\"@id\":\"https:\/\/narteks.net\/#\/schema\/logo\/image\/\",\"url\":\"https:\/\/narteks.net\/wp-content\/uploads\/narteks.png\",\"contentUrl\":\"https:\/\/narteks.net\/wp-content\/uploads\/narteks.png\",\"width\":300,\"height\":90,\"caption\":\"narteks.net\"},\"image\":{\"@id\":\"https:\/\/narteks.net\/#\/schema\/logo\/image\/\"},\"sameAs\":[\"https:\/\/x.com\/narteks\",\"https:\/\/instagram.com\/narteksnet\"]},{\"@type\":\"Person\",\"@id\":\"https:\/\/narteks.net\/#\/schema\/person\/61f37d9834294b72d31d274e7ed79bca\",\"name\":\"Tar\u0131k\",\"image\":{\"@type\":\"ImageObject\",\"inLanguage\":\"tr\",\"@id\":\"https:\/\/narteks.net\/#\/schema\/person\/image\/\",\"url\":\"https:\/\/secure.gravatar.com\/avatar\/50865afb55632c4ae467e0af0930f6510aa2297d8014be502a55b14f3b7550cf?s=96&d=mm&r=g\",\"contentUrl\":\"https:\/\/secure.gravatar.com\/avatar\/50865afb55632c4ae467e0af0930f6510aa2297d8014be502a55b14f3b7550cf?s=96&d=mm&r=g\",\"caption\":\"Tar\u0131k\"},\"sameAs\":[\"http:\/\/narteks.net\"],\"url\":\"https:\/\/narteks.net\/index.php\/author\/narbak\/\"}]}<\/script>\n<!-- \/ Yoast SEO Premium plugin. -->","yoast_head_json":{"title":"Cahit K\u00dcLEB\u0130 Biyografisi - narteks.net","robots":{"index":"index","follow":"follow","max-snippet":"max-snippet:-1","max-image-preview":"max-image-preview:large","max-video-preview":"max-video-preview:-1"},"canonical":"https:\/\/narteks.net\/index.php\/2009\/12\/28\/cahit-kulebi-biyografisi\/","og_locale":"tr_TR","og_type":"article","og_title":"Cahit K\u00dcLEB\u0130 Biyografisi","og_description":"Cahit K\u00fclebi (d. 1917 Tokat- \u00f6. 20 Haziran 1997 Ankara), Halk \u015fiirinden, t\u00fcrk\u00fclerden yararlanarak \u00e7a\u011fda\u015f bir \u015fiir olu\u015fturmu\u015f, konu olarak yurt sevgisini, insan ve do\u011fa sevgisini i\u015flemi\u015ftir. \u015eiirlerinde \u00e7ocuklu\u011funun ve gen\u00e7lik y\u0131llar\u0131n\u0131n ge\u00e7ti\u011fi y\u00f6relerden izlenimlerini yans\u0131tm\u0131\u015ft\u0131r. 20 Aral\u0131k 1917&#8217;de Tokat\u2019ta do\u011fdu, 20 Haziran 1997 tarihinde Ankara\u2019da \u00f6ld\u00fc. Sivas Lisesi&#8217;nden mezun oldu. \u0130stanbul Y\u00fcksek \u00d6\u011fretmen Okulu [&hellip;]","og_url":"https:\/\/narteks.net\/index.php\/2009\/12\/28\/cahit-kulebi-biyografisi\/","og_site_name":"narteks.net","article_published_time":"2009-12-28T11:37:07+00:00","og_image":[{"url":"http:\/\/www.turkceciler.com\/images\/yazarlar_sairler\/cahit_kulebi.jpg","type":"","width":"","height":""}],"author":"Tar\u0131k","twitter_card":"summary_large_image","twitter_creator":"@narteks","twitter_site":"@narteks","twitter_misc":{"Yazan:":"Tar\u0131k","Tahmini okuma s\u00fcresi":"2 dakika"},"schema":{"@context":"https:\/\/schema.org","@graph":[{"@type":"Article","@id":"https:\/\/narteks.net\/index.php\/2009\/12\/28\/cahit-kulebi-biyografisi\/#article","isPartOf":{"@id":"https:\/\/narteks.net\/index.php\/2009\/12\/28\/cahit-kulebi-biyografisi\/"},"author":{"name":"Tar\u0131k","@id":"https:\/\/narteks.net\/#\/schema\/person\/61f37d9834294b72d31d274e7ed79bca"},"headline":"Cahit K\u00dcLEB\u0130 Biyografisi","datePublished":"2009-12-28T11:37:07+00:00","mainEntityOfPage":{"@id":"https:\/\/narteks.net\/index.php\/2009\/12\/28\/cahit-kulebi-biyografisi\/"},"wordCount":371,"commentCount":0,"publisher":{"@id":"https:\/\/narteks.net\/#organization"},"image":{"@id":"https:\/\/narteks.net\/index.php\/2009\/12\/28\/cahit-kulebi-biyografisi\/#primaryimage"},"thumbnailUrl":"http:\/\/www.turkceciler.com\/images\/yazarlar_sairler\/cahit_kulebi.jpg","articleSection":["Cahit K\u00dcLEB\u0130"],"inLanguage":"tr","potentialAction":[{"@type":"CommentAction","name":"Comment","target":["https:\/\/narteks.net\/index.php\/2009\/12\/28\/cahit-kulebi-biyografisi\/#respond"]}]},{"@type":"WebPage","@id":"https:\/\/narteks.net\/index.php\/2009\/12\/28\/cahit-kulebi-biyografisi\/","url":"https:\/\/narteks.net\/index.php\/2009\/12\/28\/cahit-kulebi-biyografisi\/","name":"Cahit K\u00dcLEB\u0130 Biyografisi - narteks.net","isPartOf":{"@id":"https:\/\/narteks.net\/#website"},"primaryImageOfPage":{"@id":"https:\/\/narteks.net\/index.php\/2009\/12\/28\/cahit-kulebi-biyografisi\/#primaryimage"},"image":{"@id":"https:\/\/narteks.net\/index.php\/2009\/12\/28\/cahit-kulebi-biyografisi\/#primaryimage"},"thumbnailUrl":"http:\/\/www.turkceciler.com\/images\/yazarlar_sairler\/cahit_kulebi.jpg","datePublished":"2009-12-28T11:37:07+00:00","breadcrumb":{"@id":"https:\/\/narteks.net\/index.php\/2009\/12\/28\/cahit-kulebi-biyografisi\/#breadcrumb"},"inLanguage":"tr","potentialAction":[{"@type":"ReadAction","target":["https:\/\/narteks.net\/index.php\/2009\/12\/28\/cahit-kulebi-biyografisi\/"]}]},{"@type":"ImageObject","inLanguage":"tr","@id":"https:\/\/narteks.net\/index.php\/2009\/12\/28\/cahit-kulebi-biyografisi\/#primaryimage","url":"http:\/\/www.turkceciler.com\/images\/yazarlar_sairler\/cahit_kulebi.jpg","contentUrl":"http:\/\/www.turkceciler.com\/images\/yazarlar_sairler\/cahit_kulebi.jpg"},{"@type":"BreadcrumbList","@id":"https:\/\/narteks.net\/index.php\/2009\/12\/28\/cahit-kulebi-biyografisi\/#breadcrumb","itemListElement":[{"@type":"ListItem","position":1,"name":"Anasayfa","item":"https:\/\/narteks.net\/"},{"@type":"ListItem","position":2,"name":"Cahit K\u00dcLEB\u0130 Biyografisi"}]},{"@type":"WebSite","@id":"https:\/\/narteks.net\/#website","url":"https:\/\/narteks.net\/","name":"narteks.net","description":"K\u00fclt\u00fcr Sanat Edebiyat Felsefe","publisher":{"@id":"https:\/\/narteks.net\/#organization"},"alternateName":"K\u00fclt\u00fcr Sanat Edebiyat Felsefe","potentialAction":[{"@type":"SearchAction","target":{"@type":"EntryPoint","urlTemplate":"https:\/\/narteks.net\/?s={search_term_string}"},"query-input":{"@type":"PropertyValueSpecification","valueRequired":true,"valueName":"search_term_string"}}],"inLanguage":"tr"},{"@type":"Organization","@id":"https:\/\/narteks.net\/#organization","name":"narteks.net","url":"https:\/\/narteks.net\/","logo":{"@type":"ImageObject","inLanguage":"tr","@id":"https:\/\/narteks.net\/#\/schema\/logo\/image\/","url":"https:\/\/narteks.net\/wp-content\/uploads\/narteks.png","contentUrl":"https:\/\/narteks.net\/wp-content\/uploads\/narteks.png","width":300,"height":90,"caption":"narteks.net"},"image":{"@id":"https:\/\/narteks.net\/#\/schema\/logo\/image\/"},"sameAs":["https:\/\/x.com\/narteks","https:\/\/instagram.com\/narteksnet"]},{"@type":"Person","@id":"https:\/\/narteks.net\/#\/schema\/person\/61f37d9834294b72d31d274e7ed79bca","name":"Tar\u0131k","image":{"@type":"ImageObject","inLanguage":"tr","@id":"https:\/\/narteks.net\/#\/schema\/person\/image\/","url":"https:\/\/secure.gravatar.com\/avatar\/50865afb55632c4ae467e0af0930f6510aa2297d8014be502a55b14f3b7550cf?s=96&d=mm&r=g","contentUrl":"https:\/\/secure.gravatar.com\/avatar\/50865afb55632c4ae467e0af0930f6510aa2297d8014be502a55b14f3b7550cf?s=96&d=mm&r=g","caption":"Tar\u0131k"},"sameAs":["http:\/\/narteks.net"],"url":"https:\/\/narteks.net\/index.php\/author\/narbak\/"}]}},"_links":{"self":[{"href":"https:\/\/narteks.net\/index.php\/wp-json\/wp\/v2\/posts\/3414","targetHints":{"allow":["GET"]}}],"collection":[{"href":"https:\/\/narteks.net\/index.php\/wp-json\/wp\/v2\/posts"}],"about":[{"href":"https:\/\/narteks.net\/index.php\/wp-json\/wp\/v2\/types\/post"}],"author":[{"embeddable":true,"href":"https:\/\/narteks.net\/index.php\/wp-json\/wp\/v2\/users\/1"}],"replies":[{"embeddable":true,"href":"https:\/\/narteks.net\/index.php\/wp-json\/wp\/v2\/comments?post=3414"}],"version-history":[{"count":0,"href":"https:\/\/narteks.net\/index.php\/wp-json\/wp\/v2\/posts\/3414\/revisions"}],"wp:attachment":[{"href":"https:\/\/narteks.net\/index.php\/wp-json\/wp\/v2\/media?parent=3414"}],"wp:term":[{"taxonomy":"category","embeddable":true,"href":"https:\/\/narteks.net\/index.php\/wp-json\/wp\/v2\/categories?post=3414"},{"taxonomy":"post_tag","embeddable":true,"href":"https:\/\/narteks.net\/index.php\/wp-json\/wp\/v2\/tags?post=3414"}],"curies":[{"name":"wp","href":"https:\/\/api.w.org\/{rel}","templated":true}]}}