{"id":3417,"date":"2009-12-28T14:41:36","date_gmt":"2009-12-28T11:41:36","guid":{"rendered":"http:\/\/localhost\/wordpress\/2009\/12\/28\/alacakaranlikta-2\/"},"modified":"2009-12-28T14:41:36","modified_gmt":"2009-12-28T11:41:36","slug":"alacakaranlikta-2","status":"publish","type":"post","link":"https:\/\/narteks.net\/index.php\/2009\/12\/28\/alacakaranlikta-2\/","title":{"rendered":"ALACAKARANLIKTA"},"content":{"rendered":"<p>\u00a0<\/p>\n<p>Ak\u015fam karanl\u0131klarla sarma\u015f dola\u015f <br \/> Sen de sar\u0131lm\u0131\u015fs\u0131n yaln\u0131zl\u0131\u011f\u0131na, <br \/> Taksiler kur\u015fun gibi gelir ge\u00e7er <br \/> Troleyb\u00fcsler sal\u0131na sal\u0131na. <\/p>\n<p> Tek t\u00fck kad\u0131nlar ayd\u0131nlat\u0131r caddeyi. <br \/> Gen\u00e7 k\u0131zlar beyaz neonlar gibi. <br \/> Ortancalar g\u00fcl rengi \u0131\u015f\u0131k sa\u00e7ar, <br \/> On be\u015fine varmam\u0131\u015flar masmavi. <\/p>\n<p> Sen de yaln\u0131zl\u0131k sa\u00e7ars\u0131n. <br \/> \u0130\u00e7meye korkars\u0131n, efk\u00e2r basar. <br \/> A\u011flayamazs\u0131n el\u00e2lem var. <br \/> \u015eapkan\u0131 bile \u00e7\u0131karamazs\u0131n <br \/> Sa\u00e7lar\u0131n\u0131 u\u00e7urur r\u00fczg\u00e2r&#8230; <\/p>\n<p> Gittim deniz k\u0131y\u0131s\u0131na oturdum. <br \/> Ak\u015fam karanl\u0131klarda sarma\u015f dola\u015f, <br \/> Ben de denize ak\u0131yordum <br \/> Irmaklar gibi yava\u015f, yava\u015f&#8230;<\/p>\n","protected":false},"excerpt":{"rendered":"<p>\u00a0 Ak\u015fam karanl\u0131klarla sarma\u015f dola\u015f Sen de sar\u0131lm\u0131\u015fs\u0131n yaln\u0131zl\u0131\u011f\u0131na, Taksiler kur\u015fun gibi gelir ge\u00e7er Troleyb\u00fcsler sal\u0131na sal\u0131na. Tek t\u00fck kad\u0131nlar ayd\u0131nlat\u0131r caddeyi. Gen\u00e7 k\u0131zlar beyaz neonlar gibi. Ortancalar g\u00fcl rengi \u0131\u015f\u0131k sa\u00e7ar, On be\u015fine varmam\u0131\u015flar masmavi. Sen de yaln\u0131zl\u0131k sa\u00e7ars\u0131n. \u0130\u00e7meye korkars\u0131n, efk\u00e2r basar. A\u011flayamazs\u0131n el\u00e2lem var. \u015eapkan\u0131 bile \u00e7\u0131karamazs\u0131n Sa\u00e7lar\u0131n\u0131 u\u00e7urur r\u00fczg\u00e2r&#8230; Gittim deniz [&hellip;]<\/p>\n","protected":false},"author":1,"featured_media":0,"comment_status":"open","ping_status":"open","sticky":false,"template":"","format":"standard","meta":{"footnotes":""},"categories":[119],"tags":[],"class_list":{"0":"post-3417","1":"post","2":"type-post","3":"status-publish","4":"format-standard","6":"category-cahit-kulebi"},"yoast_head":"<!-- This site is optimized with the Yoast SEO Premium plugin v24.9 (Yoast SEO v24.9) - https:\/\/yoast.com\/wordpress\/plugins\/seo\/ -->\n<title>ALACAKARANLIKTA - narteks.net<\/title>\n<meta name=\"robots\" content=\"index, follow, max-snippet:-1, max-image-preview:large, max-video-preview:-1\" \/>\n<link rel=\"canonical\" href=\"https:\/\/narteks.net\/index.php\/2009\/12\/28\/alacakaranlikta-2\/\" \/>\n<meta property=\"og:locale\" content=\"tr_TR\" \/>\n<meta property=\"og:type\" content=\"article\" \/>\n<meta property=\"og:title\" content=\"ALACAKARANLIKTA\" \/>\n<meta property=\"og:description\" content=\"\u00a0 Ak\u015fam karanl\u0131klarla sarma\u015f dola\u015f Sen de sar\u0131lm\u0131\u015fs\u0131n yaln\u0131zl\u0131\u011f\u0131na, Taksiler kur\u015fun gibi gelir ge\u00e7er Troleyb\u00fcsler sal\u0131na sal\u0131na. Tek t\u00fck kad\u0131nlar ayd\u0131nlat\u0131r caddeyi. Gen\u00e7 k\u0131zlar beyaz neonlar gibi. Ortancalar g\u00fcl rengi \u0131\u015f\u0131k sa\u00e7ar, On be\u015fine varmam\u0131\u015flar masmavi. Sen de yaln\u0131zl\u0131k sa\u00e7ars\u0131n. \u0130\u00e7meye korkars\u0131n, efk\u00e2r basar. A\u011flayamazs\u0131n el\u00e2lem var. \u015eapkan\u0131 bile \u00e7\u0131karamazs\u0131n Sa\u00e7lar\u0131n\u0131 u\u00e7urur r\u00fczg\u00e2r&#8230; Gittim deniz [&hellip;]\" \/>\n<meta property=\"og:url\" content=\"https:\/\/narteks.net\/index.php\/2009\/12\/28\/alacakaranlikta-2\/\" \/>\n<meta property=\"og:site_name\" content=\"narteks.net\" \/>\n<meta property=\"article:published_time\" content=\"2009-12-28T11:41:36+00:00\" \/>\n<meta property=\"og:image\" content=\"https:\/\/narteks.net\/wp-content\/uploads\/narteks.png\" \/>\n\t<meta property=\"og:image:width\" content=\"300\" \/>\n\t<meta property=\"og:image:height\" content=\"90\" \/>\n\t<meta property=\"og:image:type\" content=\"image\/png\" \/>\n<meta name=\"author\" content=\"Tar\u0131k\" \/>\n<meta name=\"twitter:card\" content=\"summary_large_image\" \/>\n<meta name=\"twitter:creator\" content=\"@narteks\" \/>\n<meta name=\"twitter:site\" content=\"@narteks\" \/>\n<meta name=\"twitter:label1\" content=\"Yazan:\" \/>\n\t<meta name=\"twitter:data1\" content=\"Tar\u0131k\" \/>\n\t<meta name=\"twitter:label2\" content=\"Tahmini okuma s\u00fcresi\" \/>\n\t<meta name=\"twitter:data2\" content=\"1 dakika\" \/>\n<script type=\"application\/ld+json\" class=\"yoast-schema-graph\">{\"@context\":\"https:\/\/schema.org\",\"@graph\":[{\"@type\":\"Article\",\"@id\":\"https:\/\/narteks.net\/index.php\/2009\/12\/28\/alacakaranlikta-2\/#article\",\"isPartOf\":{\"@id\":\"https:\/\/narteks.net\/index.php\/2009\/12\/28\/alacakaranlikta-2\/\"},\"author\":{\"name\":\"Tar\u0131k\",\"@id\":\"https:\/\/narteks.net\/#\/schema\/person\/61f37d9834294b72d31d274e7ed79bca\"},\"headline\":\"ALACAKARANLIKTA\",\"datePublished\":\"2009-12-28T11:41:36+00:00\",\"mainEntityOfPage\":{\"@id\":\"https:\/\/narteks.net\/index.php\/2009\/12\/28\/alacakaranlikta-2\/\"},\"wordCount\":111,\"commentCount\":0,\"publisher\":{\"@id\":\"https:\/\/narteks.net\/#organization\"},\"articleSection\":[\"Cahit K\u00dcLEB\u0130\"],\"inLanguage\":\"tr\",\"potentialAction\":[{\"@type\":\"CommentAction\",\"name\":\"Comment\",\"target\":[\"https:\/\/narteks.net\/index.php\/2009\/12\/28\/alacakaranlikta-2\/#respond\"]}]},{\"@type\":\"WebPage\",\"@id\":\"https:\/\/narteks.net\/index.php\/2009\/12\/28\/alacakaranlikta-2\/\",\"url\":\"https:\/\/narteks.net\/index.php\/2009\/12\/28\/alacakaranlikta-2\/\",\"name\":\"ALACAKARANLIKTA - narteks.net\",\"isPartOf\":{\"@id\":\"https:\/\/narteks.net\/#website\"},\"datePublished\":\"2009-12-28T11:41:36+00:00\",\"breadcrumb\":{\"@id\":\"https:\/\/narteks.net\/index.php\/2009\/12\/28\/alacakaranlikta-2\/#breadcrumb\"},\"inLanguage\":\"tr\",\"potentialAction\":[{\"@type\":\"ReadAction\",\"target\":[\"https:\/\/narteks.net\/index.php\/2009\/12\/28\/alacakaranlikta-2\/\"]}]},{\"@type\":\"BreadcrumbList\",\"@id\":\"https:\/\/narteks.net\/index.php\/2009\/12\/28\/alacakaranlikta-2\/#breadcrumb\",\"itemListElement\":[{\"@type\":\"ListItem\",\"position\":1,\"name\":\"Anasayfa\",\"item\":\"https:\/\/narteks.net\/\"},{\"@type\":\"ListItem\",\"position\":2,\"name\":\"ALACAKARANLIKTA\"}]},{\"@type\":\"WebSite\",\"@id\":\"https:\/\/narteks.net\/#website\",\"url\":\"https:\/\/narteks.net\/\",\"name\":\"narteks.net\",\"description\":\"K\u00fclt\u00fcr Sanat Edebiyat Felsefe\",\"publisher\":{\"@id\":\"https:\/\/narteks.net\/#organization\"},\"alternateName\":\"K\u00fclt\u00fcr Sanat Edebiyat Felsefe\",\"potentialAction\":[{\"@type\":\"SearchAction\",\"target\":{\"@type\":\"EntryPoint\",\"urlTemplate\":\"https:\/\/narteks.net\/?s={search_term_string}\"},\"query-input\":{\"@type\":\"PropertyValueSpecification\",\"valueRequired\":true,\"valueName\":\"search_term_string\"}}],\"inLanguage\":\"tr\"},{\"@type\":\"Organization\",\"@id\":\"https:\/\/narteks.net\/#organization\",\"name\":\"narteks.net\",\"url\":\"https:\/\/narteks.net\/\",\"logo\":{\"@type\":\"ImageObject\",\"inLanguage\":\"tr\",\"@id\":\"https:\/\/narteks.net\/#\/schema\/logo\/image\/\",\"url\":\"https:\/\/narteks.net\/wp-content\/uploads\/narteks.png\",\"contentUrl\":\"https:\/\/narteks.net\/wp-content\/uploads\/narteks.png\",\"width\":300,\"height\":90,\"caption\":\"narteks.net\"},\"image\":{\"@id\":\"https:\/\/narteks.net\/#\/schema\/logo\/image\/\"},\"sameAs\":[\"https:\/\/x.com\/narteks\",\"https:\/\/instagram.com\/narteksnet\"]},{\"@type\":\"Person\",\"@id\":\"https:\/\/narteks.net\/#\/schema\/person\/61f37d9834294b72d31d274e7ed79bca\",\"name\":\"Tar\u0131k\",\"image\":{\"@type\":\"ImageObject\",\"inLanguage\":\"tr\",\"@id\":\"https:\/\/narteks.net\/#\/schema\/person\/image\/\",\"url\":\"https:\/\/secure.gravatar.com\/avatar\/50865afb55632c4ae467e0af0930f6510aa2297d8014be502a55b14f3b7550cf?s=96&d=mm&r=g\",\"contentUrl\":\"https:\/\/secure.gravatar.com\/avatar\/50865afb55632c4ae467e0af0930f6510aa2297d8014be502a55b14f3b7550cf?s=96&d=mm&r=g\",\"caption\":\"Tar\u0131k\"},\"sameAs\":[\"http:\/\/narteks.net\"],\"url\":\"https:\/\/narteks.net\/index.php\/author\/narbak\/\"}]}<\/script>\n<!-- \/ Yoast SEO Premium plugin. -->","yoast_head_json":{"title":"ALACAKARANLIKTA - narteks.net","robots":{"index":"index","follow":"follow","max-snippet":"max-snippet:-1","max-image-preview":"max-image-preview:large","max-video-preview":"max-video-preview:-1"},"canonical":"https:\/\/narteks.net\/index.php\/2009\/12\/28\/alacakaranlikta-2\/","og_locale":"tr_TR","og_type":"article","og_title":"ALACAKARANLIKTA","og_description":"\u00a0 Ak\u015fam karanl\u0131klarla sarma\u015f dola\u015f Sen de sar\u0131lm\u0131\u015fs\u0131n yaln\u0131zl\u0131\u011f\u0131na, Taksiler kur\u015fun gibi gelir ge\u00e7er Troleyb\u00fcsler sal\u0131na sal\u0131na. Tek t\u00fck kad\u0131nlar ayd\u0131nlat\u0131r caddeyi. Gen\u00e7 k\u0131zlar beyaz neonlar gibi. Ortancalar g\u00fcl rengi \u0131\u015f\u0131k sa\u00e7ar, On be\u015fine varmam\u0131\u015flar masmavi. Sen de yaln\u0131zl\u0131k sa\u00e7ars\u0131n. \u0130\u00e7meye korkars\u0131n, efk\u00e2r basar. A\u011flayamazs\u0131n el\u00e2lem var. \u015eapkan\u0131 bile \u00e7\u0131karamazs\u0131n Sa\u00e7lar\u0131n\u0131 u\u00e7urur r\u00fczg\u00e2r&#8230; Gittim deniz [&hellip;]","og_url":"https:\/\/narteks.net\/index.php\/2009\/12\/28\/alacakaranlikta-2\/","og_site_name":"narteks.net","article_published_time":"2009-12-28T11:41:36+00:00","og_image":[{"width":300,"height":90,"url":"https:\/\/narteks.net\/wp-content\/uploads\/narteks.png","type":"image\/png"}],"author":"Tar\u0131k","twitter_card":"summary_large_image","twitter_creator":"@narteks","twitter_site":"@narteks","twitter_misc":{"Yazan:":"Tar\u0131k","Tahmini okuma s\u00fcresi":"1 dakika"},"schema":{"@context":"https:\/\/schema.org","@graph":[{"@type":"Article","@id":"https:\/\/narteks.net\/index.php\/2009\/12\/28\/alacakaranlikta-2\/#article","isPartOf":{"@id":"https:\/\/narteks.net\/index.php\/2009\/12\/28\/alacakaranlikta-2\/"},"author":{"name":"Tar\u0131k","@id":"https:\/\/narteks.net\/#\/schema\/person\/61f37d9834294b72d31d274e7ed79bca"},"headline":"ALACAKARANLIKTA","datePublished":"2009-12-28T11:41:36+00:00","mainEntityOfPage":{"@id":"https:\/\/narteks.net\/index.php\/2009\/12\/28\/alacakaranlikta-2\/"},"wordCount":111,"commentCount":0,"publisher":{"@id":"https:\/\/narteks.net\/#organization"},"articleSection":["Cahit K\u00dcLEB\u0130"],"inLanguage":"tr","potentialAction":[{"@type":"CommentAction","name":"Comment","target":["https:\/\/narteks.net\/index.php\/2009\/12\/28\/alacakaranlikta-2\/#respond"]}]},{"@type":"WebPage","@id":"https:\/\/narteks.net\/index.php\/2009\/12\/28\/alacakaranlikta-2\/","url":"https:\/\/narteks.net\/index.php\/2009\/12\/28\/alacakaranlikta-2\/","name":"ALACAKARANLIKTA - narteks.net","isPartOf":{"@id":"https:\/\/narteks.net\/#website"},"datePublished":"2009-12-28T11:41:36+00:00","breadcrumb":{"@id":"https:\/\/narteks.net\/index.php\/2009\/12\/28\/alacakaranlikta-2\/#breadcrumb"},"inLanguage":"tr","potentialAction":[{"@type":"ReadAction","target":["https:\/\/narteks.net\/index.php\/2009\/12\/28\/alacakaranlikta-2\/"]}]},{"@type":"BreadcrumbList","@id":"https:\/\/narteks.net\/index.php\/2009\/12\/28\/alacakaranlikta-2\/#breadcrumb","itemListElement":[{"@type":"ListItem","position":1,"name":"Anasayfa","item":"https:\/\/narteks.net\/"},{"@type":"ListItem","position":2,"name":"ALACAKARANLIKTA"}]},{"@type":"WebSite","@id":"https:\/\/narteks.net\/#website","url":"https:\/\/narteks.net\/","name":"narteks.net","description":"K\u00fclt\u00fcr Sanat Edebiyat Felsefe","publisher":{"@id":"https:\/\/narteks.net\/#organization"},"alternateName":"K\u00fclt\u00fcr Sanat Edebiyat Felsefe","potentialAction":[{"@type":"SearchAction","target":{"@type":"EntryPoint","urlTemplate":"https:\/\/narteks.net\/?s={search_term_string}"},"query-input":{"@type":"PropertyValueSpecification","valueRequired":true,"valueName":"search_term_string"}}],"inLanguage":"tr"},{"@type":"Organization","@id":"https:\/\/narteks.net\/#organization","name":"narteks.net","url":"https:\/\/narteks.net\/","logo":{"@type":"ImageObject","inLanguage":"tr","@id":"https:\/\/narteks.net\/#\/schema\/logo\/image\/","url":"https:\/\/narteks.net\/wp-content\/uploads\/narteks.png","contentUrl":"https:\/\/narteks.net\/wp-content\/uploads\/narteks.png","width":300,"height":90,"caption":"narteks.net"},"image":{"@id":"https:\/\/narteks.net\/#\/schema\/logo\/image\/"},"sameAs":["https:\/\/x.com\/narteks","https:\/\/instagram.com\/narteksnet"]},{"@type":"Person","@id":"https:\/\/narteks.net\/#\/schema\/person\/61f37d9834294b72d31d274e7ed79bca","name":"Tar\u0131k","image":{"@type":"ImageObject","inLanguage":"tr","@id":"https:\/\/narteks.net\/#\/schema\/person\/image\/","url":"https:\/\/secure.gravatar.com\/avatar\/50865afb55632c4ae467e0af0930f6510aa2297d8014be502a55b14f3b7550cf?s=96&d=mm&r=g","contentUrl":"https:\/\/secure.gravatar.com\/avatar\/50865afb55632c4ae467e0af0930f6510aa2297d8014be502a55b14f3b7550cf?s=96&d=mm&r=g","caption":"Tar\u0131k"},"sameAs":["http:\/\/narteks.net"],"url":"https:\/\/narteks.net\/index.php\/author\/narbak\/"}]}},"_links":{"self":[{"href":"https:\/\/narteks.net\/index.php\/wp-json\/wp\/v2\/posts\/3417","targetHints":{"allow":["GET"]}}],"collection":[{"href":"https:\/\/narteks.net\/index.php\/wp-json\/wp\/v2\/posts"}],"about":[{"href":"https:\/\/narteks.net\/index.php\/wp-json\/wp\/v2\/types\/post"}],"author":[{"embeddable":true,"href":"https:\/\/narteks.net\/index.php\/wp-json\/wp\/v2\/users\/1"}],"replies":[{"embeddable":true,"href":"https:\/\/narteks.net\/index.php\/wp-json\/wp\/v2\/comments?post=3417"}],"version-history":[{"count":0,"href":"https:\/\/narteks.net\/index.php\/wp-json\/wp\/v2\/posts\/3417\/revisions"}],"wp:attachment":[{"href":"https:\/\/narteks.net\/index.php\/wp-json\/wp\/v2\/media?parent=3417"}],"wp:term":[{"taxonomy":"category","embeddable":true,"href":"https:\/\/narteks.net\/index.php\/wp-json\/wp\/v2\/categories?post=3417"},{"taxonomy":"post_tag","embeddable":true,"href":"https:\/\/narteks.net\/index.php\/wp-json\/wp\/v2\/tags?post=3417"}],"curies":[{"name":"wp","href":"https:\/\/api.w.org\/{rel}","templated":true}]}}