{"id":342,"date":"2009-03-02T14:16:07","date_gmt":"2009-03-02T11:16:07","guid":{"rendered":"http:\/\/localhost\/wordpress\/2009\/03\/02\/sesler\/"},"modified":"2009-03-02T14:16:07","modified_gmt":"2009-03-02T11:16:07","slug":"sesler","status":"publish","type":"post","link":"https:\/\/narteks.net\/index.php\/2009\/03\/02\/sesler\/","title":{"rendered":"Sesler"},"content":{"rendered":"<p>\u00a0<\/p>\n<p><span style=\"color: #000000;\">\u0130nsan seslerine tutunarak ilerliyorum<br \/>Kollar\u0131m alabildi\u011fine a\u00e7\u0131k<br \/>Yuvarlanmamak i\u00e7in u\u00e7uruma<\/p>\n<p>\u0130nsan seslerine tutunarak ilerliyorum<br \/>Yolumu yitirmemek i\u00e7in<br \/>Bo\u011fucu karanl\u0131kta<\/p>\n<p>K\u0131z\u0131m\u0131n sesi `anne` diyen<br \/>`i` gibi incelterek `e` sesini<br \/>Babac\u0131\u011f\u0131m derken k\u0131r\u0131k d\u00f6k\u00fck<br \/>Ve \u00f6\u011frendi\u011fi ilk filleri s\u0131ralarken<br \/>O hen\u00fcz dal\u0131nda ham bir meyve gibi ses<br \/>Tutkulu,g\u00fcvensiz,birden tizle\u015fen<\/p>\n<p>Kar\u0131m\u0131n sesi,g\u00fcl\u00fcmseyi\u015f gibi umutlu<br \/>Ve bir k\u0131zkarde\u015f sesi gibi sevecenlikle dolu<\/p>\n<p>Telefondaki sesi babam\u0131n<br \/>K\u0131s\u0131k,uzakta,ama can kadar yak\u0131n<\/p>\n<p>Gurbetteki karde\u015flerimin sesleri<br \/>Ans\u0131z\u0131n bir selam gibi ula\u015fan<br \/>\u00c7ocuklu\u011fu<br \/>Ve daha nice \u015feyleri \u0131\u015f\u0131ldatan<\/p>\n<p>Unuttu\u011fum sesi annemin<br \/>Bazen d\u00fc\u015flerimde \u00e7\u0131nlayan<\/p>\n<p>Ve dostlar\u0131n sesi,bunald\u0131\u011f\u0131mda<br \/>Dokunurcas\u0131na duymak istedi\u011fim<br \/>Yolumu yitirmemek i\u00e7in<br \/>Yitip gitmemek i\u00e7in bo\u011funtuda<\/p>\n<p>`Kendine iyi bak` diyen sesler<br \/>`Nas\u0131ls\u0131n` diyen sesler<br \/>Kayg\u0131l\u0131,dost\u00e7a \u00e7\u0131n\u0131lt\u0131l\u0131,ince kal\u0131n,bo\u011fuk ya da tiz<br \/>Kendimi en k\u00f6t\u00fc duyumsad\u0131\u011f\u0131m zamanlarda<br \/>Duymak istedi\u011fim o sesler<br \/>Tutunarak g\u00fcven duydu\u011fum<br \/>Birlikte bir karanl\u0131\u011f\u0131 ge\u00e7ti\u011fimiz&#8230;<\/p>\n<p> (Temmuz 1981) <\/span><\/p>\n<p> <span>Ataol Behramo\u011flu<\/span><\/p>\n","protected":false},"excerpt":{"rendered":"<p>\u00a0 \u0130nsan seslerine tutunarak ilerliyorumKollar\u0131m alabildi\u011fine a\u00e7\u0131kYuvarlanmamak i\u00e7in u\u00e7uruma \u0130nsan seslerine tutunarak ilerliyorumYolumu yitirmemek i\u00e7inBo\u011fucu karanl\u0131kta K\u0131z\u0131m\u0131n sesi `anne` diyen`i` gibi incelterek `e` sesiniBabac\u0131\u011f\u0131m derken k\u0131r\u0131k d\u00f6k\u00fckVe \u00f6\u011frendi\u011fi ilk filleri s\u0131ralarkenO hen\u00fcz dal\u0131nda ham bir meyve gibi sesTutkulu,g\u00fcvensiz,birden tizle\u015fen Kar\u0131m\u0131n sesi,g\u00fcl\u00fcmseyi\u015f gibi umutluVe bir k\u0131zkarde\u015f sesi gibi sevecenlikle dolu Telefondaki sesi babam\u0131nK\u0131s\u0131k,uzakta,ama can kadar yak\u0131n [&hellip;]<\/p>\n","protected":false},"author":1,"featured_media":0,"comment_status":"open","ping_status":"open","sticky":false,"template":"","format":"standard","meta":{"footnotes":""},"categories":[10],"tags":[],"class_list":{"0":"post-342","1":"post","2":"type-post","3":"status-publish","4":"format-standard","6":"category-ataol-behramoglu"},"yoast_head":"<!-- This site is optimized with the Yoast SEO Premium plugin v24.9 (Yoast SEO v24.9) - https:\/\/yoast.com\/wordpress\/plugins\/seo\/ -->\n<title>Sesler - narteks.net<\/title>\n<meta name=\"robots\" content=\"index, follow, max-snippet:-1, max-image-preview:large, max-video-preview:-1\" \/>\n<link rel=\"canonical\" href=\"https:\/\/narteks.net\/index.php\/2009\/03\/02\/sesler\/\" \/>\n<meta property=\"og:locale\" content=\"tr_TR\" \/>\n<meta property=\"og:type\" content=\"article\" \/>\n<meta property=\"og:title\" content=\"Sesler\" \/>\n<meta property=\"og:description\" content=\"\u00a0 \u0130nsan seslerine tutunarak ilerliyorumKollar\u0131m alabildi\u011fine a\u00e7\u0131kYuvarlanmamak i\u00e7in u\u00e7uruma \u0130nsan seslerine tutunarak ilerliyorumYolumu yitirmemek i\u00e7inBo\u011fucu karanl\u0131kta K\u0131z\u0131m\u0131n sesi `anne` diyen`i` gibi incelterek `e` sesiniBabac\u0131\u011f\u0131m derken k\u0131r\u0131k d\u00f6k\u00fckVe \u00f6\u011frendi\u011fi ilk filleri s\u0131ralarkenO hen\u00fcz dal\u0131nda ham bir meyve gibi sesTutkulu,g\u00fcvensiz,birden tizle\u015fen Kar\u0131m\u0131n sesi,g\u00fcl\u00fcmseyi\u015f gibi umutluVe bir k\u0131zkarde\u015f sesi gibi sevecenlikle dolu Telefondaki sesi babam\u0131nK\u0131s\u0131k,uzakta,ama can kadar yak\u0131n [&hellip;]\" \/>\n<meta property=\"og:url\" content=\"https:\/\/narteks.net\/index.php\/2009\/03\/02\/sesler\/\" \/>\n<meta property=\"og:site_name\" content=\"narteks.net\" \/>\n<meta property=\"article:published_time\" content=\"2009-03-02T11:16:07+00:00\" \/>\n<meta property=\"og:image\" content=\"https:\/\/narteks.net\/wp-content\/uploads\/narteks.png\" \/>\n\t<meta property=\"og:image:width\" content=\"300\" \/>\n\t<meta property=\"og:image:height\" content=\"90\" \/>\n\t<meta property=\"og:image:type\" content=\"image\/png\" \/>\n<meta name=\"author\" content=\"Tar\u0131k\" \/>\n<meta name=\"twitter:card\" content=\"summary_large_image\" \/>\n<meta name=\"twitter:creator\" content=\"@narteks\" \/>\n<meta name=\"twitter:site\" content=\"@narteks\" \/>\n<meta name=\"twitter:label1\" content=\"Yazan:\" \/>\n\t<meta name=\"twitter:data1\" content=\"Tar\u0131k\" \/>\n\t<meta name=\"twitter:label2\" content=\"Tahmini okuma s\u00fcresi\" \/>\n\t<meta name=\"twitter:data2\" content=\"1 dakika\" \/>\n<script type=\"application\/ld+json\" class=\"yoast-schema-graph\">{\"@context\":\"https:\/\/schema.org\",\"@graph\":[{\"@type\":\"Article\",\"@id\":\"https:\/\/narteks.net\/index.php\/2009\/03\/02\/sesler\/#article\",\"isPartOf\":{\"@id\":\"https:\/\/narteks.net\/index.php\/2009\/03\/02\/sesler\/\"},\"author\":{\"name\":\"Tar\u0131k\",\"@id\":\"https:\/\/narteks.net\/#\/schema\/person\/61f37d9834294b72d31d274e7ed79bca\"},\"headline\":\"Sesler\",\"datePublished\":\"2009-03-02T11:16:07+00:00\",\"mainEntityOfPage\":{\"@id\":\"https:\/\/narteks.net\/index.php\/2009\/03\/02\/sesler\/\"},\"wordCount\":181,\"commentCount\":0,\"publisher\":{\"@id\":\"https:\/\/narteks.net\/#organization\"},\"articleSection\":[\"Ataol BEHRAMOGLU\"],\"inLanguage\":\"tr\",\"potentialAction\":[{\"@type\":\"CommentAction\",\"name\":\"Comment\",\"target\":[\"https:\/\/narteks.net\/index.php\/2009\/03\/02\/sesler\/#respond\"]}]},{\"@type\":\"WebPage\",\"@id\":\"https:\/\/narteks.net\/index.php\/2009\/03\/02\/sesler\/\",\"url\":\"https:\/\/narteks.net\/index.php\/2009\/03\/02\/sesler\/\",\"name\":\"Sesler - narteks.net\",\"isPartOf\":{\"@id\":\"https:\/\/narteks.net\/#website\"},\"datePublished\":\"2009-03-02T11:16:07+00:00\",\"breadcrumb\":{\"@id\":\"https:\/\/narteks.net\/index.php\/2009\/03\/02\/sesler\/#breadcrumb\"},\"inLanguage\":\"tr\",\"potentialAction\":[{\"@type\":\"ReadAction\",\"target\":[\"https:\/\/narteks.net\/index.php\/2009\/03\/02\/sesler\/\"]}]},{\"@type\":\"BreadcrumbList\",\"@id\":\"https:\/\/narteks.net\/index.php\/2009\/03\/02\/sesler\/#breadcrumb\",\"itemListElement\":[{\"@type\":\"ListItem\",\"position\":1,\"name\":\"Anasayfa\",\"item\":\"https:\/\/narteks.net\/\"},{\"@type\":\"ListItem\",\"position\":2,\"name\":\"Sesler\"}]},{\"@type\":\"WebSite\",\"@id\":\"https:\/\/narteks.net\/#website\",\"url\":\"https:\/\/narteks.net\/\",\"name\":\"narteks.net\",\"description\":\"K\u00fclt\u00fcr Sanat Edebiyat Felsefe\",\"publisher\":{\"@id\":\"https:\/\/narteks.net\/#organization\"},\"alternateName\":\"K\u00fclt\u00fcr Sanat Edebiyat Felsefe\",\"potentialAction\":[{\"@type\":\"SearchAction\",\"target\":{\"@type\":\"EntryPoint\",\"urlTemplate\":\"https:\/\/narteks.net\/?s={search_term_string}\"},\"query-input\":{\"@type\":\"PropertyValueSpecification\",\"valueRequired\":true,\"valueName\":\"search_term_string\"}}],\"inLanguage\":\"tr\"},{\"@type\":\"Organization\",\"@id\":\"https:\/\/narteks.net\/#organization\",\"name\":\"narteks.net\",\"url\":\"https:\/\/narteks.net\/\",\"logo\":{\"@type\":\"ImageObject\",\"inLanguage\":\"tr\",\"@id\":\"https:\/\/narteks.net\/#\/schema\/logo\/image\/\",\"url\":\"https:\/\/narteks.net\/wp-content\/uploads\/narteks.png\",\"contentUrl\":\"https:\/\/narteks.net\/wp-content\/uploads\/narteks.png\",\"width\":300,\"height\":90,\"caption\":\"narteks.net\"},\"image\":{\"@id\":\"https:\/\/narteks.net\/#\/schema\/logo\/image\/\"},\"sameAs\":[\"https:\/\/x.com\/narteks\",\"https:\/\/instagram.com\/narteksnet\"]},{\"@type\":\"Person\",\"@id\":\"https:\/\/narteks.net\/#\/schema\/person\/61f37d9834294b72d31d274e7ed79bca\",\"name\":\"Tar\u0131k\",\"image\":{\"@type\":\"ImageObject\",\"inLanguage\":\"tr\",\"@id\":\"https:\/\/narteks.net\/#\/schema\/person\/image\/\",\"url\":\"https:\/\/secure.gravatar.com\/avatar\/50865afb55632c4ae467e0af0930f6510aa2297d8014be502a55b14f3b7550cf?s=96&d=mm&r=g\",\"contentUrl\":\"https:\/\/secure.gravatar.com\/avatar\/50865afb55632c4ae467e0af0930f6510aa2297d8014be502a55b14f3b7550cf?s=96&d=mm&r=g\",\"caption\":\"Tar\u0131k\"},\"sameAs\":[\"http:\/\/narteks.net\"],\"url\":\"https:\/\/narteks.net\/index.php\/author\/narbak\/\"}]}<\/script>\n<!-- \/ Yoast SEO Premium plugin. -->","yoast_head_json":{"title":"Sesler - narteks.net","robots":{"index":"index","follow":"follow","max-snippet":"max-snippet:-1","max-image-preview":"max-image-preview:large","max-video-preview":"max-video-preview:-1"},"canonical":"https:\/\/narteks.net\/index.php\/2009\/03\/02\/sesler\/","og_locale":"tr_TR","og_type":"article","og_title":"Sesler","og_description":"\u00a0 \u0130nsan seslerine tutunarak ilerliyorumKollar\u0131m alabildi\u011fine a\u00e7\u0131kYuvarlanmamak i\u00e7in u\u00e7uruma \u0130nsan seslerine tutunarak ilerliyorumYolumu yitirmemek i\u00e7inBo\u011fucu karanl\u0131kta K\u0131z\u0131m\u0131n sesi `anne` diyen`i` gibi incelterek `e` sesiniBabac\u0131\u011f\u0131m derken k\u0131r\u0131k d\u00f6k\u00fckVe \u00f6\u011frendi\u011fi ilk filleri s\u0131ralarkenO hen\u00fcz dal\u0131nda ham bir meyve gibi sesTutkulu,g\u00fcvensiz,birden tizle\u015fen Kar\u0131m\u0131n sesi,g\u00fcl\u00fcmseyi\u015f gibi umutluVe bir k\u0131zkarde\u015f sesi gibi sevecenlikle dolu Telefondaki sesi babam\u0131nK\u0131s\u0131k,uzakta,ama can kadar yak\u0131n [&hellip;]","og_url":"https:\/\/narteks.net\/index.php\/2009\/03\/02\/sesler\/","og_site_name":"narteks.net","article_published_time":"2009-03-02T11:16:07+00:00","og_image":[{"width":300,"height":90,"url":"https:\/\/narteks.net\/wp-content\/uploads\/narteks.png","type":"image\/png"}],"author":"Tar\u0131k","twitter_card":"summary_large_image","twitter_creator":"@narteks","twitter_site":"@narteks","twitter_misc":{"Yazan:":"Tar\u0131k","Tahmini okuma s\u00fcresi":"1 dakika"},"schema":{"@context":"https:\/\/schema.org","@graph":[{"@type":"Article","@id":"https:\/\/narteks.net\/index.php\/2009\/03\/02\/sesler\/#article","isPartOf":{"@id":"https:\/\/narteks.net\/index.php\/2009\/03\/02\/sesler\/"},"author":{"name":"Tar\u0131k","@id":"https:\/\/narteks.net\/#\/schema\/person\/61f37d9834294b72d31d274e7ed79bca"},"headline":"Sesler","datePublished":"2009-03-02T11:16:07+00:00","mainEntityOfPage":{"@id":"https:\/\/narteks.net\/index.php\/2009\/03\/02\/sesler\/"},"wordCount":181,"commentCount":0,"publisher":{"@id":"https:\/\/narteks.net\/#organization"},"articleSection":["Ataol BEHRAMOGLU"],"inLanguage":"tr","potentialAction":[{"@type":"CommentAction","name":"Comment","target":["https:\/\/narteks.net\/index.php\/2009\/03\/02\/sesler\/#respond"]}]},{"@type":"WebPage","@id":"https:\/\/narteks.net\/index.php\/2009\/03\/02\/sesler\/","url":"https:\/\/narteks.net\/index.php\/2009\/03\/02\/sesler\/","name":"Sesler - narteks.net","isPartOf":{"@id":"https:\/\/narteks.net\/#website"},"datePublished":"2009-03-02T11:16:07+00:00","breadcrumb":{"@id":"https:\/\/narteks.net\/index.php\/2009\/03\/02\/sesler\/#breadcrumb"},"inLanguage":"tr","potentialAction":[{"@type":"ReadAction","target":["https:\/\/narteks.net\/index.php\/2009\/03\/02\/sesler\/"]}]},{"@type":"BreadcrumbList","@id":"https:\/\/narteks.net\/index.php\/2009\/03\/02\/sesler\/#breadcrumb","itemListElement":[{"@type":"ListItem","position":1,"name":"Anasayfa","item":"https:\/\/narteks.net\/"},{"@type":"ListItem","position":2,"name":"Sesler"}]},{"@type":"WebSite","@id":"https:\/\/narteks.net\/#website","url":"https:\/\/narteks.net\/","name":"narteks.net","description":"K\u00fclt\u00fcr Sanat Edebiyat Felsefe","publisher":{"@id":"https:\/\/narteks.net\/#organization"},"alternateName":"K\u00fclt\u00fcr Sanat Edebiyat Felsefe","potentialAction":[{"@type":"SearchAction","target":{"@type":"EntryPoint","urlTemplate":"https:\/\/narteks.net\/?s={search_term_string}"},"query-input":{"@type":"PropertyValueSpecification","valueRequired":true,"valueName":"search_term_string"}}],"inLanguage":"tr"},{"@type":"Organization","@id":"https:\/\/narteks.net\/#organization","name":"narteks.net","url":"https:\/\/narteks.net\/","logo":{"@type":"ImageObject","inLanguage":"tr","@id":"https:\/\/narteks.net\/#\/schema\/logo\/image\/","url":"https:\/\/narteks.net\/wp-content\/uploads\/narteks.png","contentUrl":"https:\/\/narteks.net\/wp-content\/uploads\/narteks.png","width":300,"height":90,"caption":"narteks.net"},"image":{"@id":"https:\/\/narteks.net\/#\/schema\/logo\/image\/"},"sameAs":["https:\/\/x.com\/narteks","https:\/\/instagram.com\/narteksnet"]},{"@type":"Person","@id":"https:\/\/narteks.net\/#\/schema\/person\/61f37d9834294b72d31d274e7ed79bca","name":"Tar\u0131k","image":{"@type":"ImageObject","inLanguage":"tr","@id":"https:\/\/narteks.net\/#\/schema\/person\/image\/","url":"https:\/\/secure.gravatar.com\/avatar\/50865afb55632c4ae467e0af0930f6510aa2297d8014be502a55b14f3b7550cf?s=96&d=mm&r=g","contentUrl":"https:\/\/secure.gravatar.com\/avatar\/50865afb55632c4ae467e0af0930f6510aa2297d8014be502a55b14f3b7550cf?s=96&d=mm&r=g","caption":"Tar\u0131k"},"sameAs":["http:\/\/narteks.net"],"url":"https:\/\/narteks.net\/index.php\/author\/narbak\/"}]}},"_links":{"self":[{"href":"https:\/\/narteks.net\/index.php\/wp-json\/wp\/v2\/posts\/342","targetHints":{"allow":["GET"]}}],"collection":[{"href":"https:\/\/narteks.net\/index.php\/wp-json\/wp\/v2\/posts"}],"about":[{"href":"https:\/\/narteks.net\/index.php\/wp-json\/wp\/v2\/types\/post"}],"author":[{"embeddable":true,"href":"https:\/\/narteks.net\/index.php\/wp-json\/wp\/v2\/users\/1"}],"replies":[{"embeddable":true,"href":"https:\/\/narteks.net\/index.php\/wp-json\/wp\/v2\/comments?post=342"}],"version-history":[{"count":0,"href":"https:\/\/narteks.net\/index.php\/wp-json\/wp\/v2\/posts\/342\/revisions"}],"wp:attachment":[{"href":"https:\/\/narteks.net\/index.php\/wp-json\/wp\/v2\/media?parent=342"}],"wp:term":[{"taxonomy":"category","embeddable":true,"href":"https:\/\/narteks.net\/index.php\/wp-json\/wp\/v2\/categories?post=342"},{"taxonomy":"post_tag","embeddable":true,"href":"https:\/\/narteks.net\/index.php\/wp-json\/wp\/v2\/tags?post=342"}],"curies":[{"name":"wp","href":"https:\/\/api.w.org\/{rel}","templated":true}]}}