{"id":3429,"date":"2009-12-28T15:37:46","date_gmt":"2009-12-28T12:37:46","guid":{"rendered":"http:\/\/localhost\/wordpress\/2009\/12\/28\/evvel-zaman\/"},"modified":"2009-12-28T15:37:46","modified_gmt":"2009-12-28T12:37:46","slug":"evvel-zaman","status":"publish","type":"post","link":"https:\/\/narteks.net\/index.php\/2009\/12\/28\/evvel-zaman\/","title":{"rendered":"EVVEL ZAMAN"},"content":{"rendered":"<p>\u00a0<\/p>\n<p>Asard\u0131n okulu her sabah <br \/> Sen de a\u015f\u0131kt\u0131n bir zamanlar, <br \/> Geceleri sokak sokak gezerdin <br \/> Ellerin ceplerinde, y\u0131ld\u0131zlar\u0131 sayarak. <\/p>\n<p> \u0130nsan\u0131n sevdas\u0131 on be\u015finde <br \/> Horoz \u015fekerlerine g\u00fcne\u015flere benzer, <br \/> G\u00fclerdi tramvaylarda k\u00fc\u00e7\u00fck bir k\u0131z <br \/> Bekareti beyaz di\u015flerinde. <\/p>\n<p> \u0130\u00e7i kad\u0131n \u00e7ama\u015f\u0131r\u0131 doluydu vitrinlerin, <br \/> All\u0131k pudra, frenk alt\u0131n\u0131 k\u00fcpeler, <br \/> O tarihte d\u00fckkanlar\u0131n \u00f6n\u00fcnde <br \/> Dal\u0131p giderdin.<\/p>\n","protected":false},"excerpt":{"rendered":"<p>\u00a0 Asard\u0131n okulu her sabah Sen de a\u015f\u0131kt\u0131n bir zamanlar, Geceleri sokak sokak gezerdin Ellerin ceplerinde, y\u0131ld\u0131zlar\u0131 sayarak. \u0130nsan\u0131n sevdas\u0131 on be\u015finde Horoz \u015fekerlerine g\u00fcne\u015flere benzer, G\u00fclerdi tramvaylarda k\u00fc\u00e7\u00fck bir k\u0131z Bekareti beyaz di\u015flerinde. \u0130\u00e7i kad\u0131n \u00e7ama\u015f\u0131r\u0131 doluydu vitrinlerin, All\u0131k pudra, frenk alt\u0131n\u0131 k\u00fcpeler, O tarihte d\u00fckkanlar\u0131n \u00f6n\u00fcnde Dal\u0131p giderdin.<\/p>\n","protected":false},"author":1,"featured_media":0,"comment_status":"open","ping_status":"open","sticky":false,"template":"","format":"standard","meta":{"footnotes":""},"categories":[119],"tags":[],"class_list":{"0":"post-3429","1":"post","2":"type-post","3":"status-publish","4":"format-standard","6":"category-cahit-kulebi"},"yoast_head":"<!-- This site is optimized with the Yoast SEO Premium plugin v24.9 (Yoast SEO v24.9) - https:\/\/yoast.com\/wordpress\/plugins\/seo\/ -->\n<title>EVVEL ZAMAN - narteks.net<\/title>\n<meta name=\"robots\" content=\"index, follow, max-snippet:-1, max-image-preview:large, max-video-preview:-1\" \/>\n<link rel=\"canonical\" href=\"https:\/\/narteks.net\/index.php\/2009\/12\/28\/evvel-zaman\/\" \/>\n<meta property=\"og:locale\" content=\"tr_TR\" \/>\n<meta property=\"og:type\" content=\"article\" \/>\n<meta property=\"og:title\" content=\"EVVEL ZAMAN\" \/>\n<meta property=\"og:description\" content=\"\u00a0 Asard\u0131n okulu her sabah Sen de a\u015f\u0131kt\u0131n bir zamanlar, Geceleri sokak sokak gezerdin Ellerin ceplerinde, y\u0131ld\u0131zlar\u0131 sayarak. \u0130nsan\u0131n sevdas\u0131 on be\u015finde Horoz \u015fekerlerine g\u00fcne\u015flere benzer, G\u00fclerdi tramvaylarda k\u00fc\u00e7\u00fck bir k\u0131z Bekareti beyaz di\u015flerinde. \u0130\u00e7i kad\u0131n \u00e7ama\u015f\u0131r\u0131 doluydu vitrinlerin, All\u0131k pudra, frenk alt\u0131n\u0131 k\u00fcpeler, O tarihte d\u00fckkanlar\u0131n \u00f6n\u00fcnde Dal\u0131p giderdin.\" \/>\n<meta property=\"og:url\" content=\"https:\/\/narteks.net\/index.php\/2009\/12\/28\/evvel-zaman\/\" \/>\n<meta property=\"og:site_name\" content=\"narteks.net\" \/>\n<meta property=\"article:published_time\" content=\"2009-12-28T12:37:46+00:00\" \/>\n<meta property=\"og:image\" content=\"https:\/\/narteks.net\/wp-content\/uploads\/narteks.png\" \/>\n\t<meta property=\"og:image:width\" content=\"300\" \/>\n\t<meta property=\"og:image:height\" content=\"90\" \/>\n\t<meta property=\"og:image:type\" content=\"image\/png\" \/>\n<meta name=\"author\" content=\"Tar\u0131k\" \/>\n<meta name=\"twitter:card\" content=\"summary_large_image\" \/>\n<meta name=\"twitter:creator\" content=\"@narteks\" \/>\n<meta name=\"twitter:site\" content=\"@narteks\" \/>\n<meta name=\"twitter:label1\" content=\"Yazan:\" \/>\n\t<meta name=\"twitter:data1\" content=\"Tar\u0131k\" \/>\n<script type=\"application\/ld+json\" class=\"yoast-schema-graph\">{\"@context\":\"https:\/\/schema.org\",\"@graph\":[{\"@type\":\"Article\",\"@id\":\"https:\/\/narteks.net\/index.php\/2009\/12\/28\/evvel-zaman\/#article\",\"isPartOf\":{\"@id\":\"https:\/\/narteks.net\/index.php\/2009\/12\/28\/evvel-zaman\/\"},\"author\":{\"name\":\"Tar\u0131k\",\"@id\":\"https:\/\/narteks.net\/#\/schema\/person\/61f37d9834294b72d31d274e7ed79bca\"},\"headline\":\"EVVEL ZAMAN\",\"datePublished\":\"2009-12-28T12:37:46+00:00\",\"mainEntityOfPage\":{\"@id\":\"https:\/\/narteks.net\/index.php\/2009\/12\/28\/evvel-zaman\/\"},\"wordCount\":73,\"commentCount\":0,\"publisher\":{\"@id\":\"https:\/\/narteks.net\/#organization\"},\"articleSection\":[\"Cahit K\u00dcLEB\u0130\"],\"inLanguage\":\"tr\",\"potentialAction\":[{\"@type\":\"CommentAction\",\"name\":\"Comment\",\"target\":[\"https:\/\/narteks.net\/index.php\/2009\/12\/28\/evvel-zaman\/#respond\"]}]},{\"@type\":\"WebPage\",\"@id\":\"https:\/\/narteks.net\/index.php\/2009\/12\/28\/evvel-zaman\/\",\"url\":\"https:\/\/narteks.net\/index.php\/2009\/12\/28\/evvel-zaman\/\",\"name\":\"EVVEL ZAMAN - narteks.net\",\"isPartOf\":{\"@id\":\"https:\/\/narteks.net\/#website\"},\"datePublished\":\"2009-12-28T12:37:46+00:00\",\"breadcrumb\":{\"@id\":\"https:\/\/narteks.net\/index.php\/2009\/12\/28\/evvel-zaman\/#breadcrumb\"},\"inLanguage\":\"tr\",\"potentialAction\":[{\"@type\":\"ReadAction\",\"target\":[\"https:\/\/narteks.net\/index.php\/2009\/12\/28\/evvel-zaman\/\"]}]},{\"@type\":\"BreadcrumbList\",\"@id\":\"https:\/\/narteks.net\/index.php\/2009\/12\/28\/evvel-zaman\/#breadcrumb\",\"itemListElement\":[{\"@type\":\"ListItem\",\"position\":1,\"name\":\"Anasayfa\",\"item\":\"https:\/\/narteks.net\/\"},{\"@type\":\"ListItem\",\"position\":2,\"name\":\"EVVEL ZAMAN\"}]},{\"@type\":\"WebSite\",\"@id\":\"https:\/\/narteks.net\/#website\",\"url\":\"https:\/\/narteks.net\/\",\"name\":\"narteks.net\",\"description\":\"K\u00fclt\u00fcr Sanat Edebiyat Felsefe\",\"publisher\":{\"@id\":\"https:\/\/narteks.net\/#organization\"},\"alternateName\":\"K\u00fclt\u00fcr Sanat Edebiyat Felsefe\",\"potentialAction\":[{\"@type\":\"SearchAction\",\"target\":{\"@type\":\"EntryPoint\",\"urlTemplate\":\"https:\/\/narteks.net\/?s={search_term_string}\"},\"query-input\":{\"@type\":\"PropertyValueSpecification\",\"valueRequired\":true,\"valueName\":\"search_term_string\"}}],\"inLanguage\":\"tr\"},{\"@type\":\"Organization\",\"@id\":\"https:\/\/narteks.net\/#organization\",\"name\":\"narteks.net\",\"url\":\"https:\/\/narteks.net\/\",\"logo\":{\"@type\":\"ImageObject\",\"inLanguage\":\"tr\",\"@id\":\"https:\/\/narteks.net\/#\/schema\/logo\/image\/\",\"url\":\"https:\/\/narteks.net\/wp-content\/uploads\/narteks.png\",\"contentUrl\":\"https:\/\/narteks.net\/wp-content\/uploads\/narteks.png\",\"width\":300,\"height\":90,\"caption\":\"narteks.net\"},\"image\":{\"@id\":\"https:\/\/narteks.net\/#\/schema\/logo\/image\/\"},\"sameAs\":[\"https:\/\/x.com\/narteks\",\"https:\/\/instagram.com\/narteksnet\"]},{\"@type\":\"Person\",\"@id\":\"https:\/\/narteks.net\/#\/schema\/person\/61f37d9834294b72d31d274e7ed79bca\",\"name\":\"Tar\u0131k\",\"image\":{\"@type\":\"ImageObject\",\"inLanguage\":\"tr\",\"@id\":\"https:\/\/narteks.net\/#\/schema\/person\/image\/\",\"url\":\"https:\/\/secure.gravatar.com\/avatar\/50865afb55632c4ae467e0af0930f6510aa2297d8014be502a55b14f3b7550cf?s=96&d=mm&r=g\",\"contentUrl\":\"https:\/\/secure.gravatar.com\/avatar\/50865afb55632c4ae467e0af0930f6510aa2297d8014be502a55b14f3b7550cf?s=96&d=mm&r=g\",\"caption\":\"Tar\u0131k\"},\"sameAs\":[\"http:\/\/narteks.net\"],\"url\":\"https:\/\/narteks.net\/index.php\/author\/narbak\/\"}]}<\/script>\n<!-- \/ Yoast SEO Premium plugin. -->","yoast_head_json":{"title":"EVVEL ZAMAN - narteks.net","robots":{"index":"index","follow":"follow","max-snippet":"max-snippet:-1","max-image-preview":"max-image-preview:large","max-video-preview":"max-video-preview:-1"},"canonical":"https:\/\/narteks.net\/index.php\/2009\/12\/28\/evvel-zaman\/","og_locale":"tr_TR","og_type":"article","og_title":"EVVEL ZAMAN","og_description":"\u00a0 Asard\u0131n okulu her sabah Sen de a\u015f\u0131kt\u0131n bir zamanlar, Geceleri sokak sokak gezerdin Ellerin ceplerinde, y\u0131ld\u0131zlar\u0131 sayarak. \u0130nsan\u0131n sevdas\u0131 on be\u015finde Horoz \u015fekerlerine g\u00fcne\u015flere benzer, G\u00fclerdi tramvaylarda k\u00fc\u00e7\u00fck bir k\u0131z Bekareti beyaz di\u015flerinde. \u0130\u00e7i kad\u0131n \u00e7ama\u015f\u0131r\u0131 doluydu vitrinlerin, All\u0131k pudra, frenk alt\u0131n\u0131 k\u00fcpeler, O tarihte d\u00fckkanlar\u0131n \u00f6n\u00fcnde Dal\u0131p giderdin.","og_url":"https:\/\/narteks.net\/index.php\/2009\/12\/28\/evvel-zaman\/","og_site_name":"narteks.net","article_published_time":"2009-12-28T12:37:46+00:00","og_image":[{"width":300,"height":90,"url":"https:\/\/narteks.net\/wp-content\/uploads\/narteks.png","type":"image\/png"}],"author":"Tar\u0131k","twitter_card":"summary_large_image","twitter_creator":"@narteks","twitter_site":"@narteks","twitter_misc":{"Yazan:":"Tar\u0131k"},"schema":{"@context":"https:\/\/schema.org","@graph":[{"@type":"Article","@id":"https:\/\/narteks.net\/index.php\/2009\/12\/28\/evvel-zaman\/#article","isPartOf":{"@id":"https:\/\/narteks.net\/index.php\/2009\/12\/28\/evvel-zaman\/"},"author":{"name":"Tar\u0131k","@id":"https:\/\/narteks.net\/#\/schema\/person\/61f37d9834294b72d31d274e7ed79bca"},"headline":"EVVEL ZAMAN","datePublished":"2009-12-28T12:37:46+00:00","mainEntityOfPage":{"@id":"https:\/\/narteks.net\/index.php\/2009\/12\/28\/evvel-zaman\/"},"wordCount":73,"commentCount":0,"publisher":{"@id":"https:\/\/narteks.net\/#organization"},"articleSection":["Cahit K\u00dcLEB\u0130"],"inLanguage":"tr","potentialAction":[{"@type":"CommentAction","name":"Comment","target":["https:\/\/narteks.net\/index.php\/2009\/12\/28\/evvel-zaman\/#respond"]}]},{"@type":"WebPage","@id":"https:\/\/narteks.net\/index.php\/2009\/12\/28\/evvel-zaman\/","url":"https:\/\/narteks.net\/index.php\/2009\/12\/28\/evvel-zaman\/","name":"EVVEL ZAMAN - narteks.net","isPartOf":{"@id":"https:\/\/narteks.net\/#website"},"datePublished":"2009-12-28T12:37:46+00:00","breadcrumb":{"@id":"https:\/\/narteks.net\/index.php\/2009\/12\/28\/evvel-zaman\/#breadcrumb"},"inLanguage":"tr","potentialAction":[{"@type":"ReadAction","target":["https:\/\/narteks.net\/index.php\/2009\/12\/28\/evvel-zaman\/"]}]},{"@type":"BreadcrumbList","@id":"https:\/\/narteks.net\/index.php\/2009\/12\/28\/evvel-zaman\/#breadcrumb","itemListElement":[{"@type":"ListItem","position":1,"name":"Anasayfa","item":"https:\/\/narteks.net\/"},{"@type":"ListItem","position":2,"name":"EVVEL ZAMAN"}]},{"@type":"WebSite","@id":"https:\/\/narteks.net\/#website","url":"https:\/\/narteks.net\/","name":"narteks.net","description":"K\u00fclt\u00fcr Sanat Edebiyat Felsefe","publisher":{"@id":"https:\/\/narteks.net\/#organization"},"alternateName":"K\u00fclt\u00fcr Sanat Edebiyat Felsefe","potentialAction":[{"@type":"SearchAction","target":{"@type":"EntryPoint","urlTemplate":"https:\/\/narteks.net\/?s={search_term_string}"},"query-input":{"@type":"PropertyValueSpecification","valueRequired":true,"valueName":"search_term_string"}}],"inLanguage":"tr"},{"@type":"Organization","@id":"https:\/\/narteks.net\/#organization","name":"narteks.net","url":"https:\/\/narteks.net\/","logo":{"@type":"ImageObject","inLanguage":"tr","@id":"https:\/\/narteks.net\/#\/schema\/logo\/image\/","url":"https:\/\/narteks.net\/wp-content\/uploads\/narteks.png","contentUrl":"https:\/\/narteks.net\/wp-content\/uploads\/narteks.png","width":300,"height":90,"caption":"narteks.net"},"image":{"@id":"https:\/\/narteks.net\/#\/schema\/logo\/image\/"},"sameAs":["https:\/\/x.com\/narteks","https:\/\/instagram.com\/narteksnet"]},{"@type":"Person","@id":"https:\/\/narteks.net\/#\/schema\/person\/61f37d9834294b72d31d274e7ed79bca","name":"Tar\u0131k","image":{"@type":"ImageObject","inLanguage":"tr","@id":"https:\/\/narteks.net\/#\/schema\/person\/image\/","url":"https:\/\/secure.gravatar.com\/avatar\/50865afb55632c4ae467e0af0930f6510aa2297d8014be502a55b14f3b7550cf?s=96&d=mm&r=g","contentUrl":"https:\/\/secure.gravatar.com\/avatar\/50865afb55632c4ae467e0af0930f6510aa2297d8014be502a55b14f3b7550cf?s=96&d=mm&r=g","caption":"Tar\u0131k"},"sameAs":["http:\/\/narteks.net"],"url":"https:\/\/narteks.net\/index.php\/author\/narbak\/"}]}},"_links":{"self":[{"href":"https:\/\/narteks.net\/index.php\/wp-json\/wp\/v2\/posts\/3429","targetHints":{"allow":["GET"]}}],"collection":[{"href":"https:\/\/narteks.net\/index.php\/wp-json\/wp\/v2\/posts"}],"about":[{"href":"https:\/\/narteks.net\/index.php\/wp-json\/wp\/v2\/types\/post"}],"author":[{"embeddable":true,"href":"https:\/\/narteks.net\/index.php\/wp-json\/wp\/v2\/users\/1"}],"replies":[{"embeddable":true,"href":"https:\/\/narteks.net\/index.php\/wp-json\/wp\/v2\/comments?post=3429"}],"version-history":[{"count":0,"href":"https:\/\/narteks.net\/index.php\/wp-json\/wp\/v2\/posts\/3429\/revisions"}],"wp:attachment":[{"href":"https:\/\/narteks.net\/index.php\/wp-json\/wp\/v2\/media?parent=3429"}],"wp:term":[{"taxonomy":"category","embeddable":true,"href":"https:\/\/narteks.net\/index.php\/wp-json\/wp\/v2\/categories?post=3429"},{"taxonomy":"post_tag","embeddable":true,"href":"https:\/\/narteks.net\/index.php\/wp-json\/wp\/v2\/tags?post=3429"}],"curies":[{"name":"wp","href":"https:\/\/api.w.org\/{rel}","templated":true}]}}