{"id":3431,"date":"2009-12-28T15:38:38","date_gmt":"2009-12-28T12:38:38","guid":{"rendered":"http:\/\/localhost\/wordpress\/2009\/12\/28\/gunesli-cayir\/"},"modified":"2009-12-28T15:38:38","modified_gmt":"2009-12-28T12:38:38","slug":"gunesli-cayir","status":"publish","type":"post","link":"https:\/\/narteks.net\/index.php\/2009\/12\/28\/gunesli-cayir\/","title":{"rendered":"G\u00dcNE\u015eL\u0130 \u00c7AYIR"},"content":{"rendered":"<p>\u00a0<\/p>\n<p>P\u0131narlardan i\u00e7iyorum seni <br \/> \u0130nce ve mavi bileklerinden, <br \/> K\u0131srak memelerinin g\u00fcrl\u00fc\u011f\u00fcnde <br \/> Sabah bah\u00e7elerinin serinli\u011finden. <\/p>\n<p> Ka\u00e7 ya\u015f\u0131ma gelirsem geleyim <br \/> \u00d6lmem ben gencim uzun y\u0131llar. <br \/> Ayna gibi akan bir dere <br \/> Ve dibinde beyaz \u00e7ak\u0131llar. <\/p>\n<p> Ya\u015fam\u0131m b\u00f6yle \u00e7a\u011flar gider <br \/> C\u0131rc\u0131rb\u00f6cekleri, ormanlar \u00f6tesinde, <br \/> Sar\u0131 kokusuyla harmanlar\u0131n <br \/> Ve d\u00fc\u011fenlerin ezip ge\u00e7mesinde. <\/p>\n<p> Ay\u0131\u015f\u0131\u011f\u0131 u\u00e7u\u015fsun g\u00f6zlerinden, <br \/> Teninden akl\u0131\u011f\u0131 sabahlar\u0131n. <br \/> Karanl\u0131k gecelerden \u00e7\u0131kt\u0131k\u00e7a <br \/> G\u00fcne\u015fli bir \u00e7ay\u0131rs\u0131n sen.<\/p>\n","protected":false},"excerpt":{"rendered":"<p>\u00a0 P\u0131narlardan i\u00e7iyorum seni \u0130nce ve mavi bileklerinden, K\u0131srak memelerinin g\u00fcrl\u00fc\u011f\u00fcnde Sabah bah\u00e7elerinin serinli\u011finden. Ka\u00e7 ya\u015f\u0131ma gelirsem geleyim \u00d6lmem ben gencim uzun y\u0131llar. Ayna gibi akan bir dere Ve dibinde beyaz \u00e7ak\u0131llar. Ya\u015fam\u0131m b\u00f6yle \u00e7a\u011flar gider C\u0131rc\u0131rb\u00f6cekleri, ormanlar \u00f6tesinde, Sar\u0131 kokusuyla harmanlar\u0131n Ve d\u00fc\u011fenlerin ezip ge\u00e7mesinde. Ay\u0131\u015f\u0131\u011f\u0131 u\u00e7u\u015fsun g\u00f6zlerinden, Teninden akl\u0131\u011f\u0131 sabahlar\u0131n. Karanl\u0131k gecelerden \u00e7\u0131kt\u0131k\u00e7a [&hellip;]<\/p>\n","protected":false},"author":1,"featured_media":0,"comment_status":"open","ping_status":"open","sticky":false,"template":"","format":"standard","meta":{"footnotes":""},"categories":[119],"tags":[],"class_list":{"0":"post-3431","1":"post","2":"type-post","3":"status-publish","4":"format-standard","6":"category-cahit-kulebi"},"yoast_head":"<!-- This site is optimized with the Yoast SEO Premium plugin v24.9 (Yoast SEO v24.9) - https:\/\/yoast.com\/wordpress\/plugins\/seo\/ -->\n<title>G\u00dcNE\u015eL\u0130 \u00c7AYIR - narteks.net<\/title>\n<meta name=\"robots\" content=\"index, follow, max-snippet:-1, max-image-preview:large, max-video-preview:-1\" \/>\n<link rel=\"canonical\" href=\"https:\/\/narteks.net\/index.php\/2009\/12\/28\/gunesli-cayir\/\" \/>\n<meta property=\"og:locale\" content=\"tr_TR\" \/>\n<meta property=\"og:type\" content=\"article\" \/>\n<meta property=\"og:title\" content=\"G\u00dcNE\u015eL\u0130 \u00c7AYIR\" \/>\n<meta property=\"og:description\" content=\"\u00a0 P\u0131narlardan i\u00e7iyorum seni \u0130nce ve mavi bileklerinden, K\u0131srak memelerinin g\u00fcrl\u00fc\u011f\u00fcnde Sabah bah\u00e7elerinin serinli\u011finden. Ka\u00e7 ya\u015f\u0131ma gelirsem geleyim \u00d6lmem ben gencim uzun y\u0131llar. Ayna gibi akan bir dere Ve dibinde beyaz \u00e7ak\u0131llar. Ya\u015fam\u0131m b\u00f6yle \u00e7a\u011flar gider C\u0131rc\u0131rb\u00f6cekleri, ormanlar \u00f6tesinde, Sar\u0131 kokusuyla harmanlar\u0131n Ve d\u00fc\u011fenlerin ezip ge\u00e7mesinde. Ay\u0131\u015f\u0131\u011f\u0131 u\u00e7u\u015fsun g\u00f6zlerinden, Teninden akl\u0131\u011f\u0131 sabahlar\u0131n. Karanl\u0131k gecelerden \u00e7\u0131kt\u0131k\u00e7a [&hellip;]\" \/>\n<meta property=\"og:url\" content=\"https:\/\/narteks.net\/index.php\/2009\/12\/28\/gunesli-cayir\/\" \/>\n<meta property=\"og:site_name\" content=\"narteks.net\" \/>\n<meta property=\"article:published_time\" content=\"2009-12-28T12:38:38+00:00\" \/>\n<meta property=\"og:image\" content=\"https:\/\/narteks.net\/wp-content\/uploads\/narteks.png\" \/>\n\t<meta property=\"og:image:width\" content=\"300\" \/>\n\t<meta property=\"og:image:height\" content=\"90\" \/>\n\t<meta property=\"og:image:type\" content=\"image\/png\" \/>\n<meta name=\"author\" content=\"Tar\u0131k\" \/>\n<meta name=\"twitter:card\" content=\"summary_large_image\" \/>\n<meta name=\"twitter:creator\" content=\"@narteks\" \/>\n<meta name=\"twitter:site\" content=\"@narteks\" \/>\n<meta name=\"twitter:label1\" content=\"Yazan:\" \/>\n\t<meta name=\"twitter:data1\" content=\"Tar\u0131k\" \/>\n<script type=\"application\/ld+json\" class=\"yoast-schema-graph\">{\"@context\":\"https:\/\/schema.org\",\"@graph\":[{\"@type\":\"Article\",\"@id\":\"https:\/\/narteks.net\/index.php\/2009\/12\/28\/gunesli-cayir\/#article\",\"isPartOf\":{\"@id\":\"https:\/\/narteks.net\/index.php\/2009\/12\/28\/gunesli-cayir\/\"},\"author\":{\"name\":\"Tar\u0131k\",\"@id\":\"https:\/\/narteks.net\/#\/schema\/person\/61f37d9834294b72d31d274e7ed79bca\"},\"headline\":\"G\u00dcNE\u015eL\u0130 \u00c7AYIR\",\"datePublished\":\"2009-12-28T12:38:38+00:00\",\"mainEntityOfPage\":{\"@id\":\"https:\/\/narteks.net\/index.php\/2009\/12\/28\/gunesli-cayir\/\"},\"wordCount\":93,\"commentCount\":0,\"publisher\":{\"@id\":\"https:\/\/narteks.net\/#organization\"},\"articleSection\":[\"Cahit K\u00dcLEB\u0130\"],\"inLanguage\":\"tr\",\"potentialAction\":[{\"@type\":\"CommentAction\",\"name\":\"Comment\",\"target\":[\"https:\/\/narteks.net\/index.php\/2009\/12\/28\/gunesli-cayir\/#respond\"]}]},{\"@type\":\"WebPage\",\"@id\":\"https:\/\/narteks.net\/index.php\/2009\/12\/28\/gunesli-cayir\/\",\"url\":\"https:\/\/narteks.net\/index.php\/2009\/12\/28\/gunesli-cayir\/\",\"name\":\"G\u00dcNE\u015eL\u0130 \u00c7AYIR - narteks.net\",\"isPartOf\":{\"@id\":\"https:\/\/narteks.net\/#website\"},\"datePublished\":\"2009-12-28T12:38:38+00:00\",\"breadcrumb\":{\"@id\":\"https:\/\/narteks.net\/index.php\/2009\/12\/28\/gunesli-cayir\/#breadcrumb\"},\"inLanguage\":\"tr\",\"potentialAction\":[{\"@type\":\"ReadAction\",\"target\":[\"https:\/\/narteks.net\/index.php\/2009\/12\/28\/gunesli-cayir\/\"]}]},{\"@type\":\"BreadcrumbList\",\"@id\":\"https:\/\/narteks.net\/index.php\/2009\/12\/28\/gunesli-cayir\/#breadcrumb\",\"itemListElement\":[{\"@type\":\"ListItem\",\"position\":1,\"name\":\"Anasayfa\",\"item\":\"https:\/\/narteks.net\/\"},{\"@type\":\"ListItem\",\"position\":2,\"name\":\"G\u00dcNE\u015eL\u0130 \u00c7AYIR\"}]},{\"@type\":\"WebSite\",\"@id\":\"https:\/\/narteks.net\/#website\",\"url\":\"https:\/\/narteks.net\/\",\"name\":\"narteks.net\",\"description\":\"K\u00fclt\u00fcr Sanat Edebiyat Felsefe\",\"publisher\":{\"@id\":\"https:\/\/narteks.net\/#organization\"},\"alternateName\":\"K\u00fclt\u00fcr Sanat Edebiyat Felsefe\",\"potentialAction\":[{\"@type\":\"SearchAction\",\"target\":{\"@type\":\"EntryPoint\",\"urlTemplate\":\"https:\/\/narteks.net\/?s={search_term_string}\"},\"query-input\":{\"@type\":\"PropertyValueSpecification\",\"valueRequired\":true,\"valueName\":\"search_term_string\"}}],\"inLanguage\":\"tr\"},{\"@type\":\"Organization\",\"@id\":\"https:\/\/narteks.net\/#organization\",\"name\":\"narteks.net\",\"url\":\"https:\/\/narteks.net\/\",\"logo\":{\"@type\":\"ImageObject\",\"inLanguage\":\"tr\",\"@id\":\"https:\/\/narteks.net\/#\/schema\/logo\/image\/\",\"url\":\"https:\/\/narteks.net\/wp-content\/uploads\/narteks.png\",\"contentUrl\":\"https:\/\/narteks.net\/wp-content\/uploads\/narteks.png\",\"width\":300,\"height\":90,\"caption\":\"narteks.net\"},\"image\":{\"@id\":\"https:\/\/narteks.net\/#\/schema\/logo\/image\/\"},\"sameAs\":[\"https:\/\/x.com\/narteks\",\"https:\/\/instagram.com\/narteksnet\"]},{\"@type\":\"Person\",\"@id\":\"https:\/\/narteks.net\/#\/schema\/person\/61f37d9834294b72d31d274e7ed79bca\",\"name\":\"Tar\u0131k\",\"image\":{\"@type\":\"ImageObject\",\"inLanguage\":\"tr\",\"@id\":\"https:\/\/narteks.net\/#\/schema\/person\/image\/\",\"url\":\"https:\/\/secure.gravatar.com\/avatar\/50865afb55632c4ae467e0af0930f6510aa2297d8014be502a55b14f3b7550cf?s=96&d=mm&r=g\",\"contentUrl\":\"https:\/\/secure.gravatar.com\/avatar\/50865afb55632c4ae467e0af0930f6510aa2297d8014be502a55b14f3b7550cf?s=96&d=mm&r=g\",\"caption\":\"Tar\u0131k\"},\"sameAs\":[\"http:\/\/narteks.net\"],\"url\":\"https:\/\/narteks.net\/index.php\/author\/narbak\/\"}]}<\/script>\n<!-- \/ Yoast SEO Premium plugin. -->","yoast_head_json":{"title":"G\u00dcNE\u015eL\u0130 \u00c7AYIR - narteks.net","robots":{"index":"index","follow":"follow","max-snippet":"max-snippet:-1","max-image-preview":"max-image-preview:large","max-video-preview":"max-video-preview:-1"},"canonical":"https:\/\/narteks.net\/index.php\/2009\/12\/28\/gunesli-cayir\/","og_locale":"tr_TR","og_type":"article","og_title":"G\u00dcNE\u015eL\u0130 \u00c7AYIR","og_description":"\u00a0 P\u0131narlardan i\u00e7iyorum seni \u0130nce ve mavi bileklerinden, K\u0131srak memelerinin g\u00fcrl\u00fc\u011f\u00fcnde Sabah bah\u00e7elerinin serinli\u011finden. Ka\u00e7 ya\u015f\u0131ma gelirsem geleyim \u00d6lmem ben gencim uzun y\u0131llar. Ayna gibi akan bir dere Ve dibinde beyaz \u00e7ak\u0131llar. Ya\u015fam\u0131m b\u00f6yle \u00e7a\u011flar gider C\u0131rc\u0131rb\u00f6cekleri, ormanlar \u00f6tesinde, Sar\u0131 kokusuyla harmanlar\u0131n Ve d\u00fc\u011fenlerin ezip ge\u00e7mesinde. Ay\u0131\u015f\u0131\u011f\u0131 u\u00e7u\u015fsun g\u00f6zlerinden, Teninden akl\u0131\u011f\u0131 sabahlar\u0131n. Karanl\u0131k gecelerden \u00e7\u0131kt\u0131k\u00e7a [&hellip;]","og_url":"https:\/\/narteks.net\/index.php\/2009\/12\/28\/gunesli-cayir\/","og_site_name":"narteks.net","article_published_time":"2009-12-28T12:38:38+00:00","og_image":[{"width":300,"height":90,"url":"https:\/\/narteks.net\/wp-content\/uploads\/narteks.png","type":"image\/png"}],"author":"Tar\u0131k","twitter_card":"summary_large_image","twitter_creator":"@narteks","twitter_site":"@narteks","twitter_misc":{"Yazan:":"Tar\u0131k"},"schema":{"@context":"https:\/\/schema.org","@graph":[{"@type":"Article","@id":"https:\/\/narteks.net\/index.php\/2009\/12\/28\/gunesli-cayir\/#article","isPartOf":{"@id":"https:\/\/narteks.net\/index.php\/2009\/12\/28\/gunesli-cayir\/"},"author":{"name":"Tar\u0131k","@id":"https:\/\/narteks.net\/#\/schema\/person\/61f37d9834294b72d31d274e7ed79bca"},"headline":"G\u00dcNE\u015eL\u0130 \u00c7AYIR","datePublished":"2009-12-28T12:38:38+00:00","mainEntityOfPage":{"@id":"https:\/\/narteks.net\/index.php\/2009\/12\/28\/gunesli-cayir\/"},"wordCount":93,"commentCount":0,"publisher":{"@id":"https:\/\/narteks.net\/#organization"},"articleSection":["Cahit K\u00dcLEB\u0130"],"inLanguage":"tr","potentialAction":[{"@type":"CommentAction","name":"Comment","target":["https:\/\/narteks.net\/index.php\/2009\/12\/28\/gunesli-cayir\/#respond"]}]},{"@type":"WebPage","@id":"https:\/\/narteks.net\/index.php\/2009\/12\/28\/gunesli-cayir\/","url":"https:\/\/narteks.net\/index.php\/2009\/12\/28\/gunesli-cayir\/","name":"G\u00dcNE\u015eL\u0130 \u00c7AYIR - narteks.net","isPartOf":{"@id":"https:\/\/narteks.net\/#website"},"datePublished":"2009-12-28T12:38:38+00:00","breadcrumb":{"@id":"https:\/\/narteks.net\/index.php\/2009\/12\/28\/gunesli-cayir\/#breadcrumb"},"inLanguage":"tr","potentialAction":[{"@type":"ReadAction","target":["https:\/\/narteks.net\/index.php\/2009\/12\/28\/gunesli-cayir\/"]}]},{"@type":"BreadcrumbList","@id":"https:\/\/narteks.net\/index.php\/2009\/12\/28\/gunesli-cayir\/#breadcrumb","itemListElement":[{"@type":"ListItem","position":1,"name":"Anasayfa","item":"https:\/\/narteks.net\/"},{"@type":"ListItem","position":2,"name":"G\u00dcNE\u015eL\u0130 \u00c7AYIR"}]},{"@type":"WebSite","@id":"https:\/\/narteks.net\/#website","url":"https:\/\/narteks.net\/","name":"narteks.net","description":"K\u00fclt\u00fcr Sanat Edebiyat Felsefe","publisher":{"@id":"https:\/\/narteks.net\/#organization"},"alternateName":"K\u00fclt\u00fcr Sanat Edebiyat Felsefe","potentialAction":[{"@type":"SearchAction","target":{"@type":"EntryPoint","urlTemplate":"https:\/\/narteks.net\/?s={search_term_string}"},"query-input":{"@type":"PropertyValueSpecification","valueRequired":true,"valueName":"search_term_string"}}],"inLanguage":"tr"},{"@type":"Organization","@id":"https:\/\/narteks.net\/#organization","name":"narteks.net","url":"https:\/\/narteks.net\/","logo":{"@type":"ImageObject","inLanguage":"tr","@id":"https:\/\/narteks.net\/#\/schema\/logo\/image\/","url":"https:\/\/narteks.net\/wp-content\/uploads\/narteks.png","contentUrl":"https:\/\/narteks.net\/wp-content\/uploads\/narteks.png","width":300,"height":90,"caption":"narteks.net"},"image":{"@id":"https:\/\/narteks.net\/#\/schema\/logo\/image\/"},"sameAs":["https:\/\/x.com\/narteks","https:\/\/instagram.com\/narteksnet"]},{"@type":"Person","@id":"https:\/\/narteks.net\/#\/schema\/person\/61f37d9834294b72d31d274e7ed79bca","name":"Tar\u0131k","image":{"@type":"ImageObject","inLanguage":"tr","@id":"https:\/\/narteks.net\/#\/schema\/person\/image\/","url":"https:\/\/secure.gravatar.com\/avatar\/50865afb55632c4ae467e0af0930f6510aa2297d8014be502a55b14f3b7550cf?s=96&d=mm&r=g","contentUrl":"https:\/\/secure.gravatar.com\/avatar\/50865afb55632c4ae467e0af0930f6510aa2297d8014be502a55b14f3b7550cf?s=96&d=mm&r=g","caption":"Tar\u0131k"},"sameAs":["http:\/\/narteks.net"],"url":"https:\/\/narteks.net\/index.php\/author\/narbak\/"}]}},"_links":{"self":[{"href":"https:\/\/narteks.net\/index.php\/wp-json\/wp\/v2\/posts\/3431","targetHints":{"allow":["GET"]}}],"collection":[{"href":"https:\/\/narteks.net\/index.php\/wp-json\/wp\/v2\/posts"}],"about":[{"href":"https:\/\/narteks.net\/index.php\/wp-json\/wp\/v2\/types\/post"}],"author":[{"embeddable":true,"href":"https:\/\/narteks.net\/index.php\/wp-json\/wp\/v2\/users\/1"}],"replies":[{"embeddable":true,"href":"https:\/\/narteks.net\/index.php\/wp-json\/wp\/v2\/comments?post=3431"}],"version-history":[{"count":0,"href":"https:\/\/narteks.net\/index.php\/wp-json\/wp\/v2\/posts\/3431\/revisions"}],"wp:attachment":[{"href":"https:\/\/narteks.net\/index.php\/wp-json\/wp\/v2\/media?parent=3431"}],"wp:term":[{"taxonomy":"category","embeddable":true,"href":"https:\/\/narteks.net\/index.php\/wp-json\/wp\/v2\/categories?post=3431"},{"taxonomy":"post_tag","embeddable":true,"href":"https:\/\/narteks.net\/index.php\/wp-json\/wp\/v2\/tags?post=3431"}],"curies":[{"name":"wp","href":"https:\/\/api.w.org\/{rel}","templated":true}]}}