{"id":3432,"date":"2009-12-28T15:39:12","date_gmt":"2009-12-28T12:39:12","guid":{"rendered":"http:\/\/localhost\/wordpress\/2009\/12\/28\/gunler-bana-bir-hikaye-anlatti\/"},"modified":"2009-12-28T15:39:12","modified_gmt":"2009-12-28T12:39:12","slug":"gunler-bana-bir-hikaye-anlatti","status":"publish","type":"post","link":"https:\/\/narteks.net\/index.php\/2009\/12\/28\/gunler-bana-bir-hikaye-anlatti\/","title":{"rendered":"G\u00dcNLER BANA B\u0130R H\u0130KAYE ANLATTI"},"content":{"rendered":"<p>\u00a0<\/p>\n<p>Ge\u00e7en g\u00fcn bir kad\u0131n g\u00f6rd\u00fcm, <br \/> Kuca\u011f\u0131nda bir \u00e7ocuk vard\u0131. <br \/> Y\u00fcz\u00fc kehribar rengindeydi. <br \/> Ne oldu sana bebek dedim <br \/> Noldu da b\u00f6yle zay\u0131flad\u0131n? <br \/> \u00c7ocuk y\u00fcz\u00fcme bak\u0131p g\u00fcld\u00fc. <br \/> Ge\u00e7en g\u00fcn bir \u00e7ocuk g\u00f6rd\u00fcm <br \/> Y\u00fcz\u00fc kehribar rengindeydi. <\/p>\n<p> Ge\u00e7en g\u00fcn bir gelin g\u00f6rd\u00fcm <br \/> Gelinin y\u00fcz\u00fc g\u00fcl rengindeydi. <br \/> Kocas\u0131n\u0131n koluna as\u0131larak gider. <br \/> Ne oldu gelin sana dedim, <br \/> Noldu da b\u00f6yle g\u00fczelle\u015ftin? <br \/> Gelin y\u00fcz\u00fcme bak\u0131p g\u00fcld\u00fc. <br \/> G\u00f6zleri zeytin rengindeydi. <\/p>\n<p> \u00c7ok g\u00fcvenme haline gelin dedim <br \/> Bir g\u00fcn gelir sen de anlars\u0131n. <br \/> D\u00fcnya dedi\u011fin \u015feker \u015ferbet <br \/> \u0130\u00e7i ba\u015fka d\u0131\u015f\u0131 ba\u015fkad\u0131r. <br \/> Bir g\u00fcn \u015fu kad\u0131na d\u00f6nersin, <br \/> D\u00f6nersin de sonra a\u011flars\u0131n. <br \/> \u00c7ok g\u00fcvenme haline gelin dedim. <\/p>\n<p> Ge\u00e7en g\u00fcn bir adam g\u00f6rd\u00fcm <br \/> Bir \u015feyden korkar gibiydi. <br \/> Kim korkuttu adam seni dedim <br \/> Herif y\u00fcz\u00fcme bak\u0131p g\u00fcld\u00fc, <br \/> Ge\u00e7en g\u00fcn bir adam g\u00f6rd\u00fcm. <\/p>\n<p> Dayanam\u0131yorum onlar\u0131n haline <br \/> Y\u00fcre\u011fime oklar saplan\u0131yor. <br \/> \u0130stiyorum ki kad\u0131nlar her zaman <br \/> Vefal\u0131, iyi, s\u0131cak, <br \/> Erkekler sa\u011flam yap\u0131l\u0131, \u00e7al\u0131\u015fkan, <br \/> \u00c7ocuklar tosun gibi, <br \/> \u0130stiyorum ki p\u0131r\u0131l p\u0131r\u0131l olsun <br \/> D\u00fcnyam\u0131z\u0131n g\u00fcnleri. <br \/> Ne \u00e7are evdeki hesap <br \/> \u00c7ar\u015f\u0131dakine uymuyor <br \/> \u0130nsanlar bol bol laf ediyor ya <br \/> Yine de i\u015flerine <br \/> Ak\u0131l fikir ermiyor. <\/p>\n<p> Bizim bir d\u00fcnyam\u0131z var ki <br \/> \u0130stesek g\u00fczel olur, <br \/> Denize gisek bal\u0131k gibi <br \/> Yumu\u015far kemiklerimiz, <br \/> G\u00fcne\u015fin alt\u0131nda otursak <br \/> Is\u0131n\u0131r dinleniriz. <br \/> Bizimdir r\u00fczgar\u0131, a\u011fac\u0131, meyvesi <br \/> Bizimdir dostlu\u011fu, karde\u015fli\u011fi, sevdas\u0131. <br \/> Ama biz insano\u011fullar\u0131 <br \/> Babadan mirasa konmu\u015fuz <br \/> Her g\u00fcn bir ta\u015f\u0131n\u0131 s\u00f6ker atar\u0131z <br \/> Hele bir i\u015fimize elversin <br \/> Tozu dumana katar\u0131z. <br \/> Ama biz insano\u011fullar\u0131 <br \/> Babadan mirasa konmu\u015fuz.<\/p>\n","protected":false},"excerpt":{"rendered":"<p>\u00a0 Ge\u00e7en g\u00fcn bir kad\u0131n g\u00f6rd\u00fcm, Kuca\u011f\u0131nda bir \u00e7ocuk vard\u0131. Y\u00fcz\u00fc kehribar rengindeydi. Ne oldu sana bebek dedim Noldu da b\u00f6yle zay\u0131flad\u0131n? \u00c7ocuk y\u00fcz\u00fcme bak\u0131p g\u00fcld\u00fc. Ge\u00e7en g\u00fcn bir \u00e7ocuk g\u00f6rd\u00fcm Y\u00fcz\u00fc kehribar rengindeydi. Ge\u00e7en g\u00fcn bir gelin g\u00f6rd\u00fcm Gelinin y\u00fcz\u00fc g\u00fcl rengindeydi. Kocas\u0131n\u0131n koluna as\u0131larak gider. Ne oldu gelin sana dedim, Noldu da b\u00f6yle [&hellip;]<\/p>\n","protected":false},"author":1,"featured_media":0,"comment_status":"open","ping_status":"open","sticky":false,"template":"","format":"standard","meta":{"footnotes":""},"categories":[119],"tags":[],"class_list":{"0":"post-3432","1":"post","2":"type-post","3":"status-publish","4":"format-standard","6":"category-cahit-kulebi"},"yoast_head":"<!-- This site is optimized with the Yoast SEO Premium plugin v24.9 (Yoast SEO v24.9) - https:\/\/yoast.com\/wordpress\/plugins\/seo\/ -->\n<title>G\u00dcNLER BANA B\u0130R H\u0130KAYE ANLATTI - narteks.net<\/title>\n<meta name=\"robots\" content=\"index, follow, max-snippet:-1, max-image-preview:large, max-video-preview:-1\" \/>\n<link rel=\"canonical\" href=\"https:\/\/narteks.net\/index.php\/2009\/12\/28\/gunler-bana-bir-hikaye-anlatti\/\" \/>\n<meta property=\"og:locale\" content=\"tr_TR\" \/>\n<meta property=\"og:type\" content=\"article\" \/>\n<meta property=\"og:title\" content=\"G\u00dcNLER BANA B\u0130R H\u0130KAYE ANLATTI\" \/>\n<meta property=\"og:description\" content=\"\u00a0 Ge\u00e7en g\u00fcn bir kad\u0131n g\u00f6rd\u00fcm, Kuca\u011f\u0131nda bir \u00e7ocuk vard\u0131. Y\u00fcz\u00fc kehribar rengindeydi. Ne oldu sana bebek dedim Noldu da b\u00f6yle zay\u0131flad\u0131n? \u00c7ocuk y\u00fcz\u00fcme bak\u0131p g\u00fcld\u00fc. Ge\u00e7en g\u00fcn bir \u00e7ocuk g\u00f6rd\u00fcm Y\u00fcz\u00fc kehribar rengindeydi. Ge\u00e7en g\u00fcn bir gelin g\u00f6rd\u00fcm Gelinin y\u00fcz\u00fc g\u00fcl rengindeydi. Kocas\u0131n\u0131n koluna as\u0131larak gider. Ne oldu gelin sana dedim, Noldu da b\u00f6yle [&hellip;]\" \/>\n<meta property=\"og:url\" content=\"https:\/\/narteks.net\/index.php\/2009\/12\/28\/gunler-bana-bir-hikaye-anlatti\/\" \/>\n<meta property=\"og:site_name\" content=\"narteks.net\" \/>\n<meta property=\"article:published_time\" content=\"2009-12-28T12:39:12+00:00\" \/>\n<meta property=\"og:image\" content=\"https:\/\/narteks.net\/wp-content\/uploads\/narteks.png\" \/>\n\t<meta property=\"og:image:width\" content=\"300\" \/>\n\t<meta property=\"og:image:height\" content=\"90\" \/>\n\t<meta property=\"og:image:type\" content=\"image\/png\" \/>\n<meta name=\"author\" content=\"Tar\u0131k\" \/>\n<meta name=\"twitter:card\" content=\"summary_large_image\" \/>\n<meta name=\"twitter:creator\" content=\"@narteks\" \/>\n<meta name=\"twitter:site\" content=\"@narteks\" \/>\n<meta name=\"twitter:label1\" content=\"Yazan:\" \/>\n\t<meta name=\"twitter:data1\" content=\"Tar\u0131k\" \/>\n\t<meta name=\"twitter:label2\" content=\"Tahmini okuma s\u00fcresi\" \/>\n\t<meta name=\"twitter:data2\" content=\"2 dakika\" \/>\n<script type=\"application\/ld+json\" class=\"yoast-schema-graph\">{\"@context\":\"https:\/\/schema.org\",\"@graph\":[{\"@type\":\"Article\",\"@id\":\"https:\/\/narteks.net\/index.php\/2009\/12\/28\/gunler-bana-bir-hikaye-anlatti\/#article\",\"isPartOf\":{\"@id\":\"https:\/\/narteks.net\/index.php\/2009\/12\/28\/gunler-bana-bir-hikaye-anlatti\/\"},\"author\":{\"name\":\"Tar\u0131k\",\"@id\":\"https:\/\/narteks.net\/#\/schema\/person\/61f37d9834294b72d31d274e7ed79bca\"},\"headline\":\"G\u00dcNLER BANA B\u0130R H\u0130KAYE ANLATTI\",\"datePublished\":\"2009-12-28T12:39:12+00:00\",\"mainEntityOfPage\":{\"@id\":\"https:\/\/narteks.net\/index.php\/2009\/12\/28\/gunler-bana-bir-hikaye-anlatti\/\"},\"wordCount\":333,\"commentCount\":0,\"publisher\":{\"@id\":\"https:\/\/narteks.net\/#organization\"},\"articleSection\":[\"Cahit K\u00dcLEB\u0130\"],\"inLanguage\":\"tr\",\"potentialAction\":[{\"@type\":\"CommentAction\",\"name\":\"Comment\",\"target\":[\"https:\/\/narteks.net\/index.php\/2009\/12\/28\/gunler-bana-bir-hikaye-anlatti\/#respond\"]}]},{\"@type\":\"WebPage\",\"@id\":\"https:\/\/narteks.net\/index.php\/2009\/12\/28\/gunler-bana-bir-hikaye-anlatti\/\",\"url\":\"https:\/\/narteks.net\/index.php\/2009\/12\/28\/gunler-bana-bir-hikaye-anlatti\/\",\"name\":\"G\u00dcNLER BANA B\u0130R H\u0130KAYE ANLATTI - narteks.net\",\"isPartOf\":{\"@id\":\"https:\/\/narteks.net\/#website\"},\"datePublished\":\"2009-12-28T12:39:12+00:00\",\"breadcrumb\":{\"@id\":\"https:\/\/narteks.net\/index.php\/2009\/12\/28\/gunler-bana-bir-hikaye-anlatti\/#breadcrumb\"},\"inLanguage\":\"tr\",\"potentialAction\":[{\"@type\":\"ReadAction\",\"target\":[\"https:\/\/narteks.net\/index.php\/2009\/12\/28\/gunler-bana-bir-hikaye-anlatti\/\"]}]},{\"@type\":\"BreadcrumbList\",\"@id\":\"https:\/\/narteks.net\/index.php\/2009\/12\/28\/gunler-bana-bir-hikaye-anlatti\/#breadcrumb\",\"itemListElement\":[{\"@type\":\"ListItem\",\"position\":1,\"name\":\"Anasayfa\",\"item\":\"https:\/\/narteks.net\/\"},{\"@type\":\"ListItem\",\"position\":2,\"name\":\"G\u00dcNLER BANA B\u0130R H\u0130KAYE ANLATTI\"}]},{\"@type\":\"WebSite\",\"@id\":\"https:\/\/narteks.net\/#website\",\"url\":\"https:\/\/narteks.net\/\",\"name\":\"narteks.net\",\"description\":\"K\u00fclt\u00fcr Sanat Edebiyat Felsefe\",\"publisher\":{\"@id\":\"https:\/\/narteks.net\/#organization\"},\"alternateName\":\"K\u00fclt\u00fcr Sanat Edebiyat Felsefe\",\"potentialAction\":[{\"@type\":\"SearchAction\",\"target\":{\"@type\":\"EntryPoint\",\"urlTemplate\":\"https:\/\/narteks.net\/?s={search_term_string}\"},\"query-input\":{\"@type\":\"PropertyValueSpecification\",\"valueRequired\":true,\"valueName\":\"search_term_string\"}}],\"inLanguage\":\"tr\"},{\"@type\":\"Organization\",\"@id\":\"https:\/\/narteks.net\/#organization\",\"name\":\"narteks.net\",\"url\":\"https:\/\/narteks.net\/\",\"logo\":{\"@type\":\"ImageObject\",\"inLanguage\":\"tr\",\"@id\":\"https:\/\/narteks.net\/#\/schema\/logo\/image\/\",\"url\":\"https:\/\/narteks.net\/wp-content\/uploads\/narteks.png\",\"contentUrl\":\"https:\/\/narteks.net\/wp-content\/uploads\/narteks.png\",\"width\":300,\"height\":90,\"caption\":\"narteks.net\"},\"image\":{\"@id\":\"https:\/\/narteks.net\/#\/schema\/logo\/image\/\"},\"sameAs\":[\"https:\/\/x.com\/narteks\",\"https:\/\/instagram.com\/narteksnet\"]},{\"@type\":\"Person\",\"@id\":\"https:\/\/narteks.net\/#\/schema\/person\/61f37d9834294b72d31d274e7ed79bca\",\"name\":\"Tar\u0131k\",\"image\":{\"@type\":\"ImageObject\",\"inLanguage\":\"tr\",\"@id\":\"https:\/\/narteks.net\/#\/schema\/person\/image\/\",\"url\":\"https:\/\/secure.gravatar.com\/avatar\/50865afb55632c4ae467e0af0930f6510aa2297d8014be502a55b14f3b7550cf?s=96&d=mm&r=g\",\"contentUrl\":\"https:\/\/secure.gravatar.com\/avatar\/50865afb55632c4ae467e0af0930f6510aa2297d8014be502a55b14f3b7550cf?s=96&d=mm&r=g\",\"caption\":\"Tar\u0131k\"},\"sameAs\":[\"http:\/\/narteks.net\"],\"url\":\"https:\/\/narteks.net\/index.php\/author\/narbak\/\"}]}<\/script>\n<!-- \/ Yoast SEO Premium plugin. -->","yoast_head_json":{"title":"G\u00dcNLER BANA B\u0130R H\u0130KAYE ANLATTI - narteks.net","robots":{"index":"index","follow":"follow","max-snippet":"max-snippet:-1","max-image-preview":"max-image-preview:large","max-video-preview":"max-video-preview:-1"},"canonical":"https:\/\/narteks.net\/index.php\/2009\/12\/28\/gunler-bana-bir-hikaye-anlatti\/","og_locale":"tr_TR","og_type":"article","og_title":"G\u00dcNLER BANA B\u0130R H\u0130KAYE ANLATTI","og_description":"\u00a0 Ge\u00e7en g\u00fcn bir kad\u0131n g\u00f6rd\u00fcm, Kuca\u011f\u0131nda bir \u00e7ocuk vard\u0131. Y\u00fcz\u00fc kehribar rengindeydi. Ne oldu sana bebek dedim Noldu da b\u00f6yle zay\u0131flad\u0131n? \u00c7ocuk y\u00fcz\u00fcme bak\u0131p g\u00fcld\u00fc. Ge\u00e7en g\u00fcn bir \u00e7ocuk g\u00f6rd\u00fcm Y\u00fcz\u00fc kehribar rengindeydi. Ge\u00e7en g\u00fcn bir gelin g\u00f6rd\u00fcm Gelinin y\u00fcz\u00fc g\u00fcl rengindeydi. Kocas\u0131n\u0131n koluna as\u0131larak gider. Ne oldu gelin sana dedim, Noldu da b\u00f6yle [&hellip;]","og_url":"https:\/\/narteks.net\/index.php\/2009\/12\/28\/gunler-bana-bir-hikaye-anlatti\/","og_site_name":"narteks.net","article_published_time":"2009-12-28T12:39:12+00:00","og_image":[{"width":300,"height":90,"url":"https:\/\/narteks.net\/wp-content\/uploads\/narteks.png","type":"image\/png"}],"author":"Tar\u0131k","twitter_card":"summary_large_image","twitter_creator":"@narteks","twitter_site":"@narteks","twitter_misc":{"Yazan:":"Tar\u0131k","Tahmini okuma s\u00fcresi":"2 dakika"},"schema":{"@context":"https:\/\/schema.org","@graph":[{"@type":"Article","@id":"https:\/\/narteks.net\/index.php\/2009\/12\/28\/gunler-bana-bir-hikaye-anlatti\/#article","isPartOf":{"@id":"https:\/\/narteks.net\/index.php\/2009\/12\/28\/gunler-bana-bir-hikaye-anlatti\/"},"author":{"name":"Tar\u0131k","@id":"https:\/\/narteks.net\/#\/schema\/person\/61f37d9834294b72d31d274e7ed79bca"},"headline":"G\u00dcNLER BANA B\u0130R H\u0130KAYE ANLATTI","datePublished":"2009-12-28T12:39:12+00:00","mainEntityOfPage":{"@id":"https:\/\/narteks.net\/index.php\/2009\/12\/28\/gunler-bana-bir-hikaye-anlatti\/"},"wordCount":333,"commentCount":0,"publisher":{"@id":"https:\/\/narteks.net\/#organization"},"articleSection":["Cahit K\u00dcLEB\u0130"],"inLanguage":"tr","potentialAction":[{"@type":"CommentAction","name":"Comment","target":["https:\/\/narteks.net\/index.php\/2009\/12\/28\/gunler-bana-bir-hikaye-anlatti\/#respond"]}]},{"@type":"WebPage","@id":"https:\/\/narteks.net\/index.php\/2009\/12\/28\/gunler-bana-bir-hikaye-anlatti\/","url":"https:\/\/narteks.net\/index.php\/2009\/12\/28\/gunler-bana-bir-hikaye-anlatti\/","name":"G\u00dcNLER BANA B\u0130R H\u0130KAYE ANLATTI - narteks.net","isPartOf":{"@id":"https:\/\/narteks.net\/#website"},"datePublished":"2009-12-28T12:39:12+00:00","breadcrumb":{"@id":"https:\/\/narteks.net\/index.php\/2009\/12\/28\/gunler-bana-bir-hikaye-anlatti\/#breadcrumb"},"inLanguage":"tr","potentialAction":[{"@type":"ReadAction","target":["https:\/\/narteks.net\/index.php\/2009\/12\/28\/gunler-bana-bir-hikaye-anlatti\/"]}]},{"@type":"BreadcrumbList","@id":"https:\/\/narteks.net\/index.php\/2009\/12\/28\/gunler-bana-bir-hikaye-anlatti\/#breadcrumb","itemListElement":[{"@type":"ListItem","position":1,"name":"Anasayfa","item":"https:\/\/narteks.net\/"},{"@type":"ListItem","position":2,"name":"G\u00dcNLER BANA B\u0130R H\u0130KAYE ANLATTI"}]},{"@type":"WebSite","@id":"https:\/\/narteks.net\/#website","url":"https:\/\/narteks.net\/","name":"narteks.net","description":"K\u00fclt\u00fcr Sanat Edebiyat Felsefe","publisher":{"@id":"https:\/\/narteks.net\/#organization"},"alternateName":"K\u00fclt\u00fcr Sanat Edebiyat Felsefe","potentialAction":[{"@type":"SearchAction","target":{"@type":"EntryPoint","urlTemplate":"https:\/\/narteks.net\/?s={search_term_string}"},"query-input":{"@type":"PropertyValueSpecification","valueRequired":true,"valueName":"search_term_string"}}],"inLanguage":"tr"},{"@type":"Organization","@id":"https:\/\/narteks.net\/#organization","name":"narteks.net","url":"https:\/\/narteks.net\/","logo":{"@type":"ImageObject","inLanguage":"tr","@id":"https:\/\/narteks.net\/#\/schema\/logo\/image\/","url":"https:\/\/narteks.net\/wp-content\/uploads\/narteks.png","contentUrl":"https:\/\/narteks.net\/wp-content\/uploads\/narteks.png","width":300,"height":90,"caption":"narteks.net"},"image":{"@id":"https:\/\/narteks.net\/#\/schema\/logo\/image\/"},"sameAs":["https:\/\/x.com\/narteks","https:\/\/instagram.com\/narteksnet"]},{"@type":"Person","@id":"https:\/\/narteks.net\/#\/schema\/person\/61f37d9834294b72d31d274e7ed79bca","name":"Tar\u0131k","image":{"@type":"ImageObject","inLanguage":"tr","@id":"https:\/\/narteks.net\/#\/schema\/person\/image\/","url":"https:\/\/secure.gravatar.com\/avatar\/50865afb55632c4ae467e0af0930f6510aa2297d8014be502a55b14f3b7550cf?s=96&d=mm&r=g","contentUrl":"https:\/\/secure.gravatar.com\/avatar\/50865afb55632c4ae467e0af0930f6510aa2297d8014be502a55b14f3b7550cf?s=96&d=mm&r=g","caption":"Tar\u0131k"},"sameAs":["http:\/\/narteks.net"],"url":"https:\/\/narteks.net\/index.php\/author\/narbak\/"}]}},"_links":{"self":[{"href":"https:\/\/narteks.net\/index.php\/wp-json\/wp\/v2\/posts\/3432","targetHints":{"allow":["GET"]}}],"collection":[{"href":"https:\/\/narteks.net\/index.php\/wp-json\/wp\/v2\/posts"}],"about":[{"href":"https:\/\/narteks.net\/index.php\/wp-json\/wp\/v2\/types\/post"}],"author":[{"embeddable":true,"href":"https:\/\/narteks.net\/index.php\/wp-json\/wp\/v2\/users\/1"}],"replies":[{"embeddable":true,"href":"https:\/\/narteks.net\/index.php\/wp-json\/wp\/v2\/comments?post=3432"}],"version-history":[{"count":0,"href":"https:\/\/narteks.net\/index.php\/wp-json\/wp\/v2\/posts\/3432\/revisions"}],"wp:attachment":[{"href":"https:\/\/narteks.net\/index.php\/wp-json\/wp\/v2\/media?parent=3432"}],"wp:term":[{"taxonomy":"category","embeddable":true,"href":"https:\/\/narteks.net\/index.php\/wp-json\/wp\/v2\/categories?post=3432"},{"taxonomy":"post_tag","embeddable":true,"href":"https:\/\/narteks.net\/index.php\/wp-json\/wp\/v2\/tags?post=3432"}],"curies":[{"name":"wp","href":"https:\/\/api.w.org\/{rel}","templated":true}]}}