{"id":3438,"date":"2009-12-28T16:14:45","date_gmt":"2009-12-28T13:14:45","guid":{"rendered":"http:\/\/localhost\/wordpress\/2009\/12\/28\/istanbul-3\/"},"modified":"2009-12-28T16:14:45","modified_gmt":"2009-12-28T13:14:45","slug":"istanbul-3","status":"publish","type":"post","link":"https:\/\/narteks.net\/index.php\/2009\/12\/28\/istanbul-3\/","title":{"rendered":"\u0130STANBUL"},"content":{"rendered":"<p>\u00a0<\/p>\n<p>Kamyonlar kavun ta\u015f\u0131r ve ben<br \/> Boyuna onu d\u00fc\u015f\u00fcn\u00fcrd\u00fcm,<br \/> Kamyonlar kavun ta\u015f\u0131r ve ben<br \/> Boyuna onu d\u00fc\u015f\u00fcn\u00fcrd\u00fcm,<br \/> Niksar&#8217;da evimizdeyken<br \/> K\u00fc\u00e7\u00fck bir ser\u00e7e kadar h\u00fcrd\u00fcm.<\/p>\n<p> Sonra \u00e2lem de\u011fi\u015fiverdi<br \/> Ayr\u0131 su, ayr\u0131 hava, ayr\u0131 toprak.<br \/> Sonra \u00e2lem de\u011fi\u015fiverdi<br \/> Ayr\u0131 su, ayr\u0131 hava, ayr\u0131 toprak.<br \/> Mevsimler ne \u00e7abuk ge\u00e7iverdi<br \/> Unutmak, unutmak, unutmak.<\/p>\n<p> Anlad\u0131m bu \u015fehir ba\u015fkad\u0131r<br \/> Herkes beni aldatt\u0131 gitti,<br \/> Anlad\u0131m bu \u015fehir ba\u015fkad\u0131r<br \/> Herkes beni aldatt\u0131 gitti,<br \/> Yine kamyonlar kavun ta\u015f\u0131r<\/p>\n<p> Fakat i\u00e7imde \u015fark\u0131 bitti.<\/p>\n","protected":false},"excerpt":{"rendered":"<p>\u00a0 Kamyonlar kavun ta\u015f\u0131r ve ben Boyuna onu d\u00fc\u015f\u00fcn\u00fcrd\u00fcm, Kamyonlar kavun ta\u015f\u0131r ve ben Boyuna onu d\u00fc\u015f\u00fcn\u00fcrd\u00fcm, Niksar&#8217;da evimizdeyken K\u00fc\u00e7\u00fck bir ser\u00e7e kadar h\u00fcrd\u00fcm. Sonra \u00e2lem de\u011fi\u015fiverdi Ayr\u0131 su, ayr\u0131 hava, ayr\u0131 toprak. Sonra \u00e2lem de\u011fi\u015fiverdi Ayr\u0131 su, ayr\u0131 hava, ayr\u0131 toprak. Mevsimler ne \u00e7abuk ge\u00e7iverdi Unutmak, unutmak, unutmak. Anlad\u0131m bu \u015fehir ba\u015fkad\u0131r Herkes beni [&hellip;]<\/p>\n","protected":false},"author":1,"featured_media":0,"comment_status":"open","ping_status":"open","sticky":false,"template":"","format":"standard","meta":{"footnotes":""},"categories":[119],"tags":[],"class_list":{"0":"post-3438","1":"post","2":"type-post","3":"status-publish","4":"format-standard","6":"category-cahit-kulebi"},"yoast_head":"<!-- This site is optimized with the Yoast SEO Premium plugin v24.9 (Yoast SEO v24.9) - https:\/\/yoast.com\/wordpress\/plugins\/seo\/ -->\n<title>\u0130STANBUL - narteks.net<\/title>\n<meta name=\"robots\" content=\"index, follow, max-snippet:-1, max-image-preview:large, max-video-preview:-1\" \/>\n<link rel=\"canonical\" href=\"https:\/\/narteks.net\/index.php\/2009\/12\/28\/istanbul-3\/\" \/>\n<meta property=\"og:locale\" content=\"tr_TR\" \/>\n<meta property=\"og:type\" content=\"article\" \/>\n<meta property=\"og:title\" content=\"\u0130STANBUL\" \/>\n<meta property=\"og:description\" content=\"\u00a0 Kamyonlar kavun ta\u015f\u0131r ve ben Boyuna onu d\u00fc\u015f\u00fcn\u00fcrd\u00fcm, Kamyonlar kavun ta\u015f\u0131r ve ben Boyuna onu d\u00fc\u015f\u00fcn\u00fcrd\u00fcm, Niksar&#8217;da evimizdeyken K\u00fc\u00e7\u00fck bir ser\u00e7e kadar h\u00fcrd\u00fcm. Sonra \u00e2lem de\u011fi\u015fiverdi Ayr\u0131 su, ayr\u0131 hava, ayr\u0131 toprak. Sonra \u00e2lem de\u011fi\u015fiverdi Ayr\u0131 su, ayr\u0131 hava, ayr\u0131 toprak. Mevsimler ne \u00e7abuk ge\u00e7iverdi Unutmak, unutmak, unutmak. Anlad\u0131m bu \u015fehir ba\u015fkad\u0131r Herkes beni [&hellip;]\" \/>\n<meta property=\"og:url\" content=\"https:\/\/narteks.net\/index.php\/2009\/12\/28\/istanbul-3\/\" \/>\n<meta property=\"og:site_name\" content=\"narteks.net\" \/>\n<meta property=\"article:published_time\" content=\"2009-12-28T13:14:45+00:00\" \/>\n<meta property=\"og:image\" content=\"https:\/\/narteks.net\/wp-content\/uploads\/narteks.png\" \/>\n\t<meta property=\"og:image:width\" content=\"300\" \/>\n\t<meta property=\"og:image:height\" content=\"90\" \/>\n\t<meta property=\"og:image:type\" content=\"image\/png\" \/>\n<meta name=\"author\" content=\"Tar\u0131k\" \/>\n<meta name=\"twitter:card\" content=\"summary_large_image\" \/>\n<meta name=\"twitter:creator\" content=\"@narteks\" \/>\n<meta name=\"twitter:site\" content=\"@narteks\" \/>\n<meta name=\"twitter:label1\" content=\"Yazan:\" \/>\n\t<meta name=\"twitter:data1\" content=\"Tar\u0131k\" \/>\n<script type=\"application\/ld+json\" class=\"yoast-schema-graph\">{\"@context\":\"https:\/\/schema.org\",\"@graph\":[{\"@type\":\"Article\",\"@id\":\"https:\/\/narteks.net\/index.php\/2009\/12\/28\/istanbul-3\/#article\",\"isPartOf\":{\"@id\":\"https:\/\/narteks.net\/index.php\/2009\/12\/28\/istanbul-3\/\"},\"author\":{\"name\":\"Tar\u0131k\",\"@id\":\"https:\/\/narteks.net\/#\/schema\/person\/61f37d9834294b72d31d274e7ed79bca\"},\"headline\":\"\u0130STANBUL\",\"datePublished\":\"2009-12-28T13:14:45+00:00\",\"mainEntityOfPage\":{\"@id\":\"https:\/\/narteks.net\/index.php\/2009\/12\/28\/istanbul-3\/\"},\"wordCount\":98,\"commentCount\":0,\"publisher\":{\"@id\":\"https:\/\/narteks.net\/#organization\"},\"articleSection\":[\"Cahit K\u00dcLEB\u0130\"],\"inLanguage\":\"tr\",\"potentialAction\":[{\"@type\":\"CommentAction\",\"name\":\"Comment\",\"target\":[\"https:\/\/narteks.net\/index.php\/2009\/12\/28\/istanbul-3\/#respond\"]}]},{\"@type\":\"WebPage\",\"@id\":\"https:\/\/narteks.net\/index.php\/2009\/12\/28\/istanbul-3\/\",\"url\":\"https:\/\/narteks.net\/index.php\/2009\/12\/28\/istanbul-3\/\",\"name\":\"\u0130STANBUL - narteks.net\",\"isPartOf\":{\"@id\":\"https:\/\/narteks.net\/#website\"},\"datePublished\":\"2009-12-28T13:14:45+00:00\",\"breadcrumb\":{\"@id\":\"https:\/\/narteks.net\/index.php\/2009\/12\/28\/istanbul-3\/#breadcrumb\"},\"inLanguage\":\"tr\",\"potentialAction\":[{\"@type\":\"ReadAction\",\"target\":[\"https:\/\/narteks.net\/index.php\/2009\/12\/28\/istanbul-3\/\"]}]},{\"@type\":\"BreadcrumbList\",\"@id\":\"https:\/\/narteks.net\/index.php\/2009\/12\/28\/istanbul-3\/#breadcrumb\",\"itemListElement\":[{\"@type\":\"ListItem\",\"position\":1,\"name\":\"Anasayfa\",\"item\":\"https:\/\/narteks.net\/\"},{\"@type\":\"ListItem\",\"position\":2,\"name\":\"\u0130STANBUL\"}]},{\"@type\":\"WebSite\",\"@id\":\"https:\/\/narteks.net\/#website\",\"url\":\"https:\/\/narteks.net\/\",\"name\":\"narteks.net\",\"description\":\"K\u00fclt\u00fcr Sanat Edebiyat Felsefe\",\"publisher\":{\"@id\":\"https:\/\/narteks.net\/#organization\"},\"alternateName\":\"K\u00fclt\u00fcr Sanat Edebiyat Felsefe\",\"potentialAction\":[{\"@type\":\"SearchAction\",\"target\":{\"@type\":\"EntryPoint\",\"urlTemplate\":\"https:\/\/narteks.net\/?s={search_term_string}\"},\"query-input\":{\"@type\":\"PropertyValueSpecification\",\"valueRequired\":true,\"valueName\":\"search_term_string\"}}],\"inLanguage\":\"tr\"},{\"@type\":\"Organization\",\"@id\":\"https:\/\/narteks.net\/#organization\",\"name\":\"narteks.net\",\"url\":\"https:\/\/narteks.net\/\",\"logo\":{\"@type\":\"ImageObject\",\"inLanguage\":\"tr\",\"@id\":\"https:\/\/narteks.net\/#\/schema\/logo\/image\/\",\"url\":\"https:\/\/narteks.net\/wp-content\/uploads\/narteks.png\",\"contentUrl\":\"https:\/\/narteks.net\/wp-content\/uploads\/narteks.png\",\"width\":300,\"height\":90,\"caption\":\"narteks.net\"},\"image\":{\"@id\":\"https:\/\/narteks.net\/#\/schema\/logo\/image\/\"},\"sameAs\":[\"https:\/\/x.com\/narteks\",\"https:\/\/instagram.com\/narteksnet\"]},{\"@type\":\"Person\",\"@id\":\"https:\/\/narteks.net\/#\/schema\/person\/61f37d9834294b72d31d274e7ed79bca\",\"name\":\"Tar\u0131k\",\"image\":{\"@type\":\"ImageObject\",\"inLanguage\":\"tr\",\"@id\":\"https:\/\/narteks.net\/#\/schema\/person\/image\/\",\"url\":\"https:\/\/secure.gravatar.com\/avatar\/50865afb55632c4ae467e0af0930f6510aa2297d8014be502a55b14f3b7550cf?s=96&d=mm&r=g\",\"contentUrl\":\"https:\/\/secure.gravatar.com\/avatar\/50865afb55632c4ae467e0af0930f6510aa2297d8014be502a55b14f3b7550cf?s=96&d=mm&r=g\",\"caption\":\"Tar\u0131k\"},\"sameAs\":[\"http:\/\/narteks.net\"],\"url\":\"https:\/\/narteks.net\/index.php\/author\/narbak\/\"}]}<\/script>\n<!-- \/ Yoast SEO Premium plugin. -->","yoast_head_json":{"title":"\u0130STANBUL - narteks.net","robots":{"index":"index","follow":"follow","max-snippet":"max-snippet:-1","max-image-preview":"max-image-preview:large","max-video-preview":"max-video-preview:-1"},"canonical":"https:\/\/narteks.net\/index.php\/2009\/12\/28\/istanbul-3\/","og_locale":"tr_TR","og_type":"article","og_title":"\u0130STANBUL","og_description":"\u00a0 Kamyonlar kavun ta\u015f\u0131r ve ben Boyuna onu d\u00fc\u015f\u00fcn\u00fcrd\u00fcm, Kamyonlar kavun ta\u015f\u0131r ve ben Boyuna onu d\u00fc\u015f\u00fcn\u00fcrd\u00fcm, Niksar&#8217;da evimizdeyken K\u00fc\u00e7\u00fck bir ser\u00e7e kadar h\u00fcrd\u00fcm. Sonra \u00e2lem de\u011fi\u015fiverdi Ayr\u0131 su, ayr\u0131 hava, ayr\u0131 toprak. Sonra \u00e2lem de\u011fi\u015fiverdi Ayr\u0131 su, ayr\u0131 hava, ayr\u0131 toprak. Mevsimler ne \u00e7abuk ge\u00e7iverdi Unutmak, unutmak, unutmak. Anlad\u0131m bu \u015fehir ba\u015fkad\u0131r Herkes beni [&hellip;]","og_url":"https:\/\/narteks.net\/index.php\/2009\/12\/28\/istanbul-3\/","og_site_name":"narteks.net","article_published_time":"2009-12-28T13:14:45+00:00","og_image":[{"width":300,"height":90,"url":"https:\/\/narteks.net\/wp-content\/uploads\/narteks.png","type":"image\/png"}],"author":"Tar\u0131k","twitter_card":"summary_large_image","twitter_creator":"@narteks","twitter_site":"@narteks","twitter_misc":{"Yazan:":"Tar\u0131k"},"schema":{"@context":"https:\/\/schema.org","@graph":[{"@type":"Article","@id":"https:\/\/narteks.net\/index.php\/2009\/12\/28\/istanbul-3\/#article","isPartOf":{"@id":"https:\/\/narteks.net\/index.php\/2009\/12\/28\/istanbul-3\/"},"author":{"name":"Tar\u0131k","@id":"https:\/\/narteks.net\/#\/schema\/person\/61f37d9834294b72d31d274e7ed79bca"},"headline":"\u0130STANBUL","datePublished":"2009-12-28T13:14:45+00:00","mainEntityOfPage":{"@id":"https:\/\/narteks.net\/index.php\/2009\/12\/28\/istanbul-3\/"},"wordCount":98,"commentCount":0,"publisher":{"@id":"https:\/\/narteks.net\/#organization"},"articleSection":["Cahit K\u00dcLEB\u0130"],"inLanguage":"tr","potentialAction":[{"@type":"CommentAction","name":"Comment","target":["https:\/\/narteks.net\/index.php\/2009\/12\/28\/istanbul-3\/#respond"]}]},{"@type":"WebPage","@id":"https:\/\/narteks.net\/index.php\/2009\/12\/28\/istanbul-3\/","url":"https:\/\/narteks.net\/index.php\/2009\/12\/28\/istanbul-3\/","name":"\u0130STANBUL - narteks.net","isPartOf":{"@id":"https:\/\/narteks.net\/#website"},"datePublished":"2009-12-28T13:14:45+00:00","breadcrumb":{"@id":"https:\/\/narteks.net\/index.php\/2009\/12\/28\/istanbul-3\/#breadcrumb"},"inLanguage":"tr","potentialAction":[{"@type":"ReadAction","target":["https:\/\/narteks.net\/index.php\/2009\/12\/28\/istanbul-3\/"]}]},{"@type":"BreadcrumbList","@id":"https:\/\/narteks.net\/index.php\/2009\/12\/28\/istanbul-3\/#breadcrumb","itemListElement":[{"@type":"ListItem","position":1,"name":"Anasayfa","item":"https:\/\/narteks.net\/"},{"@type":"ListItem","position":2,"name":"\u0130STANBUL"}]},{"@type":"WebSite","@id":"https:\/\/narteks.net\/#website","url":"https:\/\/narteks.net\/","name":"narteks.net","description":"K\u00fclt\u00fcr Sanat Edebiyat Felsefe","publisher":{"@id":"https:\/\/narteks.net\/#organization"},"alternateName":"K\u00fclt\u00fcr Sanat Edebiyat Felsefe","potentialAction":[{"@type":"SearchAction","target":{"@type":"EntryPoint","urlTemplate":"https:\/\/narteks.net\/?s={search_term_string}"},"query-input":{"@type":"PropertyValueSpecification","valueRequired":true,"valueName":"search_term_string"}}],"inLanguage":"tr"},{"@type":"Organization","@id":"https:\/\/narteks.net\/#organization","name":"narteks.net","url":"https:\/\/narteks.net\/","logo":{"@type":"ImageObject","inLanguage":"tr","@id":"https:\/\/narteks.net\/#\/schema\/logo\/image\/","url":"https:\/\/narteks.net\/wp-content\/uploads\/narteks.png","contentUrl":"https:\/\/narteks.net\/wp-content\/uploads\/narteks.png","width":300,"height":90,"caption":"narteks.net"},"image":{"@id":"https:\/\/narteks.net\/#\/schema\/logo\/image\/"},"sameAs":["https:\/\/x.com\/narteks","https:\/\/instagram.com\/narteksnet"]},{"@type":"Person","@id":"https:\/\/narteks.net\/#\/schema\/person\/61f37d9834294b72d31d274e7ed79bca","name":"Tar\u0131k","image":{"@type":"ImageObject","inLanguage":"tr","@id":"https:\/\/narteks.net\/#\/schema\/person\/image\/","url":"https:\/\/secure.gravatar.com\/avatar\/50865afb55632c4ae467e0af0930f6510aa2297d8014be502a55b14f3b7550cf?s=96&d=mm&r=g","contentUrl":"https:\/\/secure.gravatar.com\/avatar\/50865afb55632c4ae467e0af0930f6510aa2297d8014be502a55b14f3b7550cf?s=96&d=mm&r=g","caption":"Tar\u0131k"},"sameAs":["http:\/\/narteks.net"],"url":"https:\/\/narteks.net\/index.php\/author\/narbak\/"}]}},"_links":{"self":[{"href":"https:\/\/narteks.net\/index.php\/wp-json\/wp\/v2\/posts\/3438","targetHints":{"allow":["GET"]}}],"collection":[{"href":"https:\/\/narteks.net\/index.php\/wp-json\/wp\/v2\/posts"}],"about":[{"href":"https:\/\/narteks.net\/index.php\/wp-json\/wp\/v2\/types\/post"}],"author":[{"embeddable":true,"href":"https:\/\/narteks.net\/index.php\/wp-json\/wp\/v2\/users\/1"}],"replies":[{"embeddable":true,"href":"https:\/\/narteks.net\/index.php\/wp-json\/wp\/v2\/comments?post=3438"}],"version-history":[{"count":0,"href":"https:\/\/narteks.net\/index.php\/wp-json\/wp\/v2\/posts\/3438\/revisions"}],"wp:attachment":[{"href":"https:\/\/narteks.net\/index.php\/wp-json\/wp\/v2\/media?parent=3438"}],"wp:term":[{"taxonomy":"category","embeddable":true,"href":"https:\/\/narteks.net\/index.php\/wp-json\/wp\/v2\/categories?post=3438"},{"taxonomy":"post_tag","embeddable":true,"href":"https:\/\/narteks.net\/index.php\/wp-json\/wp\/v2\/tags?post=3438"}],"curies":[{"name":"wp","href":"https:\/\/api.w.org\/{rel}","templated":true}]}}