{"id":3439,"date":"2009-12-28T16:15:16","date_gmt":"2009-12-28T13:15:16","guid":{"rendered":"http:\/\/localhost\/wordpress\/2009\/12\/28\/istanbuldaki\/"},"modified":"2009-12-28T16:15:16","modified_gmt":"2009-12-28T13:15:16","slug":"istanbuldaki","status":"publish","type":"post","link":"https:\/\/narteks.net\/index.php\/2009\/12\/28\/istanbuldaki\/","title":{"rendered":"\u0130STANBULDAK\u0130"},"content":{"rendered":"<p>\u00a0<\/p>\n<p>\u0130stanbul&#8217;da bir sevdi\u011fim vard\u0131<br \/> Ke\u00e7i yavrusuna benzer,<br \/> R\u00fczgar eserdi hafiften g\u00f6zlerinde<br \/> Halden anlard\u0131.<\/p>\n<p> B\u00fct\u00fcn \u015eehzadeba\u015f\u0131 bilir hikayemizi,<br \/> G\u00fclhane park\u0131 bilir, gemiler bilir,<br \/> Gelip ge\u00e7en bakard\u0131.<\/p>\n<p> Yanaklar\u0131 g\u00fcz elmas\u0131na benzer<br \/> So\u011fuk havalarda.<br \/> Ormanlar gibi bak\u0131\u015flar\u0131;<br \/> \u00c7ocuktu, aceleci, bir hali vard\u0131.<br \/> Bahar g\u00fcnleri geldi miydi<br \/> Sa\u00e7lar\u0131 uzard\u0131.<\/p>\n<p> Ad\u0131n\u0131 bile unuttum<br \/> Y\u00fcz\u00fcn\u00fc de, gemileri de,<br \/> Yaln\u0131z ara s\u0131ra akl\u0131ma geliyor<br \/> Sabah ak\u015fam i\u015f ba\u015f\u0131nda<br \/> Ve asfalt caddelerde.<\/p>\n","protected":false},"excerpt":{"rendered":"<p>\u00a0 \u0130stanbul&#8217;da bir sevdi\u011fim vard\u0131 Ke\u00e7i yavrusuna benzer, R\u00fczgar eserdi hafiften g\u00f6zlerinde Halden anlard\u0131. B\u00fct\u00fcn \u015eehzadeba\u015f\u0131 bilir hikayemizi, G\u00fclhane park\u0131 bilir, gemiler bilir, Gelip ge\u00e7en bakard\u0131. Yanaklar\u0131 g\u00fcz elmas\u0131na benzer So\u011fuk havalarda. Ormanlar gibi bak\u0131\u015flar\u0131; \u00c7ocuktu, aceleci, bir hali vard\u0131. Bahar g\u00fcnleri geldi miydi Sa\u00e7lar\u0131 uzard\u0131. Ad\u0131n\u0131 bile unuttum Y\u00fcz\u00fcn\u00fc de, gemileri de, Yaln\u0131z ara [&hellip;]<\/p>\n","protected":false},"author":1,"featured_media":0,"comment_status":"open","ping_status":"open","sticky":false,"template":"","format":"standard","meta":{"footnotes":""},"categories":[119],"tags":[],"class_list":{"0":"post-3439","1":"post","2":"type-post","3":"status-publish","4":"format-standard","6":"category-cahit-kulebi"},"yoast_head":"<!-- This site is optimized with the Yoast SEO Premium plugin v24.9 (Yoast SEO v24.9) - https:\/\/yoast.com\/wordpress\/plugins\/seo\/ -->\n<title>\u0130STANBULDAK\u0130 - narteks.net<\/title>\n<meta name=\"robots\" content=\"index, follow, max-snippet:-1, max-image-preview:large, max-video-preview:-1\" \/>\n<link rel=\"canonical\" href=\"https:\/\/narteks.net\/index.php\/2009\/12\/28\/istanbuldaki\/\" \/>\n<meta property=\"og:locale\" content=\"tr_TR\" \/>\n<meta property=\"og:type\" content=\"article\" \/>\n<meta property=\"og:title\" content=\"\u0130STANBULDAK\u0130\" \/>\n<meta property=\"og:description\" content=\"\u00a0 \u0130stanbul&#8217;da bir sevdi\u011fim vard\u0131 Ke\u00e7i yavrusuna benzer, R\u00fczgar eserdi hafiften g\u00f6zlerinde Halden anlard\u0131. B\u00fct\u00fcn \u015eehzadeba\u015f\u0131 bilir hikayemizi, G\u00fclhane park\u0131 bilir, gemiler bilir, Gelip ge\u00e7en bakard\u0131. Yanaklar\u0131 g\u00fcz elmas\u0131na benzer So\u011fuk havalarda. Ormanlar gibi bak\u0131\u015flar\u0131; \u00c7ocuktu, aceleci, bir hali vard\u0131. Bahar g\u00fcnleri geldi miydi Sa\u00e7lar\u0131 uzard\u0131. Ad\u0131n\u0131 bile unuttum Y\u00fcz\u00fcn\u00fc de, gemileri de, Yaln\u0131z ara [&hellip;]\" \/>\n<meta property=\"og:url\" content=\"https:\/\/narteks.net\/index.php\/2009\/12\/28\/istanbuldaki\/\" \/>\n<meta property=\"og:site_name\" content=\"narteks.net\" \/>\n<meta property=\"article:published_time\" content=\"2009-12-28T13:15:16+00:00\" \/>\n<meta property=\"og:image\" content=\"https:\/\/narteks.net\/wp-content\/uploads\/narteks.png\" \/>\n\t<meta property=\"og:image:width\" content=\"300\" \/>\n\t<meta property=\"og:image:height\" content=\"90\" \/>\n\t<meta property=\"og:image:type\" content=\"image\/png\" \/>\n<meta name=\"author\" content=\"Tar\u0131k\" \/>\n<meta name=\"twitter:card\" content=\"summary_large_image\" \/>\n<meta name=\"twitter:creator\" content=\"@narteks\" \/>\n<meta name=\"twitter:site\" content=\"@narteks\" \/>\n<meta name=\"twitter:label1\" content=\"Yazan:\" \/>\n\t<meta name=\"twitter:data1\" content=\"Tar\u0131k\" \/>\n<script type=\"application\/ld+json\" class=\"yoast-schema-graph\">{\"@context\":\"https:\/\/schema.org\",\"@graph\":[{\"@type\":\"Article\",\"@id\":\"https:\/\/narteks.net\/index.php\/2009\/12\/28\/istanbuldaki\/#article\",\"isPartOf\":{\"@id\":\"https:\/\/narteks.net\/index.php\/2009\/12\/28\/istanbuldaki\/\"},\"author\":{\"name\":\"Tar\u0131k\",\"@id\":\"https:\/\/narteks.net\/#\/schema\/person\/61f37d9834294b72d31d274e7ed79bca\"},\"headline\":\"\u0130STANBULDAK\u0130\",\"datePublished\":\"2009-12-28T13:15:16+00:00\",\"mainEntityOfPage\":{\"@id\":\"https:\/\/narteks.net\/index.php\/2009\/12\/28\/istanbuldaki\/\"},\"wordCount\":87,\"commentCount\":0,\"publisher\":{\"@id\":\"https:\/\/narteks.net\/#organization\"},\"articleSection\":[\"Cahit K\u00dcLEB\u0130\"],\"inLanguage\":\"tr\",\"potentialAction\":[{\"@type\":\"CommentAction\",\"name\":\"Comment\",\"target\":[\"https:\/\/narteks.net\/index.php\/2009\/12\/28\/istanbuldaki\/#respond\"]}]},{\"@type\":\"WebPage\",\"@id\":\"https:\/\/narteks.net\/index.php\/2009\/12\/28\/istanbuldaki\/\",\"url\":\"https:\/\/narteks.net\/index.php\/2009\/12\/28\/istanbuldaki\/\",\"name\":\"\u0130STANBULDAK\u0130 - narteks.net\",\"isPartOf\":{\"@id\":\"https:\/\/narteks.net\/#website\"},\"datePublished\":\"2009-12-28T13:15:16+00:00\",\"breadcrumb\":{\"@id\":\"https:\/\/narteks.net\/index.php\/2009\/12\/28\/istanbuldaki\/#breadcrumb\"},\"inLanguage\":\"tr\",\"potentialAction\":[{\"@type\":\"ReadAction\",\"target\":[\"https:\/\/narteks.net\/index.php\/2009\/12\/28\/istanbuldaki\/\"]}]},{\"@type\":\"BreadcrumbList\",\"@id\":\"https:\/\/narteks.net\/index.php\/2009\/12\/28\/istanbuldaki\/#breadcrumb\",\"itemListElement\":[{\"@type\":\"ListItem\",\"position\":1,\"name\":\"Anasayfa\",\"item\":\"https:\/\/narteks.net\/\"},{\"@type\":\"ListItem\",\"position\":2,\"name\":\"\u0130STANBULDAK\u0130\"}]},{\"@type\":\"WebSite\",\"@id\":\"https:\/\/narteks.net\/#website\",\"url\":\"https:\/\/narteks.net\/\",\"name\":\"narteks.net\",\"description\":\"K\u00fclt\u00fcr Sanat Edebiyat Felsefe\",\"publisher\":{\"@id\":\"https:\/\/narteks.net\/#organization\"},\"alternateName\":\"K\u00fclt\u00fcr Sanat Edebiyat Felsefe\",\"potentialAction\":[{\"@type\":\"SearchAction\",\"target\":{\"@type\":\"EntryPoint\",\"urlTemplate\":\"https:\/\/narteks.net\/?s={search_term_string}\"},\"query-input\":{\"@type\":\"PropertyValueSpecification\",\"valueRequired\":true,\"valueName\":\"search_term_string\"}}],\"inLanguage\":\"tr\"},{\"@type\":\"Organization\",\"@id\":\"https:\/\/narteks.net\/#organization\",\"name\":\"narteks.net\",\"url\":\"https:\/\/narteks.net\/\",\"logo\":{\"@type\":\"ImageObject\",\"inLanguage\":\"tr\",\"@id\":\"https:\/\/narteks.net\/#\/schema\/logo\/image\/\",\"url\":\"https:\/\/narteks.net\/wp-content\/uploads\/narteks.png\",\"contentUrl\":\"https:\/\/narteks.net\/wp-content\/uploads\/narteks.png\",\"width\":300,\"height\":90,\"caption\":\"narteks.net\"},\"image\":{\"@id\":\"https:\/\/narteks.net\/#\/schema\/logo\/image\/\"},\"sameAs\":[\"https:\/\/x.com\/narteks\",\"https:\/\/instagram.com\/narteksnet\"]},{\"@type\":\"Person\",\"@id\":\"https:\/\/narteks.net\/#\/schema\/person\/61f37d9834294b72d31d274e7ed79bca\",\"name\":\"Tar\u0131k\",\"image\":{\"@type\":\"ImageObject\",\"inLanguage\":\"tr\",\"@id\":\"https:\/\/narteks.net\/#\/schema\/person\/image\/\",\"url\":\"https:\/\/secure.gravatar.com\/avatar\/50865afb55632c4ae467e0af0930f6510aa2297d8014be502a55b14f3b7550cf?s=96&d=mm&r=g\",\"contentUrl\":\"https:\/\/secure.gravatar.com\/avatar\/50865afb55632c4ae467e0af0930f6510aa2297d8014be502a55b14f3b7550cf?s=96&d=mm&r=g\",\"caption\":\"Tar\u0131k\"},\"sameAs\":[\"http:\/\/narteks.net\"],\"url\":\"https:\/\/narteks.net\/index.php\/author\/narbak\/\"}]}<\/script>\n<!-- \/ Yoast SEO Premium plugin. -->","yoast_head_json":{"title":"\u0130STANBULDAK\u0130 - narteks.net","robots":{"index":"index","follow":"follow","max-snippet":"max-snippet:-1","max-image-preview":"max-image-preview:large","max-video-preview":"max-video-preview:-1"},"canonical":"https:\/\/narteks.net\/index.php\/2009\/12\/28\/istanbuldaki\/","og_locale":"tr_TR","og_type":"article","og_title":"\u0130STANBULDAK\u0130","og_description":"\u00a0 \u0130stanbul&#8217;da bir sevdi\u011fim vard\u0131 Ke\u00e7i yavrusuna benzer, R\u00fczgar eserdi hafiften g\u00f6zlerinde Halden anlard\u0131. B\u00fct\u00fcn \u015eehzadeba\u015f\u0131 bilir hikayemizi, G\u00fclhane park\u0131 bilir, gemiler bilir, Gelip ge\u00e7en bakard\u0131. Yanaklar\u0131 g\u00fcz elmas\u0131na benzer So\u011fuk havalarda. Ormanlar gibi bak\u0131\u015flar\u0131; \u00c7ocuktu, aceleci, bir hali vard\u0131. Bahar g\u00fcnleri geldi miydi Sa\u00e7lar\u0131 uzard\u0131. Ad\u0131n\u0131 bile unuttum Y\u00fcz\u00fcn\u00fc de, gemileri de, Yaln\u0131z ara [&hellip;]","og_url":"https:\/\/narteks.net\/index.php\/2009\/12\/28\/istanbuldaki\/","og_site_name":"narteks.net","article_published_time":"2009-12-28T13:15:16+00:00","og_image":[{"width":300,"height":90,"url":"https:\/\/narteks.net\/wp-content\/uploads\/narteks.png","type":"image\/png"}],"author":"Tar\u0131k","twitter_card":"summary_large_image","twitter_creator":"@narteks","twitter_site":"@narteks","twitter_misc":{"Yazan:":"Tar\u0131k"},"schema":{"@context":"https:\/\/schema.org","@graph":[{"@type":"Article","@id":"https:\/\/narteks.net\/index.php\/2009\/12\/28\/istanbuldaki\/#article","isPartOf":{"@id":"https:\/\/narteks.net\/index.php\/2009\/12\/28\/istanbuldaki\/"},"author":{"name":"Tar\u0131k","@id":"https:\/\/narteks.net\/#\/schema\/person\/61f37d9834294b72d31d274e7ed79bca"},"headline":"\u0130STANBULDAK\u0130","datePublished":"2009-12-28T13:15:16+00:00","mainEntityOfPage":{"@id":"https:\/\/narteks.net\/index.php\/2009\/12\/28\/istanbuldaki\/"},"wordCount":87,"commentCount":0,"publisher":{"@id":"https:\/\/narteks.net\/#organization"},"articleSection":["Cahit K\u00dcLEB\u0130"],"inLanguage":"tr","potentialAction":[{"@type":"CommentAction","name":"Comment","target":["https:\/\/narteks.net\/index.php\/2009\/12\/28\/istanbuldaki\/#respond"]}]},{"@type":"WebPage","@id":"https:\/\/narteks.net\/index.php\/2009\/12\/28\/istanbuldaki\/","url":"https:\/\/narteks.net\/index.php\/2009\/12\/28\/istanbuldaki\/","name":"\u0130STANBULDAK\u0130 - narteks.net","isPartOf":{"@id":"https:\/\/narteks.net\/#website"},"datePublished":"2009-12-28T13:15:16+00:00","breadcrumb":{"@id":"https:\/\/narteks.net\/index.php\/2009\/12\/28\/istanbuldaki\/#breadcrumb"},"inLanguage":"tr","potentialAction":[{"@type":"ReadAction","target":["https:\/\/narteks.net\/index.php\/2009\/12\/28\/istanbuldaki\/"]}]},{"@type":"BreadcrumbList","@id":"https:\/\/narteks.net\/index.php\/2009\/12\/28\/istanbuldaki\/#breadcrumb","itemListElement":[{"@type":"ListItem","position":1,"name":"Anasayfa","item":"https:\/\/narteks.net\/"},{"@type":"ListItem","position":2,"name":"\u0130STANBULDAK\u0130"}]},{"@type":"WebSite","@id":"https:\/\/narteks.net\/#website","url":"https:\/\/narteks.net\/","name":"narteks.net","description":"K\u00fclt\u00fcr Sanat Edebiyat Felsefe","publisher":{"@id":"https:\/\/narteks.net\/#organization"},"alternateName":"K\u00fclt\u00fcr Sanat Edebiyat Felsefe","potentialAction":[{"@type":"SearchAction","target":{"@type":"EntryPoint","urlTemplate":"https:\/\/narteks.net\/?s={search_term_string}"},"query-input":{"@type":"PropertyValueSpecification","valueRequired":true,"valueName":"search_term_string"}}],"inLanguage":"tr"},{"@type":"Organization","@id":"https:\/\/narteks.net\/#organization","name":"narteks.net","url":"https:\/\/narteks.net\/","logo":{"@type":"ImageObject","inLanguage":"tr","@id":"https:\/\/narteks.net\/#\/schema\/logo\/image\/","url":"https:\/\/narteks.net\/wp-content\/uploads\/narteks.png","contentUrl":"https:\/\/narteks.net\/wp-content\/uploads\/narteks.png","width":300,"height":90,"caption":"narteks.net"},"image":{"@id":"https:\/\/narteks.net\/#\/schema\/logo\/image\/"},"sameAs":["https:\/\/x.com\/narteks","https:\/\/instagram.com\/narteksnet"]},{"@type":"Person","@id":"https:\/\/narteks.net\/#\/schema\/person\/61f37d9834294b72d31d274e7ed79bca","name":"Tar\u0131k","image":{"@type":"ImageObject","inLanguage":"tr","@id":"https:\/\/narteks.net\/#\/schema\/person\/image\/","url":"https:\/\/secure.gravatar.com\/avatar\/50865afb55632c4ae467e0af0930f6510aa2297d8014be502a55b14f3b7550cf?s=96&d=mm&r=g","contentUrl":"https:\/\/secure.gravatar.com\/avatar\/50865afb55632c4ae467e0af0930f6510aa2297d8014be502a55b14f3b7550cf?s=96&d=mm&r=g","caption":"Tar\u0131k"},"sameAs":["http:\/\/narteks.net"],"url":"https:\/\/narteks.net\/index.php\/author\/narbak\/"}]}},"_links":{"self":[{"href":"https:\/\/narteks.net\/index.php\/wp-json\/wp\/v2\/posts\/3439","targetHints":{"allow":["GET"]}}],"collection":[{"href":"https:\/\/narteks.net\/index.php\/wp-json\/wp\/v2\/posts"}],"about":[{"href":"https:\/\/narteks.net\/index.php\/wp-json\/wp\/v2\/types\/post"}],"author":[{"embeddable":true,"href":"https:\/\/narteks.net\/index.php\/wp-json\/wp\/v2\/users\/1"}],"replies":[{"embeddable":true,"href":"https:\/\/narteks.net\/index.php\/wp-json\/wp\/v2\/comments?post=3439"}],"version-history":[{"count":0,"href":"https:\/\/narteks.net\/index.php\/wp-json\/wp\/v2\/posts\/3439\/revisions"}],"wp:attachment":[{"href":"https:\/\/narteks.net\/index.php\/wp-json\/wp\/v2\/media?parent=3439"}],"wp:term":[{"taxonomy":"category","embeddable":true,"href":"https:\/\/narteks.net\/index.php\/wp-json\/wp\/v2\/categories?post=3439"},{"taxonomy":"post_tag","embeddable":true,"href":"https:\/\/narteks.net\/index.php\/wp-json\/wp\/v2\/tags?post=3439"}],"curies":[{"name":"wp","href":"https:\/\/api.w.org\/{rel}","templated":true}]}}