{"id":3441,"date":"2009-12-28T16:16:12","date_gmt":"2009-12-28T13:16:12","guid":{"rendered":"http:\/\/localhost\/wordpress\/2009\/12\/28\/kadinlar-ulkeler-denizler\/"},"modified":"2009-12-28T16:16:12","modified_gmt":"2009-12-28T13:16:12","slug":"kadinlar-ulkeler-denizler","status":"publish","type":"post","link":"https:\/\/narteks.net\/index.php\/2009\/12\/28\/kadinlar-ulkeler-denizler\/","title":{"rendered":"KADINLAR, \u00dcLKELER, DEN\u0130ZLER"},"content":{"rendered":"<p>\u00a0<\/p>\n<p>G\u00f6zlerin g\u00f6zlerime de\u011fince <br \/> Su kat\u0131l\u0131yor rak\u0131ya <br \/> Denizler a\u00e7\u0131l\u0131yor \u00f6n\u00fcmde. <\/p>\n<p> \u00dc\u00e7 \u00e7e\u015fit deniz var bildi\u011fim: <br \/> Birincisi s\u00fct liman deniz. <br \/> \u0130lkg\u00fcn\u00fcn \u00f6zenle ok\u015fad\u0131\u011f\u0131, <br \/> G\u00f6ky\u00fcz\u00fcyle kayna\u015fan deniz. <\/p>\n<p> \u0130kincisi dalgal\u0131 oynak, <br \/> Bir kedi gibi \u00f6nce sokularak <br \/> Sonra tozu dumana katan deniz. <br \/> Bal\u0131klara be\u015fik sallayan deniz. <\/p>\n<p> \u00dc\u00e7\u00fcnc\u00fcs\u00fc volkans\u0131 da\u011flar&#8230; <br \/> T\u00fcfek namlusundan menevi\u015fli, <br \/> Ba\u015ftan ba\u015fa g\u00f6vdesi k\u00f6pek di\u015fli, <br \/> Kendi kendine sava\u015fan deniz. <br \/> Anadolu da\u011flar\u0131 gibi k\u0131ra\u00e7, <br \/> K\u0131\u015f ortas\u0131nda kurtlar gibi a\u00e7 <br \/> Karanl\u0131\u011fa uluyan deniz. <\/p>\n<p> Senin g\u00f6zlerin de \u00f6yle uzak, <br \/> \u00dc\u00e7 t\u00fcrl\u00fc denizde balk\u0131yarak <br \/> B\u00fct\u00fcn ya\u015fam\u0131m\u0131 al\u0131p gitti. <br \/> T\u00fcrk\u00fcler yitirdim da\u011flarda. <br \/> \u00c7i\u011fdemleri r\u00fczgar ok\u015far ya, <br \/> Sarkar ya s\u00f6\u011f\u00fctler \u0131rma\u011fa <br \/> Rak\u0131ya su kat\u0131l\u0131r gibi <br \/> G\u00f6zlerin ba\u015flar yans\u0131maya <\/p>\n<p> G\u00f6zlerin g\u00f6zlerime de\u011fince su kat\u0131l\u0131yor rak\u0131ya, <br \/> \u00dclkeler de kad\u0131nlara benziyor, <br \/> Ba\u015fl\u0131yor yans\u0131maya. <\/p>\n<p> \u0130\u015fte g\u00fcvercin kemikli k\u0131z! <br \/> Koca Fransa, Akdeniz&#8230; <br \/> Ve Almanya ki lahana, t\u00fct\u00fcn, <br \/> Sokaklar\u0131 kan kokarken bir g\u00fcn <br \/> Gen\u00e7li\u011fimi orada b\u0131rak\u0131p geldim. <br \/> Oysa bal\u0131k gibiydi Urzula Rayh <br \/> Bir sar\u0131 \u00e7i\u011fdem gibi severdim.<\/p>\n","protected":false},"excerpt":{"rendered":"<p>\u00a0 G\u00f6zlerin g\u00f6zlerime de\u011fince Su kat\u0131l\u0131yor rak\u0131ya Denizler a\u00e7\u0131l\u0131yor \u00f6n\u00fcmde. \u00dc\u00e7 \u00e7e\u015fit deniz var bildi\u011fim: Birincisi s\u00fct liman deniz. \u0130lkg\u00fcn\u00fcn \u00f6zenle ok\u015fad\u0131\u011f\u0131, G\u00f6ky\u00fcz\u00fcyle kayna\u015fan deniz. \u0130kincisi dalgal\u0131 oynak, Bir kedi gibi \u00f6nce sokularak Sonra tozu dumana katan deniz. Bal\u0131klara be\u015fik sallayan deniz. \u00dc\u00e7\u00fcnc\u00fcs\u00fc volkans\u0131 da\u011flar&#8230; T\u00fcfek namlusundan menevi\u015fli, Ba\u015ftan ba\u015fa g\u00f6vdesi k\u00f6pek di\u015fli, Kendi kendine [&hellip;]<\/p>\n","protected":false},"author":1,"featured_media":0,"comment_status":"open","ping_status":"open","sticky":false,"template":"","format":"standard","meta":{"footnotes":""},"categories":[119],"tags":[],"class_list":{"0":"post-3441","1":"post","2":"type-post","3":"status-publish","4":"format-standard","6":"category-cahit-kulebi"},"yoast_head":"<!-- This site is optimized with the Yoast SEO Premium plugin v24.9 (Yoast SEO v24.9) - https:\/\/yoast.com\/wordpress\/plugins\/seo\/ -->\n<title>KADINLAR, \u00dcLKELER, DEN\u0130ZLER - narteks.net<\/title>\n<meta name=\"robots\" content=\"index, follow, max-snippet:-1, max-image-preview:large, max-video-preview:-1\" \/>\n<link rel=\"canonical\" href=\"https:\/\/narteks.net\/index.php\/2009\/12\/28\/kadinlar-ulkeler-denizler\/\" \/>\n<meta property=\"og:locale\" content=\"tr_TR\" \/>\n<meta property=\"og:type\" content=\"article\" \/>\n<meta property=\"og:title\" content=\"KADINLAR, \u00dcLKELER, DEN\u0130ZLER\" \/>\n<meta property=\"og:description\" content=\"\u00a0 G\u00f6zlerin g\u00f6zlerime de\u011fince Su kat\u0131l\u0131yor rak\u0131ya Denizler a\u00e7\u0131l\u0131yor \u00f6n\u00fcmde. \u00dc\u00e7 \u00e7e\u015fit deniz var bildi\u011fim: Birincisi s\u00fct liman deniz. \u0130lkg\u00fcn\u00fcn \u00f6zenle ok\u015fad\u0131\u011f\u0131, G\u00f6ky\u00fcz\u00fcyle kayna\u015fan deniz. \u0130kincisi dalgal\u0131 oynak, Bir kedi gibi \u00f6nce sokularak Sonra tozu dumana katan deniz. Bal\u0131klara be\u015fik sallayan deniz. \u00dc\u00e7\u00fcnc\u00fcs\u00fc volkans\u0131 da\u011flar&#8230; T\u00fcfek namlusundan menevi\u015fli, Ba\u015ftan ba\u015fa g\u00f6vdesi k\u00f6pek di\u015fli, Kendi kendine [&hellip;]\" \/>\n<meta property=\"og:url\" content=\"https:\/\/narteks.net\/index.php\/2009\/12\/28\/kadinlar-ulkeler-denizler\/\" \/>\n<meta property=\"og:site_name\" content=\"narteks.net\" \/>\n<meta property=\"article:published_time\" content=\"2009-12-28T13:16:12+00:00\" \/>\n<meta property=\"og:image\" content=\"https:\/\/narteks.net\/wp-content\/uploads\/narteks.png\" \/>\n\t<meta property=\"og:image:width\" content=\"300\" \/>\n\t<meta property=\"og:image:height\" content=\"90\" \/>\n\t<meta property=\"og:image:type\" content=\"image\/png\" \/>\n<meta name=\"author\" content=\"Tar\u0131k\" \/>\n<meta name=\"twitter:card\" content=\"summary_large_image\" \/>\n<meta name=\"twitter:creator\" content=\"@narteks\" \/>\n<meta name=\"twitter:site\" content=\"@narteks\" \/>\n<meta name=\"twitter:label1\" content=\"Yazan:\" \/>\n\t<meta name=\"twitter:data1\" content=\"Tar\u0131k\" \/>\n\t<meta name=\"twitter:label2\" content=\"Tahmini okuma s\u00fcresi\" \/>\n\t<meta name=\"twitter:data2\" content=\"1 dakika\" \/>\n<script type=\"application\/ld+json\" class=\"yoast-schema-graph\">{\"@context\":\"https:\/\/schema.org\",\"@graph\":[{\"@type\":\"Article\",\"@id\":\"https:\/\/narteks.net\/index.php\/2009\/12\/28\/kadinlar-ulkeler-denizler\/#article\",\"isPartOf\":{\"@id\":\"https:\/\/narteks.net\/index.php\/2009\/12\/28\/kadinlar-ulkeler-denizler\/\"},\"author\":{\"name\":\"Tar\u0131k\",\"@id\":\"https:\/\/narteks.net\/#\/schema\/person\/61f37d9834294b72d31d274e7ed79bca\"},\"headline\":\"KADINLAR, \u00dcLKELER, DEN\u0130ZLER\",\"datePublished\":\"2009-12-28T13:16:12+00:00\",\"mainEntityOfPage\":{\"@id\":\"https:\/\/narteks.net\/index.php\/2009\/12\/28\/kadinlar-ulkeler-denizler\/\"},\"wordCount\":222,\"commentCount\":0,\"publisher\":{\"@id\":\"https:\/\/narteks.net\/#organization\"},\"articleSection\":[\"Cahit K\u00dcLEB\u0130\"],\"inLanguage\":\"tr\",\"potentialAction\":[{\"@type\":\"CommentAction\",\"name\":\"Comment\",\"target\":[\"https:\/\/narteks.net\/index.php\/2009\/12\/28\/kadinlar-ulkeler-denizler\/#respond\"]}]},{\"@type\":\"WebPage\",\"@id\":\"https:\/\/narteks.net\/index.php\/2009\/12\/28\/kadinlar-ulkeler-denizler\/\",\"url\":\"https:\/\/narteks.net\/index.php\/2009\/12\/28\/kadinlar-ulkeler-denizler\/\",\"name\":\"KADINLAR, \u00dcLKELER, DEN\u0130ZLER - narteks.net\",\"isPartOf\":{\"@id\":\"https:\/\/narteks.net\/#website\"},\"datePublished\":\"2009-12-28T13:16:12+00:00\",\"breadcrumb\":{\"@id\":\"https:\/\/narteks.net\/index.php\/2009\/12\/28\/kadinlar-ulkeler-denizler\/#breadcrumb\"},\"inLanguage\":\"tr\",\"potentialAction\":[{\"@type\":\"ReadAction\",\"target\":[\"https:\/\/narteks.net\/index.php\/2009\/12\/28\/kadinlar-ulkeler-denizler\/\"]}]},{\"@type\":\"BreadcrumbList\",\"@id\":\"https:\/\/narteks.net\/index.php\/2009\/12\/28\/kadinlar-ulkeler-denizler\/#breadcrumb\",\"itemListElement\":[{\"@type\":\"ListItem\",\"position\":1,\"name\":\"Anasayfa\",\"item\":\"https:\/\/narteks.net\/\"},{\"@type\":\"ListItem\",\"position\":2,\"name\":\"KADINLAR, \u00dcLKELER, DEN\u0130ZLER\"}]},{\"@type\":\"WebSite\",\"@id\":\"https:\/\/narteks.net\/#website\",\"url\":\"https:\/\/narteks.net\/\",\"name\":\"narteks.net\",\"description\":\"K\u00fclt\u00fcr Sanat Edebiyat Felsefe\",\"publisher\":{\"@id\":\"https:\/\/narteks.net\/#organization\"},\"alternateName\":\"K\u00fclt\u00fcr Sanat Edebiyat Felsefe\",\"potentialAction\":[{\"@type\":\"SearchAction\",\"target\":{\"@type\":\"EntryPoint\",\"urlTemplate\":\"https:\/\/narteks.net\/?s={search_term_string}\"},\"query-input\":{\"@type\":\"PropertyValueSpecification\",\"valueRequired\":true,\"valueName\":\"search_term_string\"}}],\"inLanguage\":\"tr\"},{\"@type\":\"Organization\",\"@id\":\"https:\/\/narteks.net\/#organization\",\"name\":\"narteks.net\",\"url\":\"https:\/\/narteks.net\/\",\"logo\":{\"@type\":\"ImageObject\",\"inLanguage\":\"tr\",\"@id\":\"https:\/\/narteks.net\/#\/schema\/logo\/image\/\",\"url\":\"https:\/\/narteks.net\/wp-content\/uploads\/narteks.png\",\"contentUrl\":\"https:\/\/narteks.net\/wp-content\/uploads\/narteks.png\",\"width\":300,\"height\":90,\"caption\":\"narteks.net\"},\"image\":{\"@id\":\"https:\/\/narteks.net\/#\/schema\/logo\/image\/\"},\"sameAs\":[\"https:\/\/x.com\/narteks\",\"https:\/\/instagram.com\/narteksnet\"]},{\"@type\":\"Person\",\"@id\":\"https:\/\/narteks.net\/#\/schema\/person\/61f37d9834294b72d31d274e7ed79bca\",\"name\":\"Tar\u0131k\",\"image\":{\"@type\":\"ImageObject\",\"inLanguage\":\"tr\",\"@id\":\"https:\/\/narteks.net\/#\/schema\/person\/image\/\",\"url\":\"https:\/\/secure.gravatar.com\/avatar\/50865afb55632c4ae467e0af0930f6510aa2297d8014be502a55b14f3b7550cf?s=96&d=mm&r=g\",\"contentUrl\":\"https:\/\/secure.gravatar.com\/avatar\/50865afb55632c4ae467e0af0930f6510aa2297d8014be502a55b14f3b7550cf?s=96&d=mm&r=g\",\"caption\":\"Tar\u0131k\"},\"sameAs\":[\"http:\/\/narteks.net\"],\"url\":\"https:\/\/narteks.net\/index.php\/author\/narbak\/\"}]}<\/script>\n<!-- \/ Yoast SEO Premium plugin. -->","yoast_head_json":{"title":"KADINLAR, \u00dcLKELER, DEN\u0130ZLER - narteks.net","robots":{"index":"index","follow":"follow","max-snippet":"max-snippet:-1","max-image-preview":"max-image-preview:large","max-video-preview":"max-video-preview:-1"},"canonical":"https:\/\/narteks.net\/index.php\/2009\/12\/28\/kadinlar-ulkeler-denizler\/","og_locale":"tr_TR","og_type":"article","og_title":"KADINLAR, \u00dcLKELER, DEN\u0130ZLER","og_description":"\u00a0 G\u00f6zlerin g\u00f6zlerime de\u011fince Su kat\u0131l\u0131yor rak\u0131ya Denizler a\u00e7\u0131l\u0131yor \u00f6n\u00fcmde. \u00dc\u00e7 \u00e7e\u015fit deniz var bildi\u011fim: Birincisi s\u00fct liman deniz. \u0130lkg\u00fcn\u00fcn \u00f6zenle ok\u015fad\u0131\u011f\u0131, G\u00f6ky\u00fcz\u00fcyle kayna\u015fan deniz. \u0130kincisi dalgal\u0131 oynak, Bir kedi gibi \u00f6nce sokularak Sonra tozu dumana katan deniz. Bal\u0131klara be\u015fik sallayan deniz. \u00dc\u00e7\u00fcnc\u00fcs\u00fc volkans\u0131 da\u011flar&#8230; T\u00fcfek namlusundan menevi\u015fli, Ba\u015ftan ba\u015fa g\u00f6vdesi k\u00f6pek di\u015fli, Kendi kendine [&hellip;]","og_url":"https:\/\/narteks.net\/index.php\/2009\/12\/28\/kadinlar-ulkeler-denizler\/","og_site_name":"narteks.net","article_published_time":"2009-12-28T13:16:12+00:00","og_image":[{"width":300,"height":90,"url":"https:\/\/narteks.net\/wp-content\/uploads\/narteks.png","type":"image\/png"}],"author":"Tar\u0131k","twitter_card":"summary_large_image","twitter_creator":"@narteks","twitter_site":"@narteks","twitter_misc":{"Yazan:":"Tar\u0131k","Tahmini okuma s\u00fcresi":"1 dakika"},"schema":{"@context":"https:\/\/schema.org","@graph":[{"@type":"Article","@id":"https:\/\/narteks.net\/index.php\/2009\/12\/28\/kadinlar-ulkeler-denizler\/#article","isPartOf":{"@id":"https:\/\/narteks.net\/index.php\/2009\/12\/28\/kadinlar-ulkeler-denizler\/"},"author":{"name":"Tar\u0131k","@id":"https:\/\/narteks.net\/#\/schema\/person\/61f37d9834294b72d31d274e7ed79bca"},"headline":"KADINLAR, \u00dcLKELER, DEN\u0130ZLER","datePublished":"2009-12-28T13:16:12+00:00","mainEntityOfPage":{"@id":"https:\/\/narteks.net\/index.php\/2009\/12\/28\/kadinlar-ulkeler-denizler\/"},"wordCount":222,"commentCount":0,"publisher":{"@id":"https:\/\/narteks.net\/#organization"},"articleSection":["Cahit K\u00dcLEB\u0130"],"inLanguage":"tr","potentialAction":[{"@type":"CommentAction","name":"Comment","target":["https:\/\/narteks.net\/index.php\/2009\/12\/28\/kadinlar-ulkeler-denizler\/#respond"]}]},{"@type":"WebPage","@id":"https:\/\/narteks.net\/index.php\/2009\/12\/28\/kadinlar-ulkeler-denizler\/","url":"https:\/\/narteks.net\/index.php\/2009\/12\/28\/kadinlar-ulkeler-denizler\/","name":"KADINLAR, \u00dcLKELER, DEN\u0130ZLER - narteks.net","isPartOf":{"@id":"https:\/\/narteks.net\/#website"},"datePublished":"2009-12-28T13:16:12+00:00","breadcrumb":{"@id":"https:\/\/narteks.net\/index.php\/2009\/12\/28\/kadinlar-ulkeler-denizler\/#breadcrumb"},"inLanguage":"tr","potentialAction":[{"@type":"ReadAction","target":["https:\/\/narteks.net\/index.php\/2009\/12\/28\/kadinlar-ulkeler-denizler\/"]}]},{"@type":"BreadcrumbList","@id":"https:\/\/narteks.net\/index.php\/2009\/12\/28\/kadinlar-ulkeler-denizler\/#breadcrumb","itemListElement":[{"@type":"ListItem","position":1,"name":"Anasayfa","item":"https:\/\/narteks.net\/"},{"@type":"ListItem","position":2,"name":"KADINLAR, \u00dcLKELER, DEN\u0130ZLER"}]},{"@type":"WebSite","@id":"https:\/\/narteks.net\/#website","url":"https:\/\/narteks.net\/","name":"narteks.net","description":"K\u00fclt\u00fcr Sanat Edebiyat Felsefe","publisher":{"@id":"https:\/\/narteks.net\/#organization"},"alternateName":"K\u00fclt\u00fcr Sanat Edebiyat Felsefe","potentialAction":[{"@type":"SearchAction","target":{"@type":"EntryPoint","urlTemplate":"https:\/\/narteks.net\/?s={search_term_string}"},"query-input":{"@type":"PropertyValueSpecification","valueRequired":true,"valueName":"search_term_string"}}],"inLanguage":"tr"},{"@type":"Organization","@id":"https:\/\/narteks.net\/#organization","name":"narteks.net","url":"https:\/\/narteks.net\/","logo":{"@type":"ImageObject","inLanguage":"tr","@id":"https:\/\/narteks.net\/#\/schema\/logo\/image\/","url":"https:\/\/narteks.net\/wp-content\/uploads\/narteks.png","contentUrl":"https:\/\/narteks.net\/wp-content\/uploads\/narteks.png","width":300,"height":90,"caption":"narteks.net"},"image":{"@id":"https:\/\/narteks.net\/#\/schema\/logo\/image\/"},"sameAs":["https:\/\/x.com\/narteks","https:\/\/instagram.com\/narteksnet"]},{"@type":"Person","@id":"https:\/\/narteks.net\/#\/schema\/person\/61f37d9834294b72d31d274e7ed79bca","name":"Tar\u0131k","image":{"@type":"ImageObject","inLanguage":"tr","@id":"https:\/\/narteks.net\/#\/schema\/person\/image\/","url":"https:\/\/secure.gravatar.com\/avatar\/50865afb55632c4ae467e0af0930f6510aa2297d8014be502a55b14f3b7550cf?s=96&d=mm&r=g","contentUrl":"https:\/\/secure.gravatar.com\/avatar\/50865afb55632c4ae467e0af0930f6510aa2297d8014be502a55b14f3b7550cf?s=96&d=mm&r=g","caption":"Tar\u0131k"},"sameAs":["http:\/\/narteks.net"],"url":"https:\/\/narteks.net\/index.php\/author\/narbak\/"}]}},"_links":{"self":[{"href":"https:\/\/narteks.net\/index.php\/wp-json\/wp\/v2\/posts\/3441","targetHints":{"allow":["GET"]}}],"collection":[{"href":"https:\/\/narteks.net\/index.php\/wp-json\/wp\/v2\/posts"}],"about":[{"href":"https:\/\/narteks.net\/index.php\/wp-json\/wp\/v2\/types\/post"}],"author":[{"embeddable":true,"href":"https:\/\/narteks.net\/index.php\/wp-json\/wp\/v2\/users\/1"}],"replies":[{"embeddable":true,"href":"https:\/\/narteks.net\/index.php\/wp-json\/wp\/v2\/comments?post=3441"}],"version-history":[{"count":0,"href":"https:\/\/narteks.net\/index.php\/wp-json\/wp\/v2\/posts\/3441\/revisions"}],"wp:attachment":[{"href":"https:\/\/narteks.net\/index.php\/wp-json\/wp\/v2\/media?parent=3441"}],"wp:term":[{"taxonomy":"category","embeddable":true,"href":"https:\/\/narteks.net\/index.php\/wp-json\/wp\/v2\/categories?post=3441"},{"taxonomy":"post_tag","embeddable":true,"href":"https:\/\/narteks.net\/index.php\/wp-json\/wp\/v2\/tags?post=3441"}],"curies":[{"name":"wp","href":"https:\/\/api.w.org\/{rel}","templated":true}]}}