{"id":3446,"date":"2009-12-28T16:18:39","date_gmt":"2009-12-28T13:18:39","guid":{"rendered":"http:\/\/localhost\/wordpress\/2009\/12\/28\/mustafa-kemal-2\/"},"modified":"2009-12-28T16:18:39","modified_gmt":"2009-12-28T13:18:39","slug":"mustafa-kemal-2","status":"publish","type":"post","link":"https:\/\/narteks.net\/index.php\/2009\/12\/28\/mustafa-kemal-2\/","title":{"rendered":"MUSTAFA KEMAL"},"content":{"rendered":"<p>\u00a0<\/p>\n<p>Bir gemi yana\u015ft\u0131 Samsun&#8217;a sabaha kar\u015f\u0131 <br \/> Sel&#8217;am durdu kay\u0131\u011f\u0131, \u00e7apar\u0131, takas\u0131 <br \/> Selam durdu tayfas\u0131. <br \/> Bir duman t\u00fcterdi bu geminin bacas\u0131ndan, bir duman <br \/> Duman de\u011fildi bu! <br \/> Memleketin u\u00e7up giden kayg\u0131lar\u0131yd\u0131. <\/p>\n<p> Samsun liman\u0131na bu gemiden at\u0131lan <br \/> Demir de\u011fil! <br \/> Sar\u0131lan anayurda <br \/> Kemal Pa\u015fan\u0131n kollar\u0131yd\u0131. <\/p>\n<p> Sel\u00e2m vererek Anadolu \u00e7ocuklar\u0131na <br \/> \u00c7\u0131karken y\u00fcce komutan <br \/> Karadeniz&#8217;in halini bir g\u00f6rmeliydi. <br \/> Kalk\u0131p aya\u011fa ard\u0131 s\u0131ra bakt\u0131 dalgalar <br \/> Kalkt\u0131 takalar, <br \/> \u0130zin verseydi Kemal Pa\u015fa <br \/> Ard\u0131ndan g\u00fcrleyip giderlerdi <br \/> Erzurum&#8217;a kadar.<\/p>\n","protected":false},"excerpt":{"rendered":"<p>\u00a0 Bir gemi yana\u015ft\u0131 Samsun&#8217;a sabaha kar\u015f\u0131 Sel&#8217;am durdu kay\u0131\u011f\u0131, \u00e7apar\u0131, takas\u0131 Selam durdu tayfas\u0131. Bir duman t\u00fcterdi bu geminin bacas\u0131ndan, bir duman Duman de\u011fildi bu! Memleketin u\u00e7up giden kayg\u0131lar\u0131yd\u0131. Samsun liman\u0131na bu gemiden at\u0131lan Demir de\u011fil! Sar\u0131lan anayurda Kemal Pa\u015fan\u0131n kollar\u0131yd\u0131. Sel\u00e2m vererek Anadolu \u00e7ocuklar\u0131na \u00c7\u0131karken y\u00fcce komutan Karadeniz&#8217;in halini bir g\u00f6rmeliydi. Kalk\u0131p aya\u011fa [&hellip;]<\/p>\n","protected":false},"author":1,"featured_media":0,"comment_status":"open","ping_status":"open","sticky":false,"template":"","format":"standard","meta":{"footnotes":""},"categories":[119],"tags":[],"class_list":{"0":"post-3446","1":"post","2":"type-post","3":"status-publish","4":"format-standard","6":"category-cahit-kulebi"},"yoast_head":"<!-- This site is optimized with the Yoast SEO Premium plugin v24.9 (Yoast SEO v24.9) - https:\/\/yoast.com\/wordpress\/plugins\/seo\/ -->\n<title>MUSTAFA KEMAL - narteks.net<\/title>\n<meta name=\"robots\" content=\"index, follow, max-snippet:-1, max-image-preview:large, max-video-preview:-1\" \/>\n<link rel=\"canonical\" href=\"https:\/\/narteks.net\/index.php\/2009\/12\/28\/mustafa-kemal-2\/\" \/>\n<meta property=\"og:locale\" content=\"tr_TR\" \/>\n<meta property=\"og:type\" content=\"article\" \/>\n<meta property=\"og:title\" content=\"MUSTAFA KEMAL\" \/>\n<meta property=\"og:description\" content=\"\u00a0 Bir gemi yana\u015ft\u0131 Samsun&#8217;a sabaha kar\u015f\u0131 Sel&#8217;am durdu kay\u0131\u011f\u0131, \u00e7apar\u0131, takas\u0131 Selam durdu tayfas\u0131. Bir duman t\u00fcterdi bu geminin bacas\u0131ndan, bir duman Duman de\u011fildi bu! Memleketin u\u00e7up giden kayg\u0131lar\u0131yd\u0131. Samsun liman\u0131na bu gemiden at\u0131lan Demir de\u011fil! Sar\u0131lan anayurda Kemal Pa\u015fan\u0131n kollar\u0131yd\u0131. Sel\u00e2m vererek Anadolu \u00e7ocuklar\u0131na \u00c7\u0131karken y\u00fcce komutan Karadeniz&#8217;in halini bir g\u00f6rmeliydi. Kalk\u0131p aya\u011fa [&hellip;]\" \/>\n<meta property=\"og:url\" content=\"https:\/\/narteks.net\/index.php\/2009\/12\/28\/mustafa-kemal-2\/\" \/>\n<meta property=\"og:site_name\" content=\"narteks.net\" \/>\n<meta property=\"article:published_time\" content=\"2009-12-28T13:18:39+00:00\" \/>\n<meta property=\"og:image\" content=\"https:\/\/narteks.net\/wp-content\/uploads\/narteks.png\" \/>\n\t<meta property=\"og:image:width\" content=\"300\" \/>\n\t<meta property=\"og:image:height\" content=\"90\" \/>\n\t<meta property=\"og:image:type\" content=\"image\/png\" \/>\n<meta name=\"author\" content=\"Tar\u0131k\" \/>\n<meta name=\"twitter:card\" content=\"summary_large_image\" \/>\n<meta name=\"twitter:creator\" content=\"@narteks\" \/>\n<meta name=\"twitter:site\" content=\"@narteks\" \/>\n<meta name=\"twitter:label1\" content=\"Yazan:\" \/>\n\t<meta name=\"twitter:data1\" content=\"Tar\u0131k\" \/>\n<script type=\"application\/ld+json\" class=\"yoast-schema-graph\">{\"@context\":\"https:\/\/schema.org\",\"@graph\":[{\"@type\":\"Article\",\"@id\":\"https:\/\/narteks.net\/index.php\/2009\/12\/28\/mustafa-kemal-2\/#article\",\"isPartOf\":{\"@id\":\"https:\/\/narteks.net\/index.php\/2009\/12\/28\/mustafa-kemal-2\/\"},\"author\":{\"name\":\"Tar\u0131k\",\"@id\":\"https:\/\/narteks.net\/#\/schema\/person\/61f37d9834294b72d31d274e7ed79bca\"},\"headline\":\"MUSTAFA KEMAL\",\"datePublished\":\"2009-12-28T13:18:39+00:00\",\"mainEntityOfPage\":{\"@id\":\"https:\/\/narteks.net\/index.php\/2009\/12\/28\/mustafa-kemal-2\/\"},\"wordCount\":95,\"commentCount\":0,\"publisher\":{\"@id\":\"https:\/\/narteks.net\/#organization\"},\"articleSection\":[\"Cahit K\u00dcLEB\u0130\"],\"inLanguage\":\"tr\",\"potentialAction\":[{\"@type\":\"CommentAction\",\"name\":\"Comment\",\"target\":[\"https:\/\/narteks.net\/index.php\/2009\/12\/28\/mustafa-kemal-2\/#respond\"]}]},{\"@type\":\"WebPage\",\"@id\":\"https:\/\/narteks.net\/index.php\/2009\/12\/28\/mustafa-kemal-2\/\",\"url\":\"https:\/\/narteks.net\/index.php\/2009\/12\/28\/mustafa-kemal-2\/\",\"name\":\"MUSTAFA KEMAL - narteks.net\",\"isPartOf\":{\"@id\":\"https:\/\/narteks.net\/#website\"},\"datePublished\":\"2009-12-28T13:18:39+00:00\",\"breadcrumb\":{\"@id\":\"https:\/\/narteks.net\/index.php\/2009\/12\/28\/mustafa-kemal-2\/#breadcrumb\"},\"inLanguage\":\"tr\",\"potentialAction\":[{\"@type\":\"ReadAction\",\"target\":[\"https:\/\/narteks.net\/index.php\/2009\/12\/28\/mustafa-kemal-2\/\"]}]},{\"@type\":\"BreadcrumbList\",\"@id\":\"https:\/\/narteks.net\/index.php\/2009\/12\/28\/mustafa-kemal-2\/#breadcrumb\",\"itemListElement\":[{\"@type\":\"ListItem\",\"position\":1,\"name\":\"Anasayfa\",\"item\":\"https:\/\/narteks.net\/\"},{\"@type\":\"ListItem\",\"position\":2,\"name\":\"MUSTAFA KEMAL\"}]},{\"@type\":\"WebSite\",\"@id\":\"https:\/\/narteks.net\/#website\",\"url\":\"https:\/\/narteks.net\/\",\"name\":\"narteks.net\",\"description\":\"K\u00fclt\u00fcr Sanat Edebiyat Felsefe\",\"publisher\":{\"@id\":\"https:\/\/narteks.net\/#organization\"},\"alternateName\":\"K\u00fclt\u00fcr Sanat Edebiyat Felsefe\",\"potentialAction\":[{\"@type\":\"SearchAction\",\"target\":{\"@type\":\"EntryPoint\",\"urlTemplate\":\"https:\/\/narteks.net\/?s={search_term_string}\"},\"query-input\":{\"@type\":\"PropertyValueSpecification\",\"valueRequired\":true,\"valueName\":\"search_term_string\"}}],\"inLanguage\":\"tr\"},{\"@type\":\"Organization\",\"@id\":\"https:\/\/narteks.net\/#organization\",\"name\":\"narteks.net\",\"url\":\"https:\/\/narteks.net\/\",\"logo\":{\"@type\":\"ImageObject\",\"inLanguage\":\"tr\",\"@id\":\"https:\/\/narteks.net\/#\/schema\/logo\/image\/\",\"url\":\"https:\/\/narteks.net\/wp-content\/uploads\/narteks.png\",\"contentUrl\":\"https:\/\/narteks.net\/wp-content\/uploads\/narteks.png\",\"width\":300,\"height\":90,\"caption\":\"narteks.net\"},\"image\":{\"@id\":\"https:\/\/narteks.net\/#\/schema\/logo\/image\/\"},\"sameAs\":[\"https:\/\/x.com\/narteks\",\"https:\/\/instagram.com\/narteksnet\"]},{\"@type\":\"Person\",\"@id\":\"https:\/\/narteks.net\/#\/schema\/person\/61f37d9834294b72d31d274e7ed79bca\",\"name\":\"Tar\u0131k\",\"image\":{\"@type\":\"ImageObject\",\"inLanguage\":\"tr\",\"@id\":\"https:\/\/narteks.net\/#\/schema\/person\/image\/\",\"url\":\"https:\/\/secure.gravatar.com\/avatar\/50865afb55632c4ae467e0af0930f6510aa2297d8014be502a55b14f3b7550cf?s=96&d=mm&r=g\",\"contentUrl\":\"https:\/\/secure.gravatar.com\/avatar\/50865afb55632c4ae467e0af0930f6510aa2297d8014be502a55b14f3b7550cf?s=96&d=mm&r=g\",\"caption\":\"Tar\u0131k\"},\"sameAs\":[\"http:\/\/narteks.net\"],\"url\":\"https:\/\/narteks.net\/index.php\/author\/narbak\/\"}]}<\/script>\n<!-- \/ Yoast SEO Premium plugin. -->","yoast_head_json":{"title":"MUSTAFA KEMAL - narteks.net","robots":{"index":"index","follow":"follow","max-snippet":"max-snippet:-1","max-image-preview":"max-image-preview:large","max-video-preview":"max-video-preview:-1"},"canonical":"https:\/\/narteks.net\/index.php\/2009\/12\/28\/mustafa-kemal-2\/","og_locale":"tr_TR","og_type":"article","og_title":"MUSTAFA KEMAL","og_description":"\u00a0 Bir gemi yana\u015ft\u0131 Samsun&#8217;a sabaha kar\u015f\u0131 Sel&#8217;am durdu kay\u0131\u011f\u0131, \u00e7apar\u0131, takas\u0131 Selam durdu tayfas\u0131. Bir duman t\u00fcterdi bu geminin bacas\u0131ndan, bir duman Duman de\u011fildi bu! Memleketin u\u00e7up giden kayg\u0131lar\u0131yd\u0131. Samsun liman\u0131na bu gemiden at\u0131lan Demir de\u011fil! Sar\u0131lan anayurda Kemal Pa\u015fan\u0131n kollar\u0131yd\u0131. Sel\u00e2m vererek Anadolu \u00e7ocuklar\u0131na \u00c7\u0131karken y\u00fcce komutan Karadeniz&#8217;in halini bir g\u00f6rmeliydi. Kalk\u0131p aya\u011fa [&hellip;]","og_url":"https:\/\/narteks.net\/index.php\/2009\/12\/28\/mustafa-kemal-2\/","og_site_name":"narteks.net","article_published_time":"2009-12-28T13:18:39+00:00","og_image":[{"width":300,"height":90,"url":"https:\/\/narteks.net\/wp-content\/uploads\/narteks.png","type":"image\/png"}],"author":"Tar\u0131k","twitter_card":"summary_large_image","twitter_creator":"@narteks","twitter_site":"@narteks","twitter_misc":{"Yazan:":"Tar\u0131k"},"schema":{"@context":"https:\/\/schema.org","@graph":[{"@type":"Article","@id":"https:\/\/narteks.net\/index.php\/2009\/12\/28\/mustafa-kemal-2\/#article","isPartOf":{"@id":"https:\/\/narteks.net\/index.php\/2009\/12\/28\/mustafa-kemal-2\/"},"author":{"name":"Tar\u0131k","@id":"https:\/\/narteks.net\/#\/schema\/person\/61f37d9834294b72d31d274e7ed79bca"},"headline":"MUSTAFA KEMAL","datePublished":"2009-12-28T13:18:39+00:00","mainEntityOfPage":{"@id":"https:\/\/narteks.net\/index.php\/2009\/12\/28\/mustafa-kemal-2\/"},"wordCount":95,"commentCount":0,"publisher":{"@id":"https:\/\/narteks.net\/#organization"},"articleSection":["Cahit K\u00dcLEB\u0130"],"inLanguage":"tr","potentialAction":[{"@type":"CommentAction","name":"Comment","target":["https:\/\/narteks.net\/index.php\/2009\/12\/28\/mustafa-kemal-2\/#respond"]}]},{"@type":"WebPage","@id":"https:\/\/narteks.net\/index.php\/2009\/12\/28\/mustafa-kemal-2\/","url":"https:\/\/narteks.net\/index.php\/2009\/12\/28\/mustafa-kemal-2\/","name":"MUSTAFA KEMAL - narteks.net","isPartOf":{"@id":"https:\/\/narteks.net\/#website"},"datePublished":"2009-12-28T13:18:39+00:00","breadcrumb":{"@id":"https:\/\/narteks.net\/index.php\/2009\/12\/28\/mustafa-kemal-2\/#breadcrumb"},"inLanguage":"tr","potentialAction":[{"@type":"ReadAction","target":["https:\/\/narteks.net\/index.php\/2009\/12\/28\/mustafa-kemal-2\/"]}]},{"@type":"BreadcrumbList","@id":"https:\/\/narteks.net\/index.php\/2009\/12\/28\/mustafa-kemal-2\/#breadcrumb","itemListElement":[{"@type":"ListItem","position":1,"name":"Anasayfa","item":"https:\/\/narteks.net\/"},{"@type":"ListItem","position":2,"name":"MUSTAFA KEMAL"}]},{"@type":"WebSite","@id":"https:\/\/narteks.net\/#website","url":"https:\/\/narteks.net\/","name":"narteks.net","description":"K\u00fclt\u00fcr Sanat Edebiyat Felsefe","publisher":{"@id":"https:\/\/narteks.net\/#organization"},"alternateName":"K\u00fclt\u00fcr Sanat Edebiyat Felsefe","potentialAction":[{"@type":"SearchAction","target":{"@type":"EntryPoint","urlTemplate":"https:\/\/narteks.net\/?s={search_term_string}"},"query-input":{"@type":"PropertyValueSpecification","valueRequired":true,"valueName":"search_term_string"}}],"inLanguage":"tr"},{"@type":"Organization","@id":"https:\/\/narteks.net\/#organization","name":"narteks.net","url":"https:\/\/narteks.net\/","logo":{"@type":"ImageObject","inLanguage":"tr","@id":"https:\/\/narteks.net\/#\/schema\/logo\/image\/","url":"https:\/\/narteks.net\/wp-content\/uploads\/narteks.png","contentUrl":"https:\/\/narteks.net\/wp-content\/uploads\/narteks.png","width":300,"height":90,"caption":"narteks.net"},"image":{"@id":"https:\/\/narteks.net\/#\/schema\/logo\/image\/"},"sameAs":["https:\/\/x.com\/narteks","https:\/\/instagram.com\/narteksnet"]},{"@type":"Person","@id":"https:\/\/narteks.net\/#\/schema\/person\/61f37d9834294b72d31d274e7ed79bca","name":"Tar\u0131k","image":{"@type":"ImageObject","inLanguage":"tr","@id":"https:\/\/narteks.net\/#\/schema\/person\/image\/","url":"https:\/\/secure.gravatar.com\/avatar\/50865afb55632c4ae467e0af0930f6510aa2297d8014be502a55b14f3b7550cf?s=96&d=mm&r=g","contentUrl":"https:\/\/secure.gravatar.com\/avatar\/50865afb55632c4ae467e0af0930f6510aa2297d8014be502a55b14f3b7550cf?s=96&d=mm&r=g","caption":"Tar\u0131k"},"sameAs":["http:\/\/narteks.net"],"url":"https:\/\/narteks.net\/index.php\/author\/narbak\/"}]}},"_links":{"self":[{"href":"https:\/\/narteks.net\/index.php\/wp-json\/wp\/v2\/posts\/3446","targetHints":{"allow":["GET"]}}],"collection":[{"href":"https:\/\/narteks.net\/index.php\/wp-json\/wp\/v2\/posts"}],"about":[{"href":"https:\/\/narteks.net\/index.php\/wp-json\/wp\/v2\/types\/post"}],"author":[{"embeddable":true,"href":"https:\/\/narteks.net\/index.php\/wp-json\/wp\/v2\/users\/1"}],"replies":[{"embeddable":true,"href":"https:\/\/narteks.net\/index.php\/wp-json\/wp\/v2\/comments?post=3446"}],"version-history":[{"count":0,"href":"https:\/\/narteks.net\/index.php\/wp-json\/wp\/v2\/posts\/3446\/revisions"}],"wp:attachment":[{"href":"https:\/\/narteks.net\/index.php\/wp-json\/wp\/v2\/media?parent=3446"}],"wp:term":[{"taxonomy":"category","embeddable":true,"href":"https:\/\/narteks.net\/index.php\/wp-json\/wp\/v2\/categories?post=3446"},{"taxonomy":"post_tag","embeddable":true,"href":"https:\/\/narteks.net\/index.php\/wp-json\/wp\/v2\/tags?post=3446"}],"curies":[{"name":"wp","href":"https:\/\/api.w.org\/{rel}","templated":true}]}}