{"id":3455,"date":"2009-12-28T16:23:19","date_gmt":"2009-12-28T13:23:19","guid":{"rendered":"http:\/\/localhost\/wordpress\/2009\/12\/28\/sivas-yollarinda\/"},"modified":"2009-12-28T16:23:19","modified_gmt":"2009-12-28T13:23:19","slug":"sivas-yollarinda","status":"publish","type":"post","link":"https:\/\/narteks.net\/index.php\/2009\/12\/28\/sivas-yollarinda\/","title":{"rendered":"SIVAS YOLLARINDA"},"content":{"rendered":"<p>\u00a0<\/p>\n<p>S\u0131vas yollar\u0131nda geceleri <br \/> Katar katar ka\u011fn\u0131lar gider <br \/> Tekerleri me\u015feden. <br \/> A\u011f\u0131z dil vermeyen k\u00f6yl\u00fcler <br \/> Odun mu, tuz mu, hasta m\u0131 g\u00f6t\u00fcr\u00fcrler? <br \/> A\u011f\u0131r a\u011f\u0131r ka\u011fn\u0131lar gider <br \/> S\u0131vas yollar\u0131nda geceleri. <\/p>\n<p> Ne, y\u0131ld\u0131zlar kayna\u015f\u0131r g\u00f6ky\u00fcz\u00fcnde, <br \/> ne sevdayla dolar ta\u015far g\u00f6n\u00fcller <br \/> Bir r\u00fczgar eser ki, b\u0131\u00e7ak gibi <br \/> El ayak \u015fi\u015fer. <br \/> S\u0131vas yollar\u0131nda geceleri <br \/> A\u011f\u0131r a\u011f\u0131r ka\u011fn\u0131lar gider. <\/p>\n<p> Kamyonlar gelir ge\u00e7er, kamyonlar gider <br \/> Toz duman i\u00e7inde, <br \/> \u015eavk\u0131 vurur yollara, <br \/> Arabalar da\u011f\u0131l\u0131r \u015f\u00f6f\u00f6rler s\u00f6\u011fer, <br \/> S\u0131vas yollar\u0131nda geceleri <br \/> Katar katar ka\u011fn\u0131lar gider.<\/p>\n","protected":false},"excerpt":{"rendered":"<p>\u00a0 S\u0131vas yollar\u0131nda geceleri Katar katar ka\u011fn\u0131lar gider Tekerleri me\u015feden. A\u011f\u0131z dil vermeyen k\u00f6yl\u00fcler Odun mu, tuz mu, hasta m\u0131 g\u00f6t\u00fcr\u00fcrler? A\u011f\u0131r a\u011f\u0131r ka\u011fn\u0131lar gider S\u0131vas yollar\u0131nda geceleri. Ne, y\u0131ld\u0131zlar kayna\u015f\u0131r g\u00f6ky\u00fcz\u00fcnde, ne sevdayla dolar ta\u015far g\u00f6n\u00fcller Bir r\u00fczgar eser ki, b\u0131\u00e7ak gibi El ayak \u015fi\u015fer. S\u0131vas yollar\u0131nda geceleri A\u011f\u0131r a\u011f\u0131r ka\u011fn\u0131lar gider. Kamyonlar gelir [&hellip;]<\/p>\n","protected":false},"author":1,"featured_media":0,"comment_status":"open","ping_status":"open","sticky":false,"template":"","format":"standard","meta":{"footnotes":""},"categories":[119],"tags":[],"class_list":{"0":"post-3455","1":"post","2":"type-post","3":"status-publish","4":"format-standard","6":"category-cahit-kulebi"},"yoast_head":"<!-- This site is optimized with the Yoast SEO Premium plugin v24.9 (Yoast SEO v24.9) - https:\/\/yoast.com\/wordpress\/plugins\/seo\/ -->\n<title>SIVAS YOLLARINDA - narteks.net<\/title>\n<meta name=\"robots\" content=\"index, follow, max-snippet:-1, max-image-preview:large, max-video-preview:-1\" \/>\n<link rel=\"canonical\" href=\"https:\/\/narteks.net\/index.php\/2009\/12\/28\/sivas-yollarinda\/\" \/>\n<meta property=\"og:locale\" content=\"tr_TR\" \/>\n<meta property=\"og:type\" content=\"article\" \/>\n<meta property=\"og:title\" content=\"SIVAS YOLLARINDA\" \/>\n<meta property=\"og:description\" content=\"\u00a0 S\u0131vas yollar\u0131nda geceleri Katar katar ka\u011fn\u0131lar gider Tekerleri me\u015feden. A\u011f\u0131z dil vermeyen k\u00f6yl\u00fcler Odun mu, tuz mu, hasta m\u0131 g\u00f6t\u00fcr\u00fcrler? A\u011f\u0131r a\u011f\u0131r ka\u011fn\u0131lar gider S\u0131vas yollar\u0131nda geceleri. Ne, y\u0131ld\u0131zlar kayna\u015f\u0131r g\u00f6ky\u00fcz\u00fcnde, ne sevdayla dolar ta\u015far g\u00f6n\u00fcller Bir r\u00fczgar eser ki, b\u0131\u00e7ak gibi El ayak \u015fi\u015fer. S\u0131vas yollar\u0131nda geceleri A\u011f\u0131r a\u011f\u0131r ka\u011fn\u0131lar gider. Kamyonlar gelir [&hellip;]\" \/>\n<meta property=\"og:url\" content=\"https:\/\/narteks.net\/index.php\/2009\/12\/28\/sivas-yollarinda\/\" \/>\n<meta property=\"og:site_name\" content=\"narteks.net\" \/>\n<meta property=\"article:published_time\" content=\"2009-12-28T13:23:19+00:00\" \/>\n<meta property=\"og:image\" content=\"https:\/\/narteks.net\/wp-content\/uploads\/narteks.png\" \/>\n\t<meta property=\"og:image:width\" content=\"300\" \/>\n\t<meta property=\"og:image:height\" content=\"90\" \/>\n\t<meta property=\"og:image:type\" content=\"image\/png\" \/>\n<meta name=\"author\" content=\"Tar\u0131k\" \/>\n<meta name=\"twitter:card\" content=\"summary_large_image\" \/>\n<meta name=\"twitter:creator\" content=\"@narteks\" \/>\n<meta name=\"twitter:site\" content=\"@narteks\" \/>\n<meta name=\"twitter:label1\" content=\"Yazan:\" \/>\n\t<meta name=\"twitter:data1\" content=\"Tar\u0131k\" \/>\n\t<meta name=\"twitter:label2\" content=\"Tahmini okuma s\u00fcresi\" \/>\n\t<meta name=\"twitter:data2\" content=\"1 dakika\" \/>\n<script type=\"application\/ld+json\" class=\"yoast-schema-graph\">{\"@context\":\"https:\/\/schema.org\",\"@graph\":[{\"@type\":\"Article\",\"@id\":\"https:\/\/narteks.net\/index.php\/2009\/12\/28\/sivas-yollarinda\/#article\",\"isPartOf\":{\"@id\":\"https:\/\/narteks.net\/index.php\/2009\/12\/28\/sivas-yollarinda\/\"},\"author\":{\"name\":\"Tar\u0131k\",\"@id\":\"https:\/\/narteks.net\/#\/schema\/person\/61f37d9834294b72d31d274e7ed79bca\"},\"headline\":\"SIVAS YOLLARINDA\",\"datePublished\":\"2009-12-28T13:23:19+00:00\",\"mainEntityOfPage\":{\"@id\":\"https:\/\/narteks.net\/index.php\/2009\/12\/28\/sivas-yollarinda\/\"},\"wordCount\":121,\"commentCount\":0,\"publisher\":{\"@id\":\"https:\/\/narteks.net\/#organization\"},\"articleSection\":[\"Cahit K\u00dcLEB\u0130\"],\"inLanguage\":\"tr\",\"potentialAction\":[{\"@type\":\"CommentAction\",\"name\":\"Comment\",\"target\":[\"https:\/\/narteks.net\/index.php\/2009\/12\/28\/sivas-yollarinda\/#respond\"]}]},{\"@type\":\"WebPage\",\"@id\":\"https:\/\/narteks.net\/index.php\/2009\/12\/28\/sivas-yollarinda\/\",\"url\":\"https:\/\/narteks.net\/index.php\/2009\/12\/28\/sivas-yollarinda\/\",\"name\":\"SIVAS YOLLARINDA - narteks.net\",\"isPartOf\":{\"@id\":\"https:\/\/narteks.net\/#website\"},\"datePublished\":\"2009-12-28T13:23:19+00:00\",\"breadcrumb\":{\"@id\":\"https:\/\/narteks.net\/index.php\/2009\/12\/28\/sivas-yollarinda\/#breadcrumb\"},\"inLanguage\":\"tr\",\"potentialAction\":[{\"@type\":\"ReadAction\",\"target\":[\"https:\/\/narteks.net\/index.php\/2009\/12\/28\/sivas-yollarinda\/\"]}]},{\"@type\":\"BreadcrumbList\",\"@id\":\"https:\/\/narteks.net\/index.php\/2009\/12\/28\/sivas-yollarinda\/#breadcrumb\",\"itemListElement\":[{\"@type\":\"ListItem\",\"position\":1,\"name\":\"Anasayfa\",\"item\":\"https:\/\/narteks.net\/\"},{\"@type\":\"ListItem\",\"position\":2,\"name\":\"SIVAS YOLLARINDA\"}]},{\"@type\":\"WebSite\",\"@id\":\"https:\/\/narteks.net\/#website\",\"url\":\"https:\/\/narteks.net\/\",\"name\":\"narteks.net\",\"description\":\"K\u00fclt\u00fcr Sanat Edebiyat Felsefe\",\"publisher\":{\"@id\":\"https:\/\/narteks.net\/#organization\"},\"alternateName\":\"K\u00fclt\u00fcr Sanat Edebiyat Felsefe\",\"potentialAction\":[{\"@type\":\"SearchAction\",\"target\":{\"@type\":\"EntryPoint\",\"urlTemplate\":\"https:\/\/narteks.net\/?s={search_term_string}\"},\"query-input\":{\"@type\":\"PropertyValueSpecification\",\"valueRequired\":true,\"valueName\":\"search_term_string\"}}],\"inLanguage\":\"tr\"},{\"@type\":\"Organization\",\"@id\":\"https:\/\/narteks.net\/#organization\",\"name\":\"narteks.net\",\"url\":\"https:\/\/narteks.net\/\",\"logo\":{\"@type\":\"ImageObject\",\"inLanguage\":\"tr\",\"@id\":\"https:\/\/narteks.net\/#\/schema\/logo\/image\/\",\"url\":\"https:\/\/narteks.net\/wp-content\/uploads\/narteks.png\",\"contentUrl\":\"https:\/\/narteks.net\/wp-content\/uploads\/narteks.png\",\"width\":300,\"height\":90,\"caption\":\"narteks.net\"},\"image\":{\"@id\":\"https:\/\/narteks.net\/#\/schema\/logo\/image\/\"},\"sameAs\":[\"https:\/\/x.com\/narteks\",\"https:\/\/instagram.com\/narteksnet\"]},{\"@type\":\"Person\",\"@id\":\"https:\/\/narteks.net\/#\/schema\/person\/61f37d9834294b72d31d274e7ed79bca\",\"name\":\"Tar\u0131k\",\"image\":{\"@type\":\"ImageObject\",\"inLanguage\":\"tr\",\"@id\":\"https:\/\/narteks.net\/#\/schema\/person\/image\/\",\"url\":\"https:\/\/secure.gravatar.com\/avatar\/50865afb55632c4ae467e0af0930f6510aa2297d8014be502a55b14f3b7550cf?s=96&d=mm&r=g\",\"contentUrl\":\"https:\/\/secure.gravatar.com\/avatar\/50865afb55632c4ae467e0af0930f6510aa2297d8014be502a55b14f3b7550cf?s=96&d=mm&r=g\",\"caption\":\"Tar\u0131k\"},\"sameAs\":[\"http:\/\/narteks.net\"],\"url\":\"https:\/\/narteks.net\/index.php\/author\/narbak\/\"}]}<\/script>\n<!-- \/ Yoast SEO Premium plugin. -->","yoast_head_json":{"title":"SIVAS YOLLARINDA - narteks.net","robots":{"index":"index","follow":"follow","max-snippet":"max-snippet:-1","max-image-preview":"max-image-preview:large","max-video-preview":"max-video-preview:-1"},"canonical":"https:\/\/narteks.net\/index.php\/2009\/12\/28\/sivas-yollarinda\/","og_locale":"tr_TR","og_type":"article","og_title":"SIVAS YOLLARINDA","og_description":"\u00a0 S\u0131vas yollar\u0131nda geceleri Katar katar ka\u011fn\u0131lar gider Tekerleri me\u015feden. A\u011f\u0131z dil vermeyen k\u00f6yl\u00fcler Odun mu, tuz mu, hasta m\u0131 g\u00f6t\u00fcr\u00fcrler? A\u011f\u0131r a\u011f\u0131r ka\u011fn\u0131lar gider S\u0131vas yollar\u0131nda geceleri. Ne, y\u0131ld\u0131zlar kayna\u015f\u0131r g\u00f6ky\u00fcz\u00fcnde, ne sevdayla dolar ta\u015far g\u00f6n\u00fcller Bir r\u00fczgar eser ki, b\u0131\u00e7ak gibi El ayak \u015fi\u015fer. S\u0131vas yollar\u0131nda geceleri A\u011f\u0131r a\u011f\u0131r ka\u011fn\u0131lar gider. Kamyonlar gelir [&hellip;]","og_url":"https:\/\/narteks.net\/index.php\/2009\/12\/28\/sivas-yollarinda\/","og_site_name":"narteks.net","article_published_time":"2009-12-28T13:23:19+00:00","og_image":[{"width":300,"height":90,"url":"https:\/\/narteks.net\/wp-content\/uploads\/narteks.png","type":"image\/png"}],"author":"Tar\u0131k","twitter_card":"summary_large_image","twitter_creator":"@narteks","twitter_site":"@narteks","twitter_misc":{"Yazan:":"Tar\u0131k","Tahmini okuma s\u00fcresi":"1 dakika"},"schema":{"@context":"https:\/\/schema.org","@graph":[{"@type":"Article","@id":"https:\/\/narteks.net\/index.php\/2009\/12\/28\/sivas-yollarinda\/#article","isPartOf":{"@id":"https:\/\/narteks.net\/index.php\/2009\/12\/28\/sivas-yollarinda\/"},"author":{"name":"Tar\u0131k","@id":"https:\/\/narteks.net\/#\/schema\/person\/61f37d9834294b72d31d274e7ed79bca"},"headline":"SIVAS YOLLARINDA","datePublished":"2009-12-28T13:23:19+00:00","mainEntityOfPage":{"@id":"https:\/\/narteks.net\/index.php\/2009\/12\/28\/sivas-yollarinda\/"},"wordCount":121,"commentCount":0,"publisher":{"@id":"https:\/\/narteks.net\/#organization"},"articleSection":["Cahit K\u00dcLEB\u0130"],"inLanguage":"tr","potentialAction":[{"@type":"CommentAction","name":"Comment","target":["https:\/\/narteks.net\/index.php\/2009\/12\/28\/sivas-yollarinda\/#respond"]}]},{"@type":"WebPage","@id":"https:\/\/narteks.net\/index.php\/2009\/12\/28\/sivas-yollarinda\/","url":"https:\/\/narteks.net\/index.php\/2009\/12\/28\/sivas-yollarinda\/","name":"SIVAS YOLLARINDA - narteks.net","isPartOf":{"@id":"https:\/\/narteks.net\/#website"},"datePublished":"2009-12-28T13:23:19+00:00","breadcrumb":{"@id":"https:\/\/narteks.net\/index.php\/2009\/12\/28\/sivas-yollarinda\/#breadcrumb"},"inLanguage":"tr","potentialAction":[{"@type":"ReadAction","target":["https:\/\/narteks.net\/index.php\/2009\/12\/28\/sivas-yollarinda\/"]}]},{"@type":"BreadcrumbList","@id":"https:\/\/narteks.net\/index.php\/2009\/12\/28\/sivas-yollarinda\/#breadcrumb","itemListElement":[{"@type":"ListItem","position":1,"name":"Anasayfa","item":"https:\/\/narteks.net\/"},{"@type":"ListItem","position":2,"name":"SIVAS YOLLARINDA"}]},{"@type":"WebSite","@id":"https:\/\/narteks.net\/#website","url":"https:\/\/narteks.net\/","name":"narteks.net","description":"K\u00fclt\u00fcr Sanat Edebiyat Felsefe","publisher":{"@id":"https:\/\/narteks.net\/#organization"},"alternateName":"K\u00fclt\u00fcr Sanat Edebiyat Felsefe","potentialAction":[{"@type":"SearchAction","target":{"@type":"EntryPoint","urlTemplate":"https:\/\/narteks.net\/?s={search_term_string}"},"query-input":{"@type":"PropertyValueSpecification","valueRequired":true,"valueName":"search_term_string"}}],"inLanguage":"tr"},{"@type":"Organization","@id":"https:\/\/narteks.net\/#organization","name":"narteks.net","url":"https:\/\/narteks.net\/","logo":{"@type":"ImageObject","inLanguage":"tr","@id":"https:\/\/narteks.net\/#\/schema\/logo\/image\/","url":"https:\/\/narteks.net\/wp-content\/uploads\/narteks.png","contentUrl":"https:\/\/narteks.net\/wp-content\/uploads\/narteks.png","width":300,"height":90,"caption":"narteks.net"},"image":{"@id":"https:\/\/narteks.net\/#\/schema\/logo\/image\/"},"sameAs":["https:\/\/x.com\/narteks","https:\/\/instagram.com\/narteksnet"]},{"@type":"Person","@id":"https:\/\/narteks.net\/#\/schema\/person\/61f37d9834294b72d31d274e7ed79bca","name":"Tar\u0131k","image":{"@type":"ImageObject","inLanguage":"tr","@id":"https:\/\/narteks.net\/#\/schema\/person\/image\/","url":"https:\/\/secure.gravatar.com\/avatar\/50865afb55632c4ae467e0af0930f6510aa2297d8014be502a55b14f3b7550cf?s=96&d=mm&r=g","contentUrl":"https:\/\/secure.gravatar.com\/avatar\/50865afb55632c4ae467e0af0930f6510aa2297d8014be502a55b14f3b7550cf?s=96&d=mm&r=g","caption":"Tar\u0131k"},"sameAs":["http:\/\/narteks.net"],"url":"https:\/\/narteks.net\/index.php\/author\/narbak\/"}]}},"_links":{"self":[{"href":"https:\/\/narteks.net\/index.php\/wp-json\/wp\/v2\/posts\/3455","targetHints":{"allow":["GET"]}}],"collection":[{"href":"https:\/\/narteks.net\/index.php\/wp-json\/wp\/v2\/posts"}],"about":[{"href":"https:\/\/narteks.net\/index.php\/wp-json\/wp\/v2\/types\/post"}],"author":[{"embeddable":true,"href":"https:\/\/narteks.net\/index.php\/wp-json\/wp\/v2\/users\/1"}],"replies":[{"embeddable":true,"href":"https:\/\/narteks.net\/index.php\/wp-json\/wp\/v2\/comments?post=3455"}],"version-history":[{"count":0,"href":"https:\/\/narteks.net\/index.php\/wp-json\/wp\/v2\/posts\/3455\/revisions"}],"wp:attachment":[{"href":"https:\/\/narteks.net\/index.php\/wp-json\/wp\/v2\/media?parent=3455"}],"wp:term":[{"taxonomy":"category","embeddable":true,"href":"https:\/\/narteks.net\/index.php\/wp-json\/wp\/v2\/categories?post=3455"},{"taxonomy":"post_tag","embeddable":true,"href":"https:\/\/narteks.net\/index.php\/wp-json\/wp\/v2\/tags?post=3455"}],"curies":[{"name":"wp","href":"https:\/\/api.w.org\/{rel}","templated":true}]}}