{"id":3474,"date":"2009-12-28T21:16:26","date_gmt":"2009-12-28T18:16:26","guid":{"rendered":"http:\/\/localhost\/wordpress\/2009\/12\/28\/unicef-kubada-cocuklarin-yetersiz-beslenme-orani-yuzde-0\/"},"modified":"2009-12-28T21:16:26","modified_gmt":"2009-12-28T18:16:26","slug":"unicef-kubada-cocuklarin-yetersiz-beslenme-orani-yuzde-0","status":"publish","type":"post","link":"https:\/\/narteks.net\/index.php\/2009\/12\/28\/unicef-kubada-cocuklarin-yetersiz-beslenme-orani-yuzde-0\/","title":{"rendered":"UNICEF: K\u00fcba\u2019da \u00e7ocuklar\u0131n yetersiz beslenme oran\u0131 y\u00fczde 0"},"content":{"rendered":"<p><strong><img loading=\"lazy\" decoding=\"async\" src=\"http:\/\/imgtr.fotokritik.com\/photos\/lowres\/0\/2\/5\/025882\/65ad3ec61ea9cb0e330f5871730050aa.jpg\" border=\"0\" width=\"155\" height=\"205\" style=\"float: left;\" \/><\/strong><\/p>\n<p style=\"text-align: justify;\">D\u00fcnya \u00e7ap\u0131nda, sosyal felaketlerden uzak ve mutlu olmalar\u0131 ile tan\u0131nan K\u00fcbal\u0131 \u00e7ocuklar\u0131n ger\u00e7e\u011finin tersine, geli\u015fmekte olan \u00fclkelerde, be\u015f ya\u015f\u0131n alt\u0131nda 146 milyon zay\u0131f \u00e7ocuk var. K\u00f6t\u00fc beslenme y\u00fcz\u00fcnden her y\u0131l 5,6 milyon \u00e7ocuk \u00f6l\u00fcyor. Be\u015f ya\u015f\u0131n alt\u0131ndaki her d\u00f6rt \u00e7ocuktan biri de erken \u00f6l\u00fcm riskiyle kar\u015f\u0131 kar\u015f\u0131ya.<\/p>\n<p style=\"text-align: justify;\">Birle\u015fmi\u015f Milletler \u00c7ocuk Fonu UNICEF\u2019in yay\u0131nlad\u0131\u011f\u0131 son beslenme raporuna g\u00f6re zay\u0131f \u00e7ocuklar\u0131n y\u00fczdesi, Sahra Afrika\u2019s\u0131nda y\u00fczde 28, Ortado\u011fu ve Kuzey Afrika\u2019da y\u00fczde 17, Do\u011fu Asya ve Pasifik\u2019te y\u00fczde 15, Latin Amerika ve Karayipler\u2019de y\u00fczde 7. Orta ve Do\u011fu Avrupa\u2019n\u0131n tamam\u0131nda y\u00fczde 5, di\u011fer geli\u015fmekte olan \u00fclkelerde y\u00fczde 27 oran\u0131nda.<\/p>\n<p>K\u00fcba\u2019da bu problemler yok. K\u00fcba, halk\u0131n\u0131n ve \u00f6zellikle de en savunmas\u0131z kesim olan \u00e7ocuklar\u0131n beslenmelerini iyile\u015ftirmek i\u00e7in g\u00f6sterdi\u011fi \u00e7abalar sayesinde \u00e7ocuklarda yetersiz beslenme sorununu ortadan kald\u0131ran tek Latin Amerika ve Karayipler \u00fclkesi. <\/p>\n<p>Ger\u00e7ekler, d\u00fcnyada 852 milyon insan\u0131n a\u00e7l\u0131k \u00e7ekti\u011fini ve bunlar\u0131n 53 milyon ununda Latin Amerika\u2019da ya\u015fad\u0131\u011f\u0131n\u0131 g\u00f6steriyor. Yaln\u0131z Meksika\u2019da 5 milyon 200 bin ki\u015fi, Haiti\u2019de 3 milyon 8000 bin ki\u015fi yetersiz beslenirken b\u00fct\u00fcn d\u00fcnyada, her y\u0131l, be\u015f milyondan fazla \u00e7ocuk da a\u00e7l\u0131ktan \u00f6l\u00fcyor. <\/p>\n<p>Birle\u015fmi\u015f Milletler\u2019in tahminlerine g\u00f6re \u00dc\u00e7\u00fcnc\u00fc D\u00fcnya halklar\u0131n\u0131n tamam\u0131 i\u00e7in sa\u011fl\u0131k ve temel beslenmenin sa\u011flanmas\u0131 \u00e7ok pahal\u0131 de\u011fil. Bu hedefe ula\u015fmak i\u00e7in planlanm\u0131\u015f bulunan de\u011fere, y\u0131ll\u0131k 13 milyar dolar eklemek yeterli. Bu rakam, her y\u0131l ticari rekl\u00e2mlara harcanan milyarlar, uyu\u015fturucuya harcanan 400 milyar veya yaln\u0131z ABD\u2019de kozmeti\u011fe harcanan 8 milyar dolar ile kar\u015f\u0131la\u015ft\u0131r\u0131ld\u0131\u011f\u0131nda \u00e7ok az kal\u0131yor <\/p>\n<p>BM G\u0131da ve Tar\u0131m \u00d6rg\u00fct\u00fc de (FAO), elde etti\u011fi memnuniyet verici sonu\u00e7 ile K\u00fcba\u2019n\u0131n Latin Amerika\u2019da, yetersiz beslenmeye kar\u015f\u0131 en fazla ilerleme sa\u011flayan ulus oldu\u011funu kabul ediyor. <\/p>\n<p>K\u00fcba H\u00fck\u00fcmeti, t\u00fcm \u00fclkede olu\u015fturdu\u011fu a\u011f\u0131 \u00fczerinden, temel g\u0131da maddelerini da\u011f\u0131tarak halk\u0131n\u0131n beslenmesini garanti etmi\u015f durumda. Ayr\u0131ca K\u00fcbal\u0131lar\u0131n beslenmesini iyile\u015ftirmek i\u00e7in semt pazarlar\u0131nda ve di\u011fer sat\u0131\u015f yerlerinde ekonomik fiyat ayarlamalar\u0131 yapmakta ve \u00f6zellikle \u00e7ocuklar\u0131n ya\u015fam ko\u015fullar\u0131, beslenmeleri, sa\u011fl\u0131klar\u0131 s\u00fcrekli ve dikkatle kontrol edilmekte. <\/p>\n<p>17 milyon \u00e7ocu\u011fun a\u00e7l\u0131k sorunu ya\u015fad\u0131\u011f\u0131 s\u00fcper g\u00fc\u00e7 Kuzey Amerika taraf\u0131ndan, k\u0131rk y\u0131ldan fazla bir zamand\u0131r uygulanan ekonomik, ticari ve mali ambargoya ra\u011fmen K\u00fcba\u2019da a\u00e7l\u0131ktan \u00f6len, sokaklarda yatan, \u00e7al\u0131\u015fan, e\u011fitimsiz, sa\u011fl\u0131k g\u00fcvencesinden mahrum ve yetersiz beslenen \u00e7ocuklar yok. <\/p>\n<p>Bug\u00fcn d\u00fcnyada ya\u015fayan, be\u015f ya\u015f\u0131n alt\u0131ndaki 146 milyon yetersiz beslenen zay\u0131f \u00e7ocuktan hi\u00e7biri K\u00fcbal\u0131 de\u011fil.<\/p>\n<p style=\"text-align: justify;\"><strong>[Latinbilgi \u2013A.Py] <\/strong><\/p>\n","protected":false},"excerpt":{"rendered":"<p>D\u00fcnya \u00e7ap\u0131nda, sosyal felaketlerden uzak ve mutlu olmalar\u0131 ile tan\u0131nan K\u00fcbal\u0131 \u00e7ocuklar\u0131n ger\u00e7e\u011finin tersine, geli\u015fmekte olan \u00fclkelerde, be\u015f ya\u015f\u0131n alt\u0131nda 146 milyon zay\u0131f \u00e7ocuk var. K\u00f6t\u00fc beslenme y\u00fcz\u00fcnden her y\u0131l 5,6 milyon \u00e7ocuk \u00f6l\u00fcyor. Be\u015f ya\u015f\u0131n alt\u0131ndaki her d\u00f6rt \u00e7ocuktan biri de erken \u00f6l\u00fcm riskiyle kar\u015f\u0131 kar\u015f\u0131ya. Birle\u015fmi\u015f Milletler \u00c7ocuk Fonu UNICEF\u2019in yay\u0131nlad\u0131\u011f\u0131 son beslenme [&hellip;]<\/p>\n","protected":false},"author":1,"featured_media":0,"comment_status":"open","ping_status":"open","sticky":false,"template":"","format":"standard","meta":{"footnotes":""},"categories":[99],"tags":[],"class_list":{"0":"post-3474","1":"post","2":"type-post","3":"status-publish","4":"format-standard","6":"category-dunya"},"yoast_head":"<!-- This site is optimized with the Yoast SEO Premium plugin v24.9 (Yoast SEO v24.9) - https:\/\/yoast.com\/wordpress\/plugins\/seo\/ -->\n<title>UNICEF: K\u00fcba\u2019da \u00e7ocuklar\u0131n yetersiz beslenme oran\u0131 y\u00fczde 0 - narteks.net<\/title>\n<meta name=\"robots\" content=\"index, follow, max-snippet:-1, max-image-preview:large, max-video-preview:-1\" \/>\n<link rel=\"canonical\" href=\"https:\/\/narteks.net\/index.php\/2009\/12\/28\/unicef-kubada-cocuklarin-yetersiz-beslenme-orani-yuzde-0\/\" \/>\n<meta property=\"og:locale\" content=\"tr_TR\" \/>\n<meta property=\"og:type\" content=\"article\" \/>\n<meta property=\"og:title\" content=\"UNICEF: K\u00fcba\u2019da \u00e7ocuklar\u0131n yetersiz beslenme oran\u0131 y\u00fczde 0\" \/>\n<meta property=\"og:description\" content=\"D\u00fcnya \u00e7ap\u0131nda, sosyal felaketlerden uzak ve mutlu olmalar\u0131 ile tan\u0131nan K\u00fcbal\u0131 \u00e7ocuklar\u0131n ger\u00e7e\u011finin tersine, geli\u015fmekte olan \u00fclkelerde, be\u015f ya\u015f\u0131n alt\u0131nda 146 milyon zay\u0131f \u00e7ocuk var. K\u00f6t\u00fc beslenme y\u00fcz\u00fcnden her y\u0131l 5,6 milyon \u00e7ocuk \u00f6l\u00fcyor. Be\u015f ya\u015f\u0131n alt\u0131ndaki her d\u00f6rt \u00e7ocuktan biri de erken \u00f6l\u00fcm riskiyle kar\u015f\u0131 kar\u015f\u0131ya. Birle\u015fmi\u015f Milletler \u00c7ocuk Fonu UNICEF\u2019in yay\u0131nlad\u0131\u011f\u0131 son beslenme [&hellip;]\" \/>\n<meta property=\"og:url\" content=\"https:\/\/narteks.net\/index.php\/2009\/12\/28\/unicef-kubada-cocuklarin-yetersiz-beslenme-orani-yuzde-0\/\" \/>\n<meta property=\"og:site_name\" content=\"narteks.net\" \/>\n<meta property=\"article:published_time\" content=\"2009-12-28T18:16:26+00:00\" \/>\n<meta property=\"og:image\" content=\"http:\/\/imgtr.fotokritik.com\/photos\/lowres\/0\/2\/5\/025882\/65ad3ec61ea9cb0e330f5871730050aa.jpg\" \/>\n<meta name=\"author\" content=\"Tar\u0131k\" \/>\n<meta name=\"twitter:card\" content=\"summary_large_image\" \/>\n<meta name=\"twitter:creator\" content=\"@narteks\" \/>\n<meta name=\"twitter:site\" content=\"@narteks\" \/>\n<meta name=\"twitter:label1\" content=\"Yazan:\" \/>\n\t<meta name=\"twitter:data1\" content=\"Tar\u0131k\" \/>\n\t<meta name=\"twitter:label2\" content=\"Tahmini okuma s\u00fcresi\" \/>\n\t<meta name=\"twitter:data2\" content=\"3 dakika\" \/>\n<script type=\"application\/ld+json\" class=\"yoast-schema-graph\">{\"@context\":\"https:\/\/schema.org\",\"@graph\":[{\"@type\":\"Article\",\"@id\":\"https:\/\/narteks.net\/index.php\/2009\/12\/28\/unicef-kubada-cocuklarin-yetersiz-beslenme-orani-yuzde-0\/#article\",\"isPartOf\":{\"@id\":\"https:\/\/narteks.net\/index.php\/2009\/12\/28\/unicef-kubada-cocuklarin-yetersiz-beslenme-orani-yuzde-0\/\"},\"author\":{\"name\":\"Tar\u0131k\",\"@id\":\"https:\/\/narteks.net\/#\/schema\/person\/61f37d9834294b72d31d274e7ed79bca\"},\"headline\":\"UNICEF: K\u00fcba\u2019da \u00e7ocuklar\u0131n yetersiz beslenme oran\u0131 y\u00fczde 0\",\"datePublished\":\"2009-12-28T18:16:26+00:00\",\"mainEntityOfPage\":{\"@id\":\"https:\/\/narteks.net\/index.php\/2009\/12\/28\/unicef-kubada-cocuklarin-yetersiz-beslenme-orani-yuzde-0\/\"},\"wordCount\":516,\"commentCount\":0,\"publisher\":{\"@id\":\"https:\/\/narteks.net\/#organization\"},\"image\":{\"@id\":\"https:\/\/narteks.net\/index.php\/2009\/12\/28\/unicef-kubada-cocuklarin-yetersiz-beslenme-orani-yuzde-0\/#primaryimage\"},\"thumbnailUrl\":\"http:\/\/imgtr.fotokritik.com\/photos\/lowres\/0\/2\/5\/025882\/65ad3ec61ea9cb0e330f5871730050aa.jpg\",\"articleSection\":[\"D\u00fcnya\"],\"inLanguage\":\"tr\",\"potentialAction\":[{\"@type\":\"CommentAction\",\"name\":\"Comment\",\"target\":[\"https:\/\/narteks.net\/index.php\/2009\/12\/28\/unicef-kubada-cocuklarin-yetersiz-beslenme-orani-yuzde-0\/#respond\"]}]},{\"@type\":\"WebPage\",\"@id\":\"https:\/\/narteks.net\/index.php\/2009\/12\/28\/unicef-kubada-cocuklarin-yetersiz-beslenme-orani-yuzde-0\/\",\"url\":\"https:\/\/narteks.net\/index.php\/2009\/12\/28\/unicef-kubada-cocuklarin-yetersiz-beslenme-orani-yuzde-0\/\",\"name\":\"UNICEF: K\u00fcba\u2019da \u00e7ocuklar\u0131n yetersiz beslenme oran\u0131 y\u00fczde 0 - narteks.net\",\"isPartOf\":{\"@id\":\"https:\/\/narteks.net\/#website\"},\"primaryImageOfPage\":{\"@id\":\"https:\/\/narteks.net\/index.php\/2009\/12\/28\/unicef-kubada-cocuklarin-yetersiz-beslenme-orani-yuzde-0\/#primaryimage\"},\"image\":{\"@id\":\"https:\/\/narteks.net\/index.php\/2009\/12\/28\/unicef-kubada-cocuklarin-yetersiz-beslenme-orani-yuzde-0\/#primaryimage\"},\"thumbnailUrl\":\"http:\/\/imgtr.fotokritik.com\/photos\/lowres\/0\/2\/5\/025882\/65ad3ec61ea9cb0e330f5871730050aa.jpg\",\"datePublished\":\"2009-12-28T18:16:26+00:00\",\"breadcrumb\":{\"@id\":\"https:\/\/narteks.net\/index.php\/2009\/12\/28\/unicef-kubada-cocuklarin-yetersiz-beslenme-orani-yuzde-0\/#breadcrumb\"},\"inLanguage\":\"tr\",\"potentialAction\":[{\"@type\":\"ReadAction\",\"target\":[\"https:\/\/narteks.net\/index.php\/2009\/12\/28\/unicef-kubada-cocuklarin-yetersiz-beslenme-orani-yuzde-0\/\"]}]},{\"@type\":\"ImageObject\",\"inLanguage\":\"tr\",\"@id\":\"https:\/\/narteks.net\/index.php\/2009\/12\/28\/unicef-kubada-cocuklarin-yetersiz-beslenme-orani-yuzde-0\/#primaryimage\",\"url\":\"http:\/\/imgtr.fotokritik.com\/photos\/lowres\/0\/2\/5\/025882\/65ad3ec61ea9cb0e330f5871730050aa.jpg\",\"contentUrl\":\"http:\/\/imgtr.fotokritik.com\/photos\/lowres\/0\/2\/5\/025882\/65ad3ec61ea9cb0e330f5871730050aa.jpg\"},{\"@type\":\"BreadcrumbList\",\"@id\":\"https:\/\/narteks.net\/index.php\/2009\/12\/28\/unicef-kubada-cocuklarin-yetersiz-beslenme-orani-yuzde-0\/#breadcrumb\",\"itemListElement\":[{\"@type\":\"ListItem\",\"position\":1,\"name\":\"Anasayfa\",\"item\":\"https:\/\/narteks.net\/\"},{\"@type\":\"ListItem\",\"position\":2,\"name\":\"UNICEF: K\u00fcba\u2019da \u00e7ocuklar\u0131n yetersiz beslenme oran\u0131 y\u00fczde 0\"}]},{\"@type\":\"WebSite\",\"@id\":\"https:\/\/narteks.net\/#website\",\"url\":\"https:\/\/narteks.net\/\",\"name\":\"narteks.net\",\"description\":\"K\u00fclt\u00fcr Sanat Edebiyat Felsefe\",\"publisher\":{\"@id\":\"https:\/\/narteks.net\/#organization\"},\"alternateName\":\"K\u00fclt\u00fcr Sanat Edebiyat Felsefe\",\"potentialAction\":[{\"@type\":\"SearchAction\",\"target\":{\"@type\":\"EntryPoint\",\"urlTemplate\":\"https:\/\/narteks.net\/?s={search_term_string}\"},\"query-input\":{\"@type\":\"PropertyValueSpecification\",\"valueRequired\":true,\"valueName\":\"search_term_string\"}}],\"inLanguage\":\"tr\"},{\"@type\":\"Organization\",\"@id\":\"https:\/\/narteks.net\/#organization\",\"name\":\"narteks.net\",\"url\":\"https:\/\/narteks.net\/\",\"logo\":{\"@type\":\"ImageObject\",\"inLanguage\":\"tr\",\"@id\":\"https:\/\/narteks.net\/#\/schema\/logo\/image\/\",\"url\":\"https:\/\/narteks.net\/wp-content\/uploads\/narteks.png\",\"contentUrl\":\"https:\/\/narteks.net\/wp-content\/uploads\/narteks.png\",\"width\":300,\"height\":90,\"caption\":\"narteks.net\"},\"image\":{\"@id\":\"https:\/\/narteks.net\/#\/schema\/logo\/image\/\"},\"sameAs\":[\"https:\/\/x.com\/narteks\",\"https:\/\/instagram.com\/narteksnet\"]},{\"@type\":\"Person\",\"@id\":\"https:\/\/narteks.net\/#\/schema\/person\/61f37d9834294b72d31d274e7ed79bca\",\"name\":\"Tar\u0131k\",\"image\":{\"@type\":\"ImageObject\",\"inLanguage\":\"tr\",\"@id\":\"https:\/\/narteks.net\/#\/schema\/person\/image\/\",\"url\":\"https:\/\/secure.gravatar.com\/avatar\/50865afb55632c4ae467e0af0930f6510aa2297d8014be502a55b14f3b7550cf?s=96&d=mm&r=g\",\"contentUrl\":\"https:\/\/secure.gravatar.com\/avatar\/50865afb55632c4ae467e0af0930f6510aa2297d8014be502a55b14f3b7550cf?s=96&d=mm&r=g\",\"caption\":\"Tar\u0131k\"},\"sameAs\":[\"http:\/\/narteks.net\"],\"url\":\"https:\/\/narteks.net\/index.php\/author\/narbak\/\"}]}<\/script>\n<!-- \/ Yoast SEO Premium plugin. -->","yoast_head_json":{"title":"UNICEF: K\u00fcba\u2019da \u00e7ocuklar\u0131n yetersiz beslenme oran\u0131 y\u00fczde 0 - narteks.net","robots":{"index":"index","follow":"follow","max-snippet":"max-snippet:-1","max-image-preview":"max-image-preview:large","max-video-preview":"max-video-preview:-1"},"canonical":"https:\/\/narteks.net\/index.php\/2009\/12\/28\/unicef-kubada-cocuklarin-yetersiz-beslenme-orani-yuzde-0\/","og_locale":"tr_TR","og_type":"article","og_title":"UNICEF: K\u00fcba\u2019da \u00e7ocuklar\u0131n yetersiz beslenme oran\u0131 y\u00fczde 0","og_description":"D\u00fcnya \u00e7ap\u0131nda, sosyal felaketlerden uzak ve mutlu olmalar\u0131 ile tan\u0131nan K\u00fcbal\u0131 \u00e7ocuklar\u0131n ger\u00e7e\u011finin tersine, geli\u015fmekte olan \u00fclkelerde, be\u015f ya\u015f\u0131n alt\u0131nda 146 milyon zay\u0131f \u00e7ocuk var. K\u00f6t\u00fc beslenme y\u00fcz\u00fcnden her y\u0131l 5,6 milyon \u00e7ocuk \u00f6l\u00fcyor. Be\u015f ya\u015f\u0131n alt\u0131ndaki her d\u00f6rt \u00e7ocuktan biri de erken \u00f6l\u00fcm riskiyle kar\u015f\u0131 kar\u015f\u0131ya. Birle\u015fmi\u015f Milletler \u00c7ocuk Fonu UNICEF\u2019in yay\u0131nlad\u0131\u011f\u0131 son beslenme [&hellip;]","og_url":"https:\/\/narteks.net\/index.php\/2009\/12\/28\/unicef-kubada-cocuklarin-yetersiz-beslenme-orani-yuzde-0\/","og_site_name":"narteks.net","article_published_time":"2009-12-28T18:16:26+00:00","og_image":[{"url":"http:\/\/imgtr.fotokritik.com\/photos\/lowres\/0\/2\/5\/025882\/65ad3ec61ea9cb0e330f5871730050aa.jpg","type":"","width":"","height":""}],"author":"Tar\u0131k","twitter_card":"summary_large_image","twitter_creator":"@narteks","twitter_site":"@narteks","twitter_misc":{"Yazan:":"Tar\u0131k","Tahmini okuma s\u00fcresi":"3 dakika"},"schema":{"@context":"https:\/\/schema.org","@graph":[{"@type":"Article","@id":"https:\/\/narteks.net\/index.php\/2009\/12\/28\/unicef-kubada-cocuklarin-yetersiz-beslenme-orani-yuzde-0\/#article","isPartOf":{"@id":"https:\/\/narteks.net\/index.php\/2009\/12\/28\/unicef-kubada-cocuklarin-yetersiz-beslenme-orani-yuzde-0\/"},"author":{"name":"Tar\u0131k","@id":"https:\/\/narteks.net\/#\/schema\/person\/61f37d9834294b72d31d274e7ed79bca"},"headline":"UNICEF: K\u00fcba\u2019da \u00e7ocuklar\u0131n yetersiz beslenme oran\u0131 y\u00fczde 0","datePublished":"2009-12-28T18:16:26+00:00","mainEntityOfPage":{"@id":"https:\/\/narteks.net\/index.php\/2009\/12\/28\/unicef-kubada-cocuklarin-yetersiz-beslenme-orani-yuzde-0\/"},"wordCount":516,"commentCount":0,"publisher":{"@id":"https:\/\/narteks.net\/#organization"},"image":{"@id":"https:\/\/narteks.net\/index.php\/2009\/12\/28\/unicef-kubada-cocuklarin-yetersiz-beslenme-orani-yuzde-0\/#primaryimage"},"thumbnailUrl":"http:\/\/imgtr.fotokritik.com\/photos\/lowres\/0\/2\/5\/025882\/65ad3ec61ea9cb0e330f5871730050aa.jpg","articleSection":["D\u00fcnya"],"inLanguage":"tr","potentialAction":[{"@type":"CommentAction","name":"Comment","target":["https:\/\/narteks.net\/index.php\/2009\/12\/28\/unicef-kubada-cocuklarin-yetersiz-beslenme-orani-yuzde-0\/#respond"]}]},{"@type":"WebPage","@id":"https:\/\/narteks.net\/index.php\/2009\/12\/28\/unicef-kubada-cocuklarin-yetersiz-beslenme-orani-yuzde-0\/","url":"https:\/\/narteks.net\/index.php\/2009\/12\/28\/unicef-kubada-cocuklarin-yetersiz-beslenme-orani-yuzde-0\/","name":"UNICEF: K\u00fcba\u2019da \u00e7ocuklar\u0131n yetersiz beslenme oran\u0131 y\u00fczde 0 - narteks.net","isPartOf":{"@id":"https:\/\/narteks.net\/#website"},"primaryImageOfPage":{"@id":"https:\/\/narteks.net\/index.php\/2009\/12\/28\/unicef-kubada-cocuklarin-yetersiz-beslenme-orani-yuzde-0\/#primaryimage"},"image":{"@id":"https:\/\/narteks.net\/index.php\/2009\/12\/28\/unicef-kubada-cocuklarin-yetersiz-beslenme-orani-yuzde-0\/#primaryimage"},"thumbnailUrl":"http:\/\/imgtr.fotokritik.com\/photos\/lowres\/0\/2\/5\/025882\/65ad3ec61ea9cb0e330f5871730050aa.jpg","datePublished":"2009-12-28T18:16:26+00:00","breadcrumb":{"@id":"https:\/\/narteks.net\/index.php\/2009\/12\/28\/unicef-kubada-cocuklarin-yetersiz-beslenme-orani-yuzde-0\/#breadcrumb"},"inLanguage":"tr","potentialAction":[{"@type":"ReadAction","target":["https:\/\/narteks.net\/index.php\/2009\/12\/28\/unicef-kubada-cocuklarin-yetersiz-beslenme-orani-yuzde-0\/"]}]},{"@type":"ImageObject","inLanguage":"tr","@id":"https:\/\/narteks.net\/index.php\/2009\/12\/28\/unicef-kubada-cocuklarin-yetersiz-beslenme-orani-yuzde-0\/#primaryimage","url":"http:\/\/imgtr.fotokritik.com\/photos\/lowres\/0\/2\/5\/025882\/65ad3ec61ea9cb0e330f5871730050aa.jpg","contentUrl":"http:\/\/imgtr.fotokritik.com\/photos\/lowres\/0\/2\/5\/025882\/65ad3ec61ea9cb0e330f5871730050aa.jpg"},{"@type":"BreadcrumbList","@id":"https:\/\/narteks.net\/index.php\/2009\/12\/28\/unicef-kubada-cocuklarin-yetersiz-beslenme-orani-yuzde-0\/#breadcrumb","itemListElement":[{"@type":"ListItem","position":1,"name":"Anasayfa","item":"https:\/\/narteks.net\/"},{"@type":"ListItem","position":2,"name":"UNICEF: K\u00fcba\u2019da \u00e7ocuklar\u0131n yetersiz beslenme oran\u0131 y\u00fczde 0"}]},{"@type":"WebSite","@id":"https:\/\/narteks.net\/#website","url":"https:\/\/narteks.net\/","name":"narteks.net","description":"K\u00fclt\u00fcr Sanat Edebiyat Felsefe","publisher":{"@id":"https:\/\/narteks.net\/#organization"},"alternateName":"K\u00fclt\u00fcr Sanat Edebiyat Felsefe","potentialAction":[{"@type":"SearchAction","target":{"@type":"EntryPoint","urlTemplate":"https:\/\/narteks.net\/?s={search_term_string}"},"query-input":{"@type":"PropertyValueSpecification","valueRequired":true,"valueName":"search_term_string"}}],"inLanguage":"tr"},{"@type":"Organization","@id":"https:\/\/narteks.net\/#organization","name":"narteks.net","url":"https:\/\/narteks.net\/","logo":{"@type":"ImageObject","inLanguage":"tr","@id":"https:\/\/narteks.net\/#\/schema\/logo\/image\/","url":"https:\/\/narteks.net\/wp-content\/uploads\/narteks.png","contentUrl":"https:\/\/narteks.net\/wp-content\/uploads\/narteks.png","width":300,"height":90,"caption":"narteks.net"},"image":{"@id":"https:\/\/narteks.net\/#\/schema\/logo\/image\/"},"sameAs":["https:\/\/x.com\/narteks","https:\/\/instagram.com\/narteksnet"]},{"@type":"Person","@id":"https:\/\/narteks.net\/#\/schema\/person\/61f37d9834294b72d31d274e7ed79bca","name":"Tar\u0131k","image":{"@type":"ImageObject","inLanguage":"tr","@id":"https:\/\/narteks.net\/#\/schema\/person\/image\/","url":"https:\/\/secure.gravatar.com\/avatar\/50865afb55632c4ae467e0af0930f6510aa2297d8014be502a55b14f3b7550cf?s=96&d=mm&r=g","contentUrl":"https:\/\/secure.gravatar.com\/avatar\/50865afb55632c4ae467e0af0930f6510aa2297d8014be502a55b14f3b7550cf?s=96&d=mm&r=g","caption":"Tar\u0131k"},"sameAs":["http:\/\/narteks.net"],"url":"https:\/\/narteks.net\/index.php\/author\/narbak\/"}]}},"_links":{"self":[{"href":"https:\/\/narteks.net\/index.php\/wp-json\/wp\/v2\/posts\/3474","targetHints":{"allow":["GET"]}}],"collection":[{"href":"https:\/\/narteks.net\/index.php\/wp-json\/wp\/v2\/posts"}],"about":[{"href":"https:\/\/narteks.net\/index.php\/wp-json\/wp\/v2\/types\/post"}],"author":[{"embeddable":true,"href":"https:\/\/narteks.net\/index.php\/wp-json\/wp\/v2\/users\/1"}],"replies":[{"embeddable":true,"href":"https:\/\/narteks.net\/index.php\/wp-json\/wp\/v2\/comments?post=3474"}],"version-history":[{"count":0,"href":"https:\/\/narteks.net\/index.php\/wp-json\/wp\/v2\/posts\/3474\/revisions"}],"wp:attachment":[{"href":"https:\/\/narteks.net\/index.php\/wp-json\/wp\/v2\/media?parent=3474"}],"wp:term":[{"taxonomy":"category","embeddable":true,"href":"https:\/\/narteks.net\/index.php\/wp-json\/wp\/v2\/categories?post=3474"},{"taxonomy":"post_tag","embeddable":true,"href":"https:\/\/narteks.net\/index.php\/wp-json\/wp\/v2\/tags?post=3474"}],"curies":[{"name":"wp","href":"https:\/\/api.w.org\/{rel}","templated":true}]}}