{"id":3494,"date":"2009-12-29T10:32:25","date_gmt":"2009-12-29T07:32:25","guid":{"rendered":"http:\/\/localhost\/wordpress\/2009\/12\/29\/ebabil\/"},"modified":"2009-12-29T10:32:25","modified_gmt":"2009-12-29T07:32:25","slug":"ebabil","status":"publish","type":"post","link":"https:\/\/narteks.net\/index.php\/2009\/12\/29\/ebabil\/","title":{"rendered":"EBAB\u0130L"},"content":{"rendered":"<p>\u00a0<\/p>\n<p>Al\u0131p i\u00e7inde sesler u\u00e7u\u015fan bu ak\u015famdan<br \/> Haf\u0131zam\u0131 bir deniz k\u0131y\u0131s\u0131na \u00e7eken yol,<br \/> Ayd\u0131nl\u0131k r\u00fcyalar\u0131n pe\u015fine d\u00fc\u015fen gondol <br \/> Mavi bir denizde y\u00fczer gibi yanan \u015famdan. <\/p>\n<p> Tu\u015flar\u0131n \u00fcst\u00fcnde karanl\u0131\u011f\u0131n heyulas\u0131 <br \/> Ve birden kalbe \u00e7\u0131rp\u0131n\u0131\u015flar veren hat\u0131ra. <br \/> \u00c7ekmede beni saadet dolu d\u00fcnyalara <br \/> Mine parmaklar\u0131nda sedala\u015fan h\u00fclyas\u0131. <\/p>\n<p> S\u0131yr\u0131lmada g\u00f6zlerimden y\u0131llarca geceler <br \/> Ve yaln\u0131z kalmada bir yaza ram olan sahil, <br \/> U\u00e7u\u015fmada g\u00f6ky\u00fcz\u00fcnde bir s\u00fcr\u00fc ebabil: <br \/> Sevgimi ve hasretimi ebedi k\u0131lan yer. <\/p>\n<p> A\u00e7\u0131k pancurlar\u0131ndan seslerin dokulusu.. <br \/> Bir g\u00f6l m\u00fc \u00fcrpermede ruhun uzaklar\u0131nda? <br \/> En yak\u0131n sevgiyi duymayan dudaklar\u0131nda <br \/> Her ya\u015fay\u0131\u015ftan daha g\u00fczel olan g\u00fcl\u00fc\u015f\u00fc. <\/p>\n<p> Il\u0131k g\u00f6lgelerde uyutup d\u00fc\u015f\u00fcnceleri <br \/> Beyaz etekler ile bana g\u00f6r\u00fcnd\u00fc\u011f\u00fcn an <br \/> Ve kap\u0131lar\u0131 ye\u015fil sabahlara a\u00e7\u0131lan <br \/> S\u0131cak tahayy\u00fcllerle dolu yaz geceleri. <\/p>\n<p> Renkli fanuslar\u0131n alt\u0131nda do\u011fan d\u00fcnyas\u0131,<br \/> Omuzlar\u0131nda ay \u0131\u015f\u0131\u011f\u0131ndan \u00f6rg\u00fclerle <br \/> Eklenmede i\u00e7ime hasret kald\u0131\u011f\u0131m yerle <br \/> Mine parmaklar\u0131nda sadala\u015fan h\u00fclyas\u0131.<\/p>\n<p>Orhan Veli KANIK<\/p>\n","protected":false},"excerpt":{"rendered":"<p>\u00a0 Al\u0131p i\u00e7inde sesler u\u00e7u\u015fan bu ak\u015famdan Haf\u0131zam\u0131 bir deniz k\u0131y\u0131s\u0131na \u00e7eken yol, Ayd\u0131nl\u0131k r\u00fcyalar\u0131n pe\u015fine d\u00fc\u015fen gondol Mavi bir denizde y\u00fczer gibi yanan \u015famdan. Tu\u015flar\u0131n \u00fcst\u00fcnde karanl\u0131\u011f\u0131n heyulas\u0131 Ve birden kalbe \u00e7\u0131rp\u0131n\u0131\u015flar veren hat\u0131ra. \u00c7ekmede beni saadet dolu d\u00fcnyalara Mine parmaklar\u0131nda sedala\u015fan h\u00fclyas\u0131. S\u0131yr\u0131lmada g\u00f6zlerimden y\u0131llarca geceler Ve yaln\u0131z kalmada bir yaza ram olan [&hellip;]<\/p>\n","protected":false},"author":1,"featured_media":0,"comment_status":"open","ping_status":"open","sticky":false,"template":"","format":"standard","meta":{"footnotes":""},"categories":[28],"tags":[],"class_list":{"0":"post-3494","1":"post","2":"type-post","3":"status-publish","4":"format-standard","6":"category-o-veli-kanik"},"yoast_head":"<!-- This site is optimized with the Yoast SEO Premium plugin v24.9 (Yoast SEO v24.9) - https:\/\/yoast.com\/wordpress\/plugins\/seo\/ -->\n<title>EBAB\u0130L - narteks.net<\/title>\n<meta name=\"robots\" content=\"index, follow, max-snippet:-1, max-image-preview:large, max-video-preview:-1\" \/>\n<link rel=\"canonical\" href=\"https:\/\/narteks.net\/index.php\/2009\/12\/29\/ebabil\/\" \/>\n<meta property=\"og:locale\" content=\"tr_TR\" \/>\n<meta property=\"og:type\" content=\"article\" \/>\n<meta property=\"og:title\" content=\"EBAB\u0130L\" \/>\n<meta property=\"og:description\" content=\"\u00a0 Al\u0131p i\u00e7inde sesler u\u00e7u\u015fan bu ak\u015famdan Haf\u0131zam\u0131 bir deniz k\u0131y\u0131s\u0131na \u00e7eken yol, Ayd\u0131nl\u0131k r\u00fcyalar\u0131n pe\u015fine d\u00fc\u015fen gondol Mavi bir denizde y\u00fczer gibi yanan \u015famdan. Tu\u015flar\u0131n \u00fcst\u00fcnde karanl\u0131\u011f\u0131n heyulas\u0131 Ve birden kalbe \u00e7\u0131rp\u0131n\u0131\u015flar veren hat\u0131ra. \u00c7ekmede beni saadet dolu d\u00fcnyalara Mine parmaklar\u0131nda sedala\u015fan h\u00fclyas\u0131. S\u0131yr\u0131lmada g\u00f6zlerimden y\u0131llarca geceler Ve yaln\u0131z kalmada bir yaza ram olan [&hellip;]\" \/>\n<meta property=\"og:url\" content=\"https:\/\/narteks.net\/index.php\/2009\/12\/29\/ebabil\/\" \/>\n<meta property=\"og:site_name\" content=\"narteks.net\" \/>\n<meta property=\"article:published_time\" content=\"2009-12-29T07:32:25+00:00\" \/>\n<meta property=\"og:image\" content=\"https:\/\/narteks.net\/wp-content\/uploads\/narteks.png\" \/>\n\t<meta property=\"og:image:width\" content=\"300\" \/>\n\t<meta property=\"og:image:height\" content=\"90\" \/>\n\t<meta property=\"og:image:type\" content=\"image\/png\" \/>\n<meta name=\"author\" content=\"Tar\u0131k\" \/>\n<meta name=\"twitter:card\" content=\"summary_large_image\" \/>\n<meta name=\"twitter:creator\" content=\"@narteks\" \/>\n<meta name=\"twitter:site\" content=\"@narteks\" \/>\n<meta name=\"twitter:label1\" content=\"Yazan:\" \/>\n\t<meta name=\"twitter:data1\" content=\"Tar\u0131k\" \/>\n\t<meta name=\"twitter:label2\" content=\"Tahmini okuma s\u00fcresi\" \/>\n\t<meta name=\"twitter:data2\" content=\"1 dakika\" \/>\n<script type=\"application\/ld+json\" class=\"yoast-schema-graph\">{\"@context\":\"https:\/\/schema.org\",\"@graph\":[{\"@type\":\"Article\",\"@id\":\"https:\/\/narteks.net\/index.php\/2009\/12\/29\/ebabil\/#article\",\"isPartOf\":{\"@id\":\"https:\/\/narteks.net\/index.php\/2009\/12\/29\/ebabil\/\"},\"author\":{\"name\":\"Tar\u0131k\",\"@id\":\"https:\/\/narteks.net\/#\/schema\/person\/61f37d9834294b72d31d274e7ed79bca\"},\"headline\":\"EBAB\u0130L\",\"datePublished\":\"2009-12-29T07:32:25+00:00\",\"mainEntityOfPage\":{\"@id\":\"https:\/\/narteks.net\/index.php\/2009\/12\/29\/ebabil\/\"},\"wordCount\":201,\"commentCount\":0,\"publisher\":{\"@id\":\"https:\/\/narteks.net\/#organization\"},\"articleSection\":[\"O.Veli KANIK\"],\"inLanguage\":\"tr\",\"potentialAction\":[{\"@type\":\"CommentAction\",\"name\":\"Comment\",\"target\":[\"https:\/\/narteks.net\/index.php\/2009\/12\/29\/ebabil\/#respond\"]}]},{\"@type\":\"WebPage\",\"@id\":\"https:\/\/narteks.net\/index.php\/2009\/12\/29\/ebabil\/\",\"url\":\"https:\/\/narteks.net\/index.php\/2009\/12\/29\/ebabil\/\",\"name\":\"EBAB\u0130L - narteks.net\",\"isPartOf\":{\"@id\":\"https:\/\/narteks.net\/#website\"},\"datePublished\":\"2009-12-29T07:32:25+00:00\",\"breadcrumb\":{\"@id\":\"https:\/\/narteks.net\/index.php\/2009\/12\/29\/ebabil\/#breadcrumb\"},\"inLanguage\":\"tr\",\"potentialAction\":[{\"@type\":\"ReadAction\",\"target\":[\"https:\/\/narteks.net\/index.php\/2009\/12\/29\/ebabil\/\"]}]},{\"@type\":\"BreadcrumbList\",\"@id\":\"https:\/\/narteks.net\/index.php\/2009\/12\/29\/ebabil\/#breadcrumb\",\"itemListElement\":[{\"@type\":\"ListItem\",\"position\":1,\"name\":\"Anasayfa\",\"item\":\"https:\/\/narteks.net\/\"},{\"@type\":\"ListItem\",\"position\":2,\"name\":\"EBAB\u0130L\"}]},{\"@type\":\"WebSite\",\"@id\":\"https:\/\/narteks.net\/#website\",\"url\":\"https:\/\/narteks.net\/\",\"name\":\"narteks.net\",\"description\":\"K\u00fclt\u00fcr Sanat Edebiyat Felsefe\",\"publisher\":{\"@id\":\"https:\/\/narteks.net\/#organization\"},\"alternateName\":\"K\u00fclt\u00fcr Sanat Edebiyat Felsefe\",\"potentialAction\":[{\"@type\":\"SearchAction\",\"target\":{\"@type\":\"EntryPoint\",\"urlTemplate\":\"https:\/\/narteks.net\/?s={search_term_string}\"},\"query-input\":{\"@type\":\"PropertyValueSpecification\",\"valueRequired\":true,\"valueName\":\"search_term_string\"}}],\"inLanguage\":\"tr\"},{\"@type\":\"Organization\",\"@id\":\"https:\/\/narteks.net\/#organization\",\"name\":\"narteks.net\",\"url\":\"https:\/\/narteks.net\/\",\"logo\":{\"@type\":\"ImageObject\",\"inLanguage\":\"tr\",\"@id\":\"https:\/\/narteks.net\/#\/schema\/logo\/image\/\",\"url\":\"https:\/\/narteks.net\/wp-content\/uploads\/narteks.png\",\"contentUrl\":\"https:\/\/narteks.net\/wp-content\/uploads\/narteks.png\",\"width\":300,\"height\":90,\"caption\":\"narteks.net\"},\"image\":{\"@id\":\"https:\/\/narteks.net\/#\/schema\/logo\/image\/\"},\"sameAs\":[\"https:\/\/x.com\/narteks\",\"https:\/\/instagram.com\/narteksnet\"]},{\"@type\":\"Person\",\"@id\":\"https:\/\/narteks.net\/#\/schema\/person\/61f37d9834294b72d31d274e7ed79bca\",\"name\":\"Tar\u0131k\",\"image\":{\"@type\":\"ImageObject\",\"inLanguage\":\"tr\",\"@id\":\"https:\/\/narteks.net\/#\/schema\/person\/image\/\",\"url\":\"https:\/\/secure.gravatar.com\/avatar\/50865afb55632c4ae467e0af0930f6510aa2297d8014be502a55b14f3b7550cf?s=96&d=mm&r=g\",\"contentUrl\":\"https:\/\/secure.gravatar.com\/avatar\/50865afb55632c4ae467e0af0930f6510aa2297d8014be502a55b14f3b7550cf?s=96&d=mm&r=g\",\"caption\":\"Tar\u0131k\"},\"sameAs\":[\"http:\/\/narteks.net\"],\"url\":\"https:\/\/narteks.net\/index.php\/author\/narbak\/\"}]}<\/script>\n<!-- \/ Yoast SEO Premium plugin. -->","yoast_head_json":{"title":"EBAB\u0130L - narteks.net","robots":{"index":"index","follow":"follow","max-snippet":"max-snippet:-1","max-image-preview":"max-image-preview:large","max-video-preview":"max-video-preview:-1"},"canonical":"https:\/\/narteks.net\/index.php\/2009\/12\/29\/ebabil\/","og_locale":"tr_TR","og_type":"article","og_title":"EBAB\u0130L","og_description":"\u00a0 Al\u0131p i\u00e7inde sesler u\u00e7u\u015fan bu ak\u015famdan Haf\u0131zam\u0131 bir deniz k\u0131y\u0131s\u0131na \u00e7eken yol, Ayd\u0131nl\u0131k r\u00fcyalar\u0131n pe\u015fine d\u00fc\u015fen gondol Mavi bir denizde y\u00fczer gibi yanan \u015famdan. Tu\u015flar\u0131n \u00fcst\u00fcnde karanl\u0131\u011f\u0131n heyulas\u0131 Ve birden kalbe \u00e7\u0131rp\u0131n\u0131\u015flar veren hat\u0131ra. \u00c7ekmede beni saadet dolu d\u00fcnyalara Mine parmaklar\u0131nda sedala\u015fan h\u00fclyas\u0131. S\u0131yr\u0131lmada g\u00f6zlerimden y\u0131llarca geceler Ve yaln\u0131z kalmada bir yaza ram olan [&hellip;]","og_url":"https:\/\/narteks.net\/index.php\/2009\/12\/29\/ebabil\/","og_site_name":"narteks.net","article_published_time":"2009-12-29T07:32:25+00:00","og_image":[{"width":300,"height":90,"url":"https:\/\/narteks.net\/wp-content\/uploads\/narteks.png","type":"image\/png"}],"author":"Tar\u0131k","twitter_card":"summary_large_image","twitter_creator":"@narteks","twitter_site":"@narteks","twitter_misc":{"Yazan:":"Tar\u0131k","Tahmini okuma s\u00fcresi":"1 dakika"},"schema":{"@context":"https:\/\/schema.org","@graph":[{"@type":"Article","@id":"https:\/\/narteks.net\/index.php\/2009\/12\/29\/ebabil\/#article","isPartOf":{"@id":"https:\/\/narteks.net\/index.php\/2009\/12\/29\/ebabil\/"},"author":{"name":"Tar\u0131k","@id":"https:\/\/narteks.net\/#\/schema\/person\/61f37d9834294b72d31d274e7ed79bca"},"headline":"EBAB\u0130L","datePublished":"2009-12-29T07:32:25+00:00","mainEntityOfPage":{"@id":"https:\/\/narteks.net\/index.php\/2009\/12\/29\/ebabil\/"},"wordCount":201,"commentCount":0,"publisher":{"@id":"https:\/\/narteks.net\/#organization"},"articleSection":["O.Veli KANIK"],"inLanguage":"tr","potentialAction":[{"@type":"CommentAction","name":"Comment","target":["https:\/\/narteks.net\/index.php\/2009\/12\/29\/ebabil\/#respond"]}]},{"@type":"WebPage","@id":"https:\/\/narteks.net\/index.php\/2009\/12\/29\/ebabil\/","url":"https:\/\/narteks.net\/index.php\/2009\/12\/29\/ebabil\/","name":"EBAB\u0130L - narteks.net","isPartOf":{"@id":"https:\/\/narteks.net\/#website"},"datePublished":"2009-12-29T07:32:25+00:00","breadcrumb":{"@id":"https:\/\/narteks.net\/index.php\/2009\/12\/29\/ebabil\/#breadcrumb"},"inLanguage":"tr","potentialAction":[{"@type":"ReadAction","target":["https:\/\/narteks.net\/index.php\/2009\/12\/29\/ebabil\/"]}]},{"@type":"BreadcrumbList","@id":"https:\/\/narteks.net\/index.php\/2009\/12\/29\/ebabil\/#breadcrumb","itemListElement":[{"@type":"ListItem","position":1,"name":"Anasayfa","item":"https:\/\/narteks.net\/"},{"@type":"ListItem","position":2,"name":"EBAB\u0130L"}]},{"@type":"WebSite","@id":"https:\/\/narteks.net\/#website","url":"https:\/\/narteks.net\/","name":"narteks.net","description":"K\u00fclt\u00fcr Sanat Edebiyat Felsefe","publisher":{"@id":"https:\/\/narteks.net\/#organization"},"alternateName":"K\u00fclt\u00fcr Sanat Edebiyat Felsefe","potentialAction":[{"@type":"SearchAction","target":{"@type":"EntryPoint","urlTemplate":"https:\/\/narteks.net\/?s={search_term_string}"},"query-input":{"@type":"PropertyValueSpecification","valueRequired":true,"valueName":"search_term_string"}}],"inLanguage":"tr"},{"@type":"Organization","@id":"https:\/\/narteks.net\/#organization","name":"narteks.net","url":"https:\/\/narteks.net\/","logo":{"@type":"ImageObject","inLanguage":"tr","@id":"https:\/\/narteks.net\/#\/schema\/logo\/image\/","url":"https:\/\/narteks.net\/wp-content\/uploads\/narteks.png","contentUrl":"https:\/\/narteks.net\/wp-content\/uploads\/narteks.png","width":300,"height":90,"caption":"narteks.net"},"image":{"@id":"https:\/\/narteks.net\/#\/schema\/logo\/image\/"},"sameAs":["https:\/\/x.com\/narteks","https:\/\/instagram.com\/narteksnet"]},{"@type":"Person","@id":"https:\/\/narteks.net\/#\/schema\/person\/61f37d9834294b72d31d274e7ed79bca","name":"Tar\u0131k","image":{"@type":"ImageObject","inLanguage":"tr","@id":"https:\/\/narteks.net\/#\/schema\/person\/image\/","url":"https:\/\/secure.gravatar.com\/avatar\/50865afb55632c4ae467e0af0930f6510aa2297d8014be502a55b14f3b7550cf?s=96&d=mm&r=g","contentUrl":"https:\/\/secure.gravatar.com\/avatar\/50865afb55632c4ae467e0af0930f6510aa2297d8014be502a55b14f3b7550cf?s=96&d=mm&r=g","caption":"Tar\u0131k"},"sameAs":["http:\/\/narteks.net"],"url":"https:\/\/narteks.net\/index.php\/author\/narbak\/"}]}},"_links":{"self":[{"href":"https:\/\/narteks.net\/index.php\/wp-json\/wp\/v2\/posts\/3494","targetHints":{"allow":["GET"]}}],"collection":[{"href":"https:\/\/narteks.net\/index.php\/wp-json\/wp\/v2\/posts"}],"about":[{"href":"https:\/\/narteks.net\/index.php\/wp-json\/wp\/v2\/types\/post"}],"author":[{"embeddable":true,"href":"https:\/\/narteks.net\/index.php\/wp-json\/wp\/v2\/users\/1"}],"replies":[{"embeddable":true,"href":"https:\/\/narteks.net\/index.php\/wp-json\/wp\/v2\/comments?post=3494"}],"version-history":[{"count":0,"href":"https:\/\/narteks.net\/index.php\/wp-json\/wp\/v2\/posts\/3494\/revisions"}],"wp:attachment":[{"href":"https:\/\/narteks.net\/index.php\/wp-json\/wp\/v2\/media?parent=3494"}],"wp:term":[{"taxonomy":"category","embeddable":true,"href":"https:\/\/narteks.net\/index.php\/wp-json\/wp\/v2\/categories?post=3494"},{"taxonomy":"post_tag","embeddable":true,"href":"https:\/\/narteks.net\/index.php\/wp-json\/wp\/v2\/tags?post=3494"}],"curies":[{"name":"wp","href":"https:\/\/api.w.org\/{rel}","templated":true}]}}