{"id":3499,"date":"2009-12-29T10:35:32","date_gmt":"2009-12-29T07:35:32","guid":{"rendered":"http:\/\/localhost\/wordpress\/2009\/12\/29\/fena-sikildim-misafir\/"},"modified":"2009-12-29T10:35:32","modified_gmt":"2009-12-29T07:35:32","slug":"fena-sikildim-misafir","status":"publish","type":"post","link":"https:\/\/narteks.net\/index.php\/2009\/12\/29\/fena-sikildim-misafir\/","title":{"rendered":"FENA SIKILDIM (M\u0130SAF\u0130R)"},"content":{"rendered":"<p>\u00a0<\/p>\n<p>D\u00fcn fena s\u0131k\u0131ld\u0131m ak\u015fama kadar <br \/> \u0130ki paket cigara bana m\u0131s\u0131n demedi <br \/> Yaz\u0131 yazacak oldum, sarmad\u0131 <br \/> Keman \u00e7ald\u0131m \u00f6mr\u00fcmde ilk defa <br \/> Dola\u015ft\u0131m <br \/> Tavla oynayanlar\u0131 seyrettim <br \/> Bir \u015fark\u0131y\u0131 ba\u015fka makamla s\u00f6yledim <br \/> Sinek tuttum bir kibrit kutusu <br \/> Allah kahretsin, en sonunda <br \/> Kalkt\u0131m buraya geldim<\/p>\n<p>Orhan Veli KANIK<\/p>\n","protected":false},"excerpt":{"rendered":"<p>\u00a0 D\u00fcn fena s\u0131k\u0131ld\u0131m ak\u015fama kadar \u0130ki paket cigara bana m\u0131s\u0131n demedi Yaz\u0131 yazacak oldum, sarmad\u0131 Keman \u00e7ald\u0131m \u00f6mr\u00fcmde ilk defa Dola\u015ft\u0131m Tavla oynayanlar\u0131 seyrettim Bir \u015fark\u0131y\u0131 ba\u015fka makamla s\u00f6yledim Sinek tuttum bir kibrit kutusu Allah kahretsin, en sonunda Kalkt\u0131m buraya geldim Orhan Veli KANIK<\/p>\n","protected":false},"author":1,"featured_media":0,"comment_status":"open","ping_status":"open","sticky":false,"template":"","format":"standard","meta":{"footnotes":""},"categories":[28],"tags":[],"class_list":{"0":"post-3499","1":"post","2":"type-post","3":"status-publish","4":"format-standard","6":"category-o-veli-kanik"},"yoast_head":"<!-- This site is optimized with the Yoast SEO Premium plugin v24.9 (Yoast SEO v24.9) - https:\/\/yoast.com\/wordpress\/plugins\/seo\/ -->\n<title>FENA SIKILDIM (M\u0130SAF\u0130R) - narteks.net<\/title>\n<meta name=\"robots\" content=\"index, follow, max-snippet:-1, max-image-preview:large, max-video-preview:-1\" \/>\n<link rel=\"canonical\" href=\"https:\/\/narteks.net\/index.php\/2009\/12\/29\/fena-sikildim-misafir\/\" \/>\n<meta property=\"og:locale\" content=\"tr_TR\" \/>\n<meta property=\"og:type\" content=\"article\" \/>\n<meta property=\"og:title\" content=\"FENA SIKILDIM (M\u0130SAF\u0130R)\" \/>\n<meta property=\"og:description\" content=\"\u00a0 D\u00fcn fena s\u0131k\u0131ld\u0131m ak\u015fama kadar \u0130ki paket cigara bana m\u0131s\u0131n demedi Yaz\u0131 yazacak oldum, sarmad\u0131 Keman \u00e7ald\u0131m \u00f6mr\u00fcmde ilk defa Dola\u015ft\u0131m Tavla oynayanlar\u0131 seyrettim Bir \u015fark\u0131y\u0131 ba\u015fka makamla s\u00f6yledim Sinek tuttum bir kibrit kutusu Allah kahretsin, en sonunda Kalkt\u0131m buraya geldim Orhan Veli KANIK\" \/>\n<meta property=\"og:url\" content=\"https:\/\/narteks.net\/index.php\/2009\/12\/29\/fena-sikildim-misafir\/\" \/>\n<meta property=\"og:site_name\" content=\"narteks.net\" \/>\n<meta property=\"article:published_time\" content=\"2009-12-29T07:35:32+00:00\" \/>\n<meta property=\"og:image\" content=\"https:\/\/narteks.net\/wp-content\/uploads\/narteks.png\" \/>\n\t<meta property=\"og:image:width\" content=\"300\" \/>\n\t<meta property=\"og:image:height\" content=\"90\" \/>\n\t<meta property=\"og:image:type\" content=\"image\/png\" \/>\n<meta name=\"author\" content=\"Tar\u0131k\" \/>\n<meta name=\"twitter:card\" content=\"summary_large_image\" \/>\n<meta name=\"twitter:creator\" content=\"@narteks\" \/>\n<meta name=\"twitter:site\" content=\"@narteks\" \/>\n<meta name=\"twitter:label1\" content=\"Yazan:\" \/>\n\t<meta name=\"twitter:data1\" content=\"Tar\u0131k\" \/>\n<script type=\"application\/ld+json\" class=\"yoast-schema-graph\">{\"@context\":\"https:\/\/schema.org\",\"@graph\":[{\"@type\":\"Article\",\"@id\":\"https:\/\/narteks.net\/index.php\/2009\/12\/29\/fena-sikildim-misafir\/#article\",\"isPartOf\":{\"@id\":\"https:\/\/narteks.net\/index.php\/2009\/12\/29\/fena-sikildim-misafir\/\"},\"author\":{\"name\":\"Tar\u0131k\",\"@id\":\"https:\/\/narteks.net\/#\/schema\/person\/61f37d9834294b72d31d274e7ed79bca\"},\"headline\":\"FENA SIKILDIM (M\u0130SAF\u0130R)\",\"datePublished\":\"2009-12-29T07:35:32+00:00\",\"mainEntityOfPage\":{\"@id\":\"https:\/\/narteks.net\/index.php\/2009\/12\/29\/fena-sikildim-misafir\/\"},\"wordCount\":64,\"commentCount\":0,\"publisher\":{\"@id\":\"https:\/\/narteks.net\/#organization\"},\"articleSection\":[\"O.Veli KANIK\"],\"inLanguage\":\"tr\",\"potentialAction\":[{\"@type\":\"CommentAction\",\"name\":\"Comment\",\"target\":[\"https:\/\/narteks.net\/index.php\/2009\/12\/29\/fena-sikildim-misafir\/#respond\"]}]},{\"@type\":\"WebPage\",\"@id\":\"https:\/\/narteks.net\/index.php\/2009\/12\/29\/fena-sikildim-misafir\/\",\"url\":\"https:\/\/narteks.net\/index.php\/2009\/12\/29\/fena-sikildim-misafir\/\",\"name\":\"FENA SIKILDIM (M\u0130SAF\u0130R) - narteks.net\",\"isPartOf\":{\"@id\":\"https:\/\/narteks.net\/#website\"},\"datePublished\":\"2009-12-29T07:35:32+00:00\",\"breadcrumb\":{\"@id\":\"https:\/\/narteks.net\/index.php\/2009\/12\/29\/fena-sikildim-misafir\/#breadcrumb\"},\"inLanguage\":\"tr\",\"potentialAction\":[{\"@type\":\"ReadAction\",\"target\":[\"https:\/\/narteks.net\/index.php\/2009\/12\/29\/fena-sikildim-misafir\/\"]}]},{\"@type\":\"BreadcrumbList\",\"@id\":\"https:\/\/narteks.net\/index.php\/2009\/12\/29\/fena-sikildim-misafir\/#breadcrumb\",\"itemListElement\":[{\"@type\":\"ListItem\",\"position\":1,\"name\":\"Anasayfa\",\"item\":\"https:\/\/narteks.net\/\"},{\"@type\":\"ListItem\",\"position\":2,\"name\":\"FENA SIKILDIM (M\u0130SAF\u0130R)\"}]},{\"@type\":\"WebSite\",\"@id\":\"https:\/\/narteks.net\/#website\",\"url\":\"https:\/\/narteks.net\/\",\"name\":\"narteks.net\",\"description\":\"K\u00fclt\u00fcr Sanat Edebiyat Felsefe\",\"publisher\":{\"@id\":\"https:\/\/narteks.net\/#organization\"},\"alternateName\":\"K\u00fclt\u00fcr Sanat Edebiyat Felsefe\",\"potentialAction\":[{\"@type\":\"SearchAction\",\"target\":{\"@type\":\"EntryPoint\",\"urlTemplate\":\"https:\/\/narteks.net\/?s={search_term_string}\"},\"query-input\":{\"@type\":\"PropertyValueSpecification\",\"valueRequired\":true,\"valueName\":\"search_term_string\"}}],\"inLanguage\":\"tr\"},{\"@type\":\"Organization\",\"@id\":\"https:\/\/narteks.net\/#organization\",\"name\":\"narteks.net\",\"url\":\"https:\/\/narteks.net\/\",\"logo\":{\"@type\":\"ImageObject\",\"inLanguage\":\"tr\",\"@id\":\"https:\/\/narteks.net\/#\/schema\/logo\/image\/\",\"url\":\"https:\/\/narteks.net\/wp-content\/uploads\/narteks.png\",\"contentUrl\":\"https:\/\/narteks.net\/wp-content\/uploads\/narteks.png\",\"width\":300,\"height\":90,\"caption\":\"narteks.net\"},\"image\":{\"@id\":\"https:\/\/narteks.net\/#\/schema\/logo\/image\/\"},\"sameAs\":[\"https:\/\/x.com\/narteks\",\"https:\/\/instagram.com\/narteksnet\"]},{\"@type\":\"Person\",\"@id\":\"https:\/\/narteks.net\/#\/schema\/person\/61f37d9834294b72d31d274e7ed79bca\",\"name\":\"Tar\u0131k\",\"image\":{\"@type\":\"ImageObject\",\"inLanguage\":\"tr\",\"@id\":\"https:\/\/narteks.net\/#\/schema\/person\/image\/\",\"url\":\"https:\/\/secure.gravatar.com\/avatar\/50865afb55632c4ae467e0af0930f6510aa2297d8014be502a55b14f3b7550cf?s=96&d=mm&r=g\",\"contentUrl\":\"https:\/\/secure.gravatar.com\/avatar\/50865afb55632c4ae467e0af0930f6510aa2297d8014be502a55b14f3b7550cf?s=96&d=mm&r=g\",\"caption\":\"Tar\u0131k\"},\"sameAs\":[\"http:\/\/narteks.net\"],\"url\":\"https:\/\/narteks.net\/index.php\/author\/narbak\/\"}]}<\/script>\n<!-- \/ Yoast SEO Premium plugin. -->","yoast_head_json":{"title":"FENA SIKILDIM (M\u0130SAF\u0130R) - narteks.net","robots":{"index":"index","follow":"follow","max-snippet":"max-snippet:-1","max-image-preview":"max-image-preview:large","max-video-preview":"max-video-preview:-1"},"canonical":"https:\/\/narteks.net\/index.php\/2009\/12\/29\/fena-sikildim-misafir\/","og_locale":"tr_TR","og_type":"article","og_title":"FENA SIKILDIM (M\u0130SAF\u0130R)","og_description":"\u00a0 D\u00fcn fena s\u0131k\u0131ld\u0131m ak\u015fama kadar \u0130ki paket cigara bana m\u0131s\u0131n demedi Yaz\u0131 yazacak oldum, sarmad\u0131 Keman \u00e7ald\u0131m \u00f6mr\u00fcmde ilk defa Dola\u015ft\u0131m Tavla oynayanlar\u0131 seyrettim Bir \u015fark\u0131y\u0131 ba\u015fka makamla s\u00f6yledim Sinek tuttum bir kibrit kutusu Allah kahretsin, en sonunda Kalkt\u0131m buraya geldim Orhan Veli KANIK","og_url":"https:\/\/narteks.net\/index.php\/2009\/12\/29\/fena-sikildim-misafir\/","og_site_name":"narteks.net","article_published_time":"2009-12-29T07:35:32+00:00","og_image":[{"width":300,"height":90,"url":"https:\/\/narteks.net\/wp-content\/uploads\/narteks.png","type":"image\/png"}],"author":"Tar\u0131k","twitter_card":"summary_large_image","twitter_creator":"@narteks","twitter_site":"@narteks","twitter_misc":{"Yazan:":"Tar\u0131k"},"schema":{"@context":"https:\/\/schema.org","@graph":[{"@type":"Article","@id":"https:\/\/narteks.net\/index.php\/2009\/12\/29\/fena-sikildim-misafir\/#article","isPartOf":{"@id":"https:\/\/narteks.net\/index.php\/2009\/12\/29\/fena-sikildim-misafir\/"},"author":{"name":"Tar\u0131k","@id":"https:\/\/narteks.net\/#\/schema\/person\/61f37d9834294b72d31d274e7ed79bca"},"headline":"FENA SIKILDIM (M\u0130SAF\u0130R)","datePublished":"2009-12-29T07:35:32+00:00","mainEntityOfPage":{"@id":"https:\/\/narteks.net\/index.php\/2009\/12\/29\/fena-sikildim-misafir\/"},"wordCount":64,"commentCount":0,"publisher":{"@id":"https:\/\/narteks.net\/#organization"},"articleSection":["O.Veli KANIK"],"inLanguage":"tr","potentialAction":[{"@type":"CommentAction","name":"Comment","target":["https:\/\/narteks.net\/index.php\/2009\/12\/29\/fena-sikildim-misafir\/#respond"]}]},{"@type":"WebPage","@id":"https:\/\/narteks.net\/index.php\/2009\/12\/29\/fena-sikildim-misafir\/","url":"https:\/\/narteks.net\/index.php\/2009\/12\/29\/fena-sikildim-misafir\/","name":"FENA SIKILDIM (M\u0130SAF\u0130R) - narteks.net","isPartOf":{"@id":"https:\/\/narteks.net\/#website"},"datePublished":"2009-12-29T07:35:32+00:00","breadcrumb":{"@id":"https:\/\/narteks.net\/index.php\/2009\/12\/29\/fena-sikildim-misafir\/#breadcrumb"},"inLanguage":"tr","potentialAction":[{"@type":"ReadAction","target":["https:\/\/narteks.net\/index.php\/2009\/12\/29\/fena-sikildim-misafir\/"]}]},{"@type":"BreadcrumbList","@id":"https:\/\/narteks.net\/index.php\/2009\/12\/29\/fena-sikildim-misafir\/#breadcrumb","itemListElement":[{"@type":"ListItem","position":1,"name":"Anasayfa","item":"https:\/\/narteks.net\/"},{"@type":"ListItem","position":2,"name":"FENA SIKILDIM (M\u0130SAF\u0130R)"}]},{"@type":"WebSite","@id":"https:\/\/narteks.net\/#website","url":"https:\/\/narteks.net\/","name":"narteks.net","description":"K\u00fclt\u00fcr Sanat Edebiyat Felsefe","publisher":{"@id":"https:\/\/narteks.net\/#organization"},"alternateName":"K\u00fclt\u00fcr Sanat Edebiyat Felsefe","potentialAction":[{"@type":"SearchAction","target":{"@type":"EntryPoint","urlTemplate":"https:\/\/narteks.net\/?s={search_term_string}"},"query-input":{"@type":"PropertyValueSpecification","valueRequired":true,"valueName":"search_term_string"}}],"inLanguage":"tr"},{"@type":"Organization","@id":"https:\/\/narteks.net\/#organization","name":"narteks.net","url":"https:\/\/narteks.net\/","logo":{"@type":"ImageObject","inLanguage":"tr","@id":"https:\/\/narteks.net\/#\/schema\/logo\/image\/","url":"https:\/\/narteks.net\/wp-content\/uploads\/narteks.png","contentUrl":"https:\/\/narteks.net\/wp-content\/uploads\/narteks.png","width":300,"height":90,"caption":"narteks.net"},"image":{"@id":"https:\/\/narteks.net\/#\/schema\/logo\/image\/"},"sameAs":["https:\/\/x.com\/narteks","https:\/\/instagram.com\/narteksnet"]},{"@type":"Person","@id":"https:\/\/narteks.net\/#\/schema\/person\/61f37d9834294b72d31d274e7ed79bca","name":"Tar\u0131k","image":{"@type":"ImageObject","inLanguage":"tr","@id":"https:\/\/narteks.net\/#\/schema\/person\/image\/","url":"https:\/\/secure.gravatar.com\/avatar\/50865afb55632c4ae467e0af0930f6510aa2297d8014be502a55b14f3b7550cf?s=96&d=mm&r=g","contentUrl":"https:\/\/secure.gravatar.com\/avatar\/50865afb55632c4ae467e0af0930f6510aa2297d8014be502a55b14f3b7550cf?s=96&d=mm&r=g","caption":"Tar\u0131k"},"sameAs":["http:\/\/narteks.net"],"url":"https:\/\/narteks.net\/index.php\/author\/narbak\/"}]}},"_links":{"self":[{"href":"https:\/\/narteks.net\/index.php\/wp-json\/wp\/v2\/posts\/3499","targetHints":{"allow":["GET"]}}],"collection":[{"href":"https:\/\/narteks.net\/index.php\/wp-json\/wp\/v2\/posts"}],"about":[{"href":"https:\/\/narteks.net\/index.php\/wp-json\/wp\/v2\/types\/post"}],"author":[{"embeddable":true,"href":"https:\/\/narteks.net\/index.php\/wp-json\/wp\/v2\/users\/1"}],"replies":[{"embeddable":true,"href":"https:\/\/narteks.net\/index.php\/wp-json\/wp\/v2\/comments?post=3499"}],"version-history":[{"count":0,"href":"https:\/\/narteks.net\/index.php\/wp-json\/wp\/v2\/posts\/3499\/revisions"}],"wp:attachment":[{"href":"https:\/\/narteks.net\/index.php\/wp-json\/wp\/v2\/media?parent=3499"}],"wp:term":[{"taxonomy":"category","embeddable":true,"href":"https:\/\/narteks.net\/index.php\/wp-json\/wp\/v2\/categories?post=3499"},{"taxonomy":"post_tag","embeddable":true,"href":"https:\/\/narteks.net\/index.php\/wp-json\/wp\/v2\/tags?post=3499"}],"curies":[{"name":"wp","href":"https:\/\/api.w.org\/{rel}","templated":true}]}}