{"id":3525,"date":"2009-12-29T10:56:32","date_gmt":"2009-12-29T07:56:32","guid":{"rendered":"http:\/\/localhost\/wordpress\/2009\/12\/29\/odamda\/"},"modified":"2009-12-29T10:56:32","modified_gmt":"2009-12-29T07:56:32","slug":"odamda","status":"publish","type":"post","link":"https:\/\/narteks.net\/index.php\/2009\/12\/29\/odamda\/","title":{"rendered":"ODAMDA"},"content":{"rendered":"<p>\u00a0<\/p>\n<p>Ben miyim bu \u015feylerin sahibi?<br \/> Kafamda bir \u00e7ocuk var, meraks\u0131z.<br \/> \u0130\u00e7 \u00e2lemim oyuncaktan farks\u0131z; <br \/> Odam, i\u00e7ime bir ayna gibi.<\/p>\n<p> Bir \u0131\u015f\u0131k oyunu var tavanda<br \/> G\u00f6lgeler seslerle birle\u015fiyor <br \/> Ve bir karga beynimi de\u015fiyor<br \/> Azaplar kemirdi\u011fim bu anda. <\/p>\n<p> Karde\u015fini \u00f6ld\u00fcr\u00fcyor Kaabil, <br \/> \u0130\u00e7imde bir yaln\u0131zl\u0131k duygusu,<br \/> \u00d6l\u00fcm kadar uzun yaz uykusu, <br \/> S\u0131kint\u0131 ile ge\u00e7ilen sahil.<\/p>\n<p> Ba\u011flan\u0131yor bir iple, bir s\u00fcr\u00fc<br \/> D\u00fc\u015f\u00fcnce k\u00f6yleri birbirine, <br \/> \u00c7\u00f6k\u00fcyor her \u015feyin \u00fczerine<br \/> H\u00fclyam boyunca kurdu\u011fum k\u00f6pr\u00fc. <\/p>\n<p> Ve doluyor sessiz, ordular\u0131m, <br \/> Durmadan dinlenmeden odama.<br \/> Urbam i\u00e7inde yatan adama <br \/> Hayretle bak\u0131yor d\u00f6rt duvar\u0131m.<\/p>\n<p> Karde\u015fini \u00f6ld\u00fcr\u00fcyor Kaabil,<br \/> \u0130\u00e7imde bir yaln\u0131zl\u0131k duygusu, <br \/> \u00d6l\u00fcm kadar uzun yaz uykusu,<br \/> S\u0131kint\u0131 ile ge\u00e7ilen sahil. <\/p>\n<p> Ve delirmenin tatl\u0131 vehmini <br \/> Sessizlik odama dolduruyor.<br \/> Kargam h\u00e2l\u00e2 ba\u015f\u0131mda duruyor <br \/> Bulmak&#8217;\u00e7\u00fcn beynin cehennemini.<\/p>\n<p> D\u00fcs\u00fcp yata\u011f\u0131n dalgalar\u0131na<br \/> G\u00fcnlerce s\u00fcr\u00fcyor bu yolculuk. <br \/> Durmadan ak\u0131t\u0131yor bir oluk<br \/> Korkuyu s\u00fck\u00fctun mezar\u0131na. <\/p>\n<p> Karde\u015fini \u00f6ld\u00fcr\u00fcyor Kaabil, <br \/> \u0130\u00e7imde bir yaln\u0131zl\u0131k duygusu,<br \/> \u00d6l\u00fcm kadar uzun yaz uykusu, <br \/> S\u0131kint\u0131 ile ge\u00e7ilen sahil.<\/p>\n<p> D\u00fcnyaya tek gelen insan gibi<br \/> At\u0131l\u0131yorum bir Hint da\u011f\u0131na. <br \/> Giriyor kafam\u0131n darl\u0131\u011f\u0131na<br \/> Kimsesiz d\u00fcnyalar\u0131n sahibi <\/p>\n<p> Gidip gidip gelmede ayni his <br \/> \u0130skeleye ula\u015fm\u0131yor \u00e7\u0131ma<br \/> Dikiliyor ans\u0131z\u0131n kar\u015f\u0131ma <br \/> Boynum kal\u0131nl\u0131g\u0131ndaki ceviz.<\/p>\n<p> Karde\u015fini \u00f6ld\u00fcr\u00fcyor Kaabil,<br \/> \u0130\u00e7imde bir yaln\u0131zl\u0131k duygusu, <br \/> \u00d6l\u00fcm kadar uzun yaz uykusu,<br \/> S\u0131k\u0131nt\u0131 ile ge\u00e7ilen sahil.<\/p>\n<p>Orhan Veli KANIK<\/p>\n","protected":false},"excerpt":{"rendered":"<p>\u00a0 Ben miyim bu \u015feylerin sahibi? Kafamda bir \u00e7ocuk var, meraks\u0131z. \u0130\u00e7 \u00e2lemim oyuncaktan farks\u0131z; Odam, i\u00e7ime bir ayna gibi. Bir \u0131\u015f\u0131k oyunu var tavanda G\u00f6lgeler seslerle birle\u015fiyor Ve bir karga beynimi de\u015fiyor Azaplar kemirdi\u011fim bu anda. Karde\u015fini \u00f6ld\u00fcr\u00fcyor Kaabil, \u0130\u00e7imde bir yaln\u0131zl\u0131k duygusu, \u00d6l\u00fcm kadar uzun yaz uykusu, S\u0131kint\u0131 ile ge\u00e7ilen sahil. Ba\u011flan\u0131yor bir [&hellip;]<\/p>\n","protected":false},"author":1,"featured_media":0,"comment_status":"open","ping_status":"open","sticky":false,"template":"","format":"standard","meta":{"footnotes":""},"categories":[28],"tags":[],"class_list":{"0":"post-3525","1":"post","2":"type-post","3":"status-publish","4":"format-standard","6":"category-o-veli-kanik"},"yoast_head":"<!-- This site is optimized with the Yoast SEO Premium plugin v24.9 (Yoast SEO v24.9) - https:\/\/yoast.com\/wordpress\/plugins\/seo\/ -->\n<title>ODAMDA - narteks.net<\/title>\n<meta name=\"robots\" content=\"index, follow, max-snippet:-1, max-image-preview:large, max-video-preview:-1\" \/>\n<link rel=\"canonical\" href=\"https:\/\/narteks.net\/index.php\/2009\/12\/29\/odamda\/\" \/>\n<meta property=\"og:locale\" content=\"tr_TR\" \/>\n<meta property=\"og:type\" content=\"article\" \/>\n<meta property=\"og:title\" content=\"ODAMDA\" \/>\n<meta property=\"og:description\" content=\"\u00a0 Ben miyim bu \u015feylerin sahibi? Kafamda bir \u00e7ocuk var, meraks\u0131z. \u0130\u00e7 \u00e2lemim oyuncaktan farks\u0131z; Odam, i\u00e7ime bir ayna gibi. Bir \u0131\u015f\u0131k oyunu var tavanda G\u00f6lgeler seslerle birle\u015fiyor Ve bir karga beynimi de\u015fiyor Azaplar kemirdi\u011fim bu anda. Karde\u015fini \u00f6ld\u00fcr\u00fcyor Kaabil, \u0130\u00e7imde bir yaln\u0131zl\u0131k duygusu, \u00d6l\u00fcm kadar uzun yaz uykusu, S\u0131kint\u0131 ile ge\u00e7ilen sahil. Ba\u011flan\u0131yor bir [&hellip;]\" \/>\n<meta property=\"og:url\" content=\"https:\/\/narteks.net\/index.php\/2009\/12\/29\/odamda\/\" \/>\n<meta property=\"og:site_name\" content=\"narteks.net\" \/>\n<meta property=\"article:published_time\" content=\"2009-12-29T07:56:32+00:00\" \/>\n<meta property=\"og:image\" content=\"https:\/\/narteks.net\/wp-content\/uploads\/narteks.png\" \/>\n\t<meta property=\"og:image:width\" content=\"300\" \/>\n\t<meta property=\"og:image:height\" content=\"90\" \/>\n\t<meta property=\"og:image:type\" content=\"image\/png\" \/>\n<meta name=\"author\" content=\"Tar\u0131k\" \/>\n<meta name=\"twitter:card\" content=\"summary_large_image\" \/>\n<meta name=\"twitter:creator\" content=\"@narteks\" \/>\n<meta name=\"twitter:site\" content=\"@narteks\" \/>\n<meta name=\"twitter:label1\" content=\"Yazan:\" \/>\n\t<meta name=\"twitter:data1\" content=\"Tar\u0131k\" \/>\n\t<meta name=\"twitter:label2\" content=\"Tahmini okuma s\u00fcresi\" \/>\n\t<meta name=\"twitter:data2\" content=\"1 dakika\" \/>\n<script type=\"application\/ld+json\" class=\"yoast-schema-graph\">{\"@context\":\"https:\/\/schema.org\",\"@graph\":[{\"@type\":\"Article\",\"@id\":\"https:\/\/narteks.net\/index.php\/2009\/12\/29\/odamda\/#article\",\"isPartOf\":{\"@id\":\"https:\/\/narteks.net\/index.php\/2009\/12\/29\/odamda\/\"},\"author\":{\"name\":\"Tar\u0131k\",\"@id\":\"https:\/\/narteks.net\/#\/schema\/person\/61f37d9834294b72d31d274e7ed79bca\"},\"headline\":\"ODAMDA\",\"datePublished\":\"2009-12-29T07:56:32+00:00\",\"mainEntityOfPage\":{\"@id\":\"https:\/\/narteks.net\/index.php\/2009\/12\/29\/odamda\/\"},\"wordCount\":276,\"commentCount\":0,\"publisher\":{\"@id\":\"https:\/\/narteks.net\/#organization\"},\"articleSection\":[\"O.Veli KANIK\"],\"inLanguage\":\"tr\",\"potentialAction\":[{\"@type\":\"CommentAction\",\"name\":\"Comment\",\"target\":[\"https:\/\/narteks.net\/index.php\/2009\/12\/29\/odamda\/#respond\"]}]},{\"@type\":\"WebPage\",\"@id\":\"https:\/\/narteks.net\/index.php\/2009\/12\/29\/odamda\/\",\"url\":\"https:\/\/narteks.net\/index.php\/2009\/12\/29\/odamda\/\",\"name\":\"ODAMDA - narteks.net\",\"isPartOf\":{\"@id\":\"https:\/\/narteks.net\/#website\"},\"datePublished\":\"2009-12-29T07:56:32+00:00\",\"breadcrumb\":{\"@id\":\"https:\/\/narteks.net\/index.php\/2009\/12\/29\/odamda\/#breadcrumb\"},\"inLanguage\":\"tr\",\"potentialAction\":[{\"@type\":\"ReadAction\",\"target\":[\"https:\/\/narteks.net\/index.php\/2009\/12\/29\/odamda\/\"]}]},{\"@type\":\"BreadcrumbList\",\"@id\":\"https:\/\/narteks.net\/index.php\/2009\/12\/29\/odamda\/#breadcrumb\",\"itemListElement\":[{\"@type\":\"ListItem\",\"position\":1,\"name\":\"Anasayfa\",\"item\":\"https:\/\/narteks.net\/\"},{\"@type\":\"ListItem\",\"position\":2,\"name\":\"ODAMDA\"}]},{\"@type\":\"WebSite\",\"@id\":\"https:\/\/narteks.net\/#website\",\"url\":\"https:\/\/narteks.net\/\",\"name\":\"narteks.net\",\"description\":\"K\u00fclt\u00fcr Sanat Edebiyat Felsefe\",\"publisher\":{\"@id\":\"https:\/\/narteks.net\/#organization\"},\"alternateName\":\"K\u00fclt\u00fcr Sanat Edebiyat Felsefe\",\"potentialAction\":[{\"@type\":\"SearchAction\",\"target\":{\"@type\":\"EntryPoint\",\"urlTemplate\":\"https:\/\/narteks.net\/?s={search_term_string}\"},\"query-input\":{\"@type\":\"PropertyValueSpecification\",\"valueRequired\":true,\"valueName\":\"search_term_string\"}}],\"inLanguage\":\"tr\"},{\"@type\":\"Organization\",\"@id\":\"https:\/\/narteks.net\/#organization\",\"name\":\"narteks.net\",\"url\":\"https:\/\/narteks.net\/\",\"logo\":{\"@type\":\"ImageObject\",\"inLanguage\":\"tr\",\"@id\":\"https:\/\/narteks.net\/#\/schema\/logo\/image\/\",\"url\":\"https:\/\/narteks.net\/wp-content\/uploads\/narteks.png\",\"contentUrl\":\"https:\/\/narteks.net\/wp-content\/uploads\/narteks.png\",\"width\":300,\"height\":90,\"caption\":\"narteks.net\"},\"image\":{\"@id\":\"https:\/\/narteks.net\/#\/schema\/logo\/image\/\"},\"sameAs\":[\"https:\/\/x.com\/narteks\",\"https:\/\/instagram.com\/narteksnet\"]},{\"@type\":\"Person\",\"@id\":\"https:\/\/narteks.net\/#\/schema\/person\/61f37d9834294b72d31d274e7ed79bca\",\"name\":\"Tar\u0131k\",\"image\":{\"@type\":\"ImageObject\",\"inLanguage\":\"tr\",\"@id\":\"https:\/\/narteks.net\/#\/schema\/person\/image\/\",\"url\":\"https:\/\/secure.gravatar.com\/avatar\/50865afb55632c4ae467e0af0930f6510aa2297d8014be502a55b14f3b7550cf?s=96&d=mm&r=g\",\"contentUrl\":\"https:\/\/secure.gravatar.com\/avatar\/50865afb55632c4ae467e0af0930f6510aa2297d8014be502a55b14f3b7550cf?s=96&d=mm&r=g\",\"caption\":\"Tar\u0131k\"},\"sameAs\":[\"http:\/\/narteks.net\"],\"url\":\"https:\/\/narteks.net\/index.php\/author\/narbak\/\"}]}<\/script>\n<!-- \/ Yoast SEO Premium plugin. -->","yoast_head_json":{"title":"ODAMDA - narteks.net","robots":{"index":"index","follow":"follow","max-snippet":"max-snippet:-1","max-image-preview":"max-image-preview:large","max-video-preview":"max-video-preview:-1"},"canonical":"https:\/\/narteks.net\/index.php\/2009\/12\/29\/odamda\/","og_locale":"tr_TR","og_type":"article","og_title":"ODAMDA","og_description":"\u00a0 Ben miyim bu \u015feylerin sahibi? Kafamda bir \u00e7ocuk var, meraks\u0131z. \u0130\u00e7 \u00e2lemim oyuncaktan farks\u0131z; Odam, i\u00e7ime bir ayna gibi. Bir \u0131\u015f\u0131k oyunu var tavanda G\u00f6lgeler seslerle birle\u015fiyor Ve bir karga beynimi de\u015fiyor Azaplar kemirdi\u011fim bu anda. Karde\u015fini \u00f6ld\u00fcr\u00fcyor Kaabil, \u0130\u00e7imde bir yaln\u0131zl\u0131k duygusu, \u00d6l\u00fcm kadar uzun yaz uykusu, S\u0131kint\u0131 ile ge\u00e7ilen sahil. Ba\u011flan\u0131yor bir [&hellip;]","og_url":"https:\/\/narteks.net\/index.php\/2009\/12\/29\/odamda\/","og_site_name":"narteks.net","article_published_time":"2009-12-29T07:56:32+00:00","og_image":[{"width":300,"height":90,"url":"https:\/\/narteks.net\/wp-content\/uploads\/narteks.png","type":"image\/png"}],"author":"Tar\u0131k","twitter_card":"summary_large_image","twitter_creator":"@narteks","twitter_site":"@narteks","twitter_misc":{"Yazan:":"Tar\u0131k","Tahmini okuma s\u00fcresi":"1 dakika"},"schema":{"@context":"https:\/\/schema.org","@graph":[{"@type":"Article","@id":"https:\/\/narteks.net\/index.php\/2009\/12\/29\/odamda\/#article","isPartOf":{"@id":"https:\/\/narteks.net\/index.php\/2009\/12\/29\/odamda\/"},"author":{"name":"Tar\u0131k","@id":"https:\/\/narteks.net\/#\/schema\/person\/61f37d9834294b72d31d274e7ed79bca"},"headline":"ODAMDA","datePublished":"2009-12-29T07:56:32+00:00","mainEntityOfPage":{"@id":"https:\/\/narteks.net\/index.php\/2009\/12\/29\/odamda\/"},"wordCount":276,"commentCount":0,"publisher":{"@id":"https:\/\/narteks.net\/#organization"},"articleSection":["O.Veli KANIK"],"inLanguage":"tr","potentialAction":[{"@type":"CommentAction","name":"Comment","target":["https:\/\/narteks.net\/index.php\/2009\/12\/29\/odamda\/#respond"]}]},{"@type":"WebPage","@id":"https:\/\/narteks.net\/index.php\/2009\/12\/29\/odamda\/","url":"https:\/\/narteks.net\/index.php\/2009\/12\/29\/odamda\/","name":"ODAMDA - narteks.net","isPartOf":{"@id":"https:\/\/narteks.net\/#website"},"datePublished":"2009-12-29T07:56:32+00:00","breadcrumb":{"@id":"https:\/\/narteks.net\/index.php\/2009\/12\/29\/odamda\/#breadcrumb"},"inLanguage":"tr","potentialAction":[{"@type":"ReadAction","target":["https:\/\/narteks.net\/index.php\/2009\/12\/29\/odamda\/"]}]},{"@type":"BreadcrumbList","@id":"https:\/\/narteks.net\/index.php\/2009\/12\/29\/odamda\/#breadcrumb","itemListElement":[{"@type":"ListItem","position":1,"name":"Anasayfa","item":"https:\/\/narteks.net\/"},{"@type":"ListItem","position":2,"name":"ODAMDA"}]},{"@type":"WebSite","@id":"https:\/\/narteks.net\/#website","url":"https:\/\/narteks.net\/","name":"narteks.net","description":"K\u00fclt\u00fcr Sanat Edebiyat Felsefe","publisher":{"@id":"https:\/\/narteks.net\/#organization"},"alternateName":"K\u00fclt\u00fcr Sanat Edebiyat Felsefe","potentialAction":[{"@type":"SearchAction","target":{"@type":"EntryPoint","urlTemplate":"https:\/\/narteks.net\/?s={search_term_string}"},"query-input":{"@type":"PropertyValueSpecification","valueRequired":true,"valueName":"search_term_string"}}],"inLanguage":"tr"},{"@type":"Organization","@id":"https:\/\/narteks.net\/#organization","name":"narteks.net","url":"https:\/\/narteks.net\/","logo":{"@type":"ImageObject","inLanguage":"tr","@id":"https:\/\/narteks.net\/#\/schema\/logo\/image\/","url":"https:\/\/narteks.net\/wp-content\/uploads\/narteks.png","contentUrl":"https:\/\/narteks.net\/wp-content\/uploads\/narteks.png","width":300,"height":90,"caption":"narteks.net"},"image":{"@id":"https:\/\/narteks.net\/#\/schema\/logo\/image\/"},"sameAs":["https:\/\/x.com\/narteks","https:\/\/instagram.com\/narteksnet"]},{"@type":"Person","@id":"https:\/\/narteks.net\/#\/schema\/person\/61f37d9834294b72d31d274e7ed79bca","name":"Tar\u0131k","image":{"@type":"ImageObject","inLanguage":"tr","@id":"https:\/\/narteks.net\/#\/schema\/person\/image\/","url":"https:\/\/secure.gravatar.com\/avatar\/50865afb55632c4ae467e0af0930f6510aa2297d8014be502a55b14f3b7550cf?s=96&d=mm&r=g","contentUrl":"https:\/\/secure.gravatar.com\/avatar\/50865afb55632c4ae467e0af0930f6510aa2297d8014be502a55b14f3b7550cf?s=96&d=mm&r=g","caption":"Tar\u0131k"},"sameAs":["http:\/\/narteks.net"],"url":"https:\/\/narteks.net\/index.php\/author\/narbak\/"}]}},"_links":{"self":[{"href":"https:\/\/narteks.net\/index.php\/wp-json\/wp\/v2\/posts\/3525","targetHints":{"allow":["GET"]}}],"collection":[{"href":"https:\/\/narteks.net\/index.php\/wp-json\/wp\/v2\/posts"}],"about":[{"href":"https:\/\/narteks.net\/index.php\/wp-json\/wp\/v2\/types\/post"}],"author":[{"embeddable":true,"href":"https:\/\/narteks.net\/index.php\/wp-json\/wp\/v2\/users\/1"}],"replies":[{"embeddable":true,"href":"https:\/\/narteks.net\/index.php\/wp-json\/wp\/v2\/comments?post=3525"}],"version-history":[{"count":0,"href":"https:\/\/narteks.net\/index.php\/wp-json\/wp\/v2\/posts\/3525\/revisions"}],"wp:attachment":[{"href":"https:\/\/narteks.net\/index.php\/wp-json\/wp\/v2\/media?parent=3525"}],"wp:term":[{"taxonomy":"category","embeddable":true,"href":"https:\/\/narteks.net\/index.php\/wp-json\/wp\/v2\/categories?post=3525"},{"taxonomy":"post_tag","embeddable":true,"href":"https:\/\/narteks.net\/index.php\/wp-json\/wp\/v2\/tags?post=3525"}],"curies":[{"name":"wp","href":"https:\/\/api.w.org\/{rel}","templated":true}]}}