{"id":353,"date":"2009-03-02T14:30:07","date_gmt":"2009-03-02T11:30:07","guid":{"rendered":"http:\/\/localhost\/wordpress\/2009\/03\/02\/beyaz-ipek-gibi-yagdi-kar\/"},"modified":"2009-03-02T14:30:07","modified_gmt":"2009-03-02T11:30:07","slug":"beyaz-ipek-gibi-yagdi-kar","status":"publish","type":"post","link":"https:\/\/narteks.net\/index.php\/2009\/03\/02\/beyaz-ipek-gibi-yagdi-kar\/","title":{"rendered":"Beyaz, \u0130pek Gibi Ya\u011fd\u0131 Kar"},"content":{"rendered":"<p>\u00a0<\/p>\n<p><span style=\"color: #000000;\">Beyaz, ipek gibi ya\u011fd\u0131 kar<br \/>Bir k\u0131z kardan hafif ad\u0131mlar\u0131yla y\u00fcr\u00fcy\u00fcp ge\u00e7ti hayal i\u00e7inde <br \/>Arkada\u015flar\u0131m\u0131 d\u00fc\u015f\u00fcnd\u00fcm, sevgili \u015feyleri<br \/>Sanki her \u015fey bizimle var ve bizimle olacak<br \/>\u015eark\u0131lar \u00e7ald\u0131 odalarda <br \/>B\u00fct\u00fcn insanlar\u0131 sevmek gerekti\u011fini d\u00fc\u015f\u00fcnd\u00fcm<br \/>D\u00fc\u015fmanlar\u0131m\u0131z d\u0131\u015f\u0131nda<br \/>D\u00fc\u015fmanlar\u0131m\u0131z \u00e7\u00fcnk\u00fc <br \/>Sevgiyi yok ettikleri i\u00e7in<br \/>D\u00fc\u015fman\u0131m\u0131z oldular-<br \/>Beyaz ipek gibi ya\u011fd\u0131 kar<br \/>Bir k\u0131z kardan hafif y\u00fcre\u011fiyle <br \/>Ge\u00e7ip gitti g\u00fcvercinleri an\u0131msatarak.<br \/>Uzaktaki \u015fehir <br \/>Uykuya dalm\u0131\u015ft\u0131r \u015fimdi.<br \/>D\u00fc\u015f\u00fcnd\u00fcm bir bir <br \/>Karde\u015flerimin ne yapt\u0131klar\u0131n\u0131<br \/>Nihat<br \/>Uyumuyor olmal\u0131.<br \/>-Nefis bir \u015fark\u0131<br \/>S\u00f6yl\u00fcyor yandaki odadaki k\u0131z<br \/>Bir Rus <br \/>Halk \u015fark\u0131s\u0131.<br \/>Ve \u015fimdi koroyla<br \/>Ba\u015flad\u0131lar-<br \/>Nihat d\u00fc\u015f\u00fcn\u00fcyordur <br \/>Karanl\u0131kta.<br \/>-San\u0131r\u0131m<br \/>Bir saatten sonra<br \/>Hapishanede<br \/>D\u0131\u015fardan s\u00f6nd\u00fcr\u00fcyorlar \u0131\u015f\u0131klar\u0131-<br \/>Beyaz ipek gibi ya\u011fd\u0131 kar<br \/>Bir k\u0131z kelebek ad\u0131mlar\u0131yla<br \/>Ge\u00e7ip gitti kar\u0131n \u00fczerinden.<br \/>\u0130nsanlar kendi \u015fark\u0131lar\u0131n\u0131<br \/>Kendi hayallerini ta\u015f\u0131yorlar.<br \/>\u00c7a\u011fda\u015f \u015fark\u0131lar<br \/>Gerekli onlara<br \/>Hem Hayatlar\u0131n\u0131n<br \/>Derinliklerinden s\u00f6z eden<br \/>Ger\u00e7ekle\u015ftirilmi\u015f<br \/>Ger\u00e7ekle\u015ftirilmemi\u015f duygular\u0131ndan,<br \/>Hem <br \/>Kavgay\u0131 ate\u015fleyen<br \/>Somut<br \/>Anla\u015f\u0131l\u0131r<br \/>Ak\u0131ll\u0131 \u015fark\u0131lar.<br \/>Beyaz, ipek gibi ya\u011fd\u0131 kar<br \/>Ac\u0131larla dolu bu d\u00fcnyaya.<br \/>\u0130nsafs\u0131zl\u0131k<br \/>Vah\u015fet<br \/>Hala g\u00fc\u00e7l\u00fc<br \/>Ve hala iktidarda.<br \/>\u0130nsanlar<br \/>\u00d6l\u00fcyorlar.<br \/>Gepgen\u00e7<br \/>S\u0131ms\u0131cak<br \/>\u00d6l\u00fcyorlar <br \/>Sanki <br \/>\u00d6lm\u00fcyorlarm\u0131\u015f gibi.<br \/>Bir yandan s\u00fcr\u00fcp gidiyor-<br \/>Hayat;<br \/>Bir yanda tel \u00f6rg\u00fcler<br \/>Parmakl\u0131klar.<br \/>Beyaz, ipek gibi ya\u011fd\u0131 kar<br \/>Ya\u011fd\u0131 kirpiklerine bir k\u0131z\u0131n<br \/>Ya\u011fd\u0131 mavi bir nehre<br \/>Sa\u00e7lar\u0131ma ya\u011fd\u0131<br \/>Otob\u00fcslere<br \/>A\u011fa\u00e7lara<br \/>Evlere.<br \/>\u0130\u00e7imden ok\u015fad\u0131m onu.<br \/>Kelebek ad\u0131mlar\u0131n\u0131<br \/>Yan\u0131mdan ge\u00e7en k\u0131z\u0131n.<br \/>Herhangi bir k\u0131z<br \/>Hayalleri olan.<br \/>\u0130stedim ki <br \/>Daha g\u00fczel <br \/>Olsun \u015fu d\u00fcnya.<br \/>\u0130stedim ki<br \/>Beyaz<br \/>\u0130pek gibi ya\u011fan kar\u0131n alt\u0131nda <br \/>Bitsin art\u0131k<br \/>Bu s\u00fcr\u00fcp giden al\u00e7akl\u0131klar.<br \/>Bir bebek<br \/>\u00d6l\u00fcm tehdidi alt\u0131nda ya\u015famas\u0131n<br \/>Be\u015fi\u011finde.<br \/>Ve parampar\u00e7a olmas\u0131n <br \/>S\u0131ms\u0131cak <br \/>Capcanl\u0131<br \/>Ya\u015fay\u0131p giderken insanlar.<br \/>B\u0131rak\u0131n, beyaz<br \/>\u0130pek gibi ya\u011fan kar\u0131n alt\u0131nda <br \/>Hayallerimiz olsun.<br \/>Ya\u015fayal\u0131m<br \/>\u00d6zg\u00fcr <br \/>G\u00fczel <br \/>D\u00fc\u015f\u00fcnceli.<br \/>Anlatal\u0131m<br \/>D\u00fc\u015f\u00fcnd\u00fcklerimizi birbirimize.<br \/>Sevin\u00e7 egemen olsun her yerde<br \/>\u0130nsanca <br \/>Bir kayg\u0131.<br \/>Beyaz, ipek gibi ya\u011fd\u0131 kar.<br \/>Ya\u011fs\u0131n.<br \/>D\u00fcnya daha g\u00fczel olacak<br \/>\u0130nan\u0131yorum buna.<br \/>Bir insan kalbinin g\u00fczelli\u011fine <br \/>\u00c7ocuklu\u011funa<br \/>Sonsuz cesaretine, olanakl\u0131l\u0131\u011f\u0131na<br \/>\u0130nand\u0131\u011f\u0131m kadar. <\/span><\/p>\n<p> <span>Ataol Behramo\u011flu<\/span><\/p>\n","protected":false},"excerpt":{"rendered":"<p>\u00a0 Beyaz, ipek gibi ya\u011fd\u0131 karBir k\u0131z kardan hafif ad\u0131mlar\u0131yla y\u00fcr\u00fcy\u00fcp ge\u00e7ti hayal i\u00e7inde Arkada\u015flar\u0131m\u0131 d\u00fc\u015f\u00fcnd\u00fcm, sevgili \u015feyleriSanki her \u015fey bizimle var ve bizimle olacak\u015eark\u0131lar \u00e7ald\u0131 odalarda B\u00fct\u00fcn insanlar\u0131 sevmek gerekti\u011fini d\u00fc\u015f\u00fcnd\u00fcmD\u00fc\u015fmanlar\u0131m\u0131z d\u0131\u015f\u0131ndaD\u00fc\u015fmanlar\u0131m\u0131z \u00e7\u00fcnk\u00fc Sevgiyi yok ettikleri i\u00e7inD\u00fc\u015fman\u0131m\u0131z oldular-Beyaz ipek gibi ya\u011fd\u0131 karBir k\u0131z kardan hafif y\u00fcre\u011fiyle Ge\u00e7ip gitti g\u00fcvercinleri an\u0131msatarak.Uzaktaki \u015fehir Uykuya dalm\u0131\u015ft\u0131r \u015fimdi.D\u00fc\u015f\u00fcnd\u00fcm [&hellip;]<\/p>\n","protected":false},"author":1,"featured_media":0,"comment_status":"open","ping_status":"open","sticky":false,"template":"","format":"standard","meta":{"footnotes":""},"categories":[10],"tags":[],"class_list":{"0":"post-353","1":"post","2":"type-post","3":"status-publish","4":"format-standard","6":"category-ataol-behramoglu"},"yoast_head":"<!-- This site is optimized with the Yoast SEO Premium plugin v24.9 (Yoast SEO v24.9) - https:\/\/yoast.com\/wordpress\/plugins\/seo\/ -->\n<title>Beyaz, \u0130pek Gibi Ya\u011fd\u0131 Kar - narteks.net<\/title>\n<meta name=\"robots\" content=\"index, follow, max-snippet:-1, max-image-preview:large, max-video-preview:-1\" \/>\n<link rel=\"canonical\" href=\"https:\/\/narteks.net\/index.php\/2009\/03\/02\/beyaz-ipek-gibi-yagdi-kar\/\" \/>\n<meta property=\"og:locale\" content=\"tr_TR\" \/>\n<meta property=\"og:type\" content=\"article\" \/>\n<meta property=\"og:title\" content=\"Beyaz, \u0130pek Gibi Ya\u011fd\u0131 Kar\" \/>\n<meta property=\"og:description\" content=\"\u00a0 Beyaz, ipek gibi ya\u011fd\u0131 karBir k\u0131z kardan hafif ad\u0131mlar\u0131yla y\u00fcr\u00fcy\u00fcp ge\u00e7ti hayal i\u00e7inde Arkada\u015flar\u0131m\u0131 d\u00fc\u015f\u00fcnd\u00fcm, sevgili \u015feyleriSanki her \u015fey bizimle var ve bizimle olacak\u015eark\u0131lar \u00e7ald\u0131 odalarda B\u00fct\u00fcn insanlar\u0131 sevmek gerekti\u011fini d\u00fc\u015f\u00fcnd\u00fcmD\u00fc\u015fmanlar\u0131m\u0131z d\u0131\u015f\u0131ndaD\u00fc\u015fmanlar\u0131m\u0131z \u00e7\u00fcnk\u00fc Sevgiyi yok ettikleri i\u00e7inD\u00fc\u015fman\u0131m\u0131z oldular-Beyaz ipek gibi ya\u011fd\u0131 karBir k\u0131z kardan hafif y\u00fcre\u011fiyle Ge\u00e7ip gitti g\u00fcvercinleri an\u0131msatarak.Uzaktaki \u015fehir Uykuya dalm\u0131\u015ft\u0131r \u015fimdi.D\u00fc\u015f\u00fcnd\u00fcm [&hellip;]\" \/>\n<meta property=\"og:url\" content=\"https:\/\/narteks.net\/index.php\/2009\/03\/02\/beyaz-ipek-gibi-yagdi-kar\/\" \/>\n<meta property=\"og:site_name\" content=\"narteks.net\" \/>\n<meta property=\"article:published_time\" content=\"2009-03-02T11:30:07+00:00\" \/>\n<meta property=\"og:image\" content=\"https:\/\/narteks.net\/wp-content\/uploads\/narteks.png\" \/>\n\t<meta property=\"og:image:width\" content=\"300\" \/>\n\t<meta property=\"og:image:height\" content=\"90\" \/>\n\t<meta property=\"og:image:type\" content=\"image\/png\" \/>\n<meta name=\"author\" content=\"Tar\u0131k\" \/>\n<meta name=\"twitter:card\" content=\"summary_large_image\" \/>\n<meta name=\"twitter:creator\" content=\"@narteks\" \/>\n<meta name=\"twitter:site\" content=\"@narteks\" \/>\n<meta name=\"twitter:label1\" content=\"Yazan:\" \/>\n\t<meta name=\"twitter:data1\" content=\"Tar\u0131k\" \/>\n\t<meta name=\"twitter:label2\" content=\"Tahmini okuma s\u00fcresi\" \/>\n\t<meta name=\"twitter:data2\" content=\"2 dakika\" \/>\n<script type=\"application\/ld+json\" class=\"yoast-schema-graph\">{\"@context\":\"https:\/\/schema.org\",\"@graph\":[{\"@type\":\"Article\",\"@id\":\"https:\/\/narteks.net\/index.php\/2009\/03\/02\/beyaz-ipek-gibi-yagdi-kar\/#article\",\"isPartOf\":{\"@id\":\"https:\/\/narteks.net\/index.php\/2009\/03\/02\/beyaz-ipek-gibi-yagdi-kar\/\"},\"author\":{\"name\":\"Tar\u0131k\",\"@id\":\"https:\/\/narteks.net\/#\/schema\/person\/61f37d9834294b72d31d274e7ed79bca\"},\"headline\":\"Beyaz, \u0130pek Gibi Ya\u011fd\u0131 Kar\",\"datePublished\":\"2009-03-02T11:30:07+00:00\",\"mainEntityOfPage\":{\"@id\":\"https:\/\/narteks.net\/index.php\/2009\/03\/02\/beyaz-ipek-gibi-yagdi-kar\/\"},\"wordCount\":419,\"commentCount\":0,\"publisher\":{\"@id\":\"https:\/\/narteks.net\/#organization\"},\"articleSection\":[\"Ataol BEHRAMOGLU\"],\"inLanguage\":\"tr\",\"potentialAction\":[{\"@type\":\"CommentAction\",\"name\":\"Comment\",\"target\":[\"https:\/\/narteks.net\/index.php\/2009\/03\/02\/beyaz-ipek-gibi-yagdi-kar\/#respond\"]}]},{\"@type\":\"WebPage\",\"@id\":\"https:\/\/narteks.net\/index.php\/2009\/03\/02\/beyaz-ipek-gibi-yagdi-kar\/\",\"url\":\"https:\/\/narteks.net\/index.php\/2009\/03\/02\/beyaz-ipek-gibi-yagdi-kar\/\",\"name\":\"Beyaz, \u0130pek Gibi Ya\u011fd\u0131 Kar - narteks.net\",\"isPartOf\":{\"@id\":\"https:\/\/narteks.net\/#website\"},\"datePublished\":\"2009-03-02T11:30:07+00:00\",\"breadcrumb\":{\"@id\":\"https:\/\/narteks.net\/index.php\/2009\/03\/02\/beyaz-ipek-gibi-yagdi-kar\/#breadcrumb\"},\"inLanguage\":\"tr\",\"potentialAction\":[{\"@type\":\"ReadAction\",\"target\":[\"https:\/\/narteks.net\/index.php\/2009\/03\/02\/beyaz-ipek-gibi-yagdi-kar\/\"]}]},{\"@type\":\"BreadcrumbList\",\"@id\":\"https:\/\/narteks.net\/index.php\/2009\/03\/02\/beyaz-ipek-gibi-yagdi-kar\/#breadcrumb\",\"itemListElement\":[{\"@type\":\"ListItem\",\"position\":1,\"name\":\"Anasayfa\",\"item\":\"https:\/\/narteks.net\/\"},{\"@type\":\"ListItem\",\"position\":2,\"name\":\"Beyaz, \u0130pek Gibi Ya\u011fd\u0131 Kar\"}]},{\"@type\":\"WebSite\",\"@id\":\"https:\/\/narteks.net\/#website\",\"url\":\"https:\/\/narteks.net\/\",\"name\":\"narteks.net\",\"description\":\"K\u00fclt\u00fcr Sanat Edebiyat Felsefe\",\"publisher\":{\"@id\":\"https:\/\/narteks.net\/#organization\"},\"alternateName\":\"K\u00fclt\u00fcr Sanat Edebiyat Felsefe\",\"potentialAction\":[{\"@type\":\"SearchAction\",\"target\":{\"@type\":\"EntryPoint\",\"urlTemplate\":\"https:\/\/narteks.net\/?s={search_term_string}\"},\"query-input\":{\"@type\":\"PropertyValueSpecification\",\"valueRequired\":true,\"valueName\":\"search_term_string\"}}],\"inLanguage\":\"tr\"},{\"@type\":\"Organization\",\"@id\":\"https:\/\/narteks.net\/#organization\",\"name\":\"narteks.net\",\"url\":\"https:\/\/narteks.net\/\",\"logo\":{\"@type\":\"ImageObject\",\"inLanguage\":\"tr\",\"@id\":\"https:\/\/narteks.net\/#\/schema\/logo\/image\/\",\"url\":\"https:\/\/narteks.net\/wp-content\/uploads\/narteks.png\",\"contentUrl\":\"https:\/\/narteks.net\/wp-content\/uploads\/narteks.png\",\"width\":300,\"height\":90,\"caption\":\"narteks.net\"},\"image\":{\"@id\":\"https:\/\/narteks.net\/#\/schema\/logo\/image\/\"},\"sameAs\":[\"https:\/\/x.com\/narteks\",\"https:\/\/instagram.com\/narteksnet\"]},{\"@type\":\"Person\",\"@id\":\"https:\/\/narteks.net\/#\/schema\/person\/61f37d9834294b72d31d274e7ed79bca\",\"name\":\"Tar\u0131k\",\"image\":{\"@type\":\"ImageObject\",\"inLanguage\":\"tr\",\"@id\":\"https:\/\/narteks.net\/#\/schema\/person\/image\/\",\"url\":\"https:\/\/secure.gravatar.com\/avatar\/50865afb55632c4ae467e0af0930f6510aa2297d8014be502a55b14f3b7550cf?s=96&d=mm&r=g\",\"contentUrl\":\"https:\/\/secure.gravatar.com\/avatar\/50865afb55632c4ae467e0af0930f6510aa2297d8014be502a55b14f3b7550cf?s=96&d=mm&r=g\",\"caption\":\"Tar\u0131k\"},\"sameAs\":[\"http:\/\/narteks.net\"],\"url\":\"https:\/\/narteks.net\/index.php\/author\/narbak\/\"}]}<\/script>\n<!-- \/ Yoast SEO Premium plugin. -->","yoast_head_json":{"title":"Beyaz, \u0130pek Gibi Ya\u011fd\u0131 Kar - narteks.net","robots":{"index":"index","follow":"follow","max-snippet":"max-snippet:-1","max-image-preview":"max-image-preview:large","max-video-preview":"max-video-preview:-1"},"canonical":"https:\/\/narteks.net\/index.php\/2009\/03\/02\/beyaz-ipek-gibi-yagdi-kar\/","og_locale":"tr_TR","og_type":"article","og_title":"Beyaz, \u0130pek Gibi Ya\u011fd\u0131 Kar","og_description":"\u00a0 Beyaz, ipek gibi ya\u011fd\u0131 karBir k\u0131z kardan hafif ad\u0131mlar\u0131yla y\u00fcr\u00fcy\u00fcp ge\u00e7ti hayal i\u00e7inde Arkada\u015flar\u0131m\u0131 d\u00fc\u015f\u00fcnd\u00fcm, sevgili \u015feyleriSanki her \u015fey bizimle var ve bizimle olacak\u015eark\u0131lar \u00e7ald\u0131 odalarda B\u00fct\u00fcn insanlar\u0131 sevmek gerekti\u011fini d\u00fc\u015f\u00fcnd\u00fcmD\u00fc\u015fmanlar\u0131m\u0131z d\u0131\u015f\u0131ndaD\u00fc\u015fmanlar\u0131m\u0131z \u00e7\u00fcnk\u00fc Sevgiyi yok ettikleri i\u00e7inD\u00fc\u015fman\u0131m\u0131z oldular-Beyaz ipek gibi ya\u011fd\u0131 karBir k\u0131z kardan hafif y\u00fcre\u011fiyle Ge\u00e7ip gitti g\u00fcvercinleri an\u0131msatarak.Uzaktaki \u015fehir Uykuya dalm\u0131\u015ft\u0131r \u015fimdi.D\u00fc\u015f\u00fcnd\u00fcm [&hellip;]","og_url":"https:\/\/narteks.net\/index.php\/2009\/03\/02\/beyaz-ipek-gibi-yagdi-kar\/","og_site_name":"narteks.net","article_published_time":"2009-03-02T11:30:07+00:00","og_image":[{"width":300,"height":90,"url":"https:\/\/narteks.net\/wp-content\/uploads\/narteks.png","type":"image\/png"}],"author":"Tar\u0131k","twitter_card":"summary_large_image","twitter_creator":"@narteks","twitter_site":"@narteks","twitter_misc":{"Yazan:":"Tar\u0131k","Tahmini okuma s\u00fcresi":"2 dakika"},"schema":{"@context":"https:\/\/schema.org","@graph":[{"@type":"Article","@id":"https:\/\/narteks.net\/index.php\/2009\/03\/02\/beyaz-ipek-gibi-yagdi-kar\/#article","isPartOf":{"@id":"https:\/\/narteks.net\/index.php\/2009\/03\/02\/beyaz-ipek-gibi-yagdi-kar\/"},"author":{"name":"Tar\u0131k","@id":"https:\/\/narteks.net\/#\/schema\/person\/61f37d9834294b72d31d274e7ed79bca"},"headline":"Beyaz, \u0130pek Gibi Ya\u011fd\u0131 Kar","datePublished":"2009-03-02T11:30:07+00:00","mainEntityOfPage":{"@id":"https:\/\/narteks.net\/index.php\/2009\/03\/02\/beyaz-ipek-gibi-yagdi-kar\/"},"wordCount":419,"commentCount":0,"publisher":{"@id":"https:\/\/narteks.net\/#organization"},"articleSection":["Ataol BEHRAMOGLU"],"inLanguage":"tr","potentialAction":[{"@type":"CommentAction","name":"Comment","target":["https:\/\/narteks.net\/index.php\/2009\/03\/02\/beyaz-ipek-gibi-yagdi-kar\/#respond"]}]},{"@type":"WebPage","@id":"https:\/\/narteks.net\/index.php\/2009\/03\/02\/beyaz-ipek-gibi-yagdi-kar\/","url":"https:\/\/narteks.net\/index.php\/2009\/03\/02\/beyaz-ipek-gibi-yagdi-kar\/","name":"Beyaz, \u0130pek Gibi Ya\u011fd\u0131 Kar - narteks.net","isPartOf":{"@id":"https:\/\/narteks.net\/#website"},"datePublished":"2009-03-02T11:30:07+00:00","breadcrumb":{"@id":"https:\/\/narteks.net\/index.php\/2009\/03\/02\/beyaz-ipek-gibi-yagdi-kar\/#breadcrumb"},"inLanguage":"tr","potentialAction":[{"@type":"ReadAction","target":["https:\/\/narteks.net\/index.php\/2009\/03\/02\/beyaz-ipek-gibi-yagdi-kar\/"]}]},{"@type":"BreadcrumbList","@id":"https:\/\/narteks.net\/index.php\/2009\/03\/02\/beyaz-ipek-gibi-yagdi-kar\/#breadcrumb","itemListElement":[{"@type":"ListItem","position":1,"name":"Anasayfa","item":"https:\/\/narteks.net\/"},{"@type":"ListItem","position":2,"name":"Beyaz, \u0130pek Gibi Ya\u011fd\u0131 Kar"}]},{"@type":"WebSite","@id":"https:\/\/narteks.net\/#website","url":"https:\/\/narteks.net\/","name":"narteks.net","description":"K\u00fclt\u00fcr Sanat Edebiyat Felsefe","publisher":{"@id":"https:\/\/narteks.net\/#organization"},"alternateName":"K\u00fclt\u00fcr Sanat Edebiyat Felsefe","potentialAction":[{"@type":"SearchAction","target":{"@type":"EntryPoint","urlTemplate":"https:\/\/narteks.net\/?s={search_term_string}"},"query-input":{"@type":"PropertyValueSpecification","valueRequired":true,"valueName":"search_term_string"}}],"inLanguage":"tr"},{"@type":"Organization","@id":"https:\/\/narteks.net\/#organization","name":"narteks.net","url":"https:\/\/narteks.net\/","logo":{"@type":"ImageObject","inLanguage":"tr","@id":"https:\/\/narteks.net\/#\/schema\/logo\/image\/","url":"https:\/\/narteks.net\/wp-content\/uploads\/narteks.png","contentUrl":"https:\/\/narteks.net\/wp-content\/uploads\/narteks.png","width":300,"height":90,"caption":"narteks.net"},"image":{"@id":"https:\/\/narteks.net\/#\/schema\/logo\/image\/"},"sameAs":["https:\/\/x.com\/narteks","https:\/\/instagram.com\/narteksnet"]},{"@type":"Person","@id":"https:\/\/narteks.net\/#\/schema\/person\/61f37d9834294b72d31d274e7ed79bca","name":"Tar\u0131k","image":{"@type":"ImageObject","inLanguage":"tr","@id":"https:\/\/narteks.net\/#\/schema\/person\/image\/","url":"https:\/\/secure.gravatar.com\/avatar\/50865afb55632c4ae467e0af0930f6510aa2297d8014be502a55b14f3b7550cf?s=96&d=mm&r=g","contentUrl":"https:\/\/secure.gravatar.com\/avatar\/50865afb55632c4ae467e0af0930f6510aa2297d8014be502a55b14f3b7550cf?s=96&d=mm&r=g","caption":"Tar\u0131k"},"sameAs":["http:\/\/narteks.net"],"url":"https:\/\/narteks.net\/index.php\/author\/narbak\/"}]}},"_links":{"self":[{"href":"https:\/\/narteks.net\/index.php\/wp-json\/wp\/v2\/posts\/353","targetHints":{"allow":["GET"]}}],"collection":[{"href":"https:\/\/narteks.net\/index.php\/wp-json\/wp\/v2\/posts"}],"about":[{"href":"https:\/\/narteks.net\/index.php\/wp-json\/wp\/v2\/types\/post"}],"author":[{"embeddable":true,"href":"https:\/\/narteks.net\/index.php\/wp-json\/wp\/v2\/users\/1"}],"replies":[{"embeddable":true,"href":"https:\/\/narteks.net\/index.php\/wp-json\/wp\/v2\/comments?post=353"}],"version-history":[{"count":0,"href":"https:\/\/narteks.net\/index.php\/wp-json\/wp\/v2\/posts\/353\/revisions"}],"wp:attachment":[{"href":"https:\/\/narteks.net\/index.php\/wp-json\/wp\/v2\/media?parent=353"}],"wp:term":[{"taxonomy":"category","embeddable":true,"href":"https:\/\/narteks.net\/index.php\/wp-json\/wp\/v2\/categories?post=353"},{"taxonomy":"post_tag","embeddable":true,"href":"https:\/\/narteks.net\/index.php\/wp-json\/wp\/v2\/tags?post=353"}],"curies":[{"name":"wp","href":"https:\/\/api.w.org\/{rel}","templated":true}]}}