{"id":355,"date":"2009-03-02T14:32:02","date_gmt":"2009-03-02T11:32:02","guid":{"rendered":"http:\/\/localhost\/wordpress\/2009\/03\/02\/bu-yangin-yerinde\/"},"modified":"2009-03-02T14:32:02","modified_gmt":"2009-03-02T11:32:02","slug":"bu-yangin-yerinde","status":"publish","type":"post","link":"https:\/\/narteks.net\/index.php\/2009\/03\/02\/bu-yangin-yerinde\/","title":{"rendered":"Bu Yang\u0131n Yerinde"},"content":{"rendered":"<p>\u00a0<\/p>\n<p><span style=\"color: #000000;\">Ya\u015famak bu yang\u0131n yerinde <br \/>Her g\u00fcn yeniden \u00f6lerek <\/p>\n<p>Zalimin elinde tutsak <br \/>Cahile kurban olarak <\/p>\n<p>Yalanla kirli havada <br \/>G\u00fc\u00e7l\u00fckle soluk alarak <\/p>\n<p>Savunmak ger\u00e7e\u011fi, \u00e7o\u011fu kez <br \/>Yaln\u0131zl\u0131\u011f\u0131n\u0131 bilerek <\/p>\n<p>Korka\u011f\u0131, d\u00f6ne\u011fi, suskunu <br \/>G\u00f6r\u00fcp de \u00f6fkeyle dolarak <\/p>\n<p>Toplan\u0131yor \u00f6l\u00fc arkada\u015flar <br \/>Her biri bir yerden gelerek <\/p>\n<p>Kiminin boynunda ilme\u011fi <br \/>Kimi kan\u0131n\u0131 silerek <\/p>\n<p>Kucakl\u0131yor beni Metin Alt\u0131ok <br \/>`Ald\u0131rma` diyor g\u00fclerek <\/p>\n<p>`Ya\u015famak g\u00f6revdir bu yang\u0131n yerinde <br \/>Ya\u015famak, insan kalarak` <\/span><\/p>\n<p> <span>Ataol Behramo\u011flu<\/span><\/p>\n","protected":false},"excerpt":{"rendered":"<p>\u00a0 Ya\u015famak bu yang\u0131n yerinde Her g\u00fcn yeniden \u00f6lerek Zalimin elinde tutsak Cahile kurban olarak Yalanla kirli havada G\u00fc\u00e7l\u00fckle soluk alarak Savunmak ger\u00e7e\u011fi, \u00e7o\u011fu kez Yaln\u0131zl\u0131\u011f\u0131n\u0131 bilerek Korka\u011f\u0131, d\u00f6ne\u011fi, suskunu G\u00f6r\u00fcp de \u00f6fkeyle dolarak Toplan\u0131yor \u00f6l\u00fc arkada\u015flar Her biri bir yerden gelerek Kiminin boynunda ilme\u011fi Kimi kan\u0131n\u0131 silerek Kucakl\u0131yor beni Metin Alt\u0131ok `Ald\u0131rma` diyor g\u00fclerek [&hellip;]<\/p>\n","protected":false},"author":1,"featured_media":0,"comment_status":"open","ping_status":"open","sticky":false,"template":"","format":"standard","meta":{"footnotes":""},"categories":[10],"tags":[],"class_list":{"0":"post-355","1":"post","2":"type-post","3":"status-publish","4":"format-standard","6":"category-ataol-behramoglu"},"yoast_head":"<!-- This site is optimized with the Yoast SEO Premium plugin v24.9 (Yoast SEO v24.9) - https:\/\/yoast.com\/wordpress\/plugins\/seo\/ -->\n<title>Bu Yang\u0131n Yerinde - narteks.net<\/title>\n<meta name=\"robots\" content=\"index, follow, max-snippet:-1, max-image-preview:large, max-video-preview:-1\" \/>\n<link rel=\"canonical\" href=\"https:\/\/narteks.net\/index.php\/2009\/03\/02\/bu-yangin-yerinde\/\" \/>\n<meta property=\"og:locale\" content=\"tr_TR\" \/>\n<meta property=\"og:type\" content=\"article\" \/>\n<meta property=\"og:title\" content=\"Bu Yang\u0131n Yerinde\" \/>\n<meta property=\"og:description\" content=\"\u00a0 Ya\u015famak bu yang\u0131n yerinde Her g\u00fcn yeniden \u00f6lerek Zalimin elinde tutsak Cahile kurban olarak Yalanla kirli havada G\u00fc\u00e7l\u00fckle soluk alarak Savunmak ger\u00e7e\u011fi, \u00e7o\u011fu kez Yaln\u0131zl\u0131\u011f\u0131n\u0131 bilerek Korka\u011f\u0131, d\u00f6ne\u011fi, suskunu G\u00f6r\u00fcp de \u00f6fkeyle dolarak Toplan\u0131yor \u00f6l\u00fc arkada\u015flar Her biri bir yerden gelerek Kiminin boynunda ilme\u011fi Kimi kan\u0131n\u0131 silerek Kucakl\u0131yor beni Metin Alt\u0131ok `Ald\u0131rma` diyor g\u00fclerek [&hellip;]\" \/>\n<meta property=\"og:url\" content=\"https:\/\/narteks.net\/index.php\/2009\/03\/02\/bu-yangin-yerinde\/\" \/>\n<meta property=\"og:site_name\" content=\"narteks.net\" \/>\n<meta property=\"article:published_time\" content=\"2009-03-02T11:32:02+00:00\" \/>\n<meta property=\"og:image\" content=\"https:\/\/narteks.net\/wp-content\/uploads\/narteks.png\" \/>\n\t<meta property=\"og:image:width\" content=\"300\" \/>\n\t<meta property=\"og:image:height\" content=\"90\" \/>\n\t<meta property=\"og:image:type\" content=\"image\/png\" \/>\n<meta name=\"author\" content=\"Tar\u0131k\" \/>\n<meta name=\"twitter:card\" content=\"summary_large_image\" \/>\n<meta name=\"twitter:creator\" content=\"@narteks\" \/>\n<meta name=\"twitter:site\" content=\"@narteks\" \/>\n<meta name=\"twitter:label1\" content=\"Yazan:\" \/>\n\t<meta name=\"twitter:data1\" content=\"Tar\u0131k\" \/>\n<script type=\"application\/ld+json\" class=\"yoast-schema-graph\">{\"@context\":\"https:\/\/schema.org\",\"@graph\":[{\"@type\":\"Article\",\"@id\":\"https:\/\/narteks.net\/index.php\/2009\/03\/02\/bu-yangin-yerinde\/#article\",\"isPartOf\":{\"@id\":\"https:\/\/narteks.net\/index.php\/2009\/03\/02\/bu-yangin-yerinde\/\"},\"author\":{\"name\":\"Tar\u0131k\",\"@id\":\"https:\/\/narteks.net\/#\/schema\/person\/61f37d9834294b72d31d274e7ed79bca\"},\"headline\":\"Bu Yang\u0131n Yerinde\",\"datePublished\":\"2009-03-02T11:32:02+00:00\",\"mainEntityOfPage\":{\"@id\":\"https:\/\/narteks.net\/index.php\/2009\/03\/02\/bu-yangin-yerinde\/\"},\"wordCount\":95,\"commentCount\":0,\"publisher\":{\"@id\":\"https:\/\/narteks.net\/#organization\"},\"articleSection\":[\"Ataol BEHRAMOGLU\"],\"inLanguage\":\"tr\",\"potentialAction\":[{\"@type\":\"CommentAction\",\"name\":\"Comment\",\"target\":[\"https:\/\/narteks.net\/index.php\/2009\/03\/02\/bu-yangin-yerinde\/#respond\"]}]},{\"@type\":\"WebPage\",\"@id\":\"https:\/\/narteks.net\/index.php\/2009\/03\/02\/bu-yangin-yerinde\/\",\"url\":\"https:\/\/narteks.net\/index.php\/2009\/03\/02\/bu-yangin-yerinde\/\",\"name\":\"Bu Yang\u0131n Yerinde - narteks.net\",\"isPartOf\":{\"@id\":\"https:\/\/narteks.net\/#website\"},\"datePublished\":\"2009-03-02T11:32:02+00:00\",\"breadcrumb\":{\"@id\":\"https:\/\/narteks.net\/index.php\/2009\/03\/02\/bu-yangin-yerinde\/#breadcrumb\"},\"inLanguage\":\"tr\",\"potentialAction\":[{\"@type\":\"ReadAction\",\"target\":[\"https:\/\/narteks.net\/index.php\/2009\/03\/02\/bu-yangin-yerinde\/\"]}]},{\"@type\":\"BreadcrumbList\",\"@id\":\"https:\/\/narteks.net\/index.php\/2009\/03\/02\/bu-yangin-yerinde\/#breadcrumb\",\"itemListElement\":[{\"@type\":\"ListItem\",\"position\":1,\"name\":\"Anasayfa\",\"item\":\"https:\/\/narteks.net\/\"},{\"@type\":\"ListItem\",\"position\":2,\"name\":\"Bu Yang\u0131n Yerinde\"}]},{\"@type\":\"WebSite\",\"@id\":\"https:\/\/narteks.net\/#website\",\"url\":\"https:\/\/narteks.net\/\",\"name\":\"narteks.net\",\"description\":\"K\u00fclt\u00fcr Sanat Edebiyat Felsefe\",\"publisher\":{\"@id\":\"https:\/\/narteks.net\/#organization\"},\"alternateName\":\"K\u00fclt\u00fcr Sanat Edebiyat Felsefe\",\"potentialAction\":[{\"@type\":\"SearchAction\",\"target\":{\"@type\":\"EntryPoint\",\"urlTemplate\":\"https:\/\/narteks.net\/?s={search_term_string}\"},\"query-input\":{\"@type\":\"PropertyValueSpecification\",\"valueRequired\":true,\"valueName\":\"search_term_string\"}}],\"inLanguage\":\"tr\"},{\"@type\":\"Organization\",\"@id\":\"https:\/\/narteks.net\/#organization\",\"name\":\"narteks.net\",\"url\":\"https:\/\/narteks.net\/\",\"logo\":{\"@type\":\"ImageObject\",\"inLanguage\":\"tr\",\"@id\":\"https:\/\/narteks.net\/#\/schema\/logo\/image\/\",\"url\":\"https:\/\/narteks.net\/wp-content\/uploads\/narteks.png\",\"contentUrl\":\"https:\/\/narteks.net\/wp-content\/uploads\/narteks.png\",\"width\":300,\"height\":90,\"caption\":\"narteks.net\"},\"image\":{\"@id\":\"https:\/\/narteks.net\/#\/schema\/logo\/image\/\"},\"sameAs\":[\"https:\/\/x.com\/narteks\",\"https:\/\/instagram.com\/narteksnet\"]},{\"@type\":\"Person\",\"@id\":\"https:\/\/narteks.net\/#\/schema\/person\/61f37d9834294b72d31d274e7ed79bca\",\"name\":\"Tar\u0131k\",\"image\":{\"@type\":\"ImageObject\",\"inLanguage\":\"tr\",\"@id\":\"https:\/\/narteks.net\/#\/schema\/person\/image\/\",\"url\":\"https:\/\/secure.gravatar.com\/avatar\/50865afb55632c4ae467e0af0930f6510aa2297d8014be502a55b14f3b7550cf?s=96&d=mm&r=g\",\"contentUrl\":\"https:\/\/secure.gravatar.com\/avatar\/50865afb55632c4ae467e0af0930f6510aa2297d8014be502a55b14f3b7550cf?s=96&d=mm&r=g\",\"caption\":\"Tar\u0131k\"},\"sameAs\":[\"http:\/\/narteks.net\"],\"url\":\"https:\/\/narteks.net\/index.php\/author\/narbak\/\"}]}<\/script>\n<!-- \/ Yoast SEO Premium plugin. -->","yoast_head_json":{"title":"Bu Yang\u0131n Yerinde - narteks.net","robots":{"index":"index","follow":"follow","max-snippet":"max-snippet:-1","max-image-preview":"max-image-preview:large","max-video-preview":"max-video-preview:-1"},"canonical":"https:\/\/narteks.net\/index.php\/2009\/03\/02\/bu-yangin-yerinde\/","og_locale":"tr_TR","og_type":"article","og_title":"Bu Yang\u0131n Yerinde","og_description":"\u00a0 Ya\u015famak bu yang\u0131n yerinde Her g\u00fcn yeniden \u00f6lerek Zalimin elinde tutsak Cahile kurban olarak Yalanla kirli havada G\u00fc\u00e7l\u00fckle soluk alarak Savunmak ger\u00e7e\u011fi, \u00e7o\u011fu kez Yaln\u0131zl\u0131\u011f\u0131n\u0131 bilerek Korka\u011f\u0131, d\u00f6ne\u011fi, suskunu G\u00f6r\u00fcp de \u00f6fkeyle dolarak Toplan\u0131yor \u00f6l\u00fc arkada\u015flar Her biri bir yerden gelerek Kiminin boynunda ilme\u011fi Kimi kan\u0131n\u0131 silerek Kucakl\u0131yor beni Metin Alt\u0131ok `Ald\u0131rma` diyor g\u00fclerek [&hellip;]","og_url":"https:\/\/narteks.net\/index.php\/2009\/03\/02\/bu-yangin-yerinde\/","og_site_name":"narteks.net","article_published_time":"2009-03-02T11:32:02+00:00","og_image":[{"width":300,"height":90,"url":"https:\/\/narteks.net\/wp-content\/uploads\/narteks.png","type":"image\/png"}],"author":"Tar\u0131k","twitter_card":"summary_large_image","twitter_creator":"@narteks","twitter_site":"@narteks","twitter_misc":{"Yazan:":"Tar\u0131k"},"schema":{"@context":"https:\/\/schema.org","@graph":[{"@type":"Article","@id":"https:\/\/narteks.net\/index.php\/2009\/03\/02\/bu-yangin-yerinde\/#article","isPartOf":{"@id":"https:\/\/narteks.net\/index.php\/2009\/03\/02\/bu-yangin-yerinde\/"},"author":{"name":"Tar\u0131k","@id":"https:\/\/narteks.net\/#\/schema\/person\/61f37d9834294b72d31d274e7ed79bca"},"headline":"Bu Yang\u0131n Yerinde","datePublished":"2009-03-02T11:32:02+00:00","mainEntityOfPage":{"@id":"https:\/\/narteks.net\/index.php\/2009\/03\/02\/bu-yangin-yerinde\/"},"wordCount":95,"commentCount":0,"publisher":{"@id":"https:\/\/narteks.net\/#organization"},"articleSection":["Ataol BEHRAMOGLU"],"inLanguage":"tr","potentialAction":[{"@type":"CommentAction","name":"Comment","target":["https:\/\/narteks.net\/index.php\/2009\/03\/02\/bu-yangin-yerinde\/#respond"]}]},{"@type":"WebPage","@id":"https:\/\/narteks.net\/index.php\/2009\/03\/02\/bu-yangin-yerinde\/","url":"https:\/\/narteks.net\/index.php\/2009\/03\/02\/bu-yangin-yerinde\/","name":"Bu Yang\u0131n Yerinde - narteks.net","isPartOf":{"@id":"https:\/\/narteks.net\/#website"},"datePublished":"2009-03-02T11:32:02+00:00","breadcrumb":{"@id":"https:\/\/narteks.net\/index.php\/2009\/03\/02\/bu-yangin-yerinde\/#breadcrumb"},"inLanguage":"tr","potentialAction":[{"@type":"ReadAction","target":["https:\/\/narteks.net\/index.php\/2009\/03\/02\/bu-yangin-yerinde\/"]}]},{"@type":"BreadcrumbList","@id":"https:\/\/narteks.net\/index.php\/2009\/03\/02\/bu-yangin-yerinde\/#breadcrumb","itemListElement":[{"@type":"ListItem","position":1,"name":"Anasayfa","item":"https:\/\/narteks.net\/"},{"@type":"ListItem","position":2,"name":"Bu Yang\u0131n Yerinde"}]},{"@type":"WebSite","@id":"https:\/\/narteks.net\/#website","url":"https:\/\/narteks.net\/","name":"narteks.net","description":"K\u00fclt\u00fcr Sanat Edebiyat Felsefe","publisher":{"@id":"https:\/\/narteks.net\/#organization"},"alternateName":"K\u00fclt\u00fcr Sanat Edebiyat Felsefe","potentialAction":[{"@type":"SearchAction","target":{"@type":"EntryPoint","urlTemplate":"https:\/\/narteks.net\/?s={search_term_string}"},"query-input":{"@type":"PropertyValueSpecification","valueRequired":true,"valueName":"search_term_string"}}],"inLanguage":"tr"},{"@type":"Organization","@id":"https:\/\/narteks.net\/#organization","name":"narteks.net","url":"https:\/\/narteks.net\/","logo":{"@type":"ImageObject","inLanguage":"tr","@id":"https:\/\/narteks.net\/#\/schema\/logo\/image\/","url":"https:\/\/narteks.net\/wp-content\/uploads\/narteks.png","contentUrl":"https:\/\/narteks.net\/wp-content\/uploads\/narteks.png","width":300,"height":90,"caption":"narteks.net"},"image":{"@id":"https:\/\/narteks.net\/#\/schema\/logo\/image\/"},"sameAs":["https:\/\/x.com\/narteks","https:\/\/instagram.com\/narteksnet"]},{"@type":"Person","@id":"https:\/\/narteks.net\/#\/schema\/person\/61f37d9834294b72d31d274e7ed79bca","name":"Tar\u0131k","image":{"@type":"ImageObject","inLanguage":"tr","@id":"https:\/\/narteks.net\/#\/schema\/person\/image\/","url":"https:\/\/secure.gravatar.com\/avatar\/50865afb55632c4ae467e0af0930f6510aa2297d8014be502a55b14f3b7550cf?s=96&d=mm&r=g","contentUrl":"https:\/\/secure.gravatar.com\/avatar\/50865afb55632c4ae467e0af0930f6510aa2297d8014be502a55b14f3b7550cf?s=96&d=mm&r=g","caption":"Tar\u0131k"},"sameAs":["http:\/\/narteks.net"],"url":"https:\/\/narteks.net\/index.php\/author\/narbak\/"}]}},"_links":{"self":[{"href":"https:\/\/narteks.net\/index.php\/wp-json\/wp\/v2\/posts\/355","targetHints":{"allow":["GET"]}}],"collection":[{"href":"https:\/\/narteks.net\/index.php\/wp-json\/wp\/v2\/posts"}],"about":[{"href":"https:\/\/narteks.net\/index.php\/wp-json\/wp\/v2\/types\/post"}],"author":[{"embeddable":true,"href":"https:\/\/narteks.net\/index.php\/wp-json\/wp\/v2\/users\/1"}],"replies":[{"embeddable":true,"href":"https:\/\/narteks.net\/index.php\/wp-json\/wp\/v2\/comments?post=355"}],"version-history":[{"count":0,"href":"https:\/\/narteks.net\/index.php\/wp-json\/wp\/v2\/posts\/355\/revisions"}],"wp:attachment":[{"href":"https:\/\/narteks.net\/index.php\/wp-json\/wp\/v2\/media?parent=355"}],"wp:term":[{"taxonomy":"category","embeddable":true,"href":"https:\/\/narteks.net\/index.php\/wp-json\/wp\/v2\/categories?post=355"},{"taxonomy":"post_tag","embeddable":true,"href":"https:\/\/narteks.net\/index.php\/wp-json\/wp\/v2\/tags?post=355"}],"curies":[{"name":"wp","href":"https:\/\/api.w.org\/{rel}","templated":true}]}}