{"id":356,"date":"2009-03-02T14:33:18","date_gmt":"2009-03-02T11:33:18","guid":{"rendered":"http:\/\/localhost\/wordpress\/2009\/03\/02\/cerkez-ali\/"},"modified":"2009-03-02T14:33:18","modified_gmt":"2009-03-02T11:33:18","slug":"cerkez-ali","status":"publish","type":"post","link":"https:\/\/narteks.net\/index.php\/2009\/03\/02\/cerkez-ali\/","title":{"rendered":"\u00c7erkez Ali"},"content":{"rendered":"<p>\u00a0<\/p>\n<p><span style=\"color: #000000;\">\u00c7erkez Ali`yle bir ak\u015fam<br \/>G\u00f6l k\u0131y\u0131s\u0131 lokantada<br \/>G\u00fcrc\u00fc \u015faraplar\u0131 i\u00e7tik<br \/>Mezemiz `\u00e7ahohbili`ydi<br \/>Babas\u0131 K\u0131r\u0131ml\u0131 Tatar<br \/>Annesi istanbullu T\u00fcrk<br \/>K\u00f6k\u00fc derinlerde \u00e7\u0131nar<br \/>\u015eair dostum \u00e7erkez ali<\/p>\n<p>Ger\u00e7e\u011fi d\u00fc\u015fe \u00e7eviren<br \/>Duygu nereden geliyor<br \/>\u015eu kar\u015f\u0131ki da\u011flardan m\u0131<br \/>Ak\u015fam sisinde eriyen<br \/>Bak\u0131\u015flar\u0131 bir \u0131\u015f\u0131k su<br \/>\u00c7erkez Ali anlat\u0131yor<\/p>\n<p>Dara\u011fa\u00e7lar\u0131 kurulu<br \/>Sultan Hamit a\u011f\u0131r hasta<br \/>Can\u0131 kay\u0131s\u0131 istemi\u015f<br \/>Kar ya\u011f\u0131yor \u0130stanbul`a<br \/>Be\u015fikta\u015f`ta \u00e7erkez Ahmet<br \/>-Y\u00f6renin \u00fcnl\u00fc bakkal\u0131-<br \/>Gidiyor yurdu k\u0131r\u0131m`a<br \/>Bulup geliyor kay\u0131s\u0131`y\u0131<br \/>Veriyor \u00c7erkez Ahmet`e<br \/>Bac\u0131s\u0131 Melek Filsan`\u0131<br \/>Yaverlerden ihsan pa\u015fa<\/p>\n<p>O s\u0131rada \u0130stanbul`a <br \/>Kim gelirse kafkasya`dan<br \/>\u00c7erkez diye an\u0131l\u0131yor <br \/>\u00c7erkez Ali`ye \u00c7erkez`lik<br \/>Babas\u0131 \u00c7erkez Ahmet`ten<br \/>B\u00f6ylece miras kal\u0131yor<\/p>\n<p>D\u00fc\u015f\u00fc ger\u00e7e\u011fe \u00e7eviren<br \/>Duygu nereden geliyor<br \/>Yan\u0131m\u0131zdaki g\u00f6lden mi<br \/>Mavi bir t\u00fcle b\u00fcr\u00fcnen<br \/>Di\u015fleri bir ap ak umut<br \/>\u00c7erkez Ali anlat\u0131yor<\/p>\n<p>Be\u015fikta\u015fl\u0131 \u00c7erkez Ahmet<br \/>-kaytan b\u0131y\u0131kl\u0131 delikanl\u0131-<br \/>Onbe\u015f ya\u015f\u0131nda Filsan`I<br \/>Al\u0131p gidiyor K\u0131r\u0131m`a<br \/>Osmanl\u0131da me\u015frutiyet<br \/>Rusyada bol\u015fevik devrimi<br \/>\u00d6l\u00fcyor gen\u00e7 ya\u015fta Ahmet<br \/>Kal\u0131yor Ali`si yetim<\/p>\n<p>D\u00fc\u015fleri \u00c7erkez Ali`nin<br \/>Her gece dolu bunlarla<br \/>Akl\u0131 fikri \u0130stanbul`da<br \/>Siliniyor \u00e7izgileri<br \/>G\u00f6\u00e7 g\u00fcn\u00fc \u00f6len annenin<br \/>Bu\u011fulan\u0131yor g\u00f6zleri<br \/>Ya\u011fmur ya\u011f\u0131yor k\u0131r\u0131m`a<\/p>\n<p>K\u0131rk y\u0131ld\u0131r \u00d6zbekistan`da<br \/>Ya\u015far \u00c7erkez Ali s\u00fcrg\u00fcn<br \/>D\u00f6necek mi yurtlar\u0131na<br \/>K\u0131r\u0131ml\u0131 Tatarlar birg\u00fcn<br \/>Be\u015fikta\u015f`I \u0130stanbul`u<br \/>Vatan\u0131n\u0131 annesinin<br \/>G\u00f6rmek k\u0131smet olacak m\u0131<\/p>\n<p>`Anneci\u011fim \u0130stanbul`a<br \/>gidebilece\u011fiz miyiz?`<br \/>diyor annesine k\u0131z\u0131m<br \/>kar\u015f\u0131 da\u011fa bak\u0131yorum<br \/>Bir a\u011f\u0131rl\u0131k y\u00fcre\u011fimde<br \/>S\u0131r\u0131ls\u0131klam ter i\u00e7inde<br \/>Uykumdan uyan\u0131yorum<br \/> 1986-1993 <\/span><\/p>\n<p> <span>Ataol Behramo\u011flu<\/span><\/p>\n","protected":false},"excerpt":{"rendered":"<p>\u00a0 \u00c7erkez Ali`yle bir ak\u015famG\u00f6l k\u0131y\u0131s\u0131 lokantadaG\u00fcrc\u00fc \u015faraplar\u0131 i\u00e7tikMezemiz `\u00e7ahohbili`ydiBabas\u0131 K\u0131r\u0131ml\u0131 TatarAnnesi istanbullu T\u00fcrkK\u00f6k\u00fc derinlerde \u00e7\u0131nar\u015eair dostum \u00e7erkez ali Ger\u00e7e\u011fi d\u00fc\u015fe \u00e7evirenDuygu nereden geliyor\u015eu kar\u015f\u0131ki da\u011flardan m\u0131Ak\u015fam sisinde eriyenBak\u0131\u015flar\u0131 bir \u0131\u015f\u0131k su\u00c7erkez Ali anlat\u0131yor Dara\u011fa\u00e7lar\u0131 kuruluSultan Hamit a\u011f\u0131r hastaCan\u0131 kay\u0131s\u0131 istemi\u015fKar ya\u011f\u0131yor \u0130stanbul`aBe\u015fikta\u015f`ta \u00e7erkez Ahmet-Y\u00f6renin \u00fcnl\u00fc bakkal\u0131-Gidiyor yurdu k\u0131r\u0131m`aBulup geliyor kay\u0131s\u0131`y\u0131Veriyor \u00c7erkez Ahmet`eBac\u0131s\u0131 Melek Filsan`\u0131Yaverlerden [&hellip;]<\/p>\n","protected":false},"author":1,"featured_media":0,"comment_status":"open","ping_status":"open","sticky":false,"template":"","format":"standard","meta":{"footnotes":""},"categories":[10],"tags":[],"class_list":{"0":"post-356","1":"post","2":"type-post","3":"status-publish","4":"format-standard","6":"category-ataol-behramoglu"},"yoast_head":"<!-- This site is optimized with the Yoast SEO Premium plugin v24.9 (Yoast SEO v24.9) - https:\/\/yoast.com\/wordpress\/plugins\/seo\/ -->\n<title>\u00c7erkez Ali - narteks.net<\/title>\n<meta name=\"robots\" content=\"index, follow, max-snippet:-1, max-image-preview:large, max-video-preview:-1\" \/>\n<link rel=\"canonical\" href=\"https:\/\/narteks.net\/index.php\/2009\/03\/02\/cerkez-ali\/\" \/>\n<meta property=\"og:locale\" content=\"tr_TR\" \/>\n<meta property=\"og:type\" content=\"article\" \/>\n<meta property=\"og:title\" content=\"\u00c7erkez Ali\" \/>\n<meta property=\"og:description\" content=\"\u00a0 \u00c7erkez Ali`yle bir ak\u015famG\u00f6l k\u0131y\u0131s\u0131 lokantadaG\u00fcrc\u00fc \u015faraplar\u0131 i\u00e7tikMezemiz `\u00e7ahohbili`ydiBabas\u0131 K\u0131r\u0131ml\u0131 TatarAnnesi istanbullu T\u00fcrkK\u00f6k\u00fc derinlerde \u00e7\u0131nar\u015eair dostum \u00e7erkez ali Ger\u00e7e\u011fi d\u00fc\u015fe \u00e7evirenDuygu nereden geliyor\u015eu kar\u015f\u0131ki da\u011flardan m\u0131Ak\u015fam sisinde eriyenBak\u0131\u015flar\u0131 bir \u0131\u015f\u0131k su\u00c7erkez Ali anlat\u0131yor Dara\u011fa\u00e7lar\u0131 kuruluSultan Hamit a\u011f\u0131r hastaCan\u0131 kay\u0131s\u0131 istemi\u015fKar ya\u011f\u0131yor \u0130stanbul`aBe\u015fikta\u015f`ta \u00e7erkez Ahmet-Y\u00f6renin \u00fcnl\u00fc bakkal\u0131-Gidiyor yurdu k\u0131r\u0131m`aBulup geliyor kay\u0131s\u0131`y\u0131Veriyor \u00c7erkez Ahmet`eBac\u0131s\u0131 Melek Filsan`\u0131Yaverlerden [&hellip;]\" \/>\n<meta property=\"og:url\" content=\"https:\/\/narteks.net\/index.php\/2009\/03\/02\/cerkez-ali\/\" \/>\n<meta property=\"og:site_name\" content=\"narteks.net\" \/>\n<meta property=\"article:published_time\" content=\"2009-03-02T11:33:18+00:00\" \/>\n<meta property=\"og:image\" content=\"https:\/\/narteks.net\/wp-content\/uploads\/narteks.png\" \/>\n\t<meta property=\"og:image:width\" content=\"300\" \/>\n\t<meta property=\"og:image:height\" content=\"90\" \/>\n\t<meta property=\"og:image:type\" content=\"image\/png\" \/>\n<meta name=\"author\" content=\"Tar\u0131k\" \/>\n<meta name=\"twitter:card\" content=\"summary_large_image\" \/>\n<meta name=\"twitter:creator\" content=\"@narteks\" \/>\n<meta name=\"twitter:site\" content=\"@narteks\" \/>\n<meta name=\"twitter:label1\" content=\"Yazan:\" \/>\n\t<meta name=\"twitter:data1\" content=\"Tar\u0131k\" \/>\n\t<meta name=\"twitter:label2\" content=\"Tahmini okuma s\u00fcresi\" \/>\n\t<meta name=\"twitter:data2\" content=\"1 dakika\" \/>\n<script type=\"application\/ld+json\" class=\"yoast-schema-graph\">{\"@context\":\"https:\/\/schema.org\",\"@graph\":[{\"@type\":\"Article\",\"@id\":\"https:\/\/narteks.net\/index.php\/2009\/03\/02\/cerkez-ali\/#article\",\"isPartOf\":{\"@id\":\"https:\/\/narteks.net\/index.php\/2009\/03\/02\/cerkez-ali\/\"},\"author\":{\"name\":\"Tar\u0131k\",\"@id\":\"https:\/\/narteks.net\/#\/schema\/person\/61f37d9834294b72d31d274e7ed79bca\"},\"headline\":\"\u00c7erkez Ali\",\"datePublished\":\"2009-03-02T11:33:18+00:00\",\"mainEntityOfPage\":{\"@id\":\"https:\/\/narteks.net\/index.php\/2009\/03\/02\/cerkez-ali\/\"},\"wordCount\":285,\"commentCount\":0,\"publisher\":{\"@id\":\"https:\/\/narteks.net\/#organization\"},\"articleSection\":[\"Ataol BEHRAMOGLU\"],\"inLanguage\":\"tr\",\"potentialAction\":[{\"@type\":\"CommentAction\",\"name\":\"Comment\",\"target\":[\"https:\/\/narteks.net\/index.php\/2009\/03\/02\/cerkez-ali\/#respond\"]}]},{\"@type\":\"WebPage\",\"@id\":\"https:\/\/narteks.net\/index.php\/2009\/03\/02\/cerkez-ali\/\",\"url\":\"https:\/\/narteks.net\/index.php\/2009\/03\/02\/cerkez-ali\/\",\"name\":\"\u00c7erkez Ali - narteks.net\",\"isPartOf\":{\"@id\":\"https:\/\/narteks.net\/#website\"},\"datePublished\":\"2009-03-02T11:33:18+00:00\",\"breadcrumb\":{\"@id\":\"https:\/\/narteks.net\/index.php\/2009\/03\/02\/cerkez-ali\/#breadcrumb\"},\"inLanguage\":\"tr\",\"potentialAction\":[{\"@type\":\"ReadAction\",\"target\":[\"https:\/\/narteks.net\/index.php\/2009\/03\/02\/cerkez-ali\/\"]}]},{\"@type\":\"BreadcrumbList\",\"@id\":\"https:\/\/narteks.net\/index.php\/2009\/03\/02\/cerkez-ali\/#breadcrumb\",\"itemListElement\":[{\"@type\":\"ListItem\",\"position\":1,\"name\":\"Anasayfa\",\"item\":\"https:\/\/narteks.net\/\"},{\"@type\":\"ListItem\",\"position\":2,\"name\":\"\u00c7erkez Ali\"}]},{\"@type\":\"WebSite\",\"@id\":\"https:\/\/narteks.net\/#website\",\"url\":\"https:\/\/narteks.net\/\",\"name\":\"narteks.net\",\"description\":\"K\u00fclt\u00fcr Sanat Edebiyat Felsefe\",\"publisher\":{\"@id\":\"https:\/\/narteks.net\/#organization\"},\"alternateName\":\"K\u00fclt\u00fcr Sanat Edebiyat Felsefe\",\"potentialAction\":[{\"@type\":\"SearchAction\",\"target\":{\"@type\":\"EntryPoint\",\"urlTemplate\":\"https:\/\/narteks.net\/?s={search_term_string}\"},\"query-input\":{\"@type\":\"PropertyValueSpecification\",\"valueRequired\":true,\"valueName\":\"search_term_string\"}}],\"inLanguage\":\"tr\"},{\"@type\":\"Organization\",\"@id\":\"https:\/\/narteks.net\/#organization\",\"name\":\"narteks.net\",\"url\":\"https:\/\/narteks.net\/\",\"logo\":{\"@type\":\"ImageObject\",\"inLanguage\":\"tr\",\"@id\":\"https:\/\/narteks.net\/#\/schema\/logo\/image\/\",\"url\":\"https:\/\/narteks.net\/wp-content\/uploads\/narteks.png\",\"contentUrl\":\"https:\/\/narteks.net\/wp-content\/uploads\/narteks.png\",\"width\":300,\"height\":90,\"caption\":\"narteks.net\"},\"image\":{\"@id\":\"https:\/\/narteks.net\/#\/schema\/logo\/image\/\"},\"sameAs\":[\"https:\/\/x.com\/narteks\",\"https:\/\/instagram.com\/narteksnet\"]},{\"@type\":\"Person\",\"@id\":\"https:\/\/narteks.net\/#\/schema\/person\/61f37d9834294b72d31d274e7ed79bca\",\"name\":\"Tar\u0131k\",\"image\":{\"@type\":\"ImageObject\",\"inLanguage\":\"tr\",\"@id\":\"https:\/\/narteks.net\/#\/schema\/person\/image\/\",\"url\":\"https:\/\/secure.gravatar.com\/avatar\/50865afb55632c4ae467e0af0930f6510aa2297d8014be502a55b14f3b7550cf?s=96&d=mm&r=g\",\"contentUrl\":\"https:\/\/secure.gravatar.com\/avatar\/50865afb55632c4ae467e0af0930f6510aa2297d8014be502a55b14f3b7550cf?s=96&d=mm&r=g\",\"caption\":\"Tar\u0131k\"},\"sameAs\":[\"http:\/\/narteks.net\"],\"url\":\"https:\/\/narteks.net\/index.php\/author\/narbak\/\"}]}<\/script>\n<!-- \/ Yoast SEO Premium plugin. -->","yoast_head_json":{"title":"\u00c7erkez Ali - narteks.net","robots":{"index":"index","follow":"follow","max-snippet":"max-snippet:-1","max-image-preview":"max-image-preview:large","max-video-preview":"max-video-preview:-1"},"canonical":"https:\/\/narteks.net\/index.php\/2009\/03\/02\/cerkez-ali\/","og_locale":"tr_TR","og_type":"article","og_title":"\u00c7erkez Ali","og_description":"\u00a0 \u00c7erkez Ali`yle bir ak\u015famG\u00f6l k\u0131y\u0131s\u0131 lokantadaG\u00fcrc\u00fc \u015faraplar\u0131 i\u00e7tikMezemiz `\u00e7ahohbili`ydiBabas\u0131 K\u0131r\u0131ml\u0131 TatarAnnesi istanbullu T\u00fcrkK\u00f6k\u00fc derinlerde \u00e7\u0131nar\u015eair dostum \u00e7erkez ali Ger\u00e7e\u011fi d\u00fc\u015fe \u00e7evirenDuygu nereden geliyor\u015eu kar\u015f\u0131ki da\u011flardan m\u0131Ak\u015fam sisinde eriyenBak\u0131\u015flar\u0131 bir \u0131\u015f\u0131k su\u00c7erkez Ali anlat\u0131yor Dara\u011fa\u00e7lar\u0131 kuruluSultan Hamit a\u011f\u0131r hastaCan\u0131 kay\u0131s\u0131 istemi\u015fKar ya\u011f\u0131yor \u0130stanbul`aBe\u015fikta\u015f`ta \u00e7erkez Ahmet-Y\u00f6renin \u00fcnl\u00fc bakkal\u0131-Gidiyor yurdu k\u0131r\u0131m`aBulup geliyor kay\u0131s\u0131`y\u0131Veriyor \u00c7erkez Ahmet`eBac\u0131s\u0131 Melek Filsan`\u0131Yaverlerden [&hellip;]","og_url":"https:\/\/narteks.net\/index.php\/2009\/03\/02\/cerkez-ali\/","og_site_name":"narteks.net","article_published_time":"2009-03-02T11:33:18+00:00","og_image":[{"width":300,"height":90,"url":"https:\/\/narteks.net\/wp-content\/uploads\/narteks.png","type":"image\/png"}],"author":"Tar\u0131k","twitter_card":"summary_large_image","twitter_creator":"@narteks","twitter_site":"@narteks","twitter_misc":{"Yazan:":"Tar\u0131k","Tahmini okuma s\u00fcresi":"1 dakika"},"schema":{"@context":"https:\/\/schema.org","@graph":[{"@type":"Article","@id":"https:\/\/narteks.net\/index.php\/2009\/03\/02\/cerkez-ali\/#article","isPartOf":{"@id":"https:\/\/narteks.net\/index.php\/2009\/03\/02\/cerkez-ali\/"},"author":{"name":"Tar\u0131k","@id":"https:\/\/narteks.net\/#\/schema\/person\/61f37d9834294b72d31d274e7ed79bca"},"headline":"\u00c7erkez Ali","datePublished":"2009-03-02T11:33:18+00:00","mainEntityOfPage":{"@id":"https:\/\/narteks.net\/index.php\/2009\/03\/02\/cerkez-ali\/"},"wordCount":285,"commentCount":0,"publisher":{"@id":"https:\/\/narteks.net\/#organization"},"articleSection":["Ataol BEHRAMOGLU"],"inLanguage":"tr","potentialAction":[{"@type":"CommentAction","name":"Comment","target":["https:\/\/narteks.net\/index.php\/2009\/03\/02\/cerkez-ali\/#respond"]}]},{"@type":"WebPage","@id":"https:\/\/narteks.net\/index.php\/2009\/03\/02\/cerkez-ali\/","url":"https:\/\/narteks.net\/index.php\/2009\/03\/02\/cerkez-ali\/","name":"\u00c7erkez Ali - narteks.net","isPartOf":{"@id":"https:\/\/narteks.net\/#website"},"datePublished":"2009-03-02T11:33:18+00:00","breadcrumb":{"@id":"https:\/\/narteks.net\/index.php\/2009\/03\/02\/cerkez-ali\/#breadcrumb"},"inLanguage":"tr","potentialAction":[{"@type":"ReadAction","target":["https:\/\/narteks.net\/index.php\/2009\/03\/02\/cerkez-ali\/"]}]},{"@type":"BreadcrumbList","@id":"https:\/\/narteks.net\/index.php\/2009\/03\/02\/cerkez-ali\/#breadcrumb","itemListElement":[{"@type":"ListItem","position":1,"name":"Anasayfa","item":"https:\/\/narteks.net\/"},{"@type":"ListItem","position":2,"name":"\u00c7erkez Ali"}]},{"@type":"WebSite","@id":"https:\/\/narteks.net\/#website","url":"https:\/\/narteks.net\/","name":"narteks.net","description":"K\u00fclt\u00fcr Sanat Edebiyat Felsefe","publisher":{"@id":"https:\/\/narteks.net\/#organization"},"alternateName":"K\u00fclt\u00fcr Sanat Edebiyat Felsefe","potentialAction":[{"@type":"SearchAction","target":{"@type":"EntryPoint","urlTemplate":"https:\/\/narteks.net\/?s={search_term_string}"},"query-input":{"@type":"PropertyValueSpecification","valueRequired":true,"valueName":"search_term_string"}}],"inLanguage":"tr"},{"@type":"Organization","@id":"https:\/\/narteks.net\/#organization","name":"narteks.net","url":"https:\/\/narteks.net\/","logo":{"@type":"ImageObject","inLanguage":"tr","@id":"https:\/\/narteks.net\/#\/schema\/logo\/image\/","url":"https:\/\/narteks.net\/wp-content\/uploads\/narteks.png","contentUrl":"https:\/\/narteks.net\/wp-content\/uploads\/narteks.png","width":300,"height":90,"caption":"narteks.net"},"image":{"@id":"https:\/\/narteks.net\/#\/schema\/logo\/image\/"},"sameAs":["https:\/\/x.com\/narteks","https:\/\/instagram.com\/narteksnet"]},{"@type":"Person","@id":"https:\/\/narteks.net\/#\/schema\/person\/61f37d9834294b72d31d274e7ed79bca","name":"Tar\u0131k","image":{"@type":"ImageObject","inLanguage":"tr","@id":"https:\/\/narteks.net\/#\/schema\/person\/image\/","url":"https:\/\/secure.gravatar.com\/avatar\/50865afb55632c4ae467e0af0930f6510aa2297d8014be502a55b14f3b7550cf?s=96&d=mm&r=g","contentUrl":"https:\/\/secure.gravatar.com\/avatar\/50865afb55632c4ae467e0af0930f6510aa2297d8014be502a55b14f3b7550cf?s=96&d=mm&r=g","caption":"Tar\u0131k"},"sameAs":["http:\/\/narteks.net"],"url":"https:\/\/narteks.net\/index.php\/author\/narbak\/"}]}},"_links":{"self":[{"href":"https:\/\/narteks.net\/index.php\/wp-json\/wp\/v2\/posts\/356","targetHints":{"allow":["GET"]}}],"collection":[{"href":"https:\/\/narteks.net\/index.php\/wp-json\/wp\/v2\/posts"}],"about":[{"href":"https:\/\/narteks.net\/index.php\/wp-json\/wp\/v2\/types\/post"}],"author":[{"embeddable":true,"href":"https:\/\/narteks.net\/index.php\/wp-json\/wp\/v2\/users\/1"}],"replies":[{"embeddable":true,"href":"https:\/\/narteks.net\/index.php\/wp-json\/wp\/v2\/comments?post=356"}],"version-history":[{"count":0,"href":"https:\/\/narteks.net\/index.php\/wp-json\/wp\/v2\/posts\/356\/revisions"}],"wp:attachment":[{"href":"https:\/\/narteks.net\/index.php\/wp-json\/wp\/v2\/media?parent=356"}],"wp:term":[{"taxonomy":"category","embeddable":true,"href":"https:\/\/narteks.net\/index.php\/wp-json\/wp\/v2\/categories?post=356"},{"taxonomy":"post_tag","embeddable":true,"href":"https:\/\/narteks.net\/index.php\/wp-json\/wp\/v2\/tags?post=356"}],"curies":[{"name":"wp","href":"https:\/\/api.w.org\/{rel}","templated":true}]}}