{"id":357,"date":"2009-03-02T14:34:06","date_gmt":"2009-03-02T11:34:06","guid":{"rendered":"http:\/\/localhost\/wordpress\/2009\/03\/02\/cocuk-gibi-tiril-tirilliginle\/"},"modified":"2009-03-02T14:34:06","modified_gmt":"2009-03-02T11:34:06","slug":"cocuk-gibi-tiril-tirilliginle","status":"publish","type":"post","link":"https:\/\/narteks.net\/index.php\/2009\/03\/02\/cocuk-gibi-tiril-tirilliginle\/","title":{"rendered":"\u00c7ocuk Gibi Tiril Tirilli\u011finle"},"content":{"rendered":"<p>\u00a0<\/p>\n<p><span style=\"color: #000000;\">\u00c7ocuk gibi <br \/>tiril tirilli\u011finle <br \/>kucaklard\u0131m seni.. <br \/>Yazlar ve unutu\u015flar ge\u00e7erdi. <br \/>G\u00fcnlerin g\u00fcne\u015fini i\u00e7erdim. <br \/>Sessizce <br \/>a\u015fk\u0131n <br \/>teri <br \/>dolard\u0131 kas\u0131klar\u0131ma&#8230; <br \/>F\u0131\u00e7\u0131larda dam\u0131t\u0131lm\u0131\u015f <br \/>\u015farap renginde \u015fafak&#8230; <br \/>Ayaklar\u0131n\u0131n bast\u0131\u011f\u0131 kumlara <br \/>basard\u0131 ayaklar\u0131m&#8230; <br \/>\u0130nce <br \/>g\u00fczelli\u011fin senin <br \/>seni ku\u015fatan <br \/>g\u00f6ky\u00fcz\u00fc kadar sadeydi&#8230; <br \/>\u0130nsan <br \/>g\u00fczelli\u011fin senin.. <br \/>Kat\u0131ks\u0131z merak\u0131n.. <br \/>Kat\u0131ks\u0131z <br \/>\u015fehvetin ve sevincin.. <br \/>D\u00fcnyaya <br \/>bir g\u00fczelli\u011fin..\/.. <br \/>narinli\u011fini <br \/>anlatmak i\u00e7in gelmi\u015f gibiyim.. <br \/>Denizin \u00e7arpt\u0131\u011f\u0131 <br \/>kumsal <br \/>ve bunalt\u0131c\u0131 yaz gecesi.. <br \/>D\u00fcnyaya <br \/>bir yaz gecesinin <br \/>bunalt\u0131s\u0131n\u0131 <br \/>anlatmaya gelmi\u015f gibiyim. <\/p>\n<p>Ey b\u0131rak\u0131p gitmek&#8230; <br \/>Y\u0131ld\u0131zlar ve <br \/>taptaze bir \u015fey&#8230; <br \/>Bir a\u015fk\u0131n <br \/>p\u0131r\u0131l p\u0131r\u0131l <br \/>edi\u015fi seni&#8230; <\/p>\n<p>Boynunun ve <br \/>omuzlar\u0131n\u0131n narinli\u011fi.. <br \/>Dudaklar\u0131n\u0131n \u00fcst\u00fcndeki <br \/>ter damlas\u0131&#8230; <br \/>Kayar gibi uzan\u0131\u015f\u0131 <br \/>kollar\u0131mda v\u00fccudunun.. <br \/>Beyaz bir <br \/>\u0131rmak gibi&#8230; <br \/>Ya\u015fanm\u0131\u015f ve ya\u015fanacak <br \/>b\u00fct\u00fcn a\u015fklar\u0131n <br \/>bayg\u0131nl\u0131\u011f\u0131n\u0131 ya\u015famak seninle&#8230; <br \/>V\u00fccudun \u00fcst\u00fcne <br \/>yazd\u0131\u011f\u0131m bu \u015fiir <br \/>senin bir zamanki <br \/>g\u00fczelli\u011finin <br \/>tan\u0131t\u0131 gibi kalmal\u0131d\u0131r.. <br \/>Sevgilim, g\u00f6vden <br \/>sinerdi g\u00f6vdeme.. <br \/>\u00c7ocuk ve <br \/>g\u00fcnahk\u00e2r ba\u015f\u0131n <br \/>dinlenirdi omzumda&#8230; <\/p>\n<p>Her \u015fey bitiyor <br \/>ve <br \/>yoruldu\u011fumu d\u00fc\u015f\u00fcn\u00fcyorum <br \/>Ak\u015fama <br \/>yemek haz\u0131rl\u0131yor bir kad\u0131n.. <br \/>Kocas\u0131, g\u00f6mle\u011finin <br \/>kollar\u0131n\u0131 k\u0131v\u0131rm\u0131\u015f <br \/>camdan bak\u0131yor&#8230; <br \/>Terzi k\u0131zlar <br \/>atelyeden \u00e7\u0131kt\u0131lar. <br \/>Ak\u015fam haz\u0131rl\u0131\u011f\u0131. <br \/>h\u00fcz\u00fcn. <\/p>\n<p>Bir odada <br \/>beni bekledi\u011fini d\u00fc\u015f\u00fcn\u00fcyorum.. <br \/>Seninle dolu bir oda.. <br \/>Seslerimiz <br \/>tan\u0131d\u0131\u011f\u0131nda birbirini <br \/>ve g\u00fcl\u00fc\u015flerimiz.. <br \/>Ve h\u00fcz\u00fcnlerimizin <br \/>anla\u015f\u0131ld\u0131\u011f\u0131nda <br \/>karde\u015f oldu\u011fu.. <br \/>Boynunu yeniden <br \/>sevgiyle \u00f6perim <br \/>parmaklar\u0131n\u0131n <br \/>ucunu&#8230; <br \/>Gen\u00e7liklerimizin <br \/>birbirine kar\u0131\u015ft\u0131\u011f\u0131 <br \/>d\u00fc\u015f\u00fcncesiyle \u00e7o\u011falarak&#8230; <\/span><\/p>\n<p> <span>Ataol Behramo\u011flu<\/span><\/p>\n","protected":false},"excerpt":{"rendered":"<p>\u00a0 \u00c7ocuk gibi tiril tirilli\u011finle kucaklard\u0131m seni.. Yazlar ve unutu\u015flar ge\u00e7erdi. G\u00fcnlerin g\u00fcne\u015fini i\u00e7erdim. Sessizce a\u015fk\u0131n teri dolard\u0131 kas\u0131klar\u0131ma&#8230; F\u0131\u00e7\u0131larda dam\u0131t\u0131lm\u0131\u015f \u015farap renginde \u015fafak&#8230; Ayaklar\u0131n\u0131n bast\u0131\u011f\u0131 kumlara basard\u0131 ayaklar\u0131m&#8230; \u0130nce g\u00fczelli\u011fin senin seni ku\u015fatan g\u00f6ky\u00fcz\u00fc kadar sadeydi&#8230; \u0130nsan g\u00fczelli\u011fin senin.. Kat\u0131ks\u0131z merak\u0131n.. Kat\u0131ks\u0131z \u015fehvetin ve sevincin.. D\u00fcnyaya bir g\u00fczelli\u011fin..\/.. narinli\u011fini anlatmak i\u00e7in gelmi\u015f gibiyim.. Denizin [&hellip;]<\/p>\n","protected":false},"author":1,"featured_media":0,"comment_status":"open","ping_status":"open","sticky":false,"template":"","format":"standard","meta":{"footnotes":""},"categories":[10],"tags":[],"class_list":{"0":"post-357","1":"post","2":"type-post","3":"status-publish","4":"format-standard","6":"category-ataol-behramoglu"},"yoast_head":"<!-- This site is optimized with the Yoast SEO Premium plugin v24.9 (Yoast SEO v24.9) - https:\/\/yoast.com\/wordpress\/plugins\/seo\/ -->\n<title>\u00c7ocuk Gibi Tiril Tirilli\u011finle - narteks.net<\/title>\n<meta name=\"robots\" content=\"index, follow, max-snippet:-1, max-image-preview:large, max-video-preview:-1\" \/>\n<link rel=\"canonical\" href=\"https:\/\/narteks.net\/index.php\/2009\/03\/02\/cocuk-gibi-tiril-tirilliginle\/\" \/>\n<meta property=\"og:locale\" content=\"tr_TR\" \/>\n<meta property=\"og:type\" content=\"article\" \/>\n<meta property=\"og:title\" content=\"\u00c7ocuk Gibi Tiril Tirilli\u011finle\" \/>\n<meta property=\"og:description\" content=\"\u00a0 \u00c7ocuk gibi tiril tirilli\u011finle kucaklard\u0131m seni.. Yazlar ve unutu\u015flar ge\u00e7erdi. G\u00fcnlerin g\u00fcne\u015fini i\u00e7erdim. Sessizce a\u015fk\u0131n teri dolard\u0131 kas\u0131klar\u0131ma&#8230; F\u0131\u00e7\u0131larda dam\u0131t\u0131lm\u0131\u015f \u015farap renginde \u015fafak&#8230; Ayaklar\u0131n\u0131n bast\u0131\u011f\u0131 kumlara basard\u0131 ayaklar\u0131m&#8230; \u0130nce g\u00fczelli\u011fin senin seni ku\u015fatan g\u00f6ky\u00fcz\u00fc kadar sadeydi&#8230; \u0130nsan g\u00fczelli\u011fin senin.. Kat\u0131ks\u0131z merak\u0131n.. Kat\u0131ks\u0131z \u015fehvetin ve sevincin.. D\u00fcnyaya bir g\u00fczelli\u011fin..\/.. narinli\u011fini anlatmak i\u00e7in gelmi\u015f gibiyim.. Denizin [&hellip;]\" \/>\n<meta property=\"og:url\" content=\"https:\/\/narteks.net\/index.php\/2009\/03\/02\/cocuk-gibi-tiril-tirilliginle\/\" \/>\n<meta property=\"og:site_name\" content=\"narteks.net\" \/>\n<meta property=\"article:published_time\" content=\"2009-03-02T11:34:06+00:00\" \/>\n<meta property=\"og:image\" content=\"https:\/\/narteks.net\/wp-content\/uploads\/narteks.png\" \/>\n\t<meta property=\"og:image:width\" content=\"300\" \/>\n\t<meta property=\"og:image:height\" content=\"90\" \/>\n\t<meta property=\"og:image:type\" content=\"image\/png\" \/>\n<meta name=\"author\" content=\"Tar\u0131k\" \/>\n<meta name=\"twitter:card\" content=\"summary_large_image\" \/>\n<meta name=\"twitter:creator\" content=\"@narteks\" \/>\n<meta name=\"twitter:site\" content=\"@narteks\" \/>\n<meta name=\"twitter:label1\" content=\"Yazan:\" \/>\n\t<meta name=\"twitter:data1\" content=\"Tar\u0131k\" \/>\n\t<meta name=\"twitter:label2\" content=\"Tahmini okuma s\u00fcresi\" \/>\n\t<meta name=\"twitter:data2\" content=\"2 dakika\" \/>\n<script type=\"application\/ld+json\" class=\"yoast-schema-graph\">{\"@context\":\"https:\/\/schema.org\",\"@graph\":[{\"@type\":\"Article\",\"@id\":\"https:\/\/narteks.net\/index.php\/2009\/03\/02\/cocuk-gibi-tiril-tirilliginle\/#article\",\"isPartOf\":{\"@id\":\"https:\/\/narteks.net\/index.php\/2009\/03\/02\/cocuk-gibi-tiril-tirilliginle\/\"},\"author\":{\"name\":\"Tar\u0131k\",\"@id\":\"https:\/\/narteks.net\/#\/schema\/person\/61f37d9834294b72d31d274e7ed79bca\"},\"headline\":\"\u00c7ocuk Gibi Tiril Tirilli\u011finle\",\"datePublished\":\"2009-03-02T11:34:06+00:00\",\"mainEntityOfPage\":{\"@id\":\"https:\/\/narteks.net\/index.php\/2009\/03\/02\/cocuk-gibi-tiril-tirilliginle\/\"},\"wordCount\":308,\"commentCount\":0,\"publisher\":{\"@id\":\"https:\/\/narteks.net\/#organization\"},\"articleSection\":[\"Ataol BEHRAMOGLU\"],\"inLanguage\":\"tr\",\"potentialAction\":[{\"@type\":\"CommentAction\",\"name\":\"Comment\",\"target\":[\"https:\/\/narteks.net\/index.php\/2009\/03\/02\/cocuk-gibi-tiril-tirilliginle\/#respond\"]}]},{\"@type\":\"WebPage\",\"@id\":\"https:\/\/narteks.net\/index.php\/2009\/03\/02\/cocuk-gibi-tiril-tirilliginle\/\",\"url\":\"https:\/\/narteks.net\/index.php\/2009\/03\/02\/cocuk-gibi-tiril-tirilliginle\/\",\"name\":\"\u00c7ocuk Gibi Tiril Tirilli\u011finle - narteks.net\",\"isPartOf\":{\"@id\":\"https:\/\/narteks.net\/#website\"},\"datePublished\":\"2009-03-02T11:34:06+00:00\",\"breadcrumb\":{\"@id\":\"https:\/\/narteks.net\/index.php\/2009\/03\/02\/cocuk-gibi-tiril-tirilliginle\/#breadcrumb\"},\"inLanguage\":\"tr\",\"potentialAction\":[{\"@type\":\"ReadAction\",\"target\":[\"https:\/\/narteks.net\/index.php\/2009\/03\/02\/cocuk-gibi-tiril-tirilliginle\/\"]}]},{\"@type\":\"BreadcrumbList\",\"@id\":\"https:\/\/narteks.net\/index.php\/2009\/03\/02\/cocuk-gibi-tiril-tirilliginle\/#breadcrumb\",\"itemListElement\":[{\"@type\":\"ListItem\",\"position\":1,\"name\":\"Anasayfa\",\"item\":\"https:\/\/narteks.net\/\"},{\"@type\":\"ListItem\",\"position\":2,\"name\":\"\u00c7ocuk Gibi Tiril Tirilli\u011finle\"}]},{\"@type\":\"WebSite\",\"@id\":\"https:\/\/narteks.net\/#website\",\"url\":\"https:\/\/narteks.net\/\",\"name\":\"narteks.net\",\"description\":\"K\u00fclt\u00fcr Sanat Edebiyat Felsefe\",\"publisher\":{\"@id\":\"https:\/\/narteks.net\/#organization\"},\"alternateName\":\"K\u00fclt\u00fcr Sanat Edebiyat Felsefe\",\"potentialAction\":[{\"@type\":\"SearchAction\",\"target\":{\"@type\":\"EntryPoint\",\"urlTemplate\":\"https:\/\/narteks.net\/?s={search_term_string}\"},\"query-input\":{\"@type\":\"PropertyValueSpecification\",\"valueRequired\":true,\"valueName\":\"search_term_string\"}}],\"inLanguage\":\"tr\"},{\"@type\":\"Organization\",\"@id\":\"https:\/\/narteks.net\/#organization\",\"name\":\"narteks.net\",\"url\":\"https:\/\/narteks.net\/\",\"logo\":{\"@type\":\"ImageObject\",\"inLanguage\":\"tr\",\"@id\":\"https:\/\/narteks.net\/#\/schema\/logo\/image\/\",\"url\":\"https:\/\/narteks.net\/wp-content\/uploads\/narteks.png\",\"contentUrl\":\"https:\/\/narteks.net\/wp-content\/uploads\/narteks.png\",\"width\":300,\"height\":90,\"caption\":\"narteks.net\"},\"image\":{\"@id\":\"https:\/\/narteks.net\/#\/schema\/logo\/image\/\"},\"sameAs\":[\"https:\/\/x.com\/narteks\",\"https:\/\/instagram.com\/narteksnet\"]},{\"@type\":\"Person\",\"@id\":\"https:\/\/narteks.net\/#\/schema\/person\/61f37d9834294b72d31d274e7ed79bca\",\"name\":\"Tar\u0131k\",\"image\":{\"@type\":\"ImageObject\",\"inLanguage\":\"tr\",\"@id\":\"https:\/\/narteks.net\/#\/schema\/person\/image\/\",\"url\":\"https:\/\/secure.gravatar.com\/avatar\/50865afb55632c4ae467e0af0930f6510aa2297d8014be502a55b14f3b7550cf?s=96&d=mm&r=g\",\"contentUrl\":\"https:\/\/secure.gravatar.com\/avatar\/50865afb55632c4ae467e0af0930f6510aa2297d8014be502a55b14f3b7550cf?s=96&d=mm&r=g\",\"caption\":\"Tar\u0131k\"},\"sameAs\":[\"http:\/\/narteks.net\"],\"url\":\"https:\/\/narteks.net\/index.php\/author\/narbak\/\"}]}<\/script>\n<!-- \/ Yoast SEO Premium plugin. -->","yoast_head_json":{"title":"\u00c7ocuk Gibi Tiril Tirilli\u011finle - narteks.net","robots":{"index":"index","follow":"follow","max-snippet":"max-snippet:-1","max-image-preview":"max-image-preview:large","max-video-preview":"max-video-preview:-1"},"canonical":"https:\/\/narteks.net\/index.php\/2009\/03\/02\/cocuk-gibi-tiril-tirilliginle\/","og_locale":"tr_TR","og_type":"article","og_title":"\u00c7ocuk Gibi Tiril Tirilli\u011finle","og_description":"\u00a0 \u00c7ocuk gibi tiril tirilli\u011finle kucaklard\u0131m seni.. Yazlar ve unutu\u015flar ge\u00e7erdi. G\u00fcnlerin g\u00fcne\u015fini i\u00e7erdim. Sessizce a\u015fk\u0131n teri dolard\u0131 kas\u0131klar\u0131ma&#8230; F\u0131\u00e7\u0131larda dam\u0131t\u0131lm\u0131\u015f \u015farap renginde \u015fafak&#8230; Ayaklar\u0131n\u0131n bast\u0131\u011f\u0131 kumlara basard\u0131 ayaklar\u0131m&#8230; \u0130nce g\u00fczelli\u011fin senin seni ku\u015fatan g\u00f6ky\u00fcz\u00fc kadar sadeydi&#8230; \u0130nsan g\u00fczelli\u011fin senin.. Kat\u0131ks\u0131z merak\u0131n.. Kat\u0131ks\u0131z \u015fehvetin ve sevincin.. D\u00fcnyaya bir g\u00fczelli\u011fin..\/.. narinli\u011fini anlatmak i\u00e7in gelmi\u015f gibiyim.. Denizin [&hellip;]","og_url":"https:\/\/narteks.net\/index.php\/2009\/03\/02\/cocuk-gibi-tiril-tirilliginle\/","og_site_name":"narteks.net","article_published_time":"2009-03-02T11:34:06+00:00","og_image":[{"width":300,"height":90,"url":"https:\/\/narteks.net\/wp-content\/uploads\/narteks.png","type":"image\/png"}],"author":"Tar\u0131k","twitter_card":"summary_large_image","twitter_creator":"@narteks","twitter_site":"@narteks","twitter_misc":{"Yazan:":"Tar\u0131k","Tahmini okuma s\u00fcresi":"2 dakika"},"schema":{"@context":"https:\/\/schema.org","@graph":[{"@type":"Article","@id":"https:\/\/narteks.net\/index.php\/2009\/03\/02\/cocuk-gibi-tiril-tirilliginle\/#article","isPartOf":{"@id":"https:\/\/narteks.net\/index.php\/2009\/03\/02\/cocuk-gibi-tiril-tirilliginle\/"},"author":{"name":"Tar\u0131k","@id":"https:\/\/narteks.net\/#\/schema\/person\/61f37d9834294b72d31d274e7ed79bca"},"headline":"\u00c7ocuk Gibi Tiril Tirilli\u011finle","datePublished":"2009-03-02T11:34:06+00:00","mainEntityOfPage":{"@id":"https:\/\/narteks.net\/index.php\/2009\/03\/02\/cocuk-gibi-tiril-tirilliginle\/"},"wordCount":308,"commentCount":0,"publisher":{"@id":"https:\/\/narteks.net\/#organization"},"articleSection":["Ataol BEHRAMOGLU"],"inLanguage":"tr","potentialAction":[{"@type":"CommentAction","name":"Comment","target":["https:\/\/narteks.net\/index.php\/2009\/03\/02\/cocuk-gibi-tiril-tirilliginle\/#respond"]}]},{"@type":"WebPage","@id":"https:\/\/narteks.net\/index.php\/2009\/03\/02\/cocuk-gibi-tiril-tirilliginle\/","url":"https:\/\/narteks.net\/index.php\/2009\/03\/02\/cocuk-gibi-tiril-tirilliginle\/","name":"\u00c7ocuk Gibi Tiril Tirilli\u011finle - narteks.net","isPartOf":{"@id":"https:\/\/narteks.net\/#website"},"datePublished":"2009-03-02T11:34:06+00:00","breadcrumb":{"@id":"https:\/\/narteks.net\/index.php\/2009\/03\/02\/cocuk-gibi-tiril-tirilliginle\/#breadcrumb"},"inLanguage":"tr","potentialAction":[{"@type":"ReadAction","target":["https:\/\/narteks.net\/index.php\/2009\/03\/02\/cocuk-gibi-tiril-tirilliginle\/"]}]},{"@type":"BreadcrumbList","@id":"https:\/\/narteks.net\/index.php\/2009\/03\/02\/cocuk-gibi-tiril-tirilliginle\/#breadcrumb","itemListElement":[{"@type":"ListItem","position":1,"name":"Anasayfa","item":"https:\/\/narteks.net\/"},{"@type":"ListItem","position":2,"name":"\u00c7ocuk Gibi Tiril Tirilli\u011finle"}]},{"@type":"WebSite","@id":"https:\/\/narteks.net\/#website","url":"https:\/\/narteks.net\/","name":"narteks.net","description":"K\u00fclt\u00fcr Sanat Edebiyat Felsefe","publisher":{"@id":"https:\/\/narteks.net\/#organization"},"alternateName":"K\u00fclt\u00fcr Sanat Edebiyat Felsefe","potentialAction":[{"@type":"SearchAction","target":{"@type":"EntryPoint","urlTemplate":"https:\/\/narteks.net\/?s={search_term_string}"},"query-input":{"@type":"PropertyValueSpecification","valueRequired":true,"valueName":"search_term_string"}}],"inLanguage":"tr"},{"@type":"Organization","@id":"https:\/\/narteks.net\/#organization","name":"narteks.net","url":"https:\/\/narteks.net\/","logo":{"@type":"ImageObject","inLanguage":"tr","@id":"https:\/\/narteks.net\/#\/schema\/logo\/image\/","url":"https:\/\/narteks.net\/wp-content\/uploads\/narteks.png","contentUrl":"https:\/\/narteks.net\/wp-content\/uploads\/narteks.png","width":300,"height":90,"caption":"narteks.net"},"image":{"@id":"https:\/\/narteks.net\/#\/schema\/logo\/image\/"},"sameAs":["https:\/\/x.com\/narteks","https:\/\/instagram.com\/narteksnet"]},{"@type":"Person","@id":"https:\/\/narteks.net\/#\/schema\/person\/61f37d9834294b72d31d274e7ed79bca","name":"Tar\u0131k","image":{"@type":"ImageObject","inLanguage":"tr","@id":"https:\/\/narteks.net\/#\/schema\/person\/image\/","url":"https:\/\/secure.gravatar.com\/avatar\/50865afb55632c4ae467e0af0930f6510aa2297d8014be502a55b14f3b7550cf?s=96&d=mm&r=g","contentUrl":"https:\/\/secure.gravatar.com\/avatar\/50865afb55632c4ae467e0af0930f6510aa2297d8014be502a55b14f3b7550cf?s=96&d=mm&r=g","caption":"Tar\u0131k"},"sameAs":["http:\/\/narteks.net"],"url":"https:\/\/narteks.net\/index.php\/author\/narbak\/"}]}},"_links":{"self":[{"href":"https:\/\/narteks.net\/index.php\/wp-json\/wp\/v2\/posts\/357","targetHints":{"allow":["GET"]}}],"collection":[{"href":"https:\/\/narteks.net\/index.php\/wp-json\/wp\/v2\/posts"}],"about":[{"href":"https:\/\/narteks.net\/index.php\/wp-json\/wp\/v2\/types\/post"}],"author":[{"embeddable":true,"href":"https:\/\/narteks.net\/index.php\/wp-json\/wp\/v2\/users\/1"}],"replies":[{"embeddable":true,"href":"https:\/\/narteks.net\/index.php\/wp-json\/wp\/v2\/comments?post=357"}],"version-history":[{"count":0,"href":"https:\/\/narteks.net\/index.php\/wp-json\/wp\/v2\/posts\/357\/revisions"}],"wp:attachment":[{"href":"https:\/\/narteks.net\/index.php\/wp-json\/wp\/v2\/media?parent=357"}],"wp:term":[{"taxonomy":"category","embeddable":true,"href":"https:\/\/narteks.net\/index.php\/wp-json\/wp\/v2\/categories?post=357"},{"taxonomy":"post_tag","embeddable":true,"href":"https:\/\/narteks.net\/index.php\/wp-json\/wp\/v2\/tags?post=357"}],"curies":[{"name":"wp","href":"https:\/\/api.w.org\/{rel}","templated":true}]}}