{"id":3579,"date":"2009-12-29T11:37:27","date_gmt":"2009-12-29T08:37:27","guid":{"rendered":"http:\/\/localhost\/wordpress\/2009\/12\/29\/sicilyali-balikci\/"},"modified":"2009-12-29T11:37:27","modified_gmt":"2009-12-29T08:37:27","slug":"sicilyali-balikci","status":"publish","type":"post","link":"https:\/\/narteks.net\/index.php\/2009\/12\/29\/sicilyali-balikci\/","title":{"rendered":"S\u0130C\u0130LYALI BALIK\u00c7I"},"content":{"rendered":"<p>\u00a0<\/p>\n<p>Y\u00fcz sene sonra bug\u00fcnk\u00fc d\u00fcnyadan<br \/>Bir tek insan kalmad\u0131\u011f\u0131 g\u00fcn, <br \/>Sicilya sahillerinde yasayan bir bal\u0131k\u00e7\u0131<br \/>Bir yaz sabah\u0131 a\u011flar\u0131n\u0131 atarken denize<br \/>Her zamankinden daha geni\u015f g\u00f6ky\u00fcz\u00fcne bak\u0131p<br \/>Benden bir m\u0131sra m\u0131r\u0131ldanacak <br \/>\u015earki halinde bu d\u00fcnyadan Mehmet Ali isminde bir sairin<br \/>Gelip ge\u00e7ti\u011fini bilmeksizin&#8230;<\/p>\n<p>Bu g\u00fczel d\u00fc\u015f\u00fcncenin<br \/>Olmayaca\u011f\u0131ndan eminim<br \/>Fakat nedense bu is<br \/>Benim pek tuhaf\u0131ma gidiyor.<\/p>\n<p>Orhan Veli KANIK<\/p>\n","protected":false},"excerpt":{"rendered":"<p>\u00a0 Y\u00fcz sene sonra bug\u00fcnk\u00fc d\u00fcnyadanBir tek insan kalmad\u0131\u011f\u0131 g\u00fcn, Sicilya sahillerinde yasayan bir bal\u0131k\u00e7\u0131Bir yaz sabah\u0131 a\u011flar\u0131n\u0131 atarken denizeHer zamankinden daha geni\u015f g\u00f6ky\u00fcz\u00fcne bak\u0131pBenden bir m\u0131sra m\u0131r\u0131ldanacak \u015earki halinde bu d\u00fcnyadan Mehmet Ali isminde bir sairinGelip ge\u00e7ti\u011fini bilmeksizin&#8230; Bu g\u00fczel d\u00fc\u015f\u00fcnceninOlmayaca\u011f\u0131ndan eminimFakat nedense bu isBenim pek tuhaf\u0131ma gidiyor. Orhan Veli KANIK<\/p>\n","protected":false},"author":1,"featured_media":0,"comment_status":"open","ping_status":"open","sticky":false,"template":"","format":"standard","meta":{"footnotes":""},"categories":[28],"tags":[],"class_list":{"0":"post-3579","1":"post","2":"type-post","3":"status-publish","4":"format-standard","6":"category-o-veli-kanik"},"yoast_head":"<!-- This site is optimized with the Yoast SEO Premium plugin v24.9 (Yoast SEO v24.9) - https:\/\/yoast.com\/wordpress\/plugins\/seo\/ -->\n<title>S\u0130C\u0130LYALI BALIK\u00c7I - narteks.net<\/title>\n<meta name=\"robots\" content=\"index, follow, max-snippet:-1, max-image-preview:large, max-video-preview:-1\" \/>\n<link rel=\"canonical\" href=\"https:\/\/narteks.net\/index.php\/2009\/12\/29\/sicilyali-balikci\/\" \/>\n<meta property=\"og:locale\" content=\"tr_TR\" \/>\n<meta property=\"og:type\" content=\"article\" \/>\n<meta property=\"og:title\" content=\"S\u0130C\u0130LYALI BALIK\u00c7I\" \/>\n<meta property=\"og:description\" content=\"\u00a0 Y\u00fcz sene sonra bug\u00fcnk\u00fc d\u00fcnyadanBir tek insan kalmad\u0131\u011f\u0131 g\u00fcn, Sicilya sahillerinde yasayan bir bal\u0131k\u00e7\u0131Bir yaz sabah\u0131 a\u011flar\u0131n\u0131 atarken denizeHer zamankinden daha geni\u015f g\u00f6ky\u00fcz\u00fcne bak\u0131pBenden bir m\u0131sra m\u0131r\u0131ldanacak \u015earki halinde bu d\u00fcnyadan Mehmet Ali isminde bir sairinGelip ge\u00e7ti\u011fini bilmeksizin&#8230; Bu g\u00fczel d\u00fc\u015f\u00fcnceninOlmayaca\u011f\u0131ndan eminimFakat nedense bu isBenim pek tuhaf\u0131ma gidiyor. Orhan Veli KANIK\" \/>\n<meta property=\"og:url\" content=\"https:\/\/narteks.net\/index.php\/2009\/12\/29\/sicilyali-balikci\/\" \/>\n<meta property=\"og:site_name\" content=\"narteks.net\" \/>\n<meta property=\"article:published_time\" content=\"2009-12-29T08:37:27+00:00\" \/>\n<meta property=\"og:image\" content=\"https:\/\/narteks.net\/wp-content\/uploads\/narteks.png\" \/>\n\t<meta property=\"og:image:width\" content=\"300\" \/>\n\t<meta property=\"og:image:height\" content=\"90\" \/>\n\t<meta property=\"og:image:type\" content=\"image\/png\" \/>\n<meta name=\"author\" content=\"Tar\u0131k\" \/>\n<meta name=\"twitter:card\" content=\"summary_large_image\" \/>\n<meta name=\"twitter:creator\" content=\"@narteks\" \/>\n<meta name=\"twitter:site\" content=\"@narteks\" \/>\n<meta name=\"twitter:label1\" content=\"Yazan:\" \/>\n\t<meta name=\"twitter:data1\" content=\"Tar\u0131k\" \/>\n<script type=\"application\/ld+json\" class=\"yoast-schema-graph\">{\"@context\":\"https:\/\/schema.org\",\"@graph\":[{\"@type\":\"Article\",\"@id\":\"https:\/\/narteks.net\/index.php\/2009\/12\/29\/sicilyali-balikci\/#article\",\"isPartOf\":{\"@id\":\"https:\/\/narteks.net\/index.php\/2009\/12\/29\/sicilyali-balikci\/\"},\"author\":{\"name\":\"Tar\u0131k\",\"@id\":\"https:\/\/narteks.net\/#\/schema\/person\/61f37d9834294b72d31d274e7ed79bca\"},\"headline\":\"S\u0130C\u0130LYALI BALIK\u00c7I\",\"datePublished\":\"2009-12-29T08:37:27+00:00\",\"mainEntityOfPage\":{\"@id\":\"https:\/\/narteks.net\/index.php\/2009\/12\/29\/sicilyali-balikci\/\"},\"wordCount\":78,\"commentCount\":0,\"publisher\":{\"@id\":\"https:\/\/narteks.net\/#organization\"},\"articleSection\":[\"O.Veli KANIK\"],\"inLanguage\":\"tr\",\"potentialAction\":[{\"@type\":\"CommentAction\",\"name\":\"Comment\",\"target\":[\"https:\/\/narteks.net\/index.php\/2009\/12\/29\/sicilyali-balikci\/#respond\"]}]},{\"@type\":\"WebPage\",\"@id\":\"https:\/\/narteks.net\/index.php\/2009\/12\/29\/sicilyali-balikci\/\",\"url\":\"https:\/\/narteks.net\/index.php\/2009\/12\/29\/sicilyali-balikci\/\",\"name\":\"S\u0130C\u0130LYALI BALIK\u00c7I - narteks.net\",\"isPartOf\":{\"@id\":\"https:\/\/narteks.net\/#website\"},\"datePublished\":\"2009-12-29T08:37:27+00:00\",\"breadcrumb\":{\"@id\":\"https:\/\/narteks.net\/index.php\/2009\/12\/29\/sicilyali-balikci\/#breadcrumb\"},\"inLanguage\":\"tr\",\"potentialAction\":[{\"@type\":\"ReadAction\",\"target\":[\"https:\/\/narteks.net\/index.php\/2009\/12\/29\/sicilyali-balikci\/\"]}]},{\"@type\":\"BreadcrumbList\",\"@id\":\"https:\/\/narteks.net\/index.php\/2009\/12\/29\/sicilyali-balikci\/#breadcrumb\",\"itemListElement\":[{\"@type\":\"ListItem\",\"position\":1,\"name\":\"Anasayfa\",\"item\":\"https:\/\/narteks.net\/\"},{\"@type\":\"ListItem\",\"position\":2,\"name\":\"S\u0130C\u0130LYALI BALIK\u00c7I\"}]},{\"@type\":\"WebSite\",\"@id\":\"https:\/\/narteks.net\/#website\",\"url\":\"https:\/\/narteks.net\/\",\"name\":\"narteks.net\",\"description\":\"K\u00fclt\u00fcr Sanat Edebiyat Felsefe\",\"publisher\":{\"@id\":\"https:\/\/narteks.net\/#organization\"},\"alternateName\":\"K\u00fclt\u00fcr Sanat Edebiyat Felsefe\",\"potentialAction\":[{\"@type\":\"SearchAction\",\"target\":{\"@type\":\"EntryPoint\",\"urlTemplate\":\"https:\/\/narteks.net\/?s={search_term_string}\"},\"query-input\":{\"@type\":\"PropertyValueSpecification\",\"valueRequired\":true,\"valueName\":\"search_term_string\"}}],\"inLanguage\":\"tr\"},{\"@type\":\"Organization\",\"@id\":\"https:\/\/narteks.net\/#organization\",\"name\":\"narteks.net\",\"url\":\"https:\/\/narteks.net\/\",\"logo\":{\"@type\":\"ImageObject\",\"inLanguage\":\"tr\",\"@id\":\"https:\/\/narteks.net\/#\/schema\/logo\/image\/\",\"url\":\"https:\/\/narteks.net\/wp-content\/uploads\/narteks.png\",\"contentUrl\":\"https:\/\/narteks.net\/wp-content\/uploads\/narteks.png\",\"width\":300,\"height\":90,\"caption\":\"narteks.net\"},\"image\":{\"@id\":\"https:\/\/narteks.net\/#\/schema\/logo\/image\/\"},\"sameAs\":[\"https:\/\/x.com\/narteks\",\"https:\/\/instagram.com\/narteksnet\"]},{\"@type\":\"Person\",\"@id\":\"https:\/\/narteks.net\/#\/schema\/person\/61f37d9834294b72d31d274e7ed79bca\",\"name\":\"Tar\u0131k\",\"image\":{\"@type\":\"ImageObject\",\"inLanguage\":\"tr\",\"@id\":\"https:\/\/narteks.net\/#\/schema\/person\/image\/\",\"url\":\"https:\/\/secure.gravatar.com\/avatar\/50865afb55632c4ae467e0af0930f6510aa2297d8014be502a55b14f3b7550cf?s=96&d=mm&r=g\",\"contentUrl\":\"https:\/\/secure.gravatar.com\/avatar\/50865afb55632c4ae467e0af0930f6510aa2297d8014be502a55b14f3b7550cf?s=96&d=mm&r=g\",\"caption\":\"Tar\u0131k\"},\"sameAs\":[\"http:\/\/narteks.net\"],\"url\":\"https:\/\/narteks.net\/index.php\/author\/narbak\/\"}]}<\/script>\n<!-- \/ Yoast SEO Premium plugin. -->","yoast_head_json":{"title":"S\u0130C\u0130LYALI BALIK\u00c7I - narteks.net","robots":{"index":"index","follow":"follow","max-snippet":"max-snippet:-1","max-image-preview":"max-image-preview:large","max-video-preview":"max-video-preview:-1"},"canonical":"https:\/\/narteks.net\/index.php\/2009\/12\/29\/sicilyali-balikci\/","og_locale":"tr_TR","og_type":"article","og_title":"S\u0130C\u0130LYALI BALIK\u00c7I","og_description":"\u00a0 Y\u00fcz sene sonra bug\u00fcnk\u00fc d\u00fcnyadanBir tek insan kalmad\u0131\u011f\u0131 g\u00fcn, Sicilya sahillerinde yasayan bir bal\u0131k\u00e7\u0131Bir yaz sabah\u0131 a\u011flar\u0131n\u0131 atarken denizeHer zamankinden daha geni\u015f g\u00f6ky\u00fcz\u00fcne bak\u0131pBenden bir m\u0131sra m\u0131r\u0131ldanacak \u015earki halinde bu d\u00fcnyadan Mehmet Ali isminde bir sairinGelip ge\u00e7ti\u011fini bilmeksizin&#8230; Bu g\u00fczel d\u00fc\u015f\u00fcnceninOlmayaca\u011f\u0131ndan eminimFakat nedense bu isBenim pek tuhaf\u0131ma gidiyor. Orhan Veli KANIK","og_url":"https:\/\/narteks.net\/index.php\/2009\/12\/29\/sicilyali-balikci\/","og_site_name":"narteks.net","article_published_time":"2009-12-29T08:37:27+00:00","og_image":[{"width":300,"height":90,"url":"https:\/\/narteks.net\/wp-content\/uploads\/narteks.png","type":"image\/png"}],"author":"Tar\u0131k","twitter_card":"summary_large_image","twitter_creator":"@narteks","twitter_site":"@narteks","twitter_misc":{"Yazan:":"Tar\u0131k"},"schema":{"@context":"https:\/\/schema.org","@graph":[{"@type":"Article","@id":"https:\/\/narteks.net\/index.php\/2009\/12\/29\/sicilyali-balikci\/#article","isPartOf":{"@id":"https:\/\/narteks.net\/index.php\/2009\/12\/29\/sicilyali-balikci\/"},"author":{"name":"Tar\u0131k","@id":"https:\/\/narteks.net\/#\/schema\/person\/61f37d9834294b72d31d274e7ed79bca"},"headline":"S\u0130C\u0130LYALI BALIK\u00c7I","datePublished":"2009-12-29T08:37:27+00:00","mainEntityOfPage":{"@id":"https:\/\/narteks.net\/index.php\/2009\/12\/29\/sicilyali-balikci\/"},"wordCount":78,"commentCount":0,"publisher":{"@id":"https:\/\/narteks.net\/#organization"},"articleSection":["O.Veli KANIK"],"inLanguage":"tr","potentialAction":[{"@type":"CommentAction","name":"Comment","target":["https:\/\/narteks.net\/index.php\/2009\/12\/29\/sicilyali-balikci\/#respond"]}]},{"@type":"WebPage","@id":"https:\/\/narteks.net\/index.php\/2009\/12\/29\/sicilyali-balikci\/","url":"https:\/\/narteks.net\/index.php\/2009\/12\/29\/sicilyali-balikci\/","name":"S\u0130C\u0130LYALI BALIK\u00c7I - narteks.net","isPartOf":{"@id":"https:\/\/narteks.net\/#website"},"datePublished":"2009-12-29T08:37:27+00:00","breadcrumb":{"@id":"https:\/\/narteks.net\/index.php\/2009\/12\/29\/sicilyali-balikci\/#breadcrumb"},"inLanguage":"tr","potentialAction":[{"@type":"ReadAction","target":["https:\/\/narteks.net\/index.php\/2009\/12\/29\/sicilyali-balikci\/"]}]},{"@type":"BreadcrumbList","@id":"https:\/\/narteks.net\/index.php\/2009\/12\/29\/sicilyali-balikci\/#breadcrumb","itemListElement":[{"@type":"ListItem","position":1,"name":"Anasayfa","item":"https:\/\/narteks.net\/"},{"@type":"ListItem","position":2,"name":"S\u0130C\u0130LYALI BALIK\u00c7I"}]},{"@type":"WebSite","@id":"https:\/\/narteks.net\/#website","url":"https:\/\/narteks.net\/","name":"narteks.net","description":"K\u00fclt\u00fcr Sanat Edebiyat Felsefe","publisher":{"@id":"https:\/\/narteks.net\/#organization"},"alternateName":"K\u00fclt\u00fcr Sanat Edebiyat Felsefe","potentialAction":[{"@type":"SearchAction","target":{"@type":"EntryPoint","urlTemplate":"https:\/\/narteks.net\/?s={search_term_string}"},"query-input":{"@type":"PropertyValueSpecification","valueRequired":true,"valueName":"search_term_string"}}],"inLanguage":"tr"},{"@type":"Organization","@id":"https:\/\/narteks.net\/#organization","name":"narteks.net","url":"https:\/\/narteks.net\/","logo":{"@type":"ImageObject","inLanguage":"tr","@id":"https:\/\/narteks.net\/#\/schema\/logo\/image\/","url":"https:\/\/narteks.net\/wp-content\/uploads\/narteks.png","contentUrl":"https:\/\/narteks.net\/wp-content\/uploads\/narteks.png","width":300,"height":90,"caption":"narteks.net"},"image":{"@id":"https:\/\/narteks.net\/#\/schema\/logo\/image\/"},"sameAs":["https:\/\/x.com\/narteks","https:\/\/instagram.com\/narteksnet"]},{"@type":"Person","@id":"https:\/\/narteks.net\/#\/schema\/person\/61f37d9834294b72d31d274e7ed79bca","name":"Tar\u0131k","image":{"@type":"ImageObject","inLanguage":"tr","@id":"https:\/\/narteks.net\/#\/schema\/person\/image\/","url":"https:\/\/secure.gravatar.com\/avatar\/50865afb55632c4ae467e0af0930f6510aa2297d8014be502a55b14f3b7550cf?s=96&d=mm&r=g","contentUrl":"https:\/\/secure.gravatar.com\/avatar\/50865afb55632c4ae467e0af0930f6510aa2297d8014be502a55b14f3b7550cf?s=96&d=mm&r=g","caption":"Tar\u0131k"},"sameAs":["http:\/\/narteks.net"],"url":"https:\/\/narteks.net\/index.php\/author\/narbak\/"}]}},"_links":{"self":[{"href":"https:\/\/narteks.net\/index.php\/wp-json\/wp\/v2\/posts\/3579","targetHints":{"allow":["GET"]}}],"collection":[{"href":"https:\/\/narteks.net\/index.php\/wp-json\/wp\/v2\/posts"}],"about":[{"href":"https:\/\/narteks.net\/index.php\/wp-json\/wp\/v2\/types\/post"}],"author":[{"embeddable":true,"href":"https:\/\/narteks.net\/index.php\/wp-json\/wp\/v2\/users\/1"}],"replies":[{"embeddable":true,"href":"https:\/\/narteks.net\/index.php\/wp-json\/wp\/v2\/comments?post=3579"}],"version-history":[{"count":0,"href":"https:\/\/narteks.net\/index.php\/wp-json\/wp\/v2\/posts\/3579\/revisions"}],"wp:attachment":[{"href":"https:\/\/narteks.net\/index.php\/wp-json\/wp\/v2\/media?parent=3579"}],"wp:term":[{"taxonomy":"category","embeddable":true,"href":"https:\/\/narteks.net\/index.php\/wp-json\/wp\/v2\/categories?post=3579"},{"taxonomy":"post_tag","embeddable":true,"href":"https:\/\/narteks.net\/index.php\/wp-json\/wp\/v2\/tags?post=3579"}],"curies":[{"name":"wp","href":"https:\/\/api.w.org\/{rel}","templated":true}]}}