{"id":3586,"date":"2009-12-29T12:11:25","date_gmt":"2009-12-29T09:11:25","guid":{"rendered":"http:\/\/localhost\/wordpress\/2009\/12\/29\/siir-ve-gelenek\/"},"modified":"2009-12-29T12:11:25","modified_gmt":"2009-12-29T09:11:25","slug":"siir-ve-gelenek","status":"publish","type":"post","link":"https:\/\/narteks.net\/index.php\/2009\/12\/29\/siir-ve-gelenek\/","title":{"rendered":"\u015e\u0130\u0130R VE GELENEK"},"content":{"rendered":"<p style=\"text-align: justify;\">\u015eiir gelene\u011fi daha \u00f6nce ya\u015fam\u0131\u015f \u015fairlerin eserleriyle olu\u015fmu\u015ftur. Gelene\u011fi olu\u015fturan \u015fairler aras\u0131nda sanat anlay\u0131\u015f\u0131 bak\u0131m\u0131ndan ili\u015fki vard\u0131r. Halk ve ayd\u0131n, tarihi ak\u0131\u015f i\u00e7erisinde kendi dilleriyle kendi \u015fiir geleneklerini olu\u015fturmu\u015flard\u0131r.<\/p>\n<p>Bir toplumda ku\u015faktan ku\u015fa\u011fa iletilen k\u00fclt\u00fcrel de\u011ferlere, al\u0131\u015fkanl\u0131klara bilgi, t\u00f6re ve davran\u0131\u015flara gelenek denir. D\u00fc\u011f\u00fcn gelene\u011fi,mevlid gelene\u011fi,bayram gelene\u011fi. gibi.<\/p>\n<p>\u015eiir gelene\u011fi daha \u00f6nce ya\u015fam\u0131\u015f \u015fairlerin eserleriyle olu\u015fmu\u015ftur. Gelene\u011fi olu\u015fturan \u015fairler aras\u0131nda sanat anlay\u0131\u015f\u0131 bak\u0131m\u0131ndan ili\u015fki vard\u0131r. Halk ve ayd\u0131n, tarihi ak\u0131\u015f i\u00e7erisinde kendi dilleriyle kendi \u015fiir geleneklerini olu\u015fturmu\u015flard\u0131r.<\/p>\n<p>Mesela Murat \u00c7obano\u011flu, gelene\u011fi T\u00fcrk edebiyat\u0131n\u0131n ba\u015flang\u0131\u00e7 tarihine dayanan halk edebiyat\u0131n\u0131n bir temsilcisidir. O, d\u00f6rtl\u00fcklerle ve hece vezniyle \u015fiir kozas\u0131n\u0131 olu\u015ftururken i\u00e7inde ya\u015fad\u0131\u011f\u0131 k\u00fclt\u00fcrel ortam\u0131n etkisiyle farkl\u0131 kavramlara ve kelimelere yer vererek gelene\u011fin i\u00e7inde \u00f6zg\u00fcnle\u015fmi\u015ftir.<\/p>\n<p><strong>T\u00fcrk edebiyat\u0131nda \u00fc\u00e7 \u015fiir gelene\u011fi vard\u0131r:<\/strong><br \/><strong>1- Halk \u015eiiri Gelene\u011fi ve \u00d6zellikleri<\/strong><\/p>\n<p>* Halk\u0131n i\u00e7inden yeti\u015fmi\u015f ve \u00e7o\u011fu okur-yazar olmayan sanat\u00e7\u0131lar taraf\u0131ndan olu\u015fturulmu\u015ftur.<br \/>*\u015eiirler, sade bir halk T\u00fcrk\u00e7esiyle s\u00f6ylenmi\u015ftir.<br \/>*Naz\u0131m birimi olarak d\u00f6rtl\u00fck kullan\u0131lm\u0131\u015ft\u0131r.<br \/>*Hece vezni kullan\u0131lm\u0131\u015ft\u0131r.<br \/>*Kafiyeye \u00f6nem verilmi\u015ftir.<br \/>*A\u015fk, tabiat,tasavvuf,yi\u011fitlik gibi konular i\u015flenmi\u015ftir.<br \/>*\u015eiirler haz\u0131rl\u0131ks\u0131z olarak s\u00f6ylenmi\u015ftir.<br \/>*Genellikle yar\u0131m kafiye kullan\u0131lm\u0131\u015ft\u0131r.<br \/>*Gelenek usta-\u00e7\u0131rak ili\u015fkisiyle bug\u00fcne kadar gelmi\u015ftir.<br \/>*Ko\u015fma, semai, varsa\u011f\u0131, destan, ilahi, nefes, mani, t\u00fcrk\u00fc gibi naz\u0131m \u015fekilleri vard\u0131r.<br \/>*Halk \u015fiiri gelene\u011finin en g\u00fc\u00e7l\u00fc temsilcileri Karacao\u011flan, A\u015f\u0131k Seyrani, Pir Sultan Abdal, Dadalo\u011flu, Yunus Emre, Kaygusuz Abdal, Erzurumlu Emrah,Gevheri&#8217;dir.<br \/>*Bu gelene\u011fin son d\u00f6nem temsilcileri aras\u0131nda A\u015f\u0131k Veysel, Murat \u00c7obano\u011flu ,A\u015f\u0131k Reyhani, A\u015f\u0131k \u015eeref Ta\u015fl\u0131ova ve A\u015f\u0131k Mahzuni \u015eerif&#8217;nin \u00f6nemli bir yeri vard\u0131r.<br \/><strong>2- Divan \u015eiiri Gelene\u011fi ve \u00d6zellikleri<\/strong><\/p>\n<p>*Divan edebiyat\u0131, saray ve \u00e7evresinde geli\u015fen ve ayd\u0131n z\u00fcmreye hitap eden bir edebiyatt\u0131r. &#8220;Klasik T\u00fcrk Edebiyat\u0131&#8221; ismiyle de an\u0131l\u0131r.<\/p>\n<p>*Bu d\u00f6neme ait \u015fairlerin, \u015fiirlerini toplad\u0131klar\u0131 &#8220;divan&#8221; ad\u0131 verilen birer defterleri vard\u0131r. Her \u015fairin bir divan\u0131 oldu\u011fu i\u00e7in, divan edebiyat\u0131 ifadesi daha yayg\u0131nd\u0131r.<\/p>\n<p>*Divan \u015fiirinin dilinde Arap\u00e7a ve Fars\u00e7a kelime ve tamlamalar s\u0131k\u00e7a g\u00f6r\u00fcl\u00fcr. Bu d\u00f6nemin T\u00fcrk\u00e7esine &#8220;Osmanl\u0131 T\u00fcrk\u00e7esi&#8221; denir.<\/p>\n<p>*Naz\u0131m birimi beyittir.<\/p>\n<p>*Aruz vezni kullan\u0131lm\u0131\u015ft\u0131r.<\/p>\n<p>*\u015eiirlerde a\u015fk, tabiat, din, tasavvuf gibi genellikle ferdi konular i\u015flenmi\u015ftir.<\/p>\n<p>*\u015eiirlerde konu b\u00fct\u00fcnl\u00fc\u011f\u00fcne ve b\u00fct\u00fcn g\u00fczelli\u011fine de\u011fil, beyit g\u00fczelli\u011fine yer verilmi\u015ftir. Yani en g\u00fczel \u015fiiri yazmak de\u011fil, en g\u00fczel beyti yazmak ama\u00e7lanm\u0131\u015ft\u0131r<\/p>\n<p>*Kaside, gazel, mesnevi, murabba, terkib-i bend, rubai, \u015fark\u0131 gibi naz\u0131m \u015fekilleri vard\u0131r.<\/p>\n<p>Gazel<\/p>\n<p>Tahamm\u00fcl m\u00fclk\u00fcn\u00fc y\u0131kt\u0131n Hulagu Han m\u0131s\u0131n k\u00e2fir<br \/>Aman d\u00fcnyay\u0131 yakt\u0131n ate\u015f-i s\u0131\u0131zan m\u0131s\u0131n k\u00e2fir<\/p>\n<p>Nedir bu gizli gizli ahlar \u00e7ak-i giribanlar<br \/>Aceb bir \u015fuha sende a\u015f\u0131k-\u0131 nalan m\u0131s\u0131n k\u00e2fir<\/p>\n<p>Sana kimisi can\u0131m kimi canan\u0131m dey\u00fc s\u00f6yler<br \/>Nesin sen do\u011fru s\u00f6yle can m\u0131s\u0131n canan m\u0131s\u0131n k\u00e2fir<\/p>\n<p>Ni\u00e7in s\u0131k s\u0131k bakars\u0131n \u00f6yle mirat-\u0131 m\u00fccellaya<br \/>Me\u011fer sen dahi kendi h\u00fcsn\u00fcne hayran m\u0131s\u0131n k\u00e2fir<\/p>\n<p>Nedim-i zar\u0131 bir kafir esir etmi\u015f i\u015fitmi\u015ftim<br \/>Sen ol cellad-\u0131 din ol d\u00fc\u015fmeni iman m\u0131s\u0131n k\u00e2fir ( Nedim )<\/p>\n<p>Kelimeler: ate\u015f-i suzan: yak\u0131c\u0131 ate\u015f, \u00e7ak-i giriban yaka y\u0131rtmalar, \u015fuh: sevgili, \u00e2\u015f\u0131k-\u0131 nalan: a\u011flay\u0131p inleyen a\u015f\u0131k, mirat-\u0131 m\u00fccella: cilal\u0131 ayna, h\u00fcsn: g\u00fczellik, Nedim-i zar: dertli Nedim<br \/><strong>3- Modern \u015eiir Gelene\u011fi<\/strong><\/p>\n<p>Bu gelene\u011fin \u00f6zellikleri \u015funlard\u0131r:<\/p>\n<p>*Bu \u015fiir gelene\u011finde \u015fiirde \u00f6l\u00e7\u00fcn\u00fcn, naz\u0131m biriminin ve kafiyenin \u015fart olmad\u0131\u011f\u0131 savunulmu\u015f ve \u00f6l\u00e7\u00fcs\u00fcz ve kafiyesiz \u015fiirlerin \u00f6rnekleri verilmi\u015ftir.<\/p>\n<p>*Sanatl\u0131 s\u00f6yleyi\u015fin yerine yal\u0131n ve tabi\u00ee s\u00f6yleyi\u015f benimsenmi\u015ftir.<\/p>\n<p>*Her t\u00fcrl\u00fc konu i\u015flenmi\u015ftir.<\/p>\n<p>*Naz\u0131m birimi kullan\u0131lmam\u0131\u015ft\u0131r.<\/p>\n<p>*Serbest \u015fiir tarz\u0131 benimsenmi\u015ftir.<\/p>\n<p>*\u015eiirlerde s\u00f6zc\u00fck dizili\u015fi ve i\u00e7 ahenk \u00f6n plandad\u0131r.<\/p>\n<p>\u00d6rnek: MODERN \u015e\u0130\u0130R<\/p>\n<p>ANLATAMIYORUM<\/p>\n<p>A\u011flasam sesimi duyar m\u0131s\u0131n\u0131z, M\u0131sralar\u0131mda;<br \/>Dokunabilir misiniz, G\u00f6zya\u015flar\u0131ma, ellerinizle?<br \/>Bilmezdim \u015fark\u0131lar\u0131n bu kadar g\u00fczel,<br \/>Kelimelerinse kifayetsiz oldu\u011funu<br \/>Bu derde d\u00fc\u015fmeden \u00f6nce.<\/p>\n<p>Bir yer var, biliyorum;<br \/>Her \u015feyi s\u00f6ylemek m\u00fcmk\u00fcn;<br \/>Epeyce yakla\u015fm\u0131\u015f\u0131m, duyuyorum;<br \/>Anlatam\u0131yorum. ( Orhan Veli KANIK )<\/p>\n","protected":false},"excerpt":{"rendered":"<p>\u015eiir gelene\u011fi daha \u00f6nce ya\u015fam\u0131\u015f \u015fairlerin eserleriyle olu\u015fmu\u015ftur. Gelene\u011fi olu\u015fturan \u015fairler aras\u0131nda sanat anlay\u0131\u015f\u0131 bak\u0131m\u0131ndan ili\u015fki vard\u0131r. Halk ve ayd\u0131n, tarihi ak\u0131\u015f i\u00e7erisinde kendi dilleriyle kendi \u015fiir geleneklerini olu\u015fturmu\u015flard\u0131r. Bir toplumda ku\u015faktan ku\u015fa\u011fa iletilen k\u00fclt\u00fcrel de\u011ferlere, al\u0131\u015fkanl\u0131klara bilgi, t\u00f6re ve davran\u0131\u015flara gelenek denir. D\u00fc\u011f\u00fcn gelene\u011fi,mevlid gelene\u011fi,bayram gelene\u011fi. gibi. \u015eiir gelene\u011fi daha \u00f6nce ya\u015fam\u0131\u015f \u015fairlerin eserleriyle [&hellip;]<\/p>\n","protected":false},"author":1,"featured_media":0,"comment_status":"open","ping_status":"open","sticky":false,"template":"","format":"standard","meta":{"footnotes":""},"categories":[120],"tags":[],"class_list":{"0":"post-3586","1":"post","2":"type-post","3":"status-publish","4":"format-standard","6":"category-siir-uzerine-bilgiler"},"yoast_head":"<!-- This site is optimized with the Yoast SEO Premium plugin v24.9 (Yoast SEO v24.9) - https:\/\/yoast.com\/wordpress\/plugins\/seo\/ -->\n<title>\u015e\u0130\u0130R VE GELENEK - narteks.net<\/title>\n<meta name=\"robots\" content=\"index, follow, max-snippet:-1, max-image-preview:large, max-video-preview:-1\" \/>\n<link rel=\"canonical\" href=\"https:\/\/narteks.net\/index.php\/2009\/12\/29\/siir-ve-gelenek\/\" \/>\n<meta property=\"og:locale\" content=\"tr_TR\" \/>\n<meta property=\"og:type\" content=\"article\" \/>\n<meta property=\"og:title\" content=\"\u015e\u0130\u0130R VE GELENEK\" \/>\n<meta property=\"og:description\" content=\"\u015eiir gelene\u011fi daha \u00f6nce ya\u015fam\u0131\u015f \u015fairlerin eserleriyle olu\u015fmu\u015ftur. Gelene\u011fi olu\u015fturan \u015fairler aras\u0131nda sanat anlay\u0131\u015f\u0131 bak\u0131m\u0131ndan ili\u015fki vard\u0131r. Halk ve ayd\u0131n, tarihi ak\u0131\u015f i\u00e7erisinde kendi dilleriyle kendi \u015fiir geleneklerini olu\u015fturmu\u015flard\u0131r. Bir toplumda ku\u015faktan ku\u015fa\u011fa iletilen k\u00fclt\u00fcrel de\u011ferlere, al\u0131\u015fkanl\u0131klara bilgi, t\u00f6re ve davran\u0131\u015flara gelenek denir. D\u00fc\u011f\u00fcn gelene\u011fi,mevlid gelene\u011fi,bayram gelene\u011fi. gibi. \u015eiir gelene\u011fi daha \u00f6nce ya\u015fam\u0131\u015f \u015fairlerin eserleriyle [&hellip;]\" \/>\n<meta property=\"og:url\" content=\"https:\/\/narteks.net\/index.php\/2009\/12\/29\/siir-ve-gelenek\/\" \/>\n<meta property=\"og:site_name\" content=\"narteks.net\" \/>\n<meta property=\"article:published_time\" content=\"2009-12-29T09:11:25+00:00\" \/>\n<meta property=\"og:image\" content=\"https:\/\/narteks.net\/wp-content\/uploads\/narteks.png\" \/>\n\t<meta property=\"og:image:width\" content=\"300\" \/>\n\t<meta property=\"og:image:height\" content=\"90\" \/>\n\t<meta property=\"og:image:type\" content=\"image\/png\" \/>\n<meta name=\"author\" content=\"Tar\u0131k\" \/>\n<meta name=\"twitter:card\" content=\"summary_large_image\" \/>\n<meta name=\"twitter:creator\" content=\"@narteks\" \/>\n<meta name=\"twitter:site\" content=\"@narteks\" \/>\n<meta name=\"twitter:label1\" content=\"Yazan:\" \/>\n\t<meta name=\"twitter:data1\" content=\"Tar\u0131k\" \/>\n\t<meta name=\"twitter:label2\" content=\"Tahmini okuma s\u00fcresi\" \/>\n\t<meta name=\"twitter:data2\" content=\"4 dakika\" \/>\n<script type=\"application\/ld+json\" class=\"yoast-schema-graph\">{\"@context\":\"https:\/\/schema.org\",\"@graph\":[{\"@type\":\"Article\",\"@id\":\"https:\/\/narteks.net\/index.php\/2009\/12\/29\/siir-ve-gelenek\/#article\",\"isPartOf\":{\"@id\":\"https:\/\/narteks.net\/index.php\/2009\/12\/29\/siir-ve-gelenek\/\"},\"author\":{\"name\":\"Tar\u0131k\",\"@id\":\"https:\/\/narteks.net\/#\/schema\/person\/61f37d9834294b72d31d274e7ed79bca\"},\"headline\":\"\u015e\u0130\u0130R VE GELENEK\",\"datePublished\":\"2009-12-29T09:11:25+00:00\",\"mainEntityOfPage\":{\"@id\":\"https:\/\/narteks.net\/index.php\/2009\/12\/29\/siir-ve-gelenek\/\"},\"wordCount\":825,\"commentCount\":0,\"publisher\":{\"@id\":\"https:\/\/narteks.net\/#organization\"},\"articleSection\":[\"\u015e\u0130\u0130R \u00dcZER\u0130NE B\u0130LG\u0130LER\"],\"inLanguage\":\"tr\",\"potentialAction\":[{\"@type\":\"CommentAction\",\"name\":\"Comment\",\"target\":[\"https:\/\/narteks.net\/index.php\/2009\/12\/29\/siir-ve-gelenek\/#respond\"]}]},{\"@type\":\"WebPage\",\"@id\":\"https:\/\/narteks.net\/index.php\/2009\/12\/29\/siir-ve-gelenek\/\",\"url\":\"https:\/\/narteks.net\/index.php\/2009\/12\/29\/siir-ve-gelenek\/\",\"name\":\"\u015e\u0130\u0130R VE GELENEK - narteks.net\",\"isPartOf\":{\"@id\":\"https:\/\/narteks.net\/#website\"},\"datePublished\":\"2009-12-29T09:11:25+00:00\",\"breadcrumb\":{\"@id\":\"https:\/\/narteks.net\/index.php\/2009\/12\/29\/siir-ve-gelenek\/#breadcrumb\"},\"inLanguage\":\"tr\",\"potentialAction\":[{\"@type\":\"ReadAction\",\"target\":[\"https:\/\/narteks.net\/index.php\/2009\/12\/29\/siir-ve-gelenek\/\"]}]},{\"@type\":\"BreadcrumbList\",\"@id\":\"https:\/\/narteks.net\/index.php\/2009\/12\/29\/siir-ve-gelenek\/#breadcrumb\",\"itemListElement\":[{\"@type\":\"ListItem\",\"position\":1,\"name\":\"Anasayfa\",\"item\":\"https:\/\/narteks.net\/\"},{\"@type\":\"ListItem\",\"position\":2,\"name\":\"\u015e\u0130\u0130R VE GELENEK\"}]},{\"@type\":\"WebSite\",\"@id\":\"https:\/\/narteks.net\/#website\",\"url\":\"https:\/\/narteks.net\/\",\"name\":\"narteks.net\",\"description\":\"K\u00fclt\u00fcr Sanat Edebiyat Felsefe\",\"publisher\":{\"@id\":\"https:\/\/narteks.net\/#organization\"},\"alternateName\":\"K\u00fclt\u00fcr Sanat Edebiyat Felsefe\",\"potentialAction\":[{\"@type\":\"SearchAction\",\"target\":{\"@type\":\"EntryPoint\",\"urlTemplate\":\"https:\/\/narteks.net\/?s={search_term_string}\"},\"query-input\":{\"@type\":\"PropertyValueSpecification\",\"valueRequired\":true,\"valueName\":\"search_term_string\"}}],\"inLanguage\":\"tr\"},{\"@type\":\"Organization\",\"@id\":\"https:\/\/narteks.net\/#organization\",\"name\":\"narteks.net\",\"url\":\"https:\/\/narteks.net\/\",\"logo\":{\"@type\":\"ImageObject\",\"inLanguage\":\"tr\",\"@id\":\"https:\/\/narteks.net\/#\/schema\/logo\/image\/\",\"url\":\"https:\/\/narteks.net\/wp-content\/uploads\/narteks.png\",\"contentUrl\":\"https:\/\/narteks.net\/wp-content\/uploads\/narteks.png\",\"width\":300,\"height\":90,\"caption\":\"narteks.net\"},\"image\":{\"@id\":\"https:\/\/narteks.net\/#\/schema\/logo\/image\/\"},\"sameAs\":[\"https:\/\/x.com\/narteks\",\"https:\/\/instagram.com\/narteksnet\"]},{\"@type\":\"Person\",\"@id\":\"https:\/\/narteks.net\/#\/schema\/person\/61f37d9834294b72d31d274e7ed79bca\",\"name\":\"Tar\u0131k\",\"image\":{\"@type\":\"ImageObject\",\"inLanguage\":\"tr\",\"@id\":\"https:\/\/narteks.net\/#\/schema\/person\/image\/\",\"url\":\"https:\/\/secure.gravatar.com\/avatar\/50865afb55632c4ae467e0af0930f6510aa2297d8014be502a55b14f3b7550cf?s=96&d=mm&r=g\",\"contentUrl\":\"https:\/\/secure.gravatar.com\/avatar\/50865afb55632c4ae467e0af0930f6510aa2297d8014be502a55b14f3b7550cf?s=96&d=mm&r=g\",\"caption\":\"Tar\u0131k\"},\"sameAs\":[\"http:\/\/narteks.net\"],\"url\":\"https:\/\/narteks.net\/index.php\/author\/narbak\/\"}]}<\/script>\n<!-- \/ Yoast SEO Premium plugin. -->","yoast_head_json":{"title":"\u015e\u0130\u0130R VE GELENEK - narteks.net","robots":{"index":"index","follow":"follow","max-snippet":"max-snippet:-1","max-image-preview":"max-image-preview:large","max-video-preview":"max-video-preview:-1"},"canonical":"https:\/\/narteks.net\/index.php\/2009\/12\/29\/siir-ve-gelenek\/","og_locale":"tr_TR","og_type":"article","og_title":"\u015e\u0130\u0130R VE GELENEK","og_description":"\u015eiir gelene\u011fi daha \u00f6nce ya\u015fam\u0131\u015f \u015fairlerin eserleriyle olu\u015fmu\u015ftur. Gelene\u011fi olu\u015fturan \u015fairler aras\u0131nda sanat anlay\u0131\u015f\u0131 bak\u0131m\u0131ndan ili\u015fki vard\u0131r. Halk ve ayd\u0131n, tarihi ak\u0131\u015f i\u00e7erisinde kendi dilleriyle kendi \u015fiir geleneklerini olu\u015fturmu\u015flard\u0131r. Bir toplumda ku\u015faktan ku\u015fa\u011fa iletilen k\u00fclt\u00fcrel de\u011ferlere, al\u0131\u015fkanl\u0131klara bilgi, t\u00f6re ve davran\u0131\u015flara gelenek denir. D\u00fc\u011f\u00fcn gelene\u011fi,mevlid gelene\u011fi,bayram gelene\u011fi. gibi. \u015eiir gelene\u011fi daha \u00f6nce ya\u015fam\u0131\u015f \u015fairlerin eserleriyle [&hellip;]","og_url":"https:\/\/narteks.net\/index.php\/2009\/12\/29\/siir-ve-gelenek\/","og_site_name":"narteks.net","article_published_time":"2009-12-29T09:11:25+00:00","og_image":[{"width":300,"height":90,"url":"https:\/\/narteks.net\/wp-content\/uploads\/narteks.png","type":"image\/png"}],"author":"Tar\u0131k","twitter_card":"summary_large_image","twitter_creator":"@narteks","twitter_site":"@narteks","twitter_misc":{"Yazan:":"Tar\u0131k","Tahmini okuma s\u00fcresi":"4 dakika"},"schema":{"@context":"https:\/\/schema.org","@graph":[{"@type":"Article","@id":"https:\/\/narteks.net\/index.php\/2009\/12\/29\/siir-ve-gelenek\/#article","isPartOf":{"@id":"https:\/\/narteks.net\/index.php\/2009\/12\/29\/siir-ve-gelenek\/"},"author":{"name":"Tar\u0131k","@id":"https:\/\/narteks.net\/#\/schema\/person\/61f37d9834294b72d31d274e7ed79bca"},"headline":"\u015e\u0130\u0130R VE GELENEK","datePublished":"2009-12-29T09:11:25+00:00","mainEntityOfPage":{"@id":"https:\/\/narteks.net\/index.php\/2009\/12\/29\/siir-ve-gelenek\/"},"wordCount":825,"commentCount":0,"publisher":{"@id":"https:\/\/narteks.net\/#organization"},"articleSection":["\u015e\u0130\u0130R \u00dcZER\u0130NE B\u0130LG\u0130LER"],"inLanguage":"tr","potentialAction":[{"@type":"CommentAction","name":"Comment","target":["https:\/\/narteks.net\/index.php\/2009\/12\/29\/siir-ve-gelenek\/#respond"]}]},{"@type":"WebPage","@id":"https:\/\/narteks.net\/index.php\/2009\/12\/29\/siir-ve-gelenek\/","url":"https:\/\/narteks.net\/index.php\/2009\/12\/29\/siir-ve-gelenek\/","name":"\u015e\u0130\u0130R VE GELENEK - narteks.net","isPartOf":{"@id":"https:\/\/narteks.net\/#website"},"datePublished":"2009-12-29T09:11:25+00:00","breadcrumb":{"@id":"https:\/\/narteks.net\/index.php\/2009\/12\/29\/siir-ve-gelenek\/#breadcrumb"},"inLanguage":"tr","potentialAction":[{"@type":"ReadAction","target":["https:\/\/narteks.net\/index.php\/2009\/12\/29\/siir-ve-gelenek\/"]}]},{"@type":"BreadcrumbList","@id":"https:\/\/narteks.net\/index.php\/2009\/12\/29\/siir-ve-gelenek\/#breadcrumb","itemListElement":[{"@type":"ListItem","position":1,"name":"Anasayfa","item":"https:\/\/narteks.net\/"},{"@type":"ListItem","position":2,"name":"\u015e\u0130\u0130R VE GELENEK"}]},{"@type":"WebSite","@id":"https:\/\/narteks.net\/#website","url":"https:\/\/narteks.net\/","name":"narteks.net","description":"K\u00fclt\u00fcr Sanat Edebiyat Felsefe","publisher":{"@id":"https:\/\/narteks.net\/#organization"},"alternateName":"K\u00fclt\u00fcr Sanat Edebiyat Felsefe","potentialAction":[{"@type":"SearchAction","target":{"@type":"EntryPoint","urlTemplate":"https:\/\/narteks.net\/?s={search_term_string}"},"query-input":{"@type":"PropertyValueSpecification","valueRequired":true,"valueName":"search_term_string"}}],"inLanguage":"tr"},{"@type":"Organization","@id":"https:\/\/narteks.net\/#organization","name":"narteks.net","url":"https:\/\/narteks.net\/","logo":{"@type":"ImageObject","inLanguage":"tr","@id":"https:\/\/narteks.net\/#\/schema\/logo\/image\/","url":"https:\/\/narteks.net\/wp-content\/uploads\/narteks.png","contentUrl":"https:\/\/narteks.net\/wp-content\/uploads\/narteks.png","width":300,"height":90,"caption":"narteks.net"},"image":{"@id":"https:\/\/narteks.net\/#\/schema\/logo\/image\/"},"sameAs":["https:\/\/x.com\/narteks","https:\/\/instagram.com\/narteksnet"]},{"@type":"Person","@id":"https:\/\/narteks.net\/#\/schema\/person\/61f37d9834294b72d31d274e7ed79bca","name":"Tar\u0131k","image":{"@type":"ImageObject","inLanguage":"tr","@id":"https:\/\/narteks.net\/#\/schema\/person\/image\/","url":"https:\/\/secure.gravatar.com\/avatar\/50865afb55632c4ae467e0af0930f6510aa2297d8014be502a55b14f3b7550cf?s=96&d=mm&r=g","contentUrl":"https:\/\/secure.gravatar.com\/avatar\/50865afb55632c4ae467e0af0930f6510aa2297d8014be502a55b14f3b7550cf?s=96&d=mm&r=g","caption":"Tar\u0131k"},"sameAs":["http:\/\/narteks.net"],"url":"https:\/\/narteks.net\/index.php\/author\/narbak\/"}]}},"_links":{"self":[{"href":"https:\/\/narteks.net\/index.php\/wp-json\/wp\/v2\/posts\/3586","targetHints":{"allow":["GET"]}}],"collection":[{"href":"https:\/\/narteks.net\/index.php\/wp-json\/wp\/v2\/posts"}],"about":[{"href":"https:\/\/narteks.net\/index.php\/wp-json\/wp\/v2\/types\/post"}],"author":[{"embeddable":true,"href":"https:\/\/narteks.net\/index.php\/wp-json\/wp\/v2\/users\/1"}],"replies":[{"embeddable":true,"href":"https:\/\/narteks.net\/index.php\/wp-json\/wp\/v2\/comments?post=3586"}],"version-history":[{"count":0,"href":"https:\/\/narteks.net\/index.php\/wp-json\/wp\/v2\/posts\/3586\/revisions"}],"wp:attachment":[{"href":"https:\/\/narteks.net\/index.php\/wp-json\/wp\/v2\/media?parent=3586"}],"wp:term":[{"taxonomy":"category","embeddable":true,"href":"https:\/\/narteks.net\/index.php\/wp-json\/wp\/v2\/categories?post=3586"},{"taxonomy":"post_tag","embeddable":true,"href":"https:\/\/narteks.net\/index.php\/wp-json\/wp\/v2\/tags?post=3586"}],"curies":[{"name":"wp","href":"https:\/\/api.w.org\/{rel}","templated":true}]}}