{"id":3587,"date":"2009-12-29T12:13:15","date_gmt":"2009-12-29T09:13:15","guid":{"rendered":"http:\/\/localhost\/wordpress\/2009\/12\/29\/siir-ve-zihniyet\/"},"modified":"2009-12-29T12:13:15","modified_gmt":"2009-12-29T09:13:15","slug":"siir-ve-zihniyet","status":"publish","type":"post","link":"https:\/\/narteks.net\/index.php\/2009\/12\/29\/siir-ve-zihniyet\/","title":{"rendered":"\u015e\u0130\u0130R VE Z\u0130HN\u0130YET"},"content":{"rendered":"<p style=\"text-align: justify;\">&#8220;Zihniyet&#8221; terimi ile bir d\u00f6nemdeki sosyal, siyas\u00ee , idar\u00ee, adl\u00ee, asker\u00ee, din\u00ee g\u00fc\u00e7lerin, sivil toplum \u00f6rg\u00fctlerinin, ticar\u00ee hayat\u0131n, e\u011fitim etkinliklerinin birlikte olu\u015flturduklar\u0131 ortam ve bunlar\u0131n hi\u00e7birine indirgenemeyen duygu, anlay\u0131\u015f ve zevk b\u00fct\u00fcn\u00fc kastedilmektedir.<\/p>\n<p>Her sanat eseri yaz\u0131ld\u0131\u011f\u0131 d\u00f6nemin izlerini ta\u015f\u0131r. Sanat\u00e7\u0131lar da sosyal bir \u00e7evre i\u00e7erisinde ya\u015farlar ve i\u00e7inde ya\u015fad\u0131klar\u0131 sosyal ve k\u00fclt\u00fcrel olaylardan etkilenirler. \u015eiirlerinde i\u00e7inde ya\u015fad\u0131klar\u0131 \u00e7a\u011f\u0131n zihniyetini yans\u0131t\u0131rlar.<\/p>\n<p>Bir toplumun bireyleri, o toplumun k\u00fclt\u00fcr\u00fcyle, gelenek ve g\u00f6renekleriyle, de\u011fer yarg\u0131lar\u0131yla yeti\u015fir. Bu yeti\u015fme sonucunda da bireyler, ortak bir zihniyete ula\u015f\u0131rlar. B\u00f6ylece o toplumun bireyleri, olaylar ve durumlar kar\u015f\u0131s\u0131nda benzer tepkiler ortaya koyarlar, benzer davran\u0131\u015flar sergilerler. Yazar ve \u015fairlerin edeb\u00ee metinlerinde, do\u011fal olarak bu zihniyetin yans\u0131mas\u0131 da g\u00f6r\u00fcl\u00fcr. Sanat\u00e7\u0131lar, ya\u015famdan ald\u0131klar\u0131 konular\u0131 i\u015flerken, toplumu zihniyetiyle birlikte ele al\u0131rlar. Bu zihniyet de d\u00f6nem d\u00f6nem de\u011fi\u015fim g\u00f6sterir.<\/p>\n<p>T\u00fcrk edebiyat\u0131 ba\u015flang\u0131\u00e7tan bu g\u00fcne gelinceye dek k\u00fclt\u00fcr, sanat, siyas\u00ee ve sosyal alanda pek \u00e7ok a\u015famalar ge\u00e7irmi\u015ftir. Bunlar aras\u0131nda en \u00f6nemlisi \u0130slamiyetin kabul\u00fc (1071) ve Bat\u0131 uygarl\u0131\u011f\u0131na d\u00f6n\u00fc\u015f (1860) hareketidir. Bu iki olay toplumun ya\u015fam\u0131nda sosyal, siyas\u00ee k\u00fclt\u00fcrel ve ekonomik de\u011fi\u015fikliklere neden olmu\u015ftur. Ba\u015flang\u0131\u00e7tan bu g\u00fcne dek geli\u015fen T\u00fcrk edebiyat\u0131 \u015f\u00f6yle s\u0131n\u0131fland\u0131r\u0131l\u0131r:<\/p>\n<p> a) \u0130slamiyet \u00d6ncesi T\u00fcrk Edebiyat\u0131 (5.yy.-10.yy.)<br \/> b) \u0130slam\u00ee Devir T\u00fcrk Edebiyat\u0131 (10.yy.-19.yy.)<br \/> c) Bat\u0131 Etkisinde Geli\u015fen T\u00fcrk Edebiyat\u0131 (19.yy. ve 20.yy.)<\/p>\n<p><strong>a) \u0130sl\u00e2miyet \u00d6ncesi T\u00fcrk Edebiyat\u0131 ( 5. yy. -10. yy.)<\/strong><\/p>\n<p>\u0130sl\u00e2miyet \u00f6ncesi T\u00fcrk Edebiyat\u0131n\u0131n ne zaman ba\u015flad\u0131\u011f\u0131 hakk\u0131nda kesin bilgiler yoktur. Ancak di\u011fer uluslar\u0131n edebiyatlar\u0131nda oldu\u011fu gibi T\u00fcrk edebiyat\u0131nda da destan devrine dayanan zengin s\u00f6zl\u00fc bir edebiyat\u0131n oldu\u011fu bilinmektedir. 5. yy.- 10. yy. aras\u0131n\u0131 kapsayan bu d\u00f6nem edebiyat\u0131 \u00fcr\u00fcnleri destanlar, ko\u015fuklar, sa\u011fular ve savlar ile (5.y.y. ile 9. yy. aras\u0131nda yaz\u0131lan) Yenisey mezar ta\u015flar\u0131, G\u00f6kt\u00fcrk An\u0131tlar\u0131 ve Uygur T\u00fcrklerine ait metinlerdir.<\/p>\n<p>Bu d\u00f6nem edebiyat\u0131 s\u00f6zl\u00fc ve yaz\u0131l\u0131 edebiyat olmak \u00fczere ikiye ayr\u0131l\u0131r.<br \/><strong>1. S\u00f6zl\u00fc Edebiyat<\/strong><\/p>\n<p>S\u00f6zl\u00fc edebiyat T\u00fcrkler aras\u0131nda yaz\u0131n\u0131n kullan\u0131lmad\u0131\u011f\u0131 devirlerde ba\u015flayan, a\u011f\u0131zdan a\u011f\u0131za ve ku\u015faktan ku\u015fa\u011fa s\u00fcr\u00fcp giden bir edebiyatt\u0131r. Belli ba\u015fl\u0131 \u00fcr\u00fcnleri \u015funlard\u0131r: destan, ko\u015fuk, sagu ve sav.<br \/><strong>2. Yaz\u0131l\u0131 Edebiyat<\/strong><\/p>\n<p>Yaz\u0131l\u0131 edebiyat T\u00fcrkler aras\u0131nda yaz\u0131n\u0131n kullan\u0131ld\u0131\u011f\u0131 devirlerde ba\u015flayan bir edebiyatt\u0131r. Elimizdeki en eski \u00f6rnekler 8. y\u00fczy\u0131lda diktirilen G\u00f6kt\u00fcrk Yaz\u0131tlar\u0131 ile Uygurlar d\u00f6neminden kalan baz\u0131 metinlerdir. G\u00f6kt\u00fcrk Yaz\u0131tlar\u0131 \u015funlard\u0131r: Tonyukuk An\u0131t\u0131 (720), K\u00fcl Ti\u011fin An\u0131t\u0131 (732) ve Bilge Ka\u011fan An\u0131t\u0131 (735)&#8217;d\u0131r.<br \/><strong>b) \u0130sl\u00e2m\u00ee Devir T\u00fcrk Edebiyat\u0131 (10. yy. -19. yy.)<\/strong><\/p>\n<p>T\u00fcrkler 10. y\u00fczy\u0131ldan itibaren topluluklar h\u00e2linde \u0130slamiyeti kabul etmeye ba\u015flad\u0131lar. \u00d6zellikle Karahan h\u00fck\u00fcmdar\u0131 Abdulkerim Satuk Bu\u011fra Han&#8217;\u0131n 932 y\u0131l\u0131nda \u0130slamiyeti kabul etmesiyle daha da yay\u0131ld\u0131. Bu hareket 11 ve 12. y\u00fczy\u0131llarda da s\u00fcrd\u00fc. T\u00fcrkler yeni din ve k\u00fclt\u00fcr\u00fcn etkisinde mimar\u00ee, bilim, edebiyat ve sanat alan\u0131nda \u00f6nemli eserler ortaya koydu. Edebiyat alan\u0131nda Yusuf Has Hacip &#8220;Kutadgu Bilig&#8221;<\/p>\n<p>Ka\u015fgarl\u0131 Mahmut &#8220;Divan\u00fb L\u00fbgati&#8217;t T\u00fcrk&#8221; Edip Ahmet &#8220;Atabet\u00fc&#8217;l Hakay\u0131k&#8221; Hoca Ahmet Yesevi de &#8220;Divan-\u0131 Hikmet&#8221; adl\u0131 eserini bu d\u00f6nemde yazd\u0131.<\/p>\n<p>Anadolu sahas\u0131nda ise 12. ve 13. y\u00fczy\u0131llarda Ahmet Fakih &#8220;\u00c7arhname&#8221;, \u015eeyyat Hamza &#8220;Yusuf ile Z\u00fcleyha&#8221;, Yunus Emre &#8220;Risalet\u00fcn Nushiye &#8221; ve &#8220;Divan&#8221; adl\u0131 eserlerini yazd\u0131.<\/p>\n<p>T\u00fcrkler yeni dini \u00f6\u011frenmek amac\u0131yla Arap\u00e7a, Fars\u00e7a \u00f6\u011frendiler. Dilimize bu dillerden din yoluyla \u00e7ok say\u0131da s\u00f6zc\u00fck girmeye ba\u015flad\u0131. Bu tutum ileriki y\u00fczy\u0131llarda daha da artt\u0131.<\/p>\n<p> <strong> \u0130slam\u00ee Devir T\u00fcrk Edebiyat\u0131 \u00fc\u00e7e ayr\u0131l\u0131r:<\/strong><br \/> a. Tasavvuf Edebiyat\u0131 (11. yy. &#8211; 19. yy.)<br \/> b. Klasik Edebiyat (13. yy. &#8211; 19. yy.)<br \/> c. Halk Edebiyat\u0131 (13. yy. &#8211; 19. yy.)<br \/> 1. A\u015f\u0131k Edebiyat\u0131<br \/> 2. Anonim Halk Edebiyat\u0131<\/p>\n<p><strong>c. Bat\u0131 Etkisinde Geli\u015fen T\u00fcrk Edebiyat\u0131 (19.yy. ve 20. yy.)<\/strong><\/p>\n<p>Osmanl\u0131 Devleti, 18. y\u00fczy\u0131ldan ba\u015flayarak y\u00f6netim, siyaset, e\u011fitim ve askerlik alanlar\u0131nda h\u0131zla gerilemeye ba\u015flam\u0131\u015ft\u0131r. Bu \u00e7\u00f6k\u00fc\u015f\u00fc \u00f6nlemek i\u00e7in 19. y\u00fczy\u0131ldan itibaren zaman zaman birtak\u0131m d\u00fczenlemeler (\u0131sl\u00e2hat) yap\u0131lm\u0131\u015ft\u0131r. E\u011fitim, ordu, maliye gibi kurumlarda yap\u0131lan bu d\u00fczenlemeler yeterli olamam\u0131\u015ft\u0131r.<\/p>\n<p>I. Abd\u00fclmecit (h\u00fck\u00fcm. 1839-1861) devrinde Hariciye Naz\u0131rl\u0131\u011f\u0131na (D\u0131\u015fi\u015fleri Bakanl\u0131\u011f\u0131) getirilen Mustafa Ra\u015fit Pa\u015fa, devletin b\u00fct\u00fcnl\u00fc\u011f\u00fcn\u00fc ve g\u00fcc\u00fcn\u00fc koruyabilmesi i\u00e7in i\u00e7inde ya\u015fanan devrin ihtiya\u00e7lar\u0131na uygun Bat\u0131 esaslar\u0131 do\u011frultusunda yeniden yap\u0131lanmas\u0131 gerekti\u011fini dile getirmi\u015ftir. Bunun i\u00e7in yap\u0131lmas\u0131 gereken yenilikleri belirten bir ferman\u0131, 3 Kas\u0131m 1839&#8217;da G\u00fclhane Park\u0131&#8217;nda (\u0130stanbul) halka okumu\u015ftur. Bu fermana, Tanzimat Ferman\u0131 ya da G\u00fclhane Hatt\u0131 H\u00fcm\u00e2y\u00fbnu ad\u0131 verilmektedir.<\/p>\n<p>\u0130\u015fte bu fermanla o g\u00fcne kadar da\u011f\u0131n\u0131k olarak yap\u0131lan d\u00fczenlemeler derli toplu h\u00e2le getirilerek, devlet kurumlar\u0131 Bat\u0131 esaslar\u0131na g\u00f6re yeniden yap\u0131land\u0131r\u0131lm\u0131\u015ft\u0131r.<\/p>\n<p>Toplum hayat\u0131ndaki bu de\u011fi\u015fiklikler k\u0131sa bir s\u00fcre sonra k\u00fclt\u00fcr, sanat ve edebiyata da yans\u0131m\u0131\u015ft\u0131r. Bat\u0131 k\u00fclt\u00fcr\u00fcyle yeti\u015fen ku\u015fak, yeni bir edebiyat \u00e7\u0131\u011f\u0131r\u0131n\u0131 ba\u015flatm\u0131\u015ft\u0131r.<br \/>Bat\u0131 Etkisinde Geli\u015fen T\u00fcrk Edebiyat\u0131 :<\/p>\n<p> a. Tanzimat Devri T\u00fcrk Edebiyat\u0131 (1860-1895)<br \/> b. Edebiyat-\u0131 Cedide (1896-1901)<br \/> c. Fecr-\u00ce \u00c2ti Toplulu\u011fu (1909- 1912)<br \/> \u00e7. Mill\u00ee Edebiyat D\u00f6nemi (1911-1923)<br \/> d. Mill\u00ee M\u00fccadele D\u00f6nemi Edebiyat\u0131 (1918- 1922)<br \/> e. Cumhuriyet D\u00f6nemi T\u00fcrk Edebiyat\u0131 (1923-1950)<br \/> f. G\u00fcn\u00fcm\u00fcz T\u00fcrk Edebiyat\u0131 (1950-2009)<\/p>\n","protected":false},"excerpt":{"rendered":"<p>&#8220;Zihniyet&#8221; terimi ile bir d\u00f6nemdeki sosyal, siyas\u00ee , idar\u00ee, adl\u00ee, asker\u00ee, din\u00ee g\u00fc\u00e7lerin, sivil toplum \u00f6rg\u00fctlerinin, ticar\u00ee hayat\u0131n, e\u011fitim etkinliklerinin birlikte olu\u015flturduklar\u0131 ortam ve bunlar\u0131n hi\u00e7birine indirgenemeyen duygu, anlay\u0131\u015f ve zevk b\u00fct\u00fcn\u00fc kastedilmektedir. Her sanat eseri yaz\u0131ld\u0131\u011f\u0131 d\u00f6nemin izlerini ta\u015f\u0131r. Sanat\u00e7\u0131lar da sosyal bir \u00e7evre i\u00e7erisinde ya\u015farlar ve i\u00e7inde ya\u015fad\u0131klar\u0131 sosyal ve k\u00fclt\u00fcrel olaylardan etkilenirler. [&hellip;]<\/p>\n","protected":false},"author":1,"featured_media":0,"comment_status":"open","ping_status":"open","sticky":false,"template":"","format":"standard","meta":{"footnotes":""},"categories":[120],"tags":[],"class_list":{"0":"post-3587","1":"post","2":"type-post","3":"status-publish","4":"format-standard","6":"category-siir-uzerine-bilgiler"},"yoast_head":"<!-- This site is optimized with the Yoast SEO Premium plugin v24.9 (Yoast SEO v24.9) - https:\/\/yoast.com\/wordpress\/plugins\/seo\/ -->\n<title>\u015e\u0130\u0130R VE Z\u0130HN\u0130YET - narteks.net<\/title>\n<meta name=\"robots\" content=\"index, follow, max-snippet:-1, max-image-preview:large, max-video-preview:-1\" \/>\n<link rel=\"canonical\" href=\"https:\/\/narteks.net\/index.php\/2009\/12\/29\/siir-ve-zihniyet\/\" \/>\n<meta property=\"og:locale\" content=\"tr_TR\" \/>\n<meta property=\"og:type\" content=\"article\" \/>\n<meta property=\"og:title\" content=\"\u015e\u0130\u0130R VE Z\u0130HN\u0130YET\" \/>\n<meta property=\"og:description\" content=\"&#8220;Zihniyet&#8221; terimi ile bir d\u00f6nemdeki sosyal, siyas\u00ee , idar\u00ee, adl\u00ee, asker\u00ee, din\u00ee g\u00fc\u00e7lerin, sivil toplum \u00f6rg\u00fctlerinin, ticar\u00ee hayat\u0131n, e\u011fitim etkinliklerinin birlikte olu\u015flturduklar\u0131 ortam ve bunlar\u0131n hi\u00e7birine indirgenemeyen duygu, anlay\u0131\u015f ve zevk b\u00fct\u00fcn\u00fc kastedilmektedir. Her sanat eseri yaz\u0131ld\u0131\u011f\u0131 d\u00f6nemin izlerini ta\u015f\u0131r. Sanat\u00e7\u0131lar da sosyal bir \u00e7evre i\u00e7erisinde ya\u015farlar ve i\u00e7inde ya\u015fad\u0131klar\u0131 sosyal ve k\u00fclt\u00fcrel olaylardan etkilenirler. [&hellip;]\" \/>\n<meta property=\"og:url\" content=\"https:\/\/narteks.net\/index.php\/2009\/12\/29\/siir-ve-zihniyet\/\" \/>\n<meta property=\"og:site_name\" content=\"narteks.net\" \/>\n<meta property=\"article:published_time\" content=\"2009-12-29T09:13:15+00:00\" \/>\n<meta property=\"og:image\" content=\"https:\/\/narteks.net\/wp-content\/uploads\/narteks.png\" \/>\n\t<meta property=\"og:image:width\" content=\"300\" \/>\n\t<meta property=\"og:image:height\" content=\"90\" \/>\n\t<meta property=\"og:image:type\" content=\"image\/png\" \/>\n<meta name=\"author\" content=\"Tar\u0131k\" \/>\n<meta name=\"twitter:card\" content=\"summary_large_image\" \/>\n<meta name=\"twitter:creator\" content=\"@narteks\" \/>\n<meta name=\"twitter:site\" content=\"@narteks\" \/>\n<meta name=\"twitter:label1\" content=\"Yazan:\" \/>\n\t<meta name=\"twitter:data1\" content=\"Tar\u0131k\" \/>\n\t<meta name=\"twitter:label2\" content=\"Tahmini okuma s\u00fcresi\" \/>\n\t<meta name=\"twitter:data2\" content=\"5 dakika\" \/>\n<script type=\"application\/ld+json\" class=\"yoast-schema-graph\">{\"@context\":\"https:\/\/schema.org\",\"@graph\":[{\"@type\":\"Article\",\"@id\":\"https:\/\/narteks.net\/index.php\/2009\/12\/29\/siir-ve-zihniyet\/#article\",\"isPartOf\":{\"@id\":\"https:\/\/narteks.net\/index.php\/2009\/12\/29\/siir-ve-zihniyet\/\"},\"author\":{\"name\":\"Tar\u0131k\",\"@id\":\"https:\/\/narteks.net\/#\/schema\/person\/61f37d9834294b72d31d274e7ed79bca\"},\"headline\":\"\u015e\u0130\u0130R VE Z\u0130HN\u0130YET\",\"datePublished\":\"2009-12-29T09:13:15+00:00\",\"mainEntityOfPage\":{\"@id\":\"https:\/\/narteks.net\/index.php\/2009\/12\/29\/siir-ve-zihniyet\/\"},\"wordCount\":1016,\"commentCount\":0,\"publisher\":{\"@id\":\"https:\/\/narteks.net\/#organization\"},\"articleSection\":[\"\u015e\u0130\u0130R \u00dcZER\u0130NE B\u0130LG\u0130LER\"],\"inLanguage\":\"tr\",\"potentialAction\":[{\"@type\":\"CommentAction\",\"name\":\"Comment\",\"target\":[\"https:\/\/narteks.net\/index.php\/2009\/12\/29\/siir-ve-zihniyet\/#respond\"]}]},{\"@type\":\"WebPage\",\"@id\":\"https:\/\/narteks.net\/index.php\/2009\/12\/29\/siir-ve-zihniyet\/\",\"url\":\"https:\/\/narteks.net\/index.php\/2009\/12\/29\/siir-ve-zihniyet\/\",\"name\":\"\u015e\u0130\u0130R VE Z\u0130HN\u0130YET - narteks.net\",\"isPartOf\":{\"@id\":\"https:\/\/narteks.net\/#website\"},\"datePublished\":\"2009-12-29T09:13:15+00:00\",\"breadcrumb\":{\"@id\":\"https:\/\/narteks.net\/index.php\/2009\/12\/29\/siir-ve-zihniyet\/#breadcrumb\"},\"inLanguage\":\"tr\",\"potentialAction\":[{\"@type\":\"ReadAction\",\"target\":[\"https:\/\/narteks.net\/index.php\/2009\/12\/29\/siir-ve-zihniyet\/\"]}]},{\"@type\":\"BreadcrumbList\",\"@id\":\"https:\/\/narteks.net\/index.php\/2009\/12\/29\/siir-ve-zihniyet\/#breadcrumb\",\"itemListElement\":[{\"@type\":\"ListItem\",\"position\":1,\"name\":\"Anasayfa\",\"item\":\"https:\/\/narteks.net\/\"},{\"@type\":\"ListItem\",\"position\":2,\"name\":\"\u015e\u0130\u0130R VE Z\u0130HN\u0130YET\"}]},{\"@type\":\"WebSite\",\"@id\":\"https:\/\/narteks.net\/#website\",\"url\":\"https:\/\/narteks.net\/\",\"name\":\"narteks.net\",\"description\":\"K\u00fclt\u00fcr Sanat Edebiyat Felsefe\",\"publisher\":{\"@id\":\"https:\/\/narteks.net\/#organization\"},\"alternateName\":\"K\u00fclt\u00fcr Sanat Edebiyat Felsefe\",\"potentialAction\":[{\"@type\":\"SearchAction\",\"target\":{\"@type\":\"EntryPoint\",\"urlTemplate\":\"https:\/\/narteks.net\/?s={search_term_string}\"},\"query-input\":{\"@type\":\"PropertyValueSpecification\",\"valueRequired\":true,\"valueName\":\"search_term_string\"}}],\"inLanguage\":\"tr\"},{\"@type\":\"Organization\",\"@id\":\"https:\/\/narteks.net\/#organization\",\"name\":\"narteks.net\",\"url\":\"https:\/\/narteks.net\/\",\"logo\":{\"@type\":\"ImageObject\",\"inLanguage\":\"tr\",\"@id\":\"https:\/\/narteks.net\/#\/schema\/logo\/image\/\",\"url\":\"https:\/\/narteks.net\/wp-content\/uploads\/narteks.png\",\"contentUrl\":\"https:\/\/narteks.net\/wp-content\/uploads\/narteks.png\",\"width\":300,\"height\":90,\"caption\":\"narteks.net\"},\"image\":{\"@id\":\"https:\/\/narteks.net\/#\/schema\/logo\/image\/\"},\"sameAs\":[\"https:\/\/x.com\/narteks\",\"https:\/\/instagram.com\/narteksnet\"]},{\"@type\":\"Person\",\"@id\":\"https:\/\/narteks.net\/#\/schema\/person\/61f37d9834294b72d31d274e7ed79bca\",\"name\":\"Tar\u0131k\",\"image\":{\"@type\":\"ImageObject\",\"inLanguage\":\"tr\",\"@id\":\"https:\/\/narteks.net\/#\/schema\/person\/image\/\",\"url\":\"https:\/\/secure.gravatar.com\/avatar\/50865afb55632c4ae467e0af0930f6510aa2297d8014be502a55b14f3b7550cf?s=96&d=mm&r=g\",\"contentUrl\":\"https:\/\/secure.gravatar.com\/avatar\/50865afb55632c4ae467e0af0930f6510aa2297d8014be502a55b14f3b7550cf?s=96&d=mm&r=g\",\"caption\":\"Tar\u0131k\"},\"sameAs\":[\"http:\/\/narteks.net\"],\"url\":\"https:\/\/narteks.net\/index.php\/author\/narbak\/\"}]}<\/script>\n<!-- \/ Yoast SEO Premium plugin. -->","yoast_head_json":{"title":"\u015e\u0130\u0130R VE Z\u0130HN\u0130YET - narteks.net","robots":{"index":"index","follow":"follow","max-snippet":"max-snippet:-1","max-image-preview":"max-image-preview:large","max-video-preview":"max-video-preview:-1"},"canonical":"https:\/\/narteks.net\/index.php\/2009\/12\/29\/siir-ve-zihniyet\/","og_locale":"tr_TR","og_type":"article","og_title":"\u015e\u0130\u0130R VE Z\u0130HN\u0130YET","og_description":"&#8220;Zihniyet&#8221; terimi ile bir d\u00f6nemdeki sosyal, siyas\u00ee , idar\u00ee, adl\u00ee, asker\u00ee, din\u00ee g\u00fc\u00e7lerin, sivil toplum \u00f6rg\u00fctlerinin, ticar\u00ee hayat\u0131n, e\u011fitim etkinliklerinin birlikte olu\u015flturduklar\u0131 ortam ve bunlar\u0131n hi\u00e7birine indirgenemeyen duygu, anlay\u0131\u015f ve zevk b\u00fct\u00fcn\u00fc kastedilmektedir. Her sanat eseri yaz\u0131ld\u0131\u011f\u0131 d\u00f6nemin izlerini ta\u015f\u0131r. Sanat\u00e7\u0131lar da sosyal bir \u00e7evre i\u00e7erisinde ya\u015farlar ve i\u00e7inde ya\u015fad\u0131klar\u0131 sosyal ve k\u00fclt\u00fcrel olaylardan etkilenirler. [&hellip;]","og_url":"https:\/\/narteks.net\/index.php\/2009\/12\/29\/siir-ve-zihniyet\/","og_site_name":"narteks.net","article_published_time":"2009-12-29T09:13:15+00:00","og_image":[{"width":300,"height":90,"url":"https:\/\/narteks.net\/wp-content\/uploads\/narteks.png","type":"image\/png"}],"author":"Tar\u0131k","twitter_card":"summary_large_image","twitter_creator":"@narteks","twitter_site":"@narteks","twitter_misc":{"Yazan:":"Tar\u0131k","Tahmini okuma s\u00fcresi":"5 dakika"},"schema":{"@context":"https:\/\/schema.org","@graph":[{"@type":"Article","@id":"https:\/\/narteks.net\/index.php\/2009\/12\/29\/siir-ve-zihniyet\/#article","isPartOf":{"@id":"https:\/\/narteks.net\/index.php\/2009\/12\/29\/siir-ve-zihniyet\/"},"author":{"name":"Tar\u0131k","@id":"https:\/\/narteks.net\/#\/schema\/person\/61f37d9834294b72d31d274e7ed79bca"},"headline":"\u015e\u0130\u0130R VE Z\u0130HN\u0130YET","datePublished":"2009-12-29T09:13:15+00:00","mainEntityOfPage":{"@id":"https:\/\/narteks.net\/index.php\/2009\/12\/29\/siir-ve-zihniyet\/"},"wordCount":1016,"commentCount":0,"publisher":{"@id":"https:\/\/narteks.net\/#organization"},"articleSection":["\u015e\u0130\u0130R \u00dcZER\u0130NE B\u0130LG\u0130LER"],"inLanguage":"tr","potentialAction":[{"@type":"CommentAction","name":"Comment","target":["https:\/\/narteks.net\/index.php\/2009\/12\/29\/siir-ve-zihniyet\/#respond"]}]},{"@type":"WebPage","@id":"https:\/\/narteks.net\/index.php\/2009\/12\/29\/siir-ve-zihniyet\/","url":"https:\/\/narteks.net\/index.php\/2009\/12\/29\/siir-ve-zihniyet\/","name":"\u015e\u0130\u0130R VE Z\u0130HN\u0130YET - narteks.net","isPartOf":{"@id":"https:\/\/narteks.net\/#website"},"datePublished":"2009-12-29T09:13:15+00:00","breadcrumb":{"@id":"https:\/\/narteks.net\/index.php\/2009\/12\/29\/siir-ve-zihniyet\/#breadcrumb"},"inLanguage":"tr","potentialAction":[{"@type":"ReadAction","target":["https:\/\/narteks.net\/index.php\/2009\/12\/29\/siir-ve-zihniyet\/"]}]},{"@type":"BreadcrumbList","@id":"https:\/\/narteks.net\/index.php\/2009\/12\/29\/siir-ve-zihniyet\/#breadcrumb","itemListElement":[{"@type":"ListItem","position":1,"name":"Anasayfa","item":"https:\/\/narteks.net\/"},{"@type":"ListItem","position":2,"name":"\u015e\u0130\u0130R VE Z\u0130HN\u0130YET"}]},{"@type":"WebSite","@id":"https:\/\/narteks.net\/#website","url":"https:\/\/narteks.net\/","name":"narteks.net","description":"K\u00fclt\u00fcr Sanat Edebiyat Felsefe","publisher":{"@id":"https:\/\/narteks.net\/#organization"},"alternateName":"K\u00fclt\u00fcr Sanat Edebiyat Felsefe","potentialAction":[{"@type":"SearchAction","target":{"@type":"EntryPoint","urlTemplate":"https:\/\/narteks.net\/?s={search_term_string}"},"query-input":{"@type":"PropertyValueSpecification","valueRequired":true,"valueName":"search_term_string"}}],"inLanguage":"tr"},{"@type":"Organization","@id":"https:\/\/narteks.net\/#organization","name":"narteks.net","url":"https:\/\/narteks.net\/","logo":{"@type":"ImageObject","inLanguage":"tr","@id":"https:\/\/narteks.net\/#\/schema\/logo\/image\/","url":"https:\/\/narteks.net\/wp-content\/uploads\/narteks.png","contentUrl":"https:\/\/narteks.net\/wp-content\/uploads\/narteks.png","width":300,"height":90,"caption":"narteks.net"},"image":{"@id":"https:\/\/narteks.net\/#\/schema\/logo\/image\/"},"sameAs":["https:\/\/x.com\/narteks","https:\/\/instagram.com\/narteksnet"]},{"@type":"Person","@id":"https:\/\/narteks.net\/#\/schema\/person\/61f37d9834294b72d31d274e7ed79bca","name":"Tar\u0131k","image":{"@type":"ImageObject","inLanguage":"tr","@id":"https:\/\/narteks.net\/#\/schema\/person\/image\/","url":"https:\/\/secure.gravatar.com\/avatar\/50865afb55632c4ae467e0af0930f6510aa2297d8014be502a55b14f3b7550cf?s=96&d=mm&r=g","contentUrl":"https:\/\/secure.gravatar.com\/avatar\/50865afb55632c4ae467e0af0930f6510aa2297d8014be502a55b14f3b7550cf?s=96&d=mm&r=g","caption":"Tar\u0131k"},"sameAs":["http:\/\/narteks.net"],"url":"https:\/\/narteks.net\/index.php\/author\/narbak\/"}]}},"_links":{"self":[{"href":"https:\/\/narteks.net\/index.php\/wp-json\/wp\/v2\/posts\/3587","targetHints":{"allow":["GET"]}}],"collection":[{"href":"https:\/\/narteks.net\/index.php\/wp-json\/wp\/v2\/posts"}],"about":[{"href":"https:\/\/narteks.net\/index.php\/wp-json\/wp\/v2\/types\/post"}],"author":[{"embeddable":true,"href":"https:\/\/narteks.net\/index.php\/wp-json\/wp\/v2\/users\/1"}],"replies":[{"embeddable":true,"href":"https:\/\/narteks.net\/index.php\/wp-json\/wp\/v2\/comments?post=3587"}],"version-history":[{"count":0,"href":"https:\/\/narteks.net\/index.php\/wp-json\/wp\/v2\/posts\/3587\/revisions"}],"wp:attachment":[{"href":"https:\/\/narteks.net\/index.php\/wp-json\/wp\/v2\/media?parent=3587"}],"wp:term":[{"taxonomy":"category","embeddable":true,"href":"https:\/\/narteks.net\/index.php\/wp-json\/wp\/v2\/categories?post=3587"},{"taxonomy":"post_tag","embeddable":true,"href":"https:\/\/narteks.net\/index.php\/wp-json\/wp\/v2\/tags?post=3587"}],"curies":[{"name":"wp","href":"https:\/\/api.w.org\/{rel}","templated":true}]}}