{"id":3588,"date":"2009-12-29T12:15:26","date_gmt":"2009-12-29T09:15:26","guid":{"rendered":"http:\/\/localhost\/wordpress\/2009\/12\/29\/siir-de-tema\/"},"modified":"2009-12-29T12:15:26","modified_gmt":"2009-12-29T09:15:26","slug":"siir-de-tema","status":"publish","type":"post","link":"https:\/\/narteks.net\/index.php\/2009\/12\/29\/siir-de-tema\/","title":{"rendered":"\u015e\u0130\u0130R&#8217;DE TEMA"},"content":{"rendered":"<p style=\"text-align: justify;\"><strong>Tema nedir?<\/strong><\/p>\n<p>Her yaz\u0131m ve anlat\u0131m\u0131n temeli konudur. Konu, \u00fczerinde konu\u015fulan, yaz\u0131 yaz\u0131land\u0131r. Konu g\u00fcnl\u00fck olaylardan al\u0131nabilece\u011fi gibi insanlar aras\u0131 ili\u015fkilerden, toplumsal ger\u00e7eklerden, sorunlardan, bilim ve teknolojiden, sanattan, k\u0131saca ya\u015fam\u0131n her kesitinden se\u00e7ilebilir. S\u00f6z gelimi &#8220;a\u015fk&#8221; duygusal, &#8220;e\u011fitim&#8221; toplumsal, &#8220;optik&#8221; bilimsel bir konudur. Bu konular \u00e7ok geneldir, bu ana konular\u0131n alt ba\u015fl\u0131klarla s\u0131n\u0131rland\u0131r\u0131lmas\u0131 gerekir. Bilimsel bir konu ayn\u0131 zamanda toplumsald\u0131r; bu nedenle anlat\u0131m konular\u0131n\u0131 kesin s\u0131n\u0131rlarla ay\u0131rmak g\u00fc\u00e7t\u00fcr. Yine konular; nesnel ise somut konular, nicel ise soyut konular diye de ayr\u0131l\u0131r. Konu alan\u0131 olarak toplumun her kesimi al\u0131nabilir. \u00d6rne\u011fin, okul \u00f6ncesi e\u011fitimi konu alan bir yaz\u0131 i\u00e7in k\u00f6y, varo\u015f, gecekondu, ayd\u0131n kesim, Amerika, Japonya&#8230; gibi alanlardan biri se\u00e7ilebilir.<\/p>\n<p>Konu se\u00e7iminde g\u00f6z \u00f6n\u00fcnde bulundurulacak \u00f6zellikler \u015funlard\u0131r:<br \/>. Ki\u015fi, konu se\u00e7erken bildi\u011fi ya da ilgi duydu\u011fu, ara\u015ft\u0131rma yapabilece\u011fi konuyu se\u00e7melidir.<br \/>. Konu, geli\u015ftirmeye uygun olmal\u0131d\u0131r.<br \/>. Konu, bilimsel ger\u00e7eklerle \u00e7eli\u015fmemelidir.<br \/>. Konu, t\u00fcrl\u00fc yorumlara yol a\u00e7mayacak kadar inand\u0131r\u0131c\u0131 ve a\u00e7\u0131k olmal\u0131d\u0131r.<br \/><strong>Tema -Tem nedir?<\/strong><\/p>\n<p>Bir sanat eserinin merkezinde yer alan temel duygu ve d\u00fc\u015f\u00fcnce demektir. Konu ve ana d\u00fc\u015f\u00fcnce ile yak\u0131nl\u0131\u011f\u0131 nedeniyle onlarla kar\u0131\u015ft\u0131r\u0131lmamas\u0131 gereken bir terimdir. Konunun somut nitelikli olmas\u0131na kar\u015f\u0131l\u0131k, tema soyut \u00f6zellikler g\u00f6sterir.<\/p>\n<p>Bir eserin temas\u0131, onun konusu de\u011fildir. Konunun \u00e7ok \u00f6zel bir bi\u00e7imde i\u015flenmi\u015f ayr\u0131nt\u0131s\u0131d\u0131r.<\/p>\n<p>\u00d6l\u00fcm\u00fcn konu edildi\u011fi bir eserde &#8220;\u00f6l\u00fcm kar\u015f\u0131s\u0131nda duyulan h\u00fcz\u00fcn&#8221;, bu eserin temas\u0131 olarak ifade edilebilir. Bir \u015feyin edebiyat eserine konu edilmesi i\u00e7in, bir yazar veya \u015fairin o konuyu se\u00e7mi\u015f olmas\u0131 yeterlidir. Oysa tema, edeb\u00ee \u015fahsiyetin sanat\u00e7\u0131 y\u00f6n\u00fcn\u00fcn, yorumlama g\u00fcc\u00fcn\u00fcn bir g\u00f6stergesidir.<\/p>\n<p>Tema b\u00fct\u00fcn sanat dallar\u0131n\u0131n ortak terimlerinden biridir.<\/p>\n<p>\u0130nan\u00e7lar ve k\u00fclt\u00fcrel de\u011ferler, herhangi bir teman\u0131n farkl\u0131 toplumlarda, hatta ayn\u0131 toplumda bile de\u011fi\u015fik bi\u00e7imlerde ele al\u0131nmas\u0131na neden olur. S\u00f6z geli\u015fi a\u015fk temas\u0131, edebiyat\u0131n bir d\u00f6neminde ince duyarl\u0131klar\u0131 ifade ederken, ba\u015fka bir d\u00f6nemde madd\u00ee hazlar\u0131n ifade arac\u0131 olarak i\u015flenebilir.<\/p>\n<p>Tema bir eserde, insandaki beyin gibidir. Eserde anlat\u0131lan her \u015feyde ve anlatma bi\u00e7iminde teman\u0131n etkisi vard\u0131r. Edeb\u00ee \u015fahsiyetin eserini yazma amac\u0131, do\u011frudan do\u011fruya tema ile ilgilidir. E\u011fer bir eserin temas\u0131 do\u011fru belirlenirse, eserin do\u011fru anla\u015f\u0131lma \u015fans\u0131 da artar.<\/p>\n<p>Bir eserin de\u011ferini konusu de\u011fil temas\u0131 belirler. Bunun ger\u00e7ekle\u015fmesi ise, teman\u0131n d\u00fc\u015f\u00fcnce dokusu ve yorumlan\u0131\u015f\u0131 ile ilgilidir. Bir eserin konusunun nas\u0131l yorumland\u0131\u011f\u0131 sorusuna bulunan cevap, teman\u0131n belirlenmesinde ipucudur.<\/p>\n<p>Eserin b\u00fct\u00fcn\u00fcne hakim olan bir tema, iyi i\u015flenmek kayd\u0131yla, eserin sa\u011flam bir kompozisyon kazanmas\u0131nda etkili olabilir.<\/p>\n<p>Tema soyuttur ve soyutlu\u011fun derecesi edeb\u00ee \u015fahsiyetin \u00f6zellikleriyle yak\u0131ndan ilgilidir.<br \/>Tema, somut verilerle desteklendi\u011fi zaman eserin ba\u015far\u0131s\u0131 artar.<\/p>\n<p>Bir edeb\u00ee eser veya metin, birden fazla temadan meydana gelebilir. Fakat bunlardan biri veya birka\u00e7\u0131 edeb\u00ee eser veya metinde daha bir \u00f6nem kazanm\u0131\u015f olarak kar\u015f\u0131m\u0131za \u00e7\u0131kar. \u0130kinci, \u00fc\u00e7\u00fcnc\u00fc derecedeki temalar, as\u0131l temay\u0131 besler, eseri zenginle\u015ftirir. Eserin daha iyi anla\u015f\u0131lmas\u0131n\u0131 kolayla\u015ft\u0131r\u0131r.<br \/>\u015eiirde Tema<\/p>\n<p>Her eserin bir yaz\u0131l\u0131\u015f amac\u0131, iletmek istedi\u011fi bir mesaj vard\u0131r. Eserde iletilmek istenen mesaja &#8220;tema&#8221; denir. \u015eiirde daha \u00e7ok duygu ve hayaller i\u015flenir; bir \u015fiirde yo\u011fun olarak i\u015flenen duygular ve hayaller \u015fiirin temas\u0131n\u0131 olu\u015fturur. \u015eiiri olu\u015fturan her birimin bir temas\u0131 vard\u0131r. Bu temalar birle\u015ferek \u015fiirin ana temas\u0131n\u0131 olu\u015fturur. \u015eiirde i\u015flenen temalar soyut bir kavram veya d\u00fc\u015f\u00fcncedir, bu soyut kavramlar \u015fiir d\u0131\u015f\u0131nda da vard\u0131r. \u015eiirle somutla\u015ft\u0131r\u0131lan temaya da &#8220;konu&#8221; denir. Ayn\u0131 temay\u0131 i\u015fleyen birden \u00e7ok \u015fiir vard\u0131r. Ancak baz\u0131lar\u0131 di\u011ferlerinden daha ba\u015far\u0131l\u0131d\u0131r; bunun nedeni, teman\u0131n i\u015fleni\u015f bi\u00e7imidir.<br \/>\u015eiirde i\u015flenen teman\u0131n \u015fiirin yaz\u0131ld\u0131\u011f\u0131 d\u00f6nemle ve \u015fairle ili\u015fkisi vard\u0131r.<\/p>\n<p>\u00d6rnek:<\/p>\n<p>Mert dayan\u0131r, namert ka\u00e7ar<br \/>Meydan g\u00fcmb\u00fcrg\u00fcmb\u00fcrlenir<br \/>\u015eahlar \u015fah\u0131 divan a\u00e7ar<br \/>Divan g\u00fcmb\u00fcr g\u00fcmb\u00fcrlenir<\/p>\n<p>Yi\u011fit kendini \u00f6\u011fende<br \/>Oklar menzilin d\u00f6\u011fende<br \/>\u015ee\u015fper kalkana de\u011fende<br \/>Kalkan g\u00fcmb\u00fcr g\u00fcmb\u00fcrlenir<\/p>\n<p>Ok at\u0131l\u0131r kalesinden<br \/>Hak saklas\u0131n bel\u00e2s\u0131ndan<br \/>K\u00f6ro\u011flu&#8217;nun naras\u0131ndan<br \/>Her yan g\u00fcmb\u00fcr g\u00fcmb\u00fcrlenir (K\u00f6ro\u011flu )<\/p>\n<p>\u015eairin \u015fiirde iletmek istedi\u011fi mesaj yi\u011fitlik ve yi\u011fitli\u011fin g\u00fcc\u00fcd\u00fcr. \u015eair sava\u015f tasvirleriyle yi\u011fitli\u011fi somutla\u015ft\u0131rm\u0131\u015ft\u0131r.<\/p>\n<p>\u015eiirin konusu &#8220;yi\u011fitleri \u00f6vme&#8221;dir.<br \/>\u015eiirin yaz\u0131ld\u0131\u011f\u0131 d\u00f6nem ve \u015fairle ili\u015fkisi:<\/p>\n<p>K\u00f6ro\u011flu 16. y\u00fczy\u0131lda ya\u015fad\u0131\u011f\u0131 san\u0131lan bir \u015fairdir. Bolu&#8217;nun Gerede il\u00e7esindendir. Cel\u00e2l\u00ee \u0130syanlar\u0131&#8217;na kar\u0131\u015fm\u0131\u015ft\u0131r. Sivas &#8211; Tokat aras\u0131ndaki kervan yollar\u0131n\u0131 kesmi\u015f, ald\u0131klar\u0131n\u0131 fakir halka da\u011f\u0131tm\u0131\u015ft\u0131r. Babas\u0131n\u0131n intikam\u0131n\u0131 almak i\u00e7in da\u011fa \u00e7\u0131km\u0131\u015f Bolu beyine kar\u015f\u0131 sava\u015fm\u0131\u015f; g\u00fc\u00e7s\u00fczleri, haks\u0131zl\u0131\u011fa u\u011frayanlar\u0131 korumu\u015f bir yi\u011fittir.<\/p>\n<p>G\u00f6r\u00fcld\u00fc\u011f\u00fc gibi \u015fairin hayat\u0131nda \u00f6ne \u00e7\u0131kan en \u00f6nemli \u00f6zellik yi\u011fitli\u011fi; ya\u015fad\u0131\u011f\u0131 d\u00f6nemin en \u00f6nemli \u00f6zelli\u011fi ise haks\u0131zl\u0131klar\u0131n olmas\u0131d\u0131r.<\/p>\n<p>\u015eiirin temas\u0131 ve yap\u0131s\u0131 aras\u0131nda ili\u015fki vard\u0131r. Tema, \u015fiirin yap\u0131s\u0131 ve anlat\u0131m\u0131yla somutla\u015ft\u0131r\u0131l\u0131r. Yap\u0131y\u0131 meydana getiren ses ve anlam kayna\u015fmas\u0131ndan olu\u015fan birimlerin t\u00fcm\u00fc &#8220;tema&#8221;yla birle\u015fir. Temay\u0131 bulmak i\u00e7in &#8220;\u015eair, bu \u015fiiri ni\u00e7in yazm\u0131\u015ft\u0131r?&#8221; sorusunu sorar\u0131z, ald\u0131\u011f\u0131m\u0131z yan\u0131t bize temay\u0131 verir.<\/p>\n","protected":false},"excerpt":{"rendered":"<p>Tema nedir? Her yaz\u0131m ve anlat\u0131m\u0131n temeli konudur. Konu, \u00fczerinde konu\u015fulan, yaz\u0131 yaz\u0131land\u0131r. Konu g\u00fcnl\u00fck olaylardan al\u0131nabilece\u011fi gibi insanlar aras\u0131 ili\u015fkilerden, toplumsal ger\u00e7eklerden, sorunlardan, bilim ve teknolojiden, sanattan, k\u0131saca ya\u015fam\u0131n her kesitinden se\u00e7ilebilir. S\u00f6z gelimi &#8220;a\u015fk&#8221; duygusal, &#8220;e\u011fitim&#8221; toplumsal, &#8220;optik&#8221; bilimsel bir konudur. Bu konular \u00e7ok geneldir, bu ana konular\u0131n alt ba\u015fl\u0131klarla s\u0131n\u0131rland\u0131r\u0131lmas\u0131 gerekir. Bilimsel [&hellip;]<\/p>\n","protected":false},"author":1,"featured_media":0,"comment_status":"open","ping_status":"open","sticky":false,"template":"","format":"standard","meta":{"footnotes":""},"categories":[120],"tags":[],"class_list":{"0":"post-3588","1":"post","2":"type-post","3":"status-publish","4":"format-standard","6":"category-siir-uzerine-bilgiler"},"yoast_head":"<!-- This site is optimized with the Yoast SEO Premium plugin v24.9 (Yoast SEO v24.9) - https:\/\/yoast.com\/wordpress\/plugins\/seo\/ -->\n<title>\u015e\u0130\u0130R&#039;DE TEMA - narteks.net<\/title>\n<meta name=\"robots\" content=\"index, follow, max-snippet:-1, max-image-preview:large, max-video-preview:-1\" \/>\n<link rel=\"canonical\" href=\"https:\/\/narteks.net\/index.php\/2009\/12\/29\/siir-de-tema\/\" \/>\n<meta property=\"og:locale\" content=\"tr_TR\" \/>\n<meta property=\"og:type\" content=\"article\" \/>\n<meta property=\"og:title\" content=\"\u015e\u0130\u0130R&#039;DE TEMA\" \/>\n<meta property=\"og:description\" content=\"Tema nedir? Her yaz\u0131m ve anlat\u0131m\u0131n temeli konudur. Konu, \u00fczerinde konu\u015fulan, yaz\u0131 yaz\u0131land\u0131r. Konu g\u00fcnl\u00fck olaylardan al\u0131nabilece\u011fi gibi insanlar aras\u0131 ili\u015fkilerden, toplumsal ger\u00e7eklerden, sorunlardan, bilim ve teknolojiden, sanattan, k\u0131saca ya\u015fam\u0131n her kesitinden se\u00e7ilebilir. S\u00f6z gelimi &#8220;a\u015fk&#8221; duygusal, &#8220;e\u011fitim&#8221; toplumsal, &#8220;optik&#8221; bilimsel bir konudur. Bu konular \u00e7ok geneldir, bu ana konular\u0131n alt ba\u015fl\u0131klarla s\u0131n\u0131rland\u0131r\u0131lmas\u0131 gerekir. Bilimsel [&hellip;]\" \/>\n<meta property=\"og:url\" content=\"https:\/\/narteks.net\/index.php\/2009\/12\/29\/siir-de-tema\/\" \/>\n<meta property=\"og:site_name\" content=\"narteks.net\" \/>\n<meta property=\"article:published_time\" content=\"2009-12-29T09:15:26+00:00\" \/>\n<meta property=\"og:image\" content=\"https:\/\/narteks.net\/wp-content\/uploads\/narteks.png\" \/>\n\t<meta property=\"og:image:width\" content=\"300\" \/>\n\t<meta property=\"og:image:height\" content=\"90\" \/>\n\t<meta property=\"og:image:type\" content=\"image\/png\" \/>\n<meta name=\"author\" content=\"Tar\u0131k\" \/>\n<meta name=\"twitter:card\" content=\"summary_large_image\" \/>\n<meta name=\"twitter:creator\" content=\"@narteks\" \/>\n<meta name=\"twitter:site\" content=\"@narteks\" \/>\n<meta name=\"twitter:label1\" content=\"Yazan:\" \/>\n\t<meta name=\"twitter:data1\" content=\"Tar\u0131k\" \/>\n\t<meta name=\"twitter:label2\" content=\"Tahmini okuma s\u00fcresi\" \/>\n\t<meta name=\"twitter:data2\" content=\"5 dakika\" \/>\n<script type=\"application\/ld+json\" class=\"yoast-schema-graph\">{\"@context\":\"https:\/\/schema.org\",\"@graph\":[{\"@type\":\"Article\",\"@id\":\"https:\/\/narteks.net\/index.php\/2009\/12\/29\/siir-de-tema\/#article\",\"isPartOf\":{\"@id\":\"https:\/\/narteks.net\/index.php\/2009\/12\/29\/siir-de-tema\/\"},\"author\":{\"name\":\"Tar\u0131k\",\"@id\":\"https:\/\/narteks.net\/#\/schema\/person\/61f37d9834294b72d31d274e7ed79bca\"},\"headline\":\"\u015e\u0130\u0130R&#8217;DE TEMA\",\"datePublished\":\"2009-12-29T09:15:26+00:00\",\"mainEntityOfPage\":{\"@id\":\"https:\/\/narteks.net\/index.php\/2009\/12\/29\/siir-de-tema\/\"},\"wordCount\":995,\"commentCount\":0,\"publisher\":{\"@id\":\"https:\/\/narteks.net\/#organization\"},\"articleSection\":[\"\u015e\u0130\u0130R \u00dcZER\u0130NE B\u0130LG\u0130LER\"],\"inLanguage\":\"tr\",\"potentialAction\":[{\"@type\":\"CommentAction\",\"name\":\"Comment\",\"target\":[\"https:\/\/narteks.net\/index.php\/2009\/12\/29\/siir-de-tema\/#respond\"]}]},{\"@type\":\"WebPage\",\"@id\":\"https:\/\/narteks.net\/index.php\/2009\/12\/29\/siir-de-tema\/\",\"url\":\"https:\/\/narteks.net\/index.php\/2009\/12\/29\/siir-de-tema\/\",\"name\":\"\u015e\u0130\u0130R'DE TEMA - narteks.net\",\"isPartOf\":{\"@id\":\"https:\/\/narteks.net\/#website\"},\"datePublished\":\"2009-12-29T09:15:26+00:00\",\"breadcrumb\":{\"@id\":\"https:\/\/narteks.net\/index.php\/2009\/12\/29\/siir-de-tema\/#breadcrumb\"},\"inLanguage\":\"tr\",\"potentialAction\":[{\"@type\":\"ReadAction\",\"target\":[\"https:\/\/narteks.net\/index.php\/2009\/12\/29\/siir-de-tema\/\"]}]},{\"@type\":\"BreadcrumbList\",\"@id\":\"https:\/\/narteks.net\/index.php\/2009\/12\/29\/siir-de-tema\/#breadcrumb\",\"itemListElement\":[{\"@type\":\"ListItem\",\"position\":1,\"name\":\"Anasayfa\",\"item\":\"https:\/\/narteks.net\/\"},{\"@type\":\"ListItem\",\"position\":2,\"name\":\"\u015e\u0130\u0130R&#8217;DE TEMA\"}]},{\"@type\":\"WebSite\",\"@id\":\"https:\/\/narteks.net\/#website\",\"url\":\"https:\/\/narteks.net\/\",\"name\":\"narteks.net\",\"description\":\"K\u00fclt\u00fcr Sanat Edebiyat Felsefe\",\"publisher\":{\"@id\":\"https:\/\/narteks.net\/#organization\"},\"alternateName\":\"K\u00fclt\u00fcr Sanat Edebiyat Felsefe\",\"potentialAction\":[{\"@type\":\"SearchAction\",\"target\":{\"@type\":\"EntryPoint\",\"urlTemplate\":\"https:\/\/narteks.net\/?s={search_term_string}\"},\"query-input\":{\"@type\":\"PropertyValueSpecification\",\"valueRequired\":true,\"valueName\":\"search_term_string\"}}],\"inLanguage\":\"tr\"},{\"@type\":\"Organization\",\"@id\":\"https:\/\/narteks.net\/#organization\",\"name\":\"narteks.net\",\"url\":\"https:\/\/narteks.net\/\",\"logo\":{\"@type\":\"ImageObject\",\"inLanguage\":\"tr\",\"@id\":\"https:\/\/narteks.net\/#\/schema\/logo\/image\/\",\"url\":\"https:\/\/narteks.net\/wp-content\/uploads\/narteks.png\",\"contentUrl\":\"https:\/\/narteks.net\/wp-content\/uploads\/narteks.png\",\"width\":300,\"height\":90,\"caption\":\"narteks.net\"},\"image\":{\"@id\":\"https:\/\/narteks.net\/#\/schema\/logo\/image\/\"},\"sameAs\":[\"https:\/\/x.com\/narteks\",\"https:\/\/instagram.com\/narteksnet\"]},{\"@type\":\"Person\",\"@id\":\"https:\/\/narteks.net\/#\/schema\/person\/61f37d9834294b72d31d274e7ed79bca\",\"name\":\"Tar\u0131k\",\"image\":{\"@type\":\"ImageObject\",\"inLanguage\":\"tr\",\"@id\":\"https:\/\/narteks.net\/#\/schema\/person\/image\/\",\"url\":\"https:\/\/secure.gravatar.com\/avatar\/50865afb55632c4ae467e0af0930f6510aa2297d8014be502a55b14f3b7550cf?s=96&d=mm&r=g\",\"contentUrl\":\"https:\/\/secure.gravatar.com\/avatar\/50865afb55632c4ae467e0af0930f6510aa2297d8014be502a55b14f3b7550cf?s=96&d=mm&r=g\",\"caption\":\"Tar\u0131k\"},\"sameAs\":[\"http:\/\/narteks.net\"],\"url\":\"https:\/\/narteks.net\/index.php\/author\/narbak\/\"}]}<\/script>\n<!-- \/ Yoast SEO Premium plugin. -->","yoast_head_json":{"title":"\u015e\u0130\u0130R'DE TEMA - narteks.net","robots":{"index":"index","follow":"follow","max-snippet":"max-snippet:-1","max-image-preview":"max-image-preview:large","max-video-preview":"max-video-preview:-1"},"canonical":"https:\/\/narteks.net\/index.php\/2009\/12\/29\/siir-de-tema\/","og_locale":"tr_TR","og_type":"article","og_title":"\u015e\u0130\u0130R'DE TEMA","og_description":"Tema nedir? Her yaz\u0131m ve anlat\u0131m\u0131n temeli konudur. Konu, \u00fczerinde konu\u015fulan, yaz\u0131 yaz\u0131land\u0131r. Konu g\u00fcnl\u00fck olaylardan al\u0131nabilece\u011fi gibi insanlar aras\u0131 ili\u015fkilerden, toplumsal ger\u00e7eklerden, sorunlardan, bilim ve teknolojiden, sanattan, k\u0131saca ya\u015fam\u0131n her kesitinden se\u00e7ilebilir. S\u00f6z gelimi &#8220;a\u015fk&#8221; duygusal, &#8220;e\u011fitim&#8221; toplumsal, &#8220;optik&#8221; bilimsel bir konudur. Bu konular \u00e7ok geneldir, bu ana konular\u0131n alt ba\u015fl\u0131klarla s\u0131n\u0131rland\u0131r\u0131lmas\u0131 gerekir. Bilimsel [&hellip;]","og_url":"https:\/\/narteks.net\/index.php\/2009\/12\/29\/siir-de-tema\/","og_site_name":"narteks.net","article_published_time":"2009-12-29T09:15:26+00:00","og_image":[{"width":300,"height":90,"url":"https:\/\/narteks.net\/wp-content\/uploads\/narteks.png","type":"image\/png"}],"author":"Tar\u0131k","twitter_card":"summary_large_image","twitter_creator":"@narteks","twitter_site":"@narteks","twitter_misc":{"Yazan:":"Tar\u0131k","Tahmini okuma s\u00fcresi":"5 dakika"},"schema":{"@context":"https:\/\/schema.org","@graph":[{"@type":"Article","@id":"https:\/\/narteks.net\/index.php\/2009\/12\/29\/siir-de-tema\/#article","isPartOf":{"@id":"https:\/\/narteks.net\/index.php\/2009\/12\/29\/siir-de-tema\/"},"author":{"name":"Tar\u0131k","@id":"https:\/\/narteks.net\/#\/schema\/person\/61f37d9834294b72d31d274e7ed79bca"},"headline":"\u015e\u0130\u0130R&#8217;DE TEMA","datePublished":"2009-12-29T09:15:26+00:00","mainEntityOfPage":{"@id":"https:\/\/narteks.net\/index.php\/2009\/12\/29\/siir-de-tema\/"},"wordCount":995,"commentCount":0,"publisher":{"@id":"https:\/\/narteks.net\/#organization"},"articleSection":["\u015e\u0130\u0130R \u00dcZER\u0130NE B\u0130LG\u0130LER"],"inLanguage":"tr","potentialAction":[{"@type":"CommentAction","name":"Comment","target":["https:\/\/narteks.net\/index.php\/2009\/12\/29\/siir-de-tema\/#respond"]}]},{"@type":"WebPage","@id":"https:\/\/narteks.net\/index.php\/2009\/12\/29\/siir-de-tema\/","url":"https:\/\/narteks.net\/index.php\/2009\/12\/29\/siir-de-tema\/","name":"\u015e\u0130\u0130R'DE TEMA - narteks.net","isPartOf":{"@id":"https:\/\/narteks.net\/#website"},"datePublished":"2009-12-29T09:15:26+00:00","breadcrumb":{"@id":"https:\/\/narteks.net\/index.php\/2009\/12\/29\/siir-de-tema\/#breadcrumb"},"inLanguage":"tr","potentialAction":[{"@type":"ReadAction","target":["https:\/\/narteks.net\/index.php\/2009\/12\/29\/siir-de-tema\/"]}]},{"@type":"BreadcrumbList","@id":"https:\/\/narteks.net\/index.php\/2009\/12\/29\/siir-de-tema\/#breadcrumb","itemListElement":[{"@type":"ListItem","position":1,"name":"Anasayfa","item":"https:\/\/narteks.net\/"},{"@type":"ListItem","position":2,"name":"\u015e\u0130\u0130R&#8217;DE TEMA"}]},{"@type":"WebSite","@id":"https:\/\/narteks.net\/#website","url":"https:\/\/narteks.net\/","name":"narteks.net","description":"K\u00fclt\u00fcr Sanat Edebiyat Felsefe","publisher":{"@id":"https:\/\/narteks.net\/#organization"},"alternateName":"K\u00fclt\u00fcr Sanat Edebiyat Felsefe","potentialAction":[{"@type":"SearchAction","target":{"@type":"EntryPoint","urlTemplate":"https:\/\/narteks.net\/?s={search_term_string}"},"query-input":{"@type":"PropertyValueSpecification","valueRequired":true,"valueName":"search_term_string"}}],"inLanguage":"tr"},{"@type":"Organization","@id":"https:\/\/narteks.net\/#organization","name":"narteks.net","url":"https:\/\/narteks.net\/","logo":{"@type":"ImageObject","inLanguage":"tr","@id":"https:\/\/narteks.net\/#\/schema\/logo\/image\/","url":"https:\/\/narteks.net\/wp-content\/uploads\/narteks.png","contentUrl":"https:\/\/narteks.net\/wp-content\/uploads\/narteks.png","width":300,"height":90,"caption":"narteks.net"},"image":{"@id":"https:\/\/narteks.net\/#\/schema\/logo\/image\/"},"sameAs":["https:\/\/x.com\/narteks","https:\/\/instagram.com\/narteksnet"]},{"@type":"Person","@id":"https:\/\/narteks.net\/#\/schema\/person\/61f37d9834294b72d31d274e7ed79bca","name":"Tar\u0131k","image":{"@type":"ImageObject","inLanguage":"tr","@id":"https:\/\/narteks.net\/#\/schema\/person\/image\/","url":"https:\/\/secure.gravatar.com\/avatar\/50865afb55632c4ae467e0af0930f6510aa2297d8014be502a55b14f3b7550cf?s=96&d=mm&r=g","contentUrl":"https:\/\/secure.gravatar.com\/avatar\/50865afb55632c4ae467e0af0930f6510aa2297d8014be502a55b14f3b7550cf?s=96&d=mm&r=g","caption":"Tar\u0131k"},"sameAs":["http:\/\/narteks.net"],"url":"https:\/\/narteks.net\/index.php\/author\/narbak\/"}]}},"_links":{"self":[{"href":"https:\/\/narteks.net\/index.php\/wp-json\/wp\/v2\/posts\/3588","targetHints":{"allow":["GET"]}}],"collection":[{"href":"https:\/\/narteks.net\/index.php\/wp-json\/wp\/v2\/posts"}],"about":[{"href":"https:\/\/narteks.net\/index.php\/wp-json\/wp\/v2\/types\/post"}],"author":[{"embeddable":true,"href":"https:\/\/narteks.net\/index.php\/wp-json\/wp\/v2\/users\/1"}],"replies":[{"embeddable":true,"href":"https:\/\/narteks.net\/index.php\/wp-json\/wp\/v2\/comments?post=3588"}],"version-history":[{"count":0,"href":"https:\/\/narteks.net\/index.php\/wp-json\/wp\/v2\/posts\/3588\/revisions"}],"wp:attachment":[{"href":"https:\/\/narteks.net\/index.php\/wp-json\/wp\/v2\/media?parent=3588"}],"wp:term":[{"taxonomy":"category","embeddable":true,"href":"https:\/\/narteks.net\/index.php\/wp-json\/wp\/v2\/categories?post=3588"},{"taxonomy":"post_tag","embeddable":true,"href":"https:\/\/narteks.net\/index.php\/wp-json\/wp\/v2\/tags?post=3588"}],"curies":[{"name":"wp","href":"https:\/\/api.w.org\/{rel}","templated":true}]}}