{"id":359,"date":"2009-03-02T14:36:11","date_gmt":"2009-03-02T11:36:11","guid":{"rendered":"http:\/\/localhost\/wordpress\/2009\/03\/02\/gece-vakti-kimdir-kapiyi-calip-gelen\/"},"modified":"2009-03-02T14:36:11","modified_gmt":"2009-03-02T11:36:11","slug":"gece-vakti-kimdir-kapiyi-calip-gelen","status":"publish","type":"post","link":"https:\/\/narteks.net\/index.php\/2009\/03\/02\/gece-vakti-kimdir-kapiyi-calip-gelen\/","title":{"rendered":"Gece Vakti Kimdir Kap\u0131y\u0131 \u00e7al\u0131p gelen"},"content":{"rendered":"<p>\u00a0<\/p>\n<p><span style=\"color: #000000;\">Gece vakti kimdir kap\u0131y\u0131 \u00e7al\u0131p gelen <br \/>Yitirdi\u011fim bir mutluluk mu <br \/>Habercisi mi gelecekteki bir mutlulu\u011fun <\/p>\n<p>Gece vakti kimdir kap\u0131y\u0131 \u00e7al\u0131p gelen <br \/>\u0130\u00e7imde ba\u011f\u0131ran ac\u0131lar m\u0131 <br \/>Serseri, ba\u015f\u0131bo\u015f bir r\u00fczgar m\u0131 <\/p>\n<p>Gece vakti kimdir kap\u0131y\u0131 \u00e7al\u0131p gelen <br \/>Ans\u0131z\u0131n \u00e7\u0131k\u0131p gelen bahar m\u0131 <\/p>\n<p>Gece vakti kimdir kap\u0131y\u0131 \u00e7al\u0131p gelen <br \/>Y\u00fcre\u011fim mi,damarlarimda h\u0131\u015f\u0131rdayan kan m\u0131<\/p>\n<p>Ba\u011f\u0131rarak bu kans\u0131z evlerin surat\u0131na <br \/>Ba\u011f\u0131rarak bu kans\u0131z sokaklar\u0131n surat\u0131na <br \/>Ba\u011f\u0131rarak bu kans\u0131z insanlar\u0131n surat\u0131na <br \/>Ba\u011f\u0131rarak y\u00fcre\u011fimdeki kan\u0131 <\/p>\n<p>Gece vakti kimdir kap\u0131y\u0131 \u00e7al\u0131p gelen <\/span><\/p>\n<p> <span>Ataol Behramo\u011flu<\/span><\/p>\n","protected":false},"excerpt":{"rendered":"<p>\u00a0 Gece vakti kimdir kap\u0131y\u0131 \u00e7al\u0131p gelen Yitirdi\u011fim bir mutluluk mu Habercisi mi gelecekteki bir mutlulu\u011fun Gece vakti kimdir kap\u0131y\u0131 \u00e7al\u0131p gelen \u0130\u00e7imde ba\u011f\u0131ran ac\u0131lar m\u0131 Serseri, ba\u015f\u0131bo\u015f bir r\u00fczgar m\u0131 Gece vakti kimdir kap\u0131y\u0131 \u00e7al\u0131p gelen Ans\u0131z\u0131n \u00e7\u0131k\u0131p gelen bahar m\u0131 Gece vakti kimdir kap\u0131y\u0131 \u00e7al\u0131p gelen Y\u00fcre\u011fim mi,damarlarimda h\u0131\u015f\u0131rdayan kan m\u0131 Ba\u011f\u0131rarak bu [&hellip;]<\/p>\n","protected":false},"author":1,"featured_media":0,"comment_status":"open","ping_status":"open","sticky":false,"template":"","format":"standard","meta":{"footnotes":""},"categories":[10],"tags":[],"class_list":{"0":"post-359","1":"post","2":"type-post","3":"status-publish","4":"format-standard","6":"category-ataol-behramoglu"},"yoast_head":"<!-- This site is optimized with the Yoast SEO Premium plugin v24.9 (Yoast SEO v24.9) - https:\/\/yoast.com\/wordpress\/plugins\/seo\/ -->\n<title>Gece Vakti Kimdir Kap\u0131y\u0131 \u00e7al\u0131p gelen - narteks.net<\/title>\n<meta name=\"robots\" content=\"index, follow, max-snippet:-1, max-image-preview:large, max-video-preview:-1\" \/>\n<link rel=\"canonical\" href=\"https:\/\/narteks.net\/index.php\/2009\/03\/02\/gece-vakti-kimdir-kapiyi-calip-gelen\/\" \/>\n<meta property=\"og:locale\" content=\"tr_TR\" \/>\n<meta property=\"og:type\" content=\"article\" \/>\n<meta property=\"og:title\" content=\"Gece Vakti Kimdir Kap\u0131y\u0131 \u00e7al\u0131p gelen\" \/>\n<meta property=\"og:description\" content=\"\u00a0 Gece vakti kimdir kap\u0131y\u0131 \u00e7al\u0131p gelen Yitirdi\u011fim bir mutluluk mu Habercisi mi gelecekteki bir mutlulu\u011fun Gece vakti kimdir kap\u0131y\u0131 \u00e7al\u0131p gelen \u0130\u00e7imde ba\u011f\u0131ran ac\u0131lar m\u0131 Serseri, ba\u015f\u0131bo\u015f bir r\u00fczgar m\u0131 Gece vakti kimdir kap\u0131y\u0131 \u00e7al\u0131p gelen Ans\u0131z\u0131n \u00e7\u0131k\u0131p gelen bahar m\u0131 Gece vakti kimdir kap\u0131y\u0131 \u00e7al\u0131p gelen Y\u00fcre\u011fim mi,damarlarimda h\u0131\u015f\u0131rdayan kan m\u0131 Ba\u011f\u0131rarak bu [&hellip;]\" \/>\n<meta property=\"og:url\" content=\"https:\/\/narteks.net\/index.php\/2009\/03\/02\/gece-vakti-kimdir-kapiyi-calip-gelen\/\" \/>\n<meta property=\"og:site_name\" content=\"narteks.net\" \/>\n<meta property=\"article:published_time\" content=\"2009-03-02T11:36:11+00:00\" \/>\n<meta property=\"og:image\" content=\"https:\/\/narteks.net\/wp-content\/uploads\/narteks.png\" \/>\n\t<meta property=\"og:image:width\" content=\"300\" \/>\n\t<meta property=\"og:image:height\" content=\"90\" \/>\n\t<meta property=\"og:image:type\" content=\"image\/png\" \/>\n<meta name=\"author\" content=\"Tar\u0131k\" \/>\n<meta name=\"twitter:card\" content=\"summary_large_image\" \/>\n<meta name=\"twitter:creator\" content=\"@narteks\" \/>\n<meta name=\"twitter:site\" content=\"@narteks\" \/>\n<meta name=\"twitter:label1\" content=\"Yazan:\" \/>\n\t<meta name=\"twitter:data1\" content=\"Tar\u0131k\" \/>\n\t<meta name=\"twitter:label2\" content=\"Tahmini okuma s\u00fcresi\" \/>\n\t<meta name=\"twitter:data2\" content=\"1 dakika\" \/>\n<script type=\"application\/ld+json\" class=\"yoast-schema-graph\">{\"@context\":\"https:\/\/schema.org\",\"@graph\":[{\"@type\":\"Article\",\"@id\":\"https:\/\/narteks.net\/index.php\/2009\/03\/02\/gece-vakti-kimdir-kapiyi-calip-gelen\/#article\",\"isPartOf\":{\"@id\":\"https:\/\/narteks.net\/index.php\/2009\/03\/02\/gece-vakti-kimdir-kapiyi-calip-gelen\/\"},\"author\":{\"name\":\"Tar\u0131k\",\"@id\":\"https:\/\/narteks.net\/#\/schema\/person\/61f37d9834294b72d31d274e7ed79bca\"},\"headline\":\"Gece Vakti Kimdir Kap\u0131y\u0131 \u00e7al\u0131p gelen\",\"datePublished\":\"2009-03-02T11:36:11+00:00\",\"mainEntityOfPage\":{\"@id\":\"https:\/\/narteks.net\/index.php\/2009\/03\/02\/gece-vakti-kimdir-kapiyi-calip-gelen\/\"},\"wordCount\":124,\"commentCount\":0,\"publisher\":{\"@id\":\"https:\/\/narteks.net\/#organization\"},\"articleSection\":[\"Ataol BEHRAMOGLU\"],\"inLanguage\":\"tr\",\"potentialAction\":[{\"@type\":\"CommentAction\",\"name\":\"Comment\",\"target\":[\"https:\/\/narteks.net\/index.php\/2009\/03\/02\/gece-vakti-kimdir-kapiyi-calip-gelen\/#respond\"]}]},{\"@type\":\"WebPage\",\"@id\":\"https:\/\/narteks.net\/index.php\/2009\/03\/02\/gece-vakti-kimdir-kapiyi-calip-gelen\/\",\"url\":\"https:\/\/narteks.net\/index.php\/2009\/03\/02\/gece-vakti-kimdir-kapiyi-calip-gelen\/\",\"name\":\"Gece Vakti Kimdir Kap\u0131y\u0131 \u00e7al\u0131p gelen - narteks.net\",\"isPartOf\":{\"@id\":\"https:\/\/narteks.net\/#website\"},\"datePublished\":\"2009-03-02T11:36:11+00:00\",\"breadcrumb\":{\"@id\":\"https:\/\/narteks.net\/index.php\/2009\/03\/02\/gece-vakti-kimdir-kapiyi-calip-gelen\/#breadcrumb\"},\"inLanguage\":\"tr\",\"potentialAction\":[{\"@type\":\"ReadAction\",\"target\":[\"https:\/\/narteks.net\/index.php\/2009\/03\/02\/gece-vakti-kimdir-kapiyi-calip-gelen\/\"]}]},{\"@type\":\"BreadcrumbList\",\"@id\":\"https:\/\/narteks.net\/index.php\/2009\/03\/02\/gece-vakti-kimdir-kapiyi-calip-gelen\/#breadcrumb\",\"itemListElement\":[{\"@type\":\"ListItem\",\"position\":1,\"name\":\"Anasayfa\",\"item\":\"https:\/\/narteks.net\/\"},{\"@type\":\"ListItem\",\"position\":2,\"name\":\"Gece Vakti Kimdir Kap\u0131y\u0131 \u00e7al\u0131p gelen\"}]},{\"@type\":\"WebSite\",\"@id\":\"https:\/\/narteks.net\/#website\",\"url\":\"https:\/\/narteks.net\/\",\"name\":\"narteks.net\",\"description\":\"K\u00fclt\u00fcr Sanat Edebiyat Felsefe\",\"publisher\":{\"@id\":\"https:\/\/narteks.net\/#organization\"},\"alternateName\":\"K\u00fclt\u00fcr Sanat Edebiyat Felsefe\",\"potentialAction\":[{\"@type\":\"SearchAction\",\"target\":{\"@type\":\"EntryPoint\",\"urlTemplate\":\"https:\/\/narteks.net\/?s={search_term_string}\"},\"query-input\":{\"@type\":\"PropertyValueSpecification\",\"valueRequired\":true,\"valueName\":\"search_term_string\"}}],\"inLanguage\":\"tr\"},{\"@type\":\"Organization\",\"@id\":\"https:\/\/narteks.net\/#organization\",\"name\":\"narteks.net\",\"url\":\"https:\/\/narteks.net\/\",\"logo\":{\"@type\":\"ImageObject\",\"inLanguage\":\"tr\",\"@id\":\"https:\/\/narteks.net\/#\/schema\/logo\/image\/\",\"url\":\"https:\/\/narteks.net\/wp-content\/uploads\/narteks.png\",\"contentUrl\":\"https:\/\/narteks.net\/wp-content\/uploads\/narteks.png\",\"width\":300,\"height\":90,\"caption\":\"narteks.net\"},\"image\":{\"@id\":\"https:\/\/narteks.net\/#\/schema\/logo\/image\/\"},\"sameAs\":[\"https:\/\/x.com\/narteks\",\"https:\/\/instagram.com\/narteksnet\"]},{\"@type\":\"Person\",\"@id\":\"https:\/\/narteks.net\/#\/schema\/person\/61f37d9834294b72d31d274e7ed79bca\",\"name\":\"Tar\u0131k\",\"image\":{\"@type\":\"ImageObject\",\"inLanguage\":\"tr\",\"@id\":\"https:\/\/narteks.net\/#\/schema\/person\/image\/\",\"url\":\"https:\/\/secure.gravatar.com\/avatar\/50865afb55632c4ae467e0af0930f6510aa2297d8014be502a55b14f3b7550cf?s=96&d=mm&r=g\",\"contentUrl\":\"https:\/\/secure.gravatar.com\/avatar\/50865afb55632c4ae467e0af0930f6510aa2297d8014be502a55b14f3b7550cf?s=96&d=mm&r=g\",\"caption\":\"Tar\u0131k\"},\"sameAs\":[\"http:\/\/narteks.net\"],\"url\":\"https:\/\/narteks.net\/index.php\/author\/narbak\/\"}]}<\/script>\n<!-- \/ Yoast SEO Premium plugin. -->","yoast_head_json":{"title":"Gece Vakti Kimdir Kap\u0131y\u0131 \u00e7al\u0131p gelen - narteks.net","robots":{"index":"index","follow":"follow","max-snippet":"max-snippet:-1","max-image-preview":"max-image-preview:large","max-video-preview":"max-video-preview:-1"},"canonical":"https:\/\/narteks.net\/index.php\/2009\/03\/02\/gece-vakti-kimdir-kapiyi-calip-gelen\/","og_locale":"tr_TR","og_type":"article","og_title":"Gece Vakti Kimdir Kap\u0131y\u0131 \u00e7al\u0131p gelen","og_description":"\u00a0 Gece vakti kimdir kap\u0131y\u0131 \u00e7al\u0131p gelen Yitirdi\u011fim bir mutluluk mu Habercisi mi gelecekteki bir mutlulu\u011fun Gece vakti kimdir kap\u0131y\u0131 \u00e7al\u0131p gelen \u0130\u00e7imde ba\u011f\u0131ran ac\u0131lar m\u0131 Serseri, ba\u015f\u0131bo\u015f bir r\u00fczgar m\u0131 Gece vakti kimdir kap\u0131y\u0131 \u00e7al\u0131p gelen Ans\u0131z\u0131n \u00e7\u0131k\u0131p gelen bahar m\u0131 Gece vakti kimdir kap\u0131y\u0131 \u00e7al\u0131p gelen Y\u00fcre\u011fim mi,damarlarimda h\u0131\u015f\u0131rdayan kan m\u0131 Ba\u011f\u0131rarak bu [&hellip;]","og_url":"https:\/\/narteks.net\/index.php\/2009\/03\/02\/gece-vakti-kimdir-kapiyi-calip-gelen\/","og_site_name":"narteks.net","article_published_time":"2009-03-02T11:36:11+00:00","og_image":[{"width":300,"height":90,"url":"https:\/\/narteks.net\/wp-content\/uploads\/narteks.png","type":"image\/png"}],"author":"Tar\u0131k","twitter_card":"summary_large_image","twitter_creator":"@narteks","twitter_site":"@narteks","twitter_misc":{"Yazan:":"Tar\u0131k","Tahmini okuma s\u00fcresi":"1 dakika"},"schema":{"@context":"https:\/\/schema.org","@graph":[{"@type":"Article","@id":"https:\/\/narteks.net\/index.php\/2009\/03\/02\/gece-vakti-kimdir-kapiyi-calip-gelen\/#article","isPartOf":{"@id":"https:\/\/narteks.net\/index.php\/2009\/03\/02\/gece-vakti-kimdir-kapiyi-calip-gelen\/"},"author":{"name":"Tar\u0131k","@id":"https:\/\/narteks.net\/#\/schema\/person\/61f37d9834294b72d31d274e7ed79bca"},"headline":"Gece Vakti Kimdir Kap\u0131y\u0131 \u00e7al\u0131p gelen","datePublished":"2009-03-02T11:36:11+00:00","mainEntityOfPage":{"@id":"https:\/\/narteks.net\/index.php\/2009\/03\/02\/gece-vakti-kimdir-kapiyi-calip-gelen\/"},"wordCount":124,"commentCount":0,"publisher":{"@id":"https:\/\/narteks.net\/#organization"},"articleSection":["Ataol BEHRAMOGLU"],"inLanguage":"tr","potentialAction":[{"@type":"CommentAction","name":"Comment","target":["https:\/\/narteks.net\/index.php\/2009\/03\/02\/gece-vakti-kimdir-kapiyi-calip-gelen\/#respond"]}]},{"@type":"WebPage","@id":"https:\/\/narteks.net\/index.php\/2009\/03\/02\/gece-vakti-kimdir-kapiyi-calip-gelen\/","url":"https:\/\/narteks.net\/index.php\/2009\/03\/02\/gece-vakti-kimdir-kapiyi-calip-gelen\/","name":"Gece Vakti Kimdir Kap\u0131y\u0131 \u00e7al\u0131p gelen - narteks.net","isPartOf":{"@id":"https:\/\/narteks.net\/#website"},"datePublished":"2009-03-02T11:36:11+00:00","breadcrumb":{"@id":"https:\/\/narteks.net\/index.php\/2009\/03\/02\/gece-vakti-kimdir-kapiyi-calip-gelen\/#breadcrumb"},"inLanguage":"tr","potentialAction":[{"@type":"ReadAction","target":["https:\/\/narteks.net\/index.php\/2009\/03\/02\/gece-vakti-kimdir-kapiyi-calip-gelen\/"]}]},{"@type":"BreadcrumbList","@id":"https:\/\/narteks.net\/index.php\/2009\/03\/02\/gece-vakti-kimdir-kapiyi-calip-gelen\/#breadcrumb","itemListElement":[{"@type":"ListItem","position":1,"name":"Anasayfa","item":"https:\/\/narteks.net\/"},{"@type":"ListItem","position":2,"name":"Gece Vakti Kimdir Kap\u0131y\u0131 \u00e7al\u0131p gelen"}]},{"@type":"WebSite","@id":"https:\/\/narteks.net\/#website","url":"https:\/\/narteks.net\/","name":"narteks.net","description":"K\u00fclt\u00fcr Sanat Edebiyat Felsefe","publisher":{"@id":"https:\/\/narteks.net\/#organization"},"alternateName":"K\u00fclt\u00fcr Sanat Edebiyat Felsefe","potentialAction":[{"@type":"SearchAction","target":{"@type":"EntryPoint","urlTemplate":"https:\/\/narteks.net\/?s={search_term_string}"},"query-input":{"@type":"PropertyValueSpecification","valueRequired":true,"valueName":"search_term_string"}}],"inLanguage":"tr"},{"@type":"Organization","@id":"https:\/\/narteks.net\/#organization","name":"narteks.net","url":"https:\/\/narteks.net\/","logo":{"@type":"ImageObject","inLanguage":"tr","@id":"https:\/\/narteks.net\/#\/schema\/logo\/image\/","url":"https:\/\/narteks.net\/wp-content\/uploads\/narteks.png","contentUrl":"https:\/\/narteks.net\/wp-content\/uploads\/narteks.png","width":300,"height":90,"caption":"narteks.net"},"image":{"@id":"https:\/\/narteks.net\/#\/schema\/logo\/image\/"},"sameAs":["https:\/\/x.com\/narteks","https:\/\/instagram.com\/narteksnet"]},{"@type":"Person","@id":"https:\/\/narteks.net\/#\/schema\/person\/61f37d9834294b72d31d274e7ed79bca","name":"Tar\u0131k","image":{"@type":"ImageObject","inLanguage":"tr","@id":"https:\/\/narteks.net\/#\/schema\/person\/image\/","url":"https:\/\/secure.gravatar.com\/avatar\/50865afb55632c4ae467e0af0930f6510aa2297d8014be502a55b14f3b7550cf?s=96&d=mm&r=g","contentUrl":"https:\/\/secure.gravatar.com\/avatar\/50865afb55632c4ae467e0af0930f6510aa2297d8014be502a55b14f3b7550cf?s=96&d=mm&r=g","caption":"Tar\u0131k"},"sameAs":["http:\/\/narteks.net"],"url":"https:\/\/narteks.net\/index.php\/author\/narbak\/"}]}},"_links":{"self":[{"href":"https:\/\/narteks.net\/index.php\/wp-json\/wp\/v2\/posts\/359","targetHints":{"allow":["GET"]}}],"collection":[{"href":"https:\/\/narteks.net\/index.php\/wp-json\/wp\/v2\/posts"}],"about":[{"href":"https:\/\/narteks.net\/index.php\/wp-json\/wp\/v2\/types\/post"}],"author":[{"embeddable":true,"href":"https:\/\/narteks.net\/index.php\/wp-json\/wp\/v2\/users\/1"}],"replies":[{"embeddable":true,"href":"https:\/\/narteks.net\/index.php\/wp-json\/wp\/v2\/comments?post=359"}],"version-history":[{"count":0,"href":"https:\/\/narteks.net\/index.php\/wp-json\/wp\/v2\/posts\/359\/revisions"}],"wp:attachment":[{"href":"https:\/\/narteks.net\/index.php\/wp-json\/wp\/v2\/media?parent=359"}],"wp:term":[{"taxonomy":"category","embeddable":true,"href":"https:\/\/narteks.net\/index.php\/wp-json\/wp\/v2\/categories?post=359"},{"taxonomy":"post_tag","embeddable":true,"href":"https:\/\/narteks.net\/index.php\/wp-json\/wp\/v2\/tags?post=359"}],"curies":[{"name":"wp","href":"https:\/\/api.w.org\/{rel}","templated":true}]}}