{"id":3590,"date":"2009-12-29T12:19:41","date_gmt":"2009-12-29T09:19:41","guid":{"rendered":"http:\/\/localhost\/wordpress\/2009\/12\/29\/manzume-siir-ahenk\/"},"modified":"2009-12-29T12:19:41","modified_gmt":"2009-12-29T09:19:41","slug":"manzume-siir-ahenk","status":"publish","type":"post","link":"https:\/\/narteks.net\/index.php\/2009\/12\/29\/manzume-siir-ahenk\/","title":{"rendered":"MANZUME-\u015e\u0130\u0130R-AHENK"},"content":{"rendered":"<p><strong>Manzume ve \u015eiir<\/strong><\/p>\n<p>S\u0130TEM<br \/>\u00d6nde zeytin a\u011fa\u00e7lar\u0131 arkas\u0131nda y\u00e2r<br \/>Sene 1946<br \/>Mevsim<br \/>Sonbahar<br \/>\u00d6nde zeytin a\u011fa\u00e7lar\u0131 neyleyim neyleyim<br \/>Dallar\u0131 neyleyim<br \/>Y\u00e2r yoluna d\u00f6k\u00fclmedik dilleri neyleyim<br \/>Y\u00e2ry\u00e2r<br \/>Seni kara sapl\u0131 bir b\u0131\u00e7ak gibi sineme saplad\u0131lar<br \/>De\u011firmen misali d\u00f6ner ba\u015f\u0131m<br \/>Sevda de\u011fil bu bir h\u0131\u015f\u0131m<br \/>Gel g\u00f6r beni darmada\u011f\u0131n,<br \/>Tel tel \u00e7\u00f6z\u00fcl\u00fcp kalm\u0131\u015f\u0131m<br \/>Y\u00e2ry\u00e2r<br \/>Can\u0131m\u0131n \u00e7ekirde\u011finde diken<br \/>G\u00f6z\u00fcm\u00fcn bebe\u011finde sitem var ( Bedri Rahmi Ey\u00fcbo\u011flu )<\/p>\n<p>\u015eiirde, duygu ses ak\u0131\u015f\u0131yla birlikte verilmi\u015ftir. &#8220;Yar&#8221; s\u00f6zc\u00fc\u011f\u00fcn\u00fcn s\u0131k tekrar\u0131, -ar ve -\u0131m uyaklar\u0131n\u0131n de\u011fi\u015fik aral\u0131klarla kullan\u0131lmas\u0131 ses ak\u0131\u015f\u0131n\u0131 sa\u011flam\u0131\u015ft\u0131r. S\u00f6zc\u00fcklere yan anlamlar y\u00fcklenmi\u015ftir. Bireysel duygular\u0131n yans\u0131t\u0131ld\u0131\u011f\u0131 bir ger\u00e7eklik vard\u0131r. Bu ger\u00e7eklikte \u00e7a\u011fr\u0131\u015f\u0131m \u00f6n plandad\u0131r. Bu sebeple metin yap\u0131 bak\u0131m\u0131ndan &#8220;\u015fiir&#8221; \u00f6zelli\u011fi ta\u015f\u0131maktad\u0131r.<\/p>\n<p>Dizeleri c\u00fcmleler \u015feklinde yaz\u0131p \u015fiiri d\u00fcz yaz\u0131ya \u00e7evirmeye \u00e7al\u0131\u015fal\u0131m:<\/p>\n<p>&#8220;\u00d6nde zeytin a\u011fa\u00e7lar\u0131, arkas\u0131nda y\u00e2r var. Sene 1946, mevsim son\u00adbahar. \u00d6nde zeytin a\u011fa\u00e7lar\u0131 neyleyim, dallar\u0131 neyleyim, y\u00e2r yoluna d\u00f6k\u00fclmedik dilleri neyleyim.&#8221;<\/p>\n<p>G\u00f6r\u00fcld\u00fc\u011f\u00fc gibi ses ak\u0131\u015f\u0131yla ve \u00e7a\u011fr\u0131\u015f\u0131mlarla sa\u011flanan duygu y\u00f6n\u00fc, \u015fiir, d\u00fcz yaz\u0131ya \u00e7evrilince bozuluyor. \u00c7a\u011fr\u0131\u015f\u0131m y\u00f6n\u00fc g\u00fc\u00e7l\u00fc olan \u015fiirlerin d\u00fcz yaz\u0131yla ifade edilmesi zordur ve anlam kayb\u0131na sebep olur. Sitem adl\u0131 \u015fiirin olay \u00f6rg\u00fcs\u00fcn\u00fc \u00e7\u0131karamay\u0131z. \u00c7\u00fcnk\u00fc \u015fiirlerde olaylar de\u011fil, olaylar\u0131n kar\u015f\u0131s\u0131ndaki bireysel sezi\u015f, duyu\u015f ve hayal dile getirilir. Bu \u015fiirde ama\u00e7, bireysel duygunun anlat\u0131lmas\u0131d\u0131r.<br \/>\u015eiirde, duygu anlat\u0131ld\u0131\u011f\u0131 i\u00e7in soyut y\u00f6n\u00fc a\u011f\u0131r basar, \u00e7a\u011fr\u0131\u015f\u0131m y\u00f6n\u00fc g\u00fc\u00e7l\u00fcd\u00fcr, anlam \u00e7ok y\u00f6nl\u00fcd\u00fcr.<br \/>\u015eiirde Ahenk<\/p>\n<p>\u015eiirde ahengi sa\u011flayan \u00f6\u011feler \u015funlard\u0131r:<\/p>\n<p>-\u00d6l\u00e7\u00fc (Hece \u00d6l\u00e7\u00fcs\u00fc, Aruz \u00d6l\u00e7\u00fcs\u00fc)<br \/>-Uyak\/Redif\/\u0130\u00e7 uyak<br \/>-Aliterasyon<br \/>-Asonans<br \/>-Ses ak\u0131\u015f\u0131<br \/>-Vurgu ve tonlama (S\u00f6yleyi\u015f tarz\u0131)<br \/>\u015eiirde ahenk unsurlar\u0131 nelerdir?<\/p>\n<p><strong>AHENK UNSURLARI<\/strong><\/p>\n<p>1.\u015eiirde \u015fekil ve muhtevan\u0131n ideal uyumudur.<br \/>2.Dizeleri olu\u015fturan kelimelerdeki \u015fiiri olu\u015fturan dizelerdeki seslerin uyumu demektir.<br \/>3.\u015eiirle d\u00fcz yaz\u0131y\u0131 birbirinden en \u00f6nemli \u00f6zellik ahenktir.<br \/>4.Ahenk unsurlar\u0131 armoni ve ritm olmak \u00fczere iki ba\u015fl\u0131k alt\u0131nda ele al\u0131n\u0131r.<\/p>\n<p><strong>ARMON\u0130<\/strong><br \/>1.Ard arda gelen dizelerdeki seslerin uyumu demektir.<br \/>2. Bu uyum birbirine yak\u0131n \u00fcnl\u00fc ve \u00fcns\u00fcz seslerin tekrar edilmesiyle sa\u011flan\u0131r.<\/p>\n<p>Aliterasyon: \u00fcns\u00fcz seslerin ard arda tekrar edilmesiyle elde edilir.<br \/>Bir b\u00fcy\u00fck bo\u015flukta bozuldu b\u00fcy\u00fc<br \/>Can\u0131mdan can\u0131na nice can aks\u0131n ey can<\/p>\n<p>Asonans: \u00fcnl\u00fc seslerin ard arda tekrar edilmesiyle elde edilen armonidir.<br \/>Aya\u011f\u0131n sak\u0131narak basma aman sultan\u0131m<br \/>D\u00f6k\u00fclen mey k\u0131r\u0131lan \u015fi\u015fe-i rind\u00e2n olsun<\/p>\n<p><strong>R\u0130TM<\/strong><br \/>1.\u015eiirde uyak ve \u00f6l\u00e7\u00fcn\u00fcn ustal\u0131kl\u0131 kullan\u0131lmas\u0131yla elde edilen ahenktir.<br \/>T\u00e2rik-i g\u00fclz\u00e2r-\u0131 \u00e2lem \/ m\u00e2lik-i m\u00fclk-i \u00e2dem<br \/>M\u00fcnkirine mahz-\u0131 m\u00e2tem \/ m\u00fcminine s\u00fbrsun (Itr\u00ee)<\/p>\n<p>Ne sabah\u0131 g\u00f6reyim ne sabah g\u00f6r\u00fcneyim<br \/>G\u00fcnd\u00fczler size kas\u0131n verin karanl\u0131klar\u0131<br \/>Islak bir yorgan gibi s\u0131ms\u0131k\u0131 b\u00fcr\u00fcneyim<br \/>\u00d6rt\u00fcn \u00fcst\u00fcme \u00f6rt\u00fcn serin karanl\u0131klar\u0131 (Necip Faz\u0131l K\u0131sak\u00fcrek)<\/p>\n<p>Yukar\u0131daki birinci \u015fiirde ritim hem i\u00e7 uyakla hem de aruz \u00f6l\u00e7\u00fcs\u00fcyle ikinci \u015fiirde ise ritim hem uyakla hem de hece \u00f6l\u00e7\u00fcs\u00fcyle sa\u011flanm\u0131\u015ft\u0131r.<\/p>\n","protected":false},"excerpt":{"rendered":"<p>Manzume ve \u015eiir S\u0130TEM\u00d6nde zeytin a\u011fa\u00e7lar\u0131 arkas\u0131nda y\u00e2rSene 1946MevsimSonbahar\u00d6nde zeytin a\u011fa\u00e7lar\u0131 neyleyim neyleyimDallar\u0131 neyleyimY\u00e2r yoluna d\u00f6k\u00fclmedik dilleri neyleyimY\u00e2ry\u00e2rSeni kara sapl\u0131 bir b\u0131\u00e7ak gibi sineme saplad\u0131larDe\u011firmen misali d\u00f6ner ba\u015f\u0131mSevda de\u011fil bu bir h\u0131\u015f\u0131mGel g\u00f6r beni darmada\u011f\u0131n,Tel tel \u00e7\u00f6z\u00fcl\u00fcp kalm\u0131\u015f\u0131mY\u00e2ry\u00e2rCan\u0131m\u0131n \u00e7ekirde\u011finde dikenG\u00f6z\u00fcm\u00fcn bebe\u011finde sitem var ( Bedri Rahmi Ey\u00fcbo\u011flu ) \u015eiirde, duygu ses ak\u0131\u015f\u0131yla birlikte verilmi\u015ftir. &#8220;Yar&#8221; [&hellip;]<\/p>\n","protected":false},"author":1,"featured_media":0,"comment_status":"open","ping_status":"open","sticky":false,"template":"","format":"standard","meta":{"footnotes":""},"categories":[120],"tags":[],"class_list":{"0":"post-3590","1":"post","2":"type-post","3":"status-publish","4":"format-standard","6":"category-siir-uzerine-bilgiler"},"yoast_head":"<!-- This site is optimized with the Yoast SEO Premium plugin v24.9 (Yoast SEO v24.9) - https:\/\/yoast.com\/wordpress\/plugins\/seo\/ -->\n<title>MANZUME-\u015e\u0130\u0130R-AHENK - narteks.net<\/title>\n<meta name=\"robots\" content=\"index, follow, max-snippet:-1, max-image-preview:large, max-video-preview:-1\" \/>\n<link rel=\"canonical\" href=\"https:\/\/narteks.net\/index.php\/2009\/12\/29\/manzume-siir-ahenk\/\" \/>\n<meta property=\"og:locale\" content=\"tr_TR\" \/>\n<meta property=\"og:type\" content=\"article\" \/>\n<meta property=\"og:title\" content=\"MANZUME-\u015e\u0130\u0130R-AHENK\" \/>\n<meta property=\"og:description\" content=\"Manzume ve \u015eiir S\u0130TEM\u00d6nde zeytin a\u011fa\u00e7lar\u0131 arkas\u0131nda y\u00e2rSene 1946MevsimSonbahar\u00d6nde zeytin a\u011fa\u00e7lar\u0131 neyleyim neyleyimDallar\u0131 neyleyimY\u00e2r yoluna d\u00f6k\u00fclmedik dilleri neyleyimY\u00e2ry\u00e2rSeni kara sapl\u0131 bir b\u0131\u00e7ak gibi sineme saplad\u0131larDe\u011firmen misali d\u00f6ner ba\u015f\u0131mSevda de\u011fil bu bir h\u0131\u015f\u0131mGel g\u00f6r beni darmada\u011f\u0131n,Tel tel \u00e7\u00f6z\u00fcl\u00fcp kalm\u0131\u015f\u0131mY\u00e2ry\u00e2rCan\u0131m\u0131n \u00e7ekirde\u011finde dikenG\u00f6z\u00fcm\u00fcn bebe\u011finde sitem var ( Bedri Rahmi Ey\u00fcbo\u011flu ) \u015eiirde, duygu ses ak\u0131\u015f\u0131yla birlikte verilmi\u015ftir. &#8220;Yar&#8221; [&hellip;]\" \/>\n<meta property=\"og:url\" content=\"https:\/\/narteks.net\/index.php\/2009\/12\/29\/manzume-siir-ahenk\/\" \/>\n<meta property=\"og:site_name\" content=\"narteks.net\" \/>\n<meta property=\"article:published_time\" content=\"2009-12-29T09:19:41+00:00\" \/>\n<meta property=\"og:image\" content=\"https:\/\/narteks.net\/wp-content\/uploads\/narteks.png\" \/>\n\t<meta property=\"og:image:width\" content=\"300\" \/>\n\t<meta property=\"og:image:height\" content=\"90\" \/>\n\t<meta property=\"og:image:type\" content=\"image\/png\" \/>\n<meta name=\"author\" content=\"Tar\u0131k\" \/>\n<meta name=\"twitter:card\" content=\"summary_large_image\" \/>\n<meta name=\"twitter:creator\" content=\"@narteks\" \/>\n<meta name=\"twitter:site\" content=\"@narteks\" \/>\n<meta name=\"twitter:label1\" content=\"Yazan:\" \/>\n\t<meta name=\"twitter:data1\" content=\"Tar\u0131k\" \/>\n\t<meta name=\"twitter:label2\" content=\"Tahmini okuma s\u00fcresi\" \/>\n\t<meta name=\"twitter:data2\" content=\"3 dakika\" \/>\n<script type=\"application\/ld+json\" class=\"yoast-schema-graph\">{\"@context\":\"https:\/\/schema.org\",\"@graph\":[{\"@type\":\"Article\",\"@id\":\"https:\/\/narteks.net\/index.php\/2009\/12\/29\/manzume-siir-ahenk\/#article\",\"isPartOf\":{\"@id\":\"https:\/\/narteks.net\/index.php\/2009\/12\/29\/manzume-siir-ahenk\/\"},\"author\":{\"name\":\"Tar\u0131k\",\"@id\":\"https:\/\/narteks.net\/#\/schema\/person\/61f37d9834294b72d31d274e7ed79bca\"},\"headline\":\"MANZUME-\u015e\u0130\u0130R-AHENK\",\"datePublished\":\"2009-12-29T09:19:41+00:00\",\"mainEntityOfPage\":{\"@id\":\"https:\/\/narteks.net\/index.php\/2009\/12\/29\/manzume-siir-ahenk\/\"},\"wordCount\":583,\"commentCount\":0,\"publisher\":{\"@id\":\"https:\/\/narteks.net\/#organization\"},\"articleSection\":[\"\u015e\u0130\u0130R \u00dcZER\u0130NE B\u0130LG\u0130LER\"],\"inLanguage\":\"tr\",\"potentialAction\":[{\"@type\":\"CommentAction\",\"name\":\"Comment\",\"target\":[\"https:\/\/narteks.net\/index.php\/2009\/12\/29\/manzume-siir-ahenk\/#respond\"]}]},{\"@type\":\"WebPage\",\"@id\":\"https:\/\/narteks.net\/index.php\/2009\/12\/29\/manzume-siir-ahenk\/\",\"url\":\"https:\/\/narteks.net\/index.php\/2009\/12\/29\/manzume-siir-ahenk\/\",\"name\":\"MANZUME-\u015e\u0130\u0130R-AHENK - narteks.net\",\"isPartOf\":{\"@id\":\"https:\/\/narteks.net\/#website\"},\"datePublished\":\"2009-12-29T09:19:41+00:00\",\"breadcrumb\":{\"@id\":\"https:\/\/narteks.net\/index.php\/2009\/12\/29\/manzume-siir-ahenk\/#breadcrumb\"},\"inLanguage\":\"tr\",\"potentialAction\":[{\"@type\":\"ReadAction\",\"target\":[\"https:\/\/narteks.net\/index.php\/2009\/12\/29\/manzume-siir-ahenk\/\"]}]},{\"@type\":\"BreadcrumbList\",\"@id\":\"https:\/\/narteks.net\/index.php\/2009\/12\/29\/manzume-siir-ahenk\/#breadcrumb\",\"itemListElement\":[{\"@type\":\"ListItem\",\"position\":1,\"name\":\"Anasayfa\",\"item\":\"https:\/\/narteks.net\/\"},{\"@type\":\"ListItem\",\"position\":2,\"name\":\"MANZUME-\u015e\u0130\u0130R-AHENK\"}]},{\"@type\":\"WebSite\",\"@id\":\"https:\/\/narteks.net\/#website\",\"url\":\"https:\/\/narteks.net\/\",\"name\":\"narteks.net\",\"description\":\"K\u00fclt\u00fcr Sanat Edebiyat Felsefe\",\"publisher\":{\"@id\":\"https:\/\/narteks.net\/#organization\"},\"alternateName\":\"K\u00fclt\u00fcr Sanat Edebiyat Felsefe\",\"potentialAction\":[{\"@type\":\"SearchAction\",\"target\":{\"@type\":\"EntryPoint\",\"urlTemplate\":\"https:\/\/narteks.net\/?s={search_term_string}\"},\"query-input\":{\"@type\":\"PropertyValueSpecification\",\"valueRequired\":true,\"valueName\":\"search_term_string\"}}],\"inLanguage\":\"tr\"},{\"@type\":\"Organization\",\"@id\":\"https:\/\/narteks.net\/#organization\",\"name\":\"narteks.net\",\"url\":\"https:\/\/narteks.net\/\",\"logo\":{\"@type\":\"ImageObject\",\"inLanguage\":\"tr\",\"@id\":\"https:\/\/narteks.net\/#\/schema\/logo\/image\/\",\"url\":\"https:\/\/narteks.net\/wp-content\/uploads\/narteks.png\",\"contentUrl\":\"https:\/\/narteks.net\/wp-content\/uploads\/narteks.png\",\"width\":300,\"height\":90,\"caption\":\"narteks.net\"},\"image\":{\"@id\":\"https:\/\/narteks.net\/#\/schema\/logo\/image\/\"},\"sameAs\":[\"https:\/\/x.com\/narteks\",\"https:\/\/instagram.com\/narteksnet\"]},{\"@type\":\"Person\",\"@id\":\"https:\/\/narteks.net\/#\/schema\/person\/61f37d9834294b72d31d274e7ed79bca\",\"name\":\"Tar\u0131k\",\"image\":{\"@type\":\"ImageObject\",\"inLanguage\":\"tr\",\"@id\":\"https:\/\/narteks.net\/#\/schema\/person\/image\/\",\"url\":\"https:\/\/secure.gravatar.com\/avatar\/50865afb55632c4ae467e0af0930f6510aa2297d8014be502a55b14f3b7550cf?s=96&d=mm&r=g\",\"contentUrl\":\"https:\/\/secure.gravatar.com\/avatar\/50865afb55632c4ae467e0af0930f6510aa2297d8014be502a55b14f3b7550cf?s=96&d=mm&r=g\",\"caption\":\"Tar\u0131k\"},\"sameAs\":[\"http:\/\/narteks.net\"],\"url\":\"https:\/\/narteks.net\/index.php\/author\/narbak\/\"}]}<\/script>\n<!-- \/ Yoast SEO Premium plugin. -->","yoast_head_json":{"title":"MANZUME-\u015e\u0130\u0130R-AHENK - narteks.net","robots":{"index":"index","follow":"follow","max-snippet":"max-snippet:-1","max-image-preview":"max-image-preview:large","max-video-preview":"max-video-preview:-1"},"canonical":"https:\/\/narteks.net\/index.php\/2009\/12\/29\/manzume-siir-ahenk\/","og_locale":"tr_TR","og_type":"article","og_title":"MANZUME-\u015e\u0130\u0130R-AHENK","og_description":"Manzume ve \u015eiir S\u0130TEM\u00d6nde zeytin a\u011fa\u00e7lar\u0131 arkas\u0131nda y\u00e2rSene 1946MevsimSonbahar\u00d6nde zeytin a\u011fa\u00e7lar\u0131 neyleyim neyleyimDallar\u0131 neyleyimY\u00e2r yoluna d\u00f6k\u00fclmedik dilleri neyleyimY\u00e2ry\u00e2rSeni kara sapl\u0131 bir b\u0131\u00e7ak gibi sineme saplad\u0131larDe\u011firmen misali d\u00f6ner ba\u015f\u0131mSevda de\u011fil bu bir h\u0131\u015f\u0131mGel g\u00f6r beni darmada\u011f\u0131n,Tel tel \u00e7\u00f6z\u00fcl\u00fcp kalm\u0131\u015f\u0131mY\u00e2ry\u00e2rCan\u0131m\u0131n \u00e7ekirde\u011finde dikenG\u00f6z\u00fcm\u00fcn bebe\u011finde sitem var ( Bedri Rahmi Ey\u00fcbo\u011flu ) \u015eiirde, duygu ses ak\u0131\u015f\u0131yla birlikte verilmi\u015ftir. &#8220;Yar&#8221; [&hellip;]","og_url":"https:\/\/narteks.net\/index.php\/2009\/12\/29\/manzume-siir-ahenk\/","og_site_name":"narteks.net","article_published_time":"2009-12-29T09:19:41+00:00","og_image":[{"width":300,"height":90,"url":"https:\/\/narteks.net\/wp-content\/uploads\/narteks.png","type":"image\/png"}],"author":"Tar\u0131k","twitter_card":"summary_large_image","twitter_creator":"@narteks","twitter_site":"@narteks","twitter_misc":{"Yazan:":"Tar\u0131k","Tahmini okuma s\u00fcresi":"3 dakika"},"schema":{"@context":"https:\/\/schema.org","@graph":[{"@type":"Article","@id":"https:\/\/narteks.net\/index.php\/2009\/12\/29\/manzume-siir-ahenk\/#article","isPartOf":{"@id":"https:\/\/narteks.net\/index.php\/2009\/12\/29\/manzume-siir-ahenk\/"},"author":{"name":"Tar\u0131k","@id":"https:\/\/narteks.net\/#\/schema\/person\/61f37d9834294b72d31d274e7ed79bca"},"headline":"MANZUME-\u015e\u0130\u0130R-AHENK","datePublished":"2009-12-29T09:19:41+00:00","mainEntityOfPage":{"@id":"https:\/\/narteks.net\/index.php\/2009\/12\/29\/manzume-siir-ahenk\/"},"wordCount":583,"commentCount":0,"publisher":{"@id":"https:\/\/narteks.net\/#organization"},"articleSection":["\u015e\u0130\u0130R \u00dcZER\u0130NE B\u0130LG\u0130LER"],"inLanguage":"tr","potentialAction":[{"@type":"CommentAction","name":"Comment","target":["https:\/\/narteks.net\/index.php\/2009\/12\/29\/manzume-siir-ahenk\/#respond"]}]},{"@type":"WebPage","@id":"https:\/\/narteks.net\/index.php\/2009\/12\/29\/manzume-siir-ahenk\/","url":"https:\/\/narteks.net\/index.php\/2009\/12\/29\/manzume-siir-ahenk\/","name":"MANZUME-\u015e\u0130\u0130R-AHENK - narteks.net","isPartOf":{"@id":"https:\/\/narteks.net\/#website"},"datePublished":"2009-12-29T09:19:41+00:00","breadcrumb":{"@id":"https:\/\/narteks.net\/index.php\/2009\/12\/29\/manzume-siir-ahenk\/#breadcrumb"},"inLanguage":"tr","potentialAction":[{"@type":"ReadAction","target":["https:\/\/narteks.net\/index.php\/2009\/12\/29\/manzume-siir-ahenk\/"]}]},{"@type":"BreadcrumbList","@id":"https:\/\/narteks.net\/index.php\/2009\/12\/29\/manzume-siir-ahenk\/#breadcrumb","itemListElement":[{"@type":"ListItem","position":1,"name":"Anasayfa","item":"https:\/\/narteks.net\/"},{"@type":"ListItem","position":2,"name":"MANZUME-\u015e\u0130\u0130R-AHENK"}]},{"@type":"WebSite","@id":"https:\/\/narteks.net\/#website","url":"https:\/\/narteks.net\/","name":"narteks.net","description":"K\u00fclt\u00fcr Sanat Edebiyat Felsefe","publisher":{"@id":"https:\/\/narteks.net\/#organization"},"alternateName":"K\u00fclt\u00fcr Sanat Edebiyat Felsefe","potentialAction":[{"@type":"SearchAction","target":{"@type":"EntryPoint","urlTemplate":"https:\/\/narteks.net\/?s={search_term_string}"},"query-input":{"@type":"PropertyValueSpecification","valueRequired":true,"valueName":"search_term_string"}}],"inLanguage":"tr"},{"@type":"Organization","@id":"https:\/\/narteks.net\/#organization","name":"narteks.net","url":"https:\/\/narteks.net\/","logo":{"@type":"ImageObject","inLanguage":"tr","@id":"https:\/\/narteks.net\/#\/schema\/logo\/image\/","url":"https:\/\/narteks.net\/wp-content\/uploads\/narteks.png","contentUrl":"https:\/\/narteks.net\/wp-content\/uploads\/narteks.png","width":300,"height":90,"caption":"narteks.net"},"image":{"@id":"https:\/\/narteks.net\/#\/schema\/logo\/image\/"},"sameAs":["https:\/\/x.com\/narteks","https:\/\/instagram.com\/narteksnet"]},{"@type":"Person","@id":"https:\/\/narteks.net\/#\/schema\/person\/61f37d9834294b72d31d274e7ed79bca","name":"Tar\u0131k","image":{"@type":"ImageObject","inLanguage":"tr","@id":"https:\/\/narteks.net\/#\/schema\/person\/image\/","url":"https:\/\/secure.gravatar.com\/avatar\/50865afb55632c4ae467e0af0930f6510aa2297d8014be502a55b14f3b7550cf?s=96&d=mm&r=g","contentUrl":"https:\/\/secure.gravatar.com\/avatar\/50865afb55632c4ae467e0af0930f6510aa2297d8014be502a55b14f3b7550cf?s=96&d=mm&r=g","caption":"Tar\u0131k"},"sameAs":["http:\/\/narteks.net"],"url":"https:\/\/narteks.net\/index.php\/author\/narbak\/"}]}},"_links":{"self":[{"href":"https:\/\/narteks.net\/index.php\/wp-json\/wp\/v2\/posts\/3590","targetHints":{"allow":["GET"]}}],"collection":[{"href":"https:\/\/narteks.net\/index.php\/wp-json\/wp\/v2\/posts"}],"about":[{"href":"https:\/\/narteks.net\/index.php\/wp-json\/wp\/v2\/types\/post"}],"author":[{"embeddable":true,"href":"https:\/\/narteks.net\/index.php\/wp-json\/wp\/v2\/users\/1"}],"replies":[{"embeddable":true,"href":"https:\/\/narteks.net\/index.php\/wp-json\/wp\/v2\/comments?post=3590"}],"version-history":[{"count":0,"href":"https:\/\/narteks.net\/index.php\/wp-json\/wp\/v2\/posts\/3590\/revisions"}],"wp:attachment":[{"href":"https:\/\/narteks.net\/index.php\/wp-json\/wp\/v2\/media?parent=3590"}],"wp:term":[{"taxonomy":"category","embeddable":true,"href":"https:\/\/narteks.net\/index.php\/wp-json\/wp\/v2\/categories?post=3590"},{"taxonomy":"post_tag","embeddable":true,"href":"https:\/\/narteks.net\/index.php\/wp-json\/wp\/v2\/tags?post=3590"}],"curies":[{"name":"wp","href":"https:\/\/api.w.org\/{rel}","templated":true}]}}