{"id":3592,"date":"2009-12-29T12:30:54","date_gmt":"2009-12-29T09:30:54","guid":{"rendered":"http:\/\/localhost\/wordpress\/2009\/12\/29\/gerceklik-ve-anlam\/"},"modified":"2009-12-29T12:30:54","modified_gmt":"2009-12-29T09:30:54","slug":"gerceklik-ve-anlam","status":"publish","type":"post","link":"https:\/\/narteks.net\/index.php\/2009\/12\/29\/gerceklik-ve-anlam\/","title":{"rendered":"GER\u00c7EKL\u0130K VE ANLAM"},"content":{"rendered":"<p style=\"text-align: justify;\">\u015eiirde ger\u00e7eklikten s\u00f6z edebilmek i\u00e7in \u00f6nce, k\u0131saca ger\u00e7eklik \u00fczerinde durmak gerekir.<br \/>Ger\u00e7ek, en k\u0131sa tan\u0131m\u0131yla somut ve nesnel oland\u0131r.<\/p>\n<p>Ger\u00e7eklik de, ger\u00e7ekten hareketle kullan\u0131lan, ger\u00e7ek olarak varolan \u015feylerin t\u00fcm\u00fcn\u00fc ifade eden bir kavramd\u0131r.<\/p>\n<p>\u0130nsan duyu organlar\u0131 arac\u0131l\u0131\u011f\u0131yla olaylar\u0131, g\u00f6r\u00fcn\u00fc\u015fleri alg\u0131lar, bu alg\u0131lad\u0131klar\u0131n\u0131 kendince d\u00f6n\u00fc\u015ft\u00fcr\u00fcr ve de\u011ferlendirir. B\u00f6ylece nesnel ger\u00e7eklik alg\u0131lan\u0131r. Duyular\u0131m\u0131zla alg\u0131lananlar bilincimizde bir i\u015fleme t\u00e2bi tutularak kendince d\u00f6n\u00fc\u015ft\u00fcr\u00fcr. \u00d6yleyse her imge g\u00fcc\u00fcn\u00fc nesneden yani ger\u00e7eklikten al\u0131r.<\/p>\n<p>\u015eiirde, daha yerinde bir ifadeyle sanatta ger\u00e7e\u011fin d\u00f6n\u00fc\u015ft\u00fcr\u00fclmesi s\u00f6z konusudur. Ancak bu d\u00f6n\u00fc\u015ft\u00fcrme bilimden, felsefeden ve g\u00fcndelik hayattan daha farkl\u0131d\u0131r. Ger\u00e7e\u011fi ve ger\u00e7ekli\u011fi g\u00f6rme, alg\u0131lama ve kavramada kusurlu ve eksik olanlar\u0131n s\u00f6z konusu d\u00f6n\u00fc\u015ft\u00fcrme i\u015finde ba\u015far\u0131l\u0131 olamayacaklar\u0131 ortadad\u0131r.<\/p>\n<p>\u015eiire \u00f6zg\u00fc ger\u00e7ekli\u011fin temelinde ya\u015fanan ger\u00e7eklik ve onun prensipleri vard\u0131r. Ancak buna bireysel yakla\u015f\u0131m s\u00f6z konusudur. Birey, ya\u015fad\u0131klar\u0131yla, sezgileriyle, tasar\u0131lar\u0131yla, izlenimleriyle ger\u00e7ekli\u011fi alg\u0131lar ve kendine g\u00f6re d\u00f6n\u00fc\u015ft\u00fcr\u00fcr.<\/p>\n<p>Ger\u00e7eklik her t\u00fcrl\u00fc bireyselli\u011fin kesi\u015fti\u011fi noktad\u0131r. Bilimsel ve pratik ger\u00e7eklik hayat\u0131n i\u00e7inde payla\u015f\u0131l\u0131r.<\/p>\n<p>\u015eiirde de do\u011fal olarak, yaz\u0131ld\u0131\u011f\u0131 d\u00f6nemde her t\u00fcrl\u00fc bilimsel ve pratik ger\u00e7eklikten yola \u00e7\u0131k\u0131larak, daha \u00fcst seviyede kapsay\u0131c\u0131 bir ger\u00e7eklik kurulur. Bu kurulu\u015fta, ki\u015finin sezgileri, tasar\u0131lar\u0131, ha\u00adyalleri, bilin\u00e7alt\u0131 zenginlikleri bir araya gelir.<\/p>\n<p>\u015eiirsel ger\u00e7ek, bireyin her t\u00fcrl\u00fc yetenek ve kazan\u0131m\u0131yla her \u015feyi ve her h\u00e2li anlama, yorumlama ve de\u011ferlendirmesi sonucu ula\u015f\u0131lan bir \u00fcst ger\u00e7ekliktir. Bunun i\u00e7in onda d\u00fc\u015f\u00fcnce, sezgi, tasar\u0131m, co\u015fku, izlenim vb. bir aradad\u0131r. \u015eiirsel ger\u00e7e\u011fin ifade arac\u0131 da imge ve sestir.<\/p>\n<p>\u0130\u015fte bu ger\u00e7ekli\u011fin ifadesinde dil g\u00f6stergeleri yeni anlam ve de\u011fer kazan\u0131rlar, duygu ve \u00e7a\u011f\u0131r\u0131\u015f\u0131m de\u011ferleriyle \u00fczerinde durulan konuyu zenginle\u015ftirirler. B\u00f6ylece zaman zaman adeta yeni bir dil ortaya \u00e7\u0131kar.<\/p>\n<p>\u015eiir \u00f6\u011fretmeyi, anlatmay\u0131, g\u00f6stermeyi ikinci plana iter; \u00e7a\u011fr\u0131\u015ft\u0131rmay\u0131 \u00f6n plana \u00e7\u0131kar\u0131r. \u00c7ok defa kelimeler ses, s\u00f6yleyi\u015f ve anlamlar\u0131yla kendi anlamlar\u0131n\u0131n d\u0131\u015f\u0131nda ba\u015fka \u015feyleri \u00e7a\u011fr\u0131\u015ft\u0131r\u0131rlar. \u00c7a\u011fr\u0131\u015f\u0131m da ki\u015fiden ki\u015fiye de\u011fi\u015fir. Zaten \u015fiirde dil, \u015fiirsel i\u015fleviyle kullan\u0131l\u0131r. B\u00f6ylece de yeni ve farkl\u0131 bir ileti\u015fim arac\u0131 olu\u015fur. Bu geni\u015f anlam\u0131yla edeb\u00ee metindir. \u015eiir ise s\u00f6z\u00fc edilen \u00f6zelliklerin daha uygun g\u00f6r\u00fcld\u00fc\u011f\u00fc ve ya\u015fand\u0131\u011f\u0131 metin t\u00fcr\u00fcd\u00fcr.<\/p>\n<p>Her \u015fiir, her okuyucuda farkl\u0131 duygular uyand\u0131r\u0131r. Ancak belirli d\u00f6nemlerde yaz\u0131lm\u0131\u015f bir\u00e7ok metnin ortak y\u00f6nleri oldu\u011fu hissedilir, belirlenir. Bir \u015fiirin her okundu\u011funda yeniden yorumlanabilmesi yan anlam de\u011feri bak\u0131m\u0131ndan zengin olmas\u0131na ba\u011fl\u0131d\u0131r.<br \/>\u015eiir kendisine \u00f6zg\u00fc bir ileti\u015fim arac\u0131d\u0131r. Bu ileti\u015fimde yan anlam ve \u00e7a\u011fr\u0131\u015f\u0131mlar daha \u00f6nemlidir. Ama ne olursa olsun bir ileti\u015fim s\u00f6z konusudur. Her ileti\u015fimde de g\u00f6nderici al\u0131c\u0131ya bir \u015feyler s\u00f6yler, bir \u015feyler aktar\u0131r. Bu s\u00f6ylenen ve aktar\u0131lanlar\u0131n anlam\u0131 yoksa sa\u00e7ma olur. \u00c7\u00fcnk\u00fc anlams\u0131z \u015fey sa\u00e7mad\u0131r.<\/p>\n<p>Anlam; bir dil biriminin iletti\u011fi, uyand\u0131rd\u0131\u011f\u0131, d\u00fc\u015f\u00fcnd\u00fcrd\u00fc\u011f\u00fc, sezdirdi\u011fi, \u00e7a\u011fr\u0131\u015ft\u0131rd\u0131\u011f\u0131 kavram, tasar\u0131m, d\u00fc\u015f\u00fcnce ve sezgidir. \u00d6yleyse \u015fiirde anlam \u00fczerinde durulurken \u015fiir metninin iletti\u011fi kavram ve bilgiden de\u011fil o metnin d\u00fc\u015f\u00fcnd\u00fcrd\u00fcklerinden, sezdirdiklerinden, \u00e7a\u011fr\u0131\u015ft\u0131rd\u0131klar\u0131ndan s\u00f6z etmek gerekir. Bu da dilin \u015fiirsel i\u015fleviyle ger\u00e7ekle\u015fen ileti\u015fimin \u00f6zelli\u011fidir.<\/p>\n<p>Bunun i\u00e7in \u015fiirde yan anlam de\u011ferinden s\u00f6z etmek gerekir. Yan anlam da s\u00f6zl\u00fcklerde yaz\u0131lmaz. \u0130fadenin, s\u00f6yleyi\u015fin co\u015fkusu, \u00e7a\u011fr\u0131\u015f\u0131m ve duygu de\u011feri \u00fczerine kurulur.<\/p>\n<p>Yan anlam, geni\u015f \u00f6l\u00e7\u00fcde dil g\u00f6stergelerinin duygu de\u011ferine ve \u00e7a\u011fr\u0131\u015f\u0131ma dayan\u0131r.<br \/>\u015eiir dili do\u011fal dilden hareketle b\u00f6yle bir anlam yaratmak ve iletmek \u00fczere d\u00fczenlenir. \u015eiir dili, do\u011fal dilden hareketle kurulan yeni bir dildir derken \u015fiirdeki anlam\u0131n da ilk anlamdan bir sapma oldu\u011funu s\u00f6ylemi\u015f oluruz. Bu anlam da \u00f6\u011fretmez, g\u00f6stermez, \u00e7a\u011fr\u0131\u015ft\u0131rmaz, hissettirir ve sezdirir. Bunun i\u00e7in \u015fiirde yan anlam \u00fczerinde durmak gerekir. Bu da dil birliklerinin ifade ettikleri duygu ve \u00e7a\u011fr\u0131\u015f\u0131m de\u011ferinden g\u00fcc\u00fcn\u00fc al\u0131r.<\/p>\n<p>. \u0130nsanlar, ger\u00e7ek hayatta var olan nesneleri, olaylar\u0131 duyu organlar\u0131yla alg\u0131lar; bu alg\u0131lama insan bilincinde \u00e7e\u015fitli i\u015flemlerden ge\u00e7er ve bireye g\u00f6re farkl\u0131 \u015fekillere, durumlara d\u00f6n\u00fc\u015f\u00fcr. B\u00f6ylece &#8220;imge&#8221; olu\u015fur.<br \/>. \u015eiirde b\u00fct\u00fcn imgeler, g\u00fcc\u00fcn\u00fc ger\u00e7eklikten al\u0131r.<br \/>. \u0130mgenin olu\u015fumunda -ger\u00e7ekli\u011fin d\u00f6n\u00fc\u015ft\u00fcr\u00fclmesinde- bireyin ya\u015fad\u0131klar\u0131, sezgileri, tasar\u0131lar\u0131, k\u00fclt\u00fcr\u00fc, anlay\u0131\u015f ve alg\u0131lay\u0131\u015f\u0131ndaki farkl\u0131l\u0131klar etkilidir.<br \/>. Birey, g\u00fcnl\u00fck hayatta kulland\u0131\u011f\u0131m\u0131z dil g\u00f6stergelerine, g\u00fcnl\u00fck hayatta ger\u00e7ekli\u011fi olan dil ifadelerine yeni anlamlar y\u00fckleyerek ger\u00e7ekli\u011fi d\u00f6n\u00fc\u015ft\u00fcr\u00fcr.<br \/>. D\u00f6n\u00fc\u015fen ve de\u011fi\u015fen bu ger\u00e7eklik her okuru farkl\u0131 boyutlarda etkiler. Bu etki ise okurun ya\u015f\u0131na, e\u011fitim ve k\u00fclt\u00fcr seviyesine, hayallerine, izlenimlerine, i\u00e7inde bulundu\u011fu duruma ve d\u00f6neme g\u00f6re de\u011fi\u015fir.<br \/>. Ayn\u0131 ger\u00e7eklik, farkl\u0131 sanat\u00e7\u0131lar\u0131n elinde farkl\u0131 \u015fekillere d\u00f6n\u00fc\u015f\u00fcr. B\u00f6ylece \u015fiirsel ger\u00e7eklik olu\u015fur.<br \/>. G\u00fcnl\u00fck dil ile \u015fiir dili aras\u0131ndaki temel farkl\u0131l\u0131k, ger\u00e7ekli\u011fin ifade edili\u015f bi\u00e7imidir.<br \/><strong>\u015eiirde Ger\u00e7eklik ve Anlam Konusunda \u00d6rnek Metin \u0130nceleme:<\/strong><\/p>\n<p>YA\u015eARKEN<\/p>\n<p>A\u011fa\u00e7lar\u0131n daha bu bah\u00e7elerde<br \/>B\u00fct\u00fcn yemi\u015fleri dalda sark\u0131yor;<br \/>Umutlar\u0131n mola verdi\u011fi yerde<br \/>Geceler bir nehir gibi ak\u0131yor. ( Ahmet Muhip D\u0131ranas )<\/p>\n<p>Bu \u015fiirdeki ger\u00e7ekli\u011fi bulabilmek i\u00e7in, dilini \u00e7\u00f6z\u00fcmlemek, yap\u0131s\u0131 ve temas\u0131 \u00fczerinde durmak, teman\u0131n bireysel ve sosyal alanla ili\u015fkisi \u00fczerinde d\u00fc\u015f\u00fcnmek gerekir.<br \/>\u015eiirde, ya\u015fanan hayatla ilgili bir ger\u00e7eklik hareket noktas\u0131d\u0131r. D\u00fcnyada insanlara her t\u00fcrl\u00fc nimet sunulmu\u015ftur. Umutsuzlu\u011fa d\u00fc\u015ft\u00fc\u011f\u00fcm\u00fcz an bizi say\u0131s\u0131z tehlikeler bekler. Bu c\u00fcmleler g\u00fcndelik hayatla ilgili bir ger\u00e7ekli\u011fi ifade eder. \u015eiirde bu ger\u00e7eklik farkl\u0131 bir s\u00f6yleyi\u015fle ve farkl\u0131 bi\u00e7imde dile getirilmi\u015ftir.<\/p>\n<p>A\u015fa\u011f\u0131daki iki dizeyi okuyal\u0131m:<br \/>A\u011fa\u00e7lar\u0131n daha bu bah\u00e7elerde<br \/>B\u00fct\u00fcn yemi\u015fleri dalda sark\u0131yor.<\/p>\n<p>Yukar\u0131daki dizelerde d\u00fcnya nimetlerinin hemen hemen hepsinden s\u00f6z edilmi\u015ftir. Bah\u00e7e, a\u011fa\u00e7, meyve bollu\u011fu, d\u00fcnyadaki d\u00fc\u015fsel \u015feyleri ifade etmektedir. &#8220;Daha&#8221; kelimesi zamanla ilgilidir. &#8220;B\u00fct\u00fcn&#8221; de \u00e7okluk ve \u00e7e\u015fitlilik bildirir. Her okuyucu bu dizelerden hareketle bildi\u011fi d\u00fcnya g\u00fczelliklerinin tamam\u0131n\u0131 d\u00fc\u015f\u00fcnebilir. Bu bollu\u011fa, bu g\u00fczelli\u011fe ra\u011fmen insan umutlar\u0131n\u0131 bir an olsa kaybetse say\u0131s\u0131z tehlikelerle kar\u015f\u0131 kar\u015f\u0131ya kal\u0131r. Ama bu, \u015fiirde umutlar\u0131n mola vermesi, &#8220;gecelerin nehir gibi akmas\u0131&#8221; s\u00f6z gruplar\u0131yla dile getirilmi\u015ftir.<\/p>\n<p>Yakandaki k\u0131tada &#8220;bah\u00e7e&#8221; s\u00f6z\u00fcyle belirli bir bah\u00e7e de\u011fil d\u00fcnyadaki g\u00fczellikler ifade edilmi\u015ftir. &#8220;Bah\u00e7e, a\u011fa\u00e7, yemi\u015f, daha, b\u00fct\u00fcn, sark\u0131yor&#8221; s\u00f6zleri birlikte d\u00f6rtl\u00fc\u011f\u00fcn ilk dizesine yeni bir anlam de\u011feri kazand\u0131r\u0131yor. Bu yan anlamd\u0131r. &#8220;Bolluk, bereket, g\u00fczellik, zenginlik&#8221; kelimeleriyle ilgili her t\u00fcrl\u00fc anlam\u0131 ve hayali d\u00fc\u015f\u00fcnd\u00fcr\u00fcr. Umutlar mola vermez, insan mola verir, dinlenir. Mola vermede; ara verme, ak\u0131\u015f\u0131 durdurma s\u00f6z konusudur. Umutlar\u0131n mola vermesi&#8221;, k\u0131sa bir s\u00fcrede olsa insan\u0131n umutsuzlu\u011fa d\u00fc\u015fmesi yerine kullan\u0131lm\u0131\u015ft\u0131r. Burada yolculukta verilen moladan s\u00f6z edildi\u011fi &#8220;yerde&#8221; kelimesiyle belirtilir. &#8220;Gece, nehir ve ak\u0131yor&#8221; kelimeleri yaln\u0131zl\u0131\u011f\u0131, bir benzetmeyi de\u011fil, birlikte umutsuzlu\u011fun getirece\u011fi her t\u00fcrl\u00fc tehlikeyi \u00e7a\u011fr\u0131\u015ft\u0131r\u0131r.<\/p>\n","protected":false},"excerpt":{"rendered":"<p>\u015eiirde ger\u00e7eklikten s\u00f6z edebilmek i\u00e7in \u00f6nce, k\u0131saca ger\u00e7eklik \u00fczerinde durmak gerekir.Ger\u00e7ek, en k\u0131sa tan\u0131m\u0131yla somut ve nesnel oland\u0131r. Ger\u00e7eklik de, ger\u00e7ekten hareketle kullan\u0131lan, ger\u00e7ek olarak varolan \u015feylerin t\u00fcm\u00fcn\u00fc ifade eden bir kavramd\u0131r. \u0130nsan duyu organlar\u0131 arac\u0131l\u0131\u011f\u0131yla olaylar\u0131, g\u00f6r\u00fcn\u00fc\u015fleri alg\u0131lar, bu alg\u0131lad\u0131klar\u0131n\u0131 kendince d\u00f6n\u00fc\u015ft\u00fcr\u00fcr ve de\u011ferlendirir. B\u00f6ylece nesnel ger\u00e7eklik alg\u0131lan\u0131r. Duyular\u0131m\u0131zla alg\u0131lananlar bilincimizde bir i\u015fleme t\u00e2bi [&hellip;]<\/p>\n","protected":false},"author":1,"featured_media":0,"comment_status":"open","ping_status":"open","sticky":false,"template":"","format":"standard","meta":{"footnotes":""},"categories":[120],"tags":[],"class_list":["post-3592","post","type-post","status-publish","format-standard","category-siir-uzerine-bilgiler"],"yoast_head":"<!-- This site is optimized with the Yoast SEO Premium plugin v24.9 (Yoast SEO v24.9) - https:\/\/yoast.com\/wordpress\/plugins\/seo\/ -->\n<title>GER\u00c7EKL\u0130K VE ANLAM - narteks.net<\/title>\n<meta name=\"robots\" content=\"index, follow, max-snippet:-1, max-image-preview:large, max-video-preview:-1\" \/>\n<link rel=\"canonical\" href=\"https:\/\/narteks.net\/index.php\/2009\/12\/29\/gerceklik-ve-anlam\/\" \/>\n<meta property=\"og:locale\" content=\"tr_TR\" \/>\n<meta property=\"og:type\" content=\"article\" \/>\n<meta property=\"og:title\" content=\"GER\u00c7EKL\u0130K VE ANLAM\" \/>\n<meta property=\"og:description\" content=\"\u015eiirde ger\u00e7eklikten s\u00f6z edebilmek i\u00e7in \u00f6nce, k\u0131saca ger\u00e7eklik \u00fczerinde durmak gerekir.Ger\u00e7ek, en k\u0131sa tan\u0131m\u0131yla somut ve nesnel oland\u0131r. Ger\u00e7eklik de, ger\u00e7ekten hareketle kullan\u0131lan, ger\u00e7ek olarak varolan \u015feylerin t\u00fcm\u00fcn\u00fc ifade eden bir kavramd\u0131r. \u0130nsan duyu organlar\u0131 arac\u0131l\u0131\u011f\u0131yla olaylar\u0131, g\u00f6r\u00fcn\u00fc\u015fleri alg\u0131lar, bu alg\u0131lad\u0131klar\u0131n\u0131 kendince d\u00f6n\u00fc\u015ft\u00fcr\u00fcr ve de\u011ferlendirir. B\u00f6ylece nesnel ger\u00e7eklik alg\u0131lan\u0131r. Duyular\u0131m\u0131zla alg\u0131lananlar bilincimizde bir i\u015fleme t\u00e2bi [&hellip;]\" \/>\n<meta property=\"og:url\" content=\"https:\/\/narteks.net\/index.php\/2009\/12\/29\/gerceklik-ve-anlam\/\" \/>\n<meta property=\"og:site_name\" content=\"narteks.net\" \/>\n<meta property=\"article:published_time\" content=\"2009-12-29T09:30:54+00:00\" \/>\n<meta property=\"og:image\" content=\"https:\/\/narteks.net\/wp-content\/uploads\/narteks.png\" \/>\n\t<meta property=\"og:image:width\" content=\"300\" \/>\n\t<meta property=\"og:image:height\" content=\"90\" \/>\n\t<meta property=\"og:image:type\" content=\"image\/png\" \/>\n<meta name=\"author\" content=\"Tar\u0131k\" \/>\n<meta name=\"twitter:card\" content=\"summary_large_image\" \/>\n<meta name=\"twitter:creator\" content=\"@narteks\" \/>\n<meta name=\"twitter:site\" content=\"@narteks\" \/>\n<meta name=\"twitter:label1\" content=\"Yazan:\" \/>\n\t<meta name=\"twitter:data1\" content=\"Tar\u0131k\" \/>\n\t<meta name=\"twitter:label2\" content=\"Tahmini okuma s\u00fcresi\" \/>\n\t<meta name=\"twitter:data2\" content=\"7 dakika\" \/>\n<script type=\"application\/ld+json\" class=\"yoast-schema-graph\">{\"@context\":\"https:\/\/schema.org\",\"@graph\":[{\"@type\":\"Article\",\"@id\":\"https:\/\/narteks.net\/index.php\/2009\/12\/29\/gerceklik-ve-anlam\/#article\",\"isPartOf\":{\"@id\":\"https:\/\/narteks.net\/index.php\/2009\/12\/29\/gerceklik-ve-anlam\/\"},\"author\":{\"name\":\"Tar\u0131k\",\"@id\":\"https:\/\/narteks.net\/#\/schema\/person\/61f37d9834294b72d31d274e7ed79bca\"},\"headline\":\"GER\u00c7EKL\u0130K VE ANLAM\",\"datePublished\":\"2009-12-29T09:30:54+00:00\",\"mainEntityOfPage\":{\"@id\":\"https:\/\/narteks.net\/index.php\/2009\/12\/29\/gerceklik-ve-anlam\/\"},\"wordCount\":1397,\"commentCount\":0,\"publisher\":{\"@id\":\"https:\/\/narteks.net\/#organization\"},\"articleSection\":[\"\u015e\u0130\u0130R \u00dcZER\u0130NE B\u0130LG\u0130LER\"],\"inLanguage\":\"tr\",\"potentialAction\":[{\"@type\":\"CommentAction\",\"name\":\"Comment\",\"target\":[\"https:\/\/narteks.net\/index.php\/2009\/12\/29\/gerceklik-ve-anlam\/#respond\"]}]},{\"@type\":\"WebPage\",\"@id\":\"https:\/\/narteks.net\/index.php\/2009\/12\/29\/gerceklik-ve-anlam\/\",\"url\":\"https:\/\/narteks.net\/index.php\/2009\/12\/29\/gerceklik-ve-anlam\/\",\"name\":\"GER\u00c7EKL\u0130K VE ANLAM - narteks.net\",\"isPartOf\":{\"@id\":\"https:\/\/narteks.net\/#website\"},\"datePublished\":\"2009-12-29T09:30:54+00:00\",\"breadcrumb\":{\"@id\":\"https:\/\/narteks.net\/index.php\/2009\/12\/29\/gerceklik-ve-anlam\/#breadcrumb\"},\"inLanguage\":\"tr\",\"potentialAction\":[{\"@type\":\"ReadAction\",\"target\":[\"https:\/\/narteks.net\/index.php\/2009\/12\/29\/gerceklik-ve-anlam\/\"]}]},{\"@type\":\"BreadcrumbList\",\"@id\":\"https:\/\/narteks.net\/index.php\/2009\/12\/29\/gerceklik-ve-anlam\/#breadcrumb\",\"itemListElement\":[{\"@type\":\"ListItem\",\"position\":1,\"name\":\"Anasayfa\",\"item\":\"https:\/\/narteks.net\/\"},{\"@type\":\"ListItem\",\"position\":2,\"name\":\"GER\u00c7EKL\u0130K VE ANLAM\"}]},{\"@type\":\"WebSite\",\"@id\":\"https:\/\/narteks.net\/#website\",\"url\":\"https:\/\/narteks.net\/\",\"name\":\"narteks.net\",\"description\":\"K\u00fclt\u00fcr Sanat Edebiyat Felsefe\",\"publisher\":{\"@id\":\"https:\/\/narteks.net\/#organization\"},\"alternateName\":\"K\u00fclt\u00fcr Sanat Edebiyat Felsefe\",\"potentialAction\":[{\"@type\":\"SearchAction\",\"target\":{\"@type\":\"EntryPoint\",\"urlTemplate\":\"https:\/\/narteks.net\/?s={search_term_string}\"},\"query-input\":{\"@type\":\"PropertyValueSpecification\",\"valueRequired\":true,\"valueName\":\"search_term_string\"}}],\"inLanguage\":\"tr\"},{\"@type\":\"Organization\",\"@id\":\"https:\/\/narteks.net\/#organization\",\"name\":\"narteks.net\",\"url\":\"https:\/\/narteks.net\/\",\"logo\":{\"@type\":\"ImageObject\",\"inLanguage\":\"tr\",\"@id\":\"https:\/\/narteks.net\/#\/schema\/logo\/image\/\",\"url\":\"https:\/\/narteks.net\/wp-content\/uploads\/narteks.png\",\"contentUrl\":\"https:\/\/narteks.net\/wp-content\/uploads\/narteks.png\",\"width\":300,\"height\":90,\"caption\":\"narteks.net\"},\"image\":{\"@id\":\"https:\/\/narteks.net\/#\/schema\/logo\/image\/\"},\"sameAs\":[\"https:\/\/x.com\/narteks\",\"https:\/\/instagram.com\/narteksnet\"]},{\"@type\":\"Person\",\"@id\":\"https:\/\/narteks.net\/#\/schema\/person\/61f37d9834294b72d31d274e7ed79bca\",\"name\":\"Tar\u0131k\",\"image\":{\"@type\":\"ImageObject\",\"inLanguage\":\"tr\",\"@id\":\"https:\/\/narteks.net\/#\/schema\/person\/image\/\",\"url\":\"https:\/\/secure.gravatar.com\/avatar\/50865afb55632c4ae467e0af0930f6510aa2297d8014be502a55b14f3b7550cf?s=96&d=mm&r=g\",\"contentUrl\":\"https:\/\/secure.gravatar.com\/avatar\/50865afb55632c4ae467e0af0930f6510aa2297d8014be502a55b14f3b7550cf?s=96&d=mm&r=g\",\"caption\":\"Tar\u0131k\"},\"sameAs\":[\"http:\/\/narteks.net\"],\"url\":\"https:\/\/narteks.net\/index.php\/author\/narbak\/\"}]}<\/script>\n<!-- \/ Yoast SEO Premium plugin. -->","yoast_head_json":{"title":"GER\u00c7EKL\u0130K VE ANLAM - narteks.net","robots":{"index":"index","follow":"follow","max-snippet":"max-snippet:-1","max-image-preview":"max-image-preview:large","max-video-preview":"max-video-preview:-1"},"canonical":"https:\/\/narteks.net\/index.php\/2009\/12\/29\/gerceklik-ve-anlam\/","og_locale":"tr_TR","og_type":"article","og_title":"GER\u00c7EKL\u0130K VE ANLAM","og_description":"\u015eiirde ger\u00e7eklikten s\u00f6z edebilmek i\u00e7in \u00f6nce, k\u0131saca ger\u00e7eklik \u00fczerinde durmak gerekir.Ger\u00e7ek, en k\u0131sa tan\u0131m\u0131yla somut ve nesnel oland\u0131r. Ger\u00e7eklik de, ger\u00e7ekten hareketle kullan\u0131lan, ger\u00e7ek olarak varolan \u015feylerin t\u00fcm\u00fcn\u00fc ifade eden bir kavramd\u0131r. \u0130nsan duyu organlar\u0131 arac\u0131l\u0131\u011f\u0131yla olaylar\u0131, g\u00f6r\u00fcn\u00fc\u015fleri alg\u0131lar, bu alg\u0131lad\u0131klar\u0131n\u0131 kendince d\u00f6n\u00fc\u015ft\u00fcr\u00fcr ve de\u011ferlendirir. B\u00f6ylece nesnel ger\u00e7eklik alg\u0131lan\u0131r. Duyular\u0131m\u0131zla alg\u0131lananlar bilincimizde bir i\u015fleme t\u00e2bi [&hellip;]","og_url":"https:\/\/narteks.net\/index.php\/2009\/12\/29\/gerceklik-ve-anlam\/","og_site_name":"narteks.net","article_published_time":"2009-12-29T09:30:54+00:00","og_image":[{"width":300,"height":90,"url":"https:\/\/narteks.net\/wp-content\/uploads\/narteks.png","type":"image\/png"}],"author":"Tar\u0131k","twitter_card":"summary_large_image","twitter_creator":"@narteks","twitter_site":"@narteks","twitter_misc":{"Yazan:":"Tar\u0131k","Tahmini okuma s\u00fcresi":"7 dakika"},"schema":{"@context":"https:\/\/schema.org","@graph":[{"@type":"Article","@id":"https:\/\/narteks.net\/index.php\/2009\/12\/29\/gerceklik-ve-anlam\/#article","isPartOf":{"@id":"https:\/\/narteks.net\/index.php\/2009\/12\/29\/gerceklik-ve-anlam\/"},"author":{"name":"Tar\u0131k","@id":"https:\/\/narteks.net\/#\/schema\/person\/61f37d9834294b72d31d274e7ed79bca"},"headline":"GER\u00c7EKL\u0130K VE ANLAM","datePublished":"2009-12-29T09:30:54+00:00","mainEntityOfPage":{"@id":"https:\/\/narteks.net\/index.php\/2009\/12\/29\/gerceklik-ve-anlam\/"},"wordCount":1397,"commentCount":0,"publisher":{"@id":"https:\/\/narteks.net\/#organization"},"articleSection":["\u015e\u0130\u0130R \u00dcZER\u0130NE B\u0130LG\u0130LER"],"inLanguage":"tr","potentialAction":[{"@type":"CommentAction","name":"Comment","target":["https:\/\/narteks.net\/index.php\/2009\/12\/29\/gerceklik-ve-anlam\/#respond"]}]},{"@type":"WebPage","@id":"https:\/\/narteks.net\/index.php\/2009\/12\/29\/gerceklik-ve-anlam\/","url":"https:\/\/narteks.net\/index.php\/2009\/12\/29\/gerceklik-ve-anlam\/","name":"GER\u00c7EKL\u0130K VE ANLAM - narteks.net","isPartOf":{"@id":"https:\/\/narteks.net\/#website"},"datePublished":"2009-12-29T09:30:54+00:00","breadcrumb":{"@id":"https:\/\/narteks.net\/index.php\/2009\/12\/29\/gerceklik-ve-anlam\/#breadcrumb"},"inLanguage":"tr","potentialAction":[{"@type":"ReadAction","target":["https:\/\/narteks.net\/index.php\/2009\/12\/29\/gerceklik-ve-anlam\/"]}]},{"@type":"BreadcrumbList","@id":"https:\/\/narteks.net\/index.php\/2009\/12\/29\/gerceklik-ve-anlam\/#breadcrumb","itemListElement":[{"@type":"ListItem","position":1,"name":"Anasayfa","item":"https:\/\/narteks.net\/"},{"@type":"ListItem","position":2,"name":"GER\u00c7EKL\u0130K VE ANLAM"}]},{"@type":"WebSite","@id":"https:\/\/narteks.net\/#website","url":"https:\/\/narteks.net\/","name":"narteks.net","description":"K\u00fclt\u00fcr Sanat Edebiyat Felsefe","publisher":{"@id":"https:\/\/narteks.net\/#organization"},"alternateName":"K\u00fclt\u00fcr Sanat Edebiyat Felsefe","potentialAction":[{"@type":"SearchAction","target":{"@type":"EntryPoint","urlTemplate":"https:\/\/narteks.net\/?s={search_term_string}"},"query-input":{"@type":"PropertyValueSpecification","valueRequired":true,"valueName":"search_term_string"}}],"inLanguage":"tr"},{"@type":"Organization","@id":"https:\/\/narteks.net\/#organization","name":"narteks.net","url":"https:\/\/narteks.net\/","logo":{"@type":"ImageObject","inLanguage":"tr","@id":"https:\/\/narteks.net\/#\/schema\/logo\/image\/","url":"https:\/\/narteks.net\/wp-content\/uploads\/narteks.png","contentUrl":"https:\/\/narteks.net\/wp-content\/uploads\/narteks.png","width":300,"height":90,"caption":"narteks.net"},"image":{"@id":"https:\/\/narteks.net\/#\/schema\/logo\/image\/"},"sameAs":["https:\/\/x.com\/narteks","https:\/\/instagram.com\/narteksnet"]},{"@type":"Person","@id":"https:\/\/narteks.net\/#\/schema\/person\/61f37d9834294b72d31d274e7ed79bca","name":"Tar\u0131k","image":{"@type":"ImageObject","inLanguage":"tr","@id":"https:\/\/narteks.net\/#\/schema\/person\/image\/","url":"https:\/\/secure.gravatar.com\/avatar\/50865afb55632c4ae467e0af0930f6510aa2297d8014be502a55b14f3b7550cf?s=96&d=mm&r=g","contentUrl":"https:\/\/secure.gravatar.com\/avatar\/50865afb55632c4ae467e0af0930f6510aa2297d8014be502a55b14f3b7550cf?s=96&d=mm&r=g","caption":"Tar\u0131k"},"sameAs":["http:\/\/narteks.net"],"url":"https:\/\/narteks.net\/index.php\/author\/narbak\/"}]}},"_links":{"self":[{"href":"https:\/\/narteks.net\/index.php\/wp-json\/wp\/v2\/posts\/3592","targetHints":{"allow":["GET"]}}],"collection":[{"href":"https:\/\/narteks.net\/index.php\/wp-json\/wp\/v2\/posts"}],"about":[{"href":"https:\/\/narteks.net\/index.php\/wp-json\/wp\/v2\/types\/post"}],"author":[{"embeddable":true,"href":"https:\/\/narteks.net\/index.php\/wp-json\/wp\/v2\/users\/1"}],"replies":[{"embeddable":true,"href":"https:\/\/narteks.net\/index.php\/wp-json\/wp\/v2\/comments?post=3592"}],"version-history":[{"count":0,"href":"https:\/\/narteks.net\/index.php\/wp-json\/wp\/v2\/posts\/3592\/revisions"}],"wp:attachment":[{"href":"https:\/\/narteks.net\/index.php\/wp-json\/wp\/v2\/media?parent=3592"}],"wp:term":[{"taxonomy":"category","embeddable":true,"href":"https:\/\/narteks.net\/index.php\/wp-json\/wp\/v2\/categories?post=3592"},{"taxonomy":"post_tag","embeddable":true,"href":"https:\/\/narteks.net\/index.php\/wp-json\/wp\/v2\/tags?post=3592"}],"curies":[{"name":"wp","href":"https:\/\/api.w.org\/{rel}","templated":true}]}}