{"id":3595,"date":"2009-12-29T12:34:24","date_gmt":"2009-12-29T09:34:24","guid":{"rendered":"http:\/\/localhost\/wordpress\/2009\/12\/29\/saf-siir\/"},"modified":"2009-12-29T12:34:24","modified_gmt":"2009-12-29T09:34:24","slug":"saf-siir","status":"publish","type":"post","link":"https:\/\/narteks.net\/index.php\/2009\/12\/29\/saf-siir\/","title":{"rendered":"SAF \u015e\u0130\u0130R"},"content":{"rendered":"<p style=\"text-align: justify;\">Saf \u015fiir anlay\u0131\u015f\u0131 Paul Valery&#8217;nin \u015fiirde dili her \u015feyin \u00fcst\u00fcnde tutan g\u00f6r\u00fc\u015f\u00fcnden hareketle, Bat\u0131 edebiyat\u0131ndan Paul Valery,Stephane Mallerme ve Divan \u015fiirinin bi\u00e7imci yap\u0131s\u0131ndan bir hayli etkilenen \u015fairlerimizde (Ahmet Ha\u015fim, Yahya Kemal Beyatl\u0131, Ahmet Hamdi Tanp\u0131nar, Cahit S\u0131tk\u0131 Taranc\u0131, Ahmet Muhip D\u0131ranas, Beh\u00e7et Necatigil, Asaf Halet \u00c7elebi, Necip Faz\u0131l K\u0131sak\u00fcrek, \u00d6zdemir Asaf, Faz\u0131l H\u00fcsn\u00fc Da\u011flarca, Ziya Osman Saba) g\u00f6r\u00fclen ortak zevk ve anlay\u0131\u015fa verilen add\u0131r.<\/p>\n<p>\u2022T\u00fcrk edebiyat\u0131nda &#8220;Saf \u015eiir&#8221; e\u011filimi Ahmet Ha\u015fim&#8217;in &#8220;\u015eiir Hakk\u0131nda Baz\u0131 M\u00fclahazalar&#8221; adl\u0131 makalesiyle (T\u00fcrk edebiyat\u0131nda ilk poetika \u00f6rne\u011fi kabul edilir.) ba\u015flar.<\/p>\n<p>\u2022 Sanat\u0131n bir form sorunu oldu\u011funa inanan bu \u015fairler i\u00e7in \u00f6nemli olan iyi ve g\u00fczel \u015fiir yazmakt\u0131r.Bu anlay\u0131\u015fla kendilerine \u00f6zg\u00fc \u00f6zel bir imge d\u00fczeni olu\u015ftururlar.\u00d6zg\u00fcn ve yarat\u0131c\u0131 olan bu imgeler,dilin mant\u0131\u011f\u0131na uygun ve dilin anlam alan\u0131n\u0131 geni\u015fletip dile yeni olanaklar sunacak bir yap\u0131ya sahiptir.Dilde safla\u015fma d\u00fc\u015f\u00fcncesi,kendini rahat \u015fiir yazma \u015feklinde ba\u015fat \u00f6\u011fe olarak g\u00f6sterir.\u015eiirsel s\u00f6ylemin zirvesine ula\u015fmak d\u00fc\u015f\u00fcncesiyle dilin y\u00fcceli\u015fi paralellik g\u00f6sterir.<\/p>\n<p>\u2022 \u015eiirde her t\u00fcrl\u00fc ideolojik sapman\u0131n d\u0131\u015f\u0131nda kalarak sadece okuyucuda estetik haz uyand\u0131ran \u015fiir yazma e\u011filimi,bu \u015fairleri her t\u00fcrl\u00fc mekteple\u015fme e\u011filiminin d\u0131\u015f\u0131nda kal\u0131p m\u00fcstakil \u015fahsiyetler olarak \u015fiir yazmaya y\u00f6neltmi\u015ftir.<\/p>\n<p>\u2022 \u015eiiri soylu bir sanat olarak kabul eden bu \u015fairlerde d\u00fc\u015fsel(hayali) ve bireysel y\u00f6n a\u011f\u0131r basar.\u0130\u00e7sel ve bireyci bir yakla\u015f\u0131mla evrensel insan tecr\u00fcbesini dile getirirler.<\/p>\n<p>\u2022 Saf \u015fiir anlay\u0131\u015f\u0131nda estetik tav\u0131r \u00f6n plandad\u0131r.Bu anlay\u0131\u015ftaki \u015fairler didaktik bilgiden uzak durup;bir \u015fey \u00f6\u011fretmeyi de\u011fil,musikiyle ya da musikinin \u00e7a\u011fr\u0131\u015ft\u0131rd\u0131\u011f\u0131,uyand\u0131rd\u0131\u011f\u0131 imgelerle insan\u0131n estetik duyarl\u0131l\u0131\u011f\u0131n\u0131 doyurmay\u0131 ama\u00e7 edinirler. K\u0131sacas\u0131 bu \u015fairler \u015fiirde anlama fazla \u00f6nem vermezler. Anla\u015f\u0131lmak i\u00e7in de\u011fil ;duyulmak, hissedilmek i\u00e7in \u015fiir yazarlar.<\/p>\n<p>\u2022 \u015eiirde bi\u00e7im endi\u015fesi duyan bu \u015fairlerde dize ve dil ba\u015f tac\u0131d\u0131r. Disiplinli \u00e7al\u0131\u015farak m\u00fckemmele varan halis \u015fiir yazma endi\u015fesi kendini hissettirir.<\/p>\n<p>\u2022 Gizemsellik,simgecilik,bireysellik,ruh,\u00f6l\u00fcm,masal,r\u00fcya,mit temalar\u0131n\u0131n yo\u011funca i\u015flendi\u011fi bu \u015fiirler zek\u00e2 ve bilincin disipliniyle b\u00fct\u00fcnle\u015ftirilerek yaz\u0131lm\u0131\u015ft\u0131r.<br \/>Saf (\u00f6z) \u015eiirin \u00d6zellikleri -\u00d6zet<\/p>\n<p>\u2022Sanat\u0131n form sorunu oldu\u011funa inanan bu \u015fairler i\u00e7in \u00f6nemli olan iyi ve g\u00fczel \u015eiir yazmakt\u0131r. Bu anlay\u0131\u015fla kendilerine \u00f6zg\u00fc \u00f6zel imge d\u00fczeni olu\u015ftururlar.<\/p>\n<p>\u2022\u00d6zg\u00fcn ve yarat\u0131c\u0131 olan bu imgeler dilin mant\u0131\u011f\u0131na uygun ve dilin anlam alan\u0131n\u0131 geni\u015fletip dile yeni olanaklar sunacak bir yap\u0131ya sahiptir.<\/p>\n<p>\u2022Dilde safla\u015fma d\u00fc\u015f\u00fcncesi kendini rahat \u015fiir yazma \u015feklinde ba\u015fat \u00f6\u011fe olarak g\u00f6sterir.<\/p>\n<p>\u2022\u015eiirsel s\u00f6ylemin zirvesine ula\u015fmak d\u00fc\u015f\u00fcncesiyle dilin y\u00fcceli\u015fi paralellik g\u00f6sterir.<\/p>\n<p>\u2022\u015eiiri soylu bir sanat olarak kabul eden bu \u015fairlerde d\u00fc\u015fsel ve bireysel y\u00f6n a\u011f\u0131r basar .<\/p>\n<p>\u2022\u0130\u00e7sel ve bireysel bir yakla\u015f\u0131mla evrensel insan tecr\u00fcbesini dile getirirler.<\/p>\n<p>\u2022\u015eiirde bi\u00e7im endi\u015fisesi duyan bu \u015fairlerde dize ve dil ba\u015f tac\u0131d\u0131r.<\/p>\n<p>\u2022Disiplinli \u00e7al\u0131\u015farak m\u00fckemmele varan halis \u015fiir yazma endi\u015fesi kendisini hissettirir.<\/p>\n<p>\u2022\u015eairlerde sembolizm ak\u0131m\u0131n\u0131n izleri g\u00f6r\u00fcl\u00fcr.<\/p>\n<p>\u2022Gizemselcilik bireyselcilik,ruh, \u00f6l\u00fcm ,masal ,mit temalar\u0131 yo\u011fun olarak i\u015flenir.<\/p>\n","protected":false},"excerpt":{"rendered":"<p>Saf \u015fiir anlay\u0131\u015f\u0131 Paul Valery&#8217;nin \u015fiirde dili her \u015feyin \u00fcst\u00fcnde tutan g\u00f6r\u00fc\u015f\u00fcnden hareketle, Bat\u0131 edebiyat\u0131ndan Paul Valery,Stephane Mallerme ve Divan \u015fiirinin bi\u00e7imci yap\u0131s\u0131ndan bir hayli etkilenen \u015fairlerimizde (Ahmet Ha\u015fim, Yahya Kemal Beyatl\u0131, Ahmet Hamdi Tanp\u0131nar, Cahit S\u0131tk\u0131 Taranc\u0131, Ahmet Muhip D\u0131ranas, Beh\u00e7et Necatigil, Asaf Halet \u00c7elebi, Necip Faz\u0131l K\u0131sak\u00fcrek, \u00d6zdemir Asaf, Faz\u0131l H\u00fcsn\u00fc Da\u011flarca, Ziya [&hellip;]<\/p>\n","protected":false},"author":1,"featured_media":0,"comment_status":"open","ping_status":"open","sticky":false,"template":"","format":"standard","meta":{"footnotes":""},"categories":[120],"tags":[],"class_list":["post-3595","post","type-post","status-publish","format-standard","category-siir-uzerine-bilgiler"],"yoast_head":"<!-- This site is optimized with the Yoast SEO Premium plugin v24.9 (Yoast SEO v24.9) - https:\/\/yoast.com\/wordpress\/plugins\/seo\/ -->\n<title>SAF \u015e\u0130\u0130R - narteks.net<\/title>\n<meta name=\"robots\" content=\"index, follow, max-snippet:-1, max-image-preview:large, max-video-preview:-1\" \/>\n<link rel=\"canonical\" href=\"https:\/\/narteks.net\/index.php\/2009\/12\/29\/saf-siir\/\" \/>\n<meta property=\"og:locale\" content=\"tr_TR\" \/>\n<meta property=\"og:type\" content=\"article\" \/>\n<meta property=\"og:title\" content=\"SAF \u015e\u0130\u0130R\" \/>\n<meta property=\"og:description\" content=\"Saf \u015fiir anlay\u0131\u015f\u0131 Paul Valery&#8217;nin \u015fiirde dili her \u015feyin \u00fcst\u00fcnde tutan g\u00f6r\u00fc\u015f\u00fcnden hareketle, Bat\u0131 edebiyat\u0131ndan Paul Valery,Stephane Mallerme ve Divan \u015fiirinin bi\u00e7imci yap\u0131s\u0131ndan bir hayli etkilenen \u015fairlerimizde (Ahmet Ha\u015fim, Yahya Kemal Beyatl\u0131, Ahmet Hamdi Tanp\u0131nar, Cahit S\u0131tk\u0131 Taranc\u0131, Ahmet Muhip D\u0131ranas, Beh\u00e7et Necatigil, Asaf Halet \u00c7elebi, Necip Faz\u0131l K\u0131sak\u00fcrek, \u00d6zdemir Asaf, Faz\u0131l H\u00fcsn\u00fc Da\u011flarca, Ziya [&hellip;]\" \/>\n<meta property=\"og:url\" content=\"https:\/\/narteks.net\/index.php\/2009\/12\/29\/saf-siir\/\" \/>\n<meta property=\"og:site_name\" content=\"narteks.net\" \/>\n<meta property=\"article:published_time\" content=\"2009-12-29T09:34:24+00:00\" \/>\n<meta property=\"og:image\" content=\"https:\/\/narteks.net\/wp-content\/uploads\/narteks.png\" \/>\n\t<meta property=\"og:image:width\" content=\"300\" \/>\n\t<meta property=\"og:image:height\" content=\"90\" \/>\n\t<meta property=\"og:image:type\" content=\"image\/png\" \/>\n<meta name=\"author\" content=\"Tar\u0131k\" \/>\n<meta name=\"twitter:card\" content=\"summary_large_image\" \/>\n<meta name=\"twitter:creator\" content=\"@narteks\" \/>\n<meta name=\"twitter:site\" content=\"@narteks\" \/>\n<meta name=\"twitter:label1\" content=\"Yazan:\" \/>\n\t<meta name=\"twitter:data1\" content=\"Tar\u0131k\" \/>\n\t<meta name=\"twitter:label2\" content=\"Tahmini okuma s\u00fcresi\" \/>\n\t<meta name=\"twitter:data2\" content=\"3 dakika\" \/>\n<script type=\"application\/ld+json\" class=\"yoast-schema-graph\">{\"@context\":\"https:\/\/schema.org\",\"@graph\":[{\"@type\":\"Article\",\"@id\":\"https:\/\/narteks.net\/index.php\/2009\/12\/29\/saf-siir\/#article\",\"isPartOf\":{\"@id\":\"https:\/\/narteks.net\/index.php\/2009\/12\/29\/saf-siir\/\"},\"author\":{\"name\":\"Tar\u0131k\",\"@id\":\"https:\/\/narteks.net\/#\/schema\/person\/61f37d9834294b72d31d274e7ed79bca\"},\"headline\":\"SAF \u015e\u0130\u0130R\",\"datePublished\":\"2009-12-29T09:34:24+00:00\",\"mainEntityOfPage\":{\"@id\":\"https:\/\/narteks.net\/index.php\/2009\/12\/29\/saf-siir\/\"},\"wordCount\":585,\"commentCount\":0,\"publisher\":{\"@id\":\"https:\/\/narteks.net\/#organization\"},\"articleSection\":[\"\u015e\u0130\u0130R \u00dcZER\u0130NE B\u0130LG\u0130LER\"],\"inLanguage\":\"tr\",\"potentialAction\":[{\"@type\":\"CommentAction\",\"name\":\"Comment\",\"target\":[\"https:\/\/narteks.net\/index.php\/2009\/12\/29\/saf-siir\/#respond\"]}]},{\"@type\":\"WebPage\",\"@id\":\"https:\/\/narteks.net\/index.php\/2009\/12\/29\/saf-siir\/\",\"url\":\"https:\/\/narteks.net\/index.php\/2009\/12\/29\/saf-siir\/\",\"name\":\"SAF \u015e\u0130\u0130R - narteks.net\",\"isPartOf\":{\"@id\":\"https:\/\/narteks.net\/#website\"},\"datePublished\":\"2009-12-29T09:34:24+00:00\",\"breadcrumb\":{\"@id\":\"https:\/\/narteks.net\/index.php\/2009\/12\/29\/saf-siir\/#breadcrumb\"},\"inLanguage\":\"tr\",\"potentialAction\":[{\"@type\":\"ReadAction\",\"target\":[\"https:\/\/narteks.net\/index.php\/2009\/12\/29\/saf-siir\/\"]}]},{\"@type\":\"BreadcrumbList\",\"@id\":\"https:\/\/narteks.net\/index.php\/2009\/12\/29\/saf-siir\/#breadcrumb\",\"itemListElement\":[{\"@type\":\"ListItem\",\"position\":1,\"name\":\"Anasayfa\",\"item\":\"https:\/\/narteks.net\/\"},{\"@type\":\"ListItem\",\"position\":2,\"name\":\"SAF \u015e\u0130\u0130R\"}]},{\"@type\":\"WebSite\",\"@id\":\"https:\/\/narteks.net\/#website\",\"url\":\"https:\/\/narteks.net\/\",\"name\":\"narteks.net\",\"description\":\"K\u00fclt\u00fcr Sanat Edebiyat Felsefe\",\"publisher\":{\"@id\":\"https:\/\/narteks.net\/#organization\"},\"alternateName\":\"K\u00fclt\u00fcr Sanat Edebiyat Felsefe\",\"potentialAction\":[{\"@type\":\"SearchAction\",\"target\":{\"@type\":\"EntryPoint\",\"urlTemplate\":\"https:\/\/narteks.net\/?s={search_term_string}\"},\"query-input\":{\"@type\":\"PropertyValueSpecification\",\"valueRequired\":true,\"valueName\":\"search_term_string\"}}],\"inLanguage\":\"tr\"},{\"@type\":\"Organization\",\"@id\":\"https:\/\/narteks.net\/#organization\",\"name\":\"narteks.net\",\"url\":\"https:\/\/narteks.net\/\",\"logo\":{\"@type\":\"ImageObject\",\"inLanguage\":\"tr\",\"@id\":\"https:\/\/narteks.net\/#\/schema\/logo\/image\/\",\"url\":\"https:\/\/narteks.net\/wp-content\/uploads\/narteks.png\",\"contentUrl\":\"https:\/\/narteks.net\/wp-content\/uploads\/narteks.png\",\"width\":300,\"height\":90,\"caption\":\"narteks.net\"},\"image\":{\"@id\":\"https:\/\/narteks.net\/#\/schema\/logo\/image\/\"},\"sameAs\":[\"https:\/\/x.com\/narteks\",\"https:\/\/instagram.com\/narteksnet\"]},{\"@type\":\"Person\",\"@id\":\"https:\/\/narteks.net\/#\/schema\/person\/61f37d9834294b72d31d274e7ed79bca\",\"name\":\"Tar\u0131k\",\"image\":{\"@type\":\"ImageObject\",\"inLanguage\":\"tr\",\"@id\":\"https:\/\/narteks.net\/#\/schema\/person\/image\/\",\"url\":\"https:\/\/secure.gravatar.com\/avatar\/50865afb55632c4ae467e0af0930f6510aa2297d8014be502a55b14f3b7550cf?s=96&d=mm&r=g\",\"contentUrl\":\"https:\/\/secure.gravatar.com\/avatar\/50865afb55632c4ae467e0af0930f6510aa2297d8014be502a55b14f3b7550cf?s=96&d=mm&r=g\",\"caption\":\"Tar\u0131k\"},\"sameAs\":[\"http:\/\/narteks.net\"],\"url\":\"https:\/\/narteks.net\/index.php\/author\/narbak\/\"}]}<\/script>\n<!-- \/ Yoast SEO Premium plugin. -->","yoast_head_json":{"title":"SAF \u015e\u0130\u0130R - narteks.net","robots":{"index":"index","follow":"follow","max-snippet":"max-snippet:-1","max-image-preview":"max-image-preview:large","max-video-preview":"max-video-preview:-1"},"canonical":"https:\/\/narteks.net\/index.php\/2009\/12\/29\/saf-siir\/","og_locale":"tr_TR","og_type":"article","og_title":"SAF \u015e\u0130\u0130R","og_description":"Saf \u015fiir anlay\u0131\u015f\u0131 Paul Valery&#8217;nin \u015fiirde dili her \u015feyin \u00fcst\u00fcnde tutan g\u00f6r\u00fc\u015f\u00fcnden hareketle, Bat\u0131 edebiyat\u0131ndan Paul Valery,Stephane Mallerme ve Divan \u015fiirinin bi\u00e7imci yap\u0131s\u0131ndan bir hayli etkilenen \u015fairlerimizde (Ahmet Ha\u015fim, Yahya Kemal Beyatl\u0131, Ahmet Hamdi Tanp\u0131nar, Cahit S\u0131tk\u0131 Taranc\u0131, Ahmet Muhip D\u0131ranas, Beh\u00e7et Necatigil, Asaf Halet \u00c7elebi, Necip Faz\u0131l K\u0131sak\u00fcrek, \u00d6zdemir Asaf, Faz\u0131l H\u00fcsn\u00fc Da\u011flarca, Ziya [&hellip;]","og_url":"https:\/\/narteks.net\/index.php\/2009\/12\/29\/saf-siir\/","og_site_name":"narteks.net","article_published_time":"2009-12-29T09:34:24+00:00","og_image":[{"width":300,"height":90,"url":"https:\/\/narteks.net\/wp-content\/uploads\/narteks.png","type":"image\/png"}],"author":"Tar\u0131k","twitter_card":"summary_large_image","twitter_creator":"@narteks","twitter_site":"@narteks","twitter_misc":{"Yazan:":"Tar\u0131k","Tahmini okuma s\u00fcresi":"3 dakika"},"schema":{"@context":"https:\/\/schema.org","@graph":[{"@type":"Article","@id":"https:\/\/narteks.net\/index.php\/2009\/12\/29\/saf-siir\/#article","isPartOf":{"@id":"https:\/\/narteks.net\/index.php\/2009\/12\/29\/saf-siir\/"},"author":{"name":"Tar\u0131k","@id":"https:\/\/narteks.net\/#\/schema\/person\/61f37d9834294b72d31d274e7ed79bca"},"headline":"SAF \u015e\u0130\u0130R","datePublished":"2009-12-29T09:34:24+00:00","mainEntityOfPage":{"@id":"https:\/\/narteks.net\/index.php\/2009\/12\/29\/saf-siir\/"},"wordCount":585,"commentCount":0,"publisher":{"@id":"https:\/\/narteks.net\/#organization"},"articleSection":["\u015e\u0130\u0130R \u00dcZER\u0130NE B\u0130LG\u0130LER"],"inLanguage":"tr","potentialAction":[{"@type":"CommentAction","name":"Comment","target":["https:\/\/narteks.net\/index.php\/2009\/12\/29\/saf-siir\/#respond"]}]},{"@type":"WebPage","@id":"https:\/\/narteks.net\/index.php\/2009\/12\/29\/saf-siir\/","url":"https:\/\/narteks.net\/index.php\/2009\/12\/29\/saf-siir\/","name":"SAF \u015e\u0130\u0130R - narteks.net","isPartOf":{"@id":"https:\/\/narteks.net\/#website"},"datePublished":"2009-12-29T09:34:24+00:00","breadcrumb":{"@id":"https:\/\/narteks.net\/index.php\/2009\/12\/29\/saf-siir\/#breadcrumb"},"inLanguage":"tr","potentialAction":[{"@type":"ReadAction","target":["https:\/\/narteks.net\/index.php\/2009\/12\/29\/saf-siir\/"]}]},{"@type":"BreadcrumbList","@id":"https:\/\/narteks.net\/index.php\/2009\/12\/29\/saf-siir\/#breadcrumb","itemListElement":[{"@type":"ListItem","position":1,"name":"Anasayfa","item":"https:\/\/narteks.net\/"},{"@type":"ListItem","position":2,"name":"SAF \u015e\u0130\u0130R"}]},{"@type":"WebSite","@id":"https:\/\/narteks.net\/#website","url":"https:\/\/narteks.net\/","name":"narteks.net","description":"K\u00fclt\u00fcr Sanat Edebiyat Felsefe","publisher":{"@id":"https:\/\/narteks.net\/#organization"},"alternateName":"K\u00fclt\u00fcr Sanat Edebiyat Felsefe","potentialAction":[{"@type":"SearchAction","target":{"@type":"EntryPoint","urlTemplate":"https:\/\/narteks.net\/?s={search_term_string}"},"query-input":{"@type":"PropertyValueSpecification","valueRequired":true,"valueName":"search_term_string"}}],"inLanguage":"tr"},{"@type":"Organization","@id":"https:\/\/narteks.net\/#organization","name":"narteks.net","url":"https:\/\/narteks.net\/","logo":{"@type":"ImageObject","inLanguage":"tr","@id":"https:\/\/narteks.net\/#\/schema\/logo\/image\/","url":"https:\/\/narteks.net\/wp-content\/uploads\/narteks.png","contentUrl":"https:\/\/narteks.net\/wp-content\/uploads\/narteks.png","width":300,"height":90,"caption":"narteks.net"},"image":{"@id":"https:\/\/narteks.net\/#\/schema\/logo\/image\/"},"sameAs":["https:\/\/x.com\/narteks","https:\/\/instagram.com\/narteksnet"]},{"@type":"Person","@id":"https:\/\/narteks.net\/#\/schema\/person\/61f37d9834294b72d31d274e7ed79bca","name":"Tar\u0131k","image":{"@type":"ImageObject","inLanguage":"tr","@id":"https:\/\/narteks.net\/#\/schema\/person\/image\/","url":"https:\/\/secure.gravatar.com\/avatar\/50865afb55632c4ae467e0af0930f6510aa2297d8014be502a55b14f3b7550cf?s=96&d=mm&r=g","contentUrl":"https:\/\/secure.gravatar.com\/avatar\/50865afb55632c4ae467e0af0930f6510aa2297d8014be502a55b14f3b7550cf?s=96&d=mm&r=g","caption":"Tar\u0131k"},"sameAs":["http:\/\/narteks.net"],"url":"https:\/\/narteks.net\/index.php\/author\/narbak\/"}]}},"_links":{"self":[{"href":"https:\/\/narteks.net\/index.php\/wp-json\/wp\/v2\/posts\/3595","targetHints":{"allow":["GET"]}}],"collection":[{"href":"https:\/\/narteks.net\/index.php\/wp-json\/wp\/v2\/posts"}],"about":[{"href":"https:\/\/narteks.net\/index.php\/wp-json\/wp\/v2\/types\/post"}],"author":[{"embeddable":true,"href":"https:\/\/narteks.net\/index.php\/wp-json\/wp\/v2\/users\/1"}],"replies":[{"embeddable":true,"href":"https:\/\/narteks.net\/index.php\/wp-json\/wp\/v2\/comments?post=3595"}],"version-history":[{"count":0,"href":"https:\/\/narteks.net\/index.php\/wp-json\/wp\/v2\/posts\/3595\/revisions"}],"wp:attachment":[{"href":"https:\/\/narteks.net\/index.php\/wp-json\/wp\/v2\/media?parent=3595"}],"wp:term":[{"taxonomy":"category","embeddable":true,"href":"https:\/\/narteks.net\/index.php\/wp-json\/wp\/v2\/categories?post=3595"},{"taxonomy":"post_tag","embeddable":true,"href":"https:\/\/narteks.net\/index.php\/wp-json\/wp\/v2\/tags?post=3595"}],"curies":[{"name":"wp","href":"https:\/\/api.w.org\/{rel}","templated":true}]}}