{"id":3596,"date":"2009-12-29T12:35:24","date_gmt":"2009-12-29T09:35:24","guid":{"rendered":"http:\/\/localhost\/wordpress\/2009\/12\/29\/kafiye-uyak\/"},"modified":"2009-12-29T12:35:24","modified_gmt":"2009-12-29T09:35:24","slug":"kafiye-uyak","status":"publish","type":"post","link":"https:\/\/narteks.net\/index.php\/2009\/12\/29\/kafiye-uyak\/","title":{"rendered":"KAF\u0130YE (UYAK)"},"content":{"rendered":"<p><strong>RED\u0130F<\/strong> M\u0131sra sonlar\u0131nda yaz\u0131l\u0131\u015flar\u0131, okunu\u015flar\u0131, anlamlar\u0131 ve g\u00f6revleri ayn\u0131 olan eklerin, kelime ve kelime gruplar\u0131n\u0131n tekrar edilmesine &#8220;redif&#8221; denir.<\/p>\n<p> \u00d6rnek-1<br \/> Bizim elde bahar olur, yaz olur.<br \/> G\u00f6ller dolu \u00f6rdek olur, kaz olur.<br \/> Sevgi aras\u0131nda y\u00fcz bin naz olur.<br \/> Su\u00e7umu ba\u011f\u0131\u015fla, ben sana kurban. (Erci\u015fli Emrah)<br \/> \u00d6rnek-2<br \/> Bu \u0131sl\u0131kla uzayan, d\u00f6nen, k\u0131vr\u0131lan yollar,<br \/> Uykuya varm\u0131\u015f gibi g\u00f6r\u00fcnen y\u0131lan yollar<br \/> Ba\u015f\u0131n\u0131 kald\u0131rarak bo\u015flu\u011fu dinliyordu.<br \/> G\u00f6kler bulutlan\u0131yor, r\u00fczgar serinliyordu. (F. Nafiz \u00c7aml\u0131bel)<\/p>\n<p> Ayr\u0131nt\u0131l\u0131 bilgi i\u00e7in ayr\u0131ca bak\u0131n\u0131z&gt;&gt; Redif nedir? Redif \u00c7e\u015fitleri<\/p>\n<p><strong>KAF\u0130YE (UYAK)<\/strong><\/p>\n<p>M\u0131sra sonlar\u0131ndaki yaz\u0131l\u0131\u015flar\u0131 ve okunu\u015flar\u0131 ayn\u0131, anlamlar\u0131 ve g\u00f6revleri farkl\u0131 kelimelerin, eklerin benzerli\u011fine kafiye denir.<br \/>Yan\u0131p tutu\u015fmadan aylarca yummad\u0131m g\u00f6z\u00fcm\u00fc,<br \/>N\u00fccuma sor ki, bu kirpikler uyku g\u00f6rm\u00fc\u015f m\u00fc?\u00a0 (Mehmet Akif ERSOY)<br \/><strong>KAF\u0130YE \u00c7E\u015e\u0130TLER\u0130<\/strong><br \/>1) Yar\u0131m Kafiye<\/p>\n<p> Tek ses benzerli\u011fine dayanan kafiyedir.<\/p>\n<p> \u00d6rnek-1<br \/> Ben \u00e7ekti\u011fim kimler \u00e7eker<br \/> G\u00f6zlerim kanl\u0131 ya\u015f d\u00f6ker<br \/> Bulan\u0131k bulan\u0131k akar<br \/> Da\u011flar\u0131m seliyim \u015fimdi (Kul Mustafa)<br \/> \u00d6rnek-2<br \/> \u0130stedim kendimi bu g\u00f6le atam<br \/> Elimi uzat\u0131p yavruyu tutam<br \/> \u00d6rnek-3<br \/> \u00dcst\u00fcm\u00fczden gelen boran k\u0131\u015f gibi<br \/> \u015eahin pen\u00e7esinde yavru ku\u015f gibi<br \/> Seher sabah\u0131nda r\u00fcya d\u00fc\u015f gibi<br \/> \u00c7a\u011f\u0131ta ba\u011f\u0131rta ald\u0131 dert beni<\/p>\n<p><strong>2) Tam Kafiye<\/strong><\/p>\n<p> \u0130ki ses benzerli\u011fine dayanan kafiye t\u00fcr\u00fcd\u00fcr.<\/p>\n<p> \u00d6rnek-1<br \/> Yollarda kalan g\u00f6zlerimin nurunu yordum,<br \/> Kimdir o, nas\u0131ld\u0131r diye r\u00fczgarlara sordum,<br \/> Hulyam\u0131 tutan bir b\u00fcy\u00fc var onda diyordum<br \/> (Y. Kemal Beyatl\u0131)<br \/> \u00d6rnek-2<br \/> Sen miydin o afet ki dedim, bezm-i ezelde<br \/> Bir kanl\u0131 g\u00fcl a\u011fz\u0131nda ve mey kasesi elde,<br \/> Bir sofrada i\u00e7tik, ikimiz ayn\u0131 emelde,<br \/> Kar\u015f\u0131mda uyanm\u0131\u015f gibi bir bakt\u0131 sarard\u0131. (Yahya Kemal Beyatl\u0131)<br \/> \u00d6rnek-3<br \/> On atl\u0131ya karar verdim ya\u015f\u0131n\u0131<br \/> Yenice sevdaya salm\u0131\u015f ba\u015f\u0131n\u0131<br \/> El yan\u0131nda yakar gider ka\u015f\u0131n\u0131<br \/> Tenhalarda g\u00fcl\u00fc\u015f\u00fcn\u00fc sevdi\u011fim.<\/p>\n<p><strong>3) Zengin Kafiye<\/strong><br \/> \u00dc\u00e7 ya da daha \u00e7ok ses benzerli\u011fine dayanan kafiye t\u00fcr\u00fcd\u00fcr.<\/p>\n<p> \u00d6rnek-1<br \/> Ertesi g\u00fcn ba\u015flad\u0131 g\u00fcn do\u011fmadan yolculuk,<br \/> So\u011fuk bir mart sabah\u0131.. Buz tutuyor her soluk\u00a0\u00a0\u00a0\u00a0 (Faruk Nafiz \u00c7aml\u0131bel)<br \/> \u00d6rnek-2<br \/> Bayg\u0131n bir ihtizaz ile bi-hu\u015f akar dere,<br \/> Sahillerinde \u00e7ocuklar uzanm\u0131\u015f \u00e7emenlere. (Orhan Seyfi Orhon)<br \/> \u00d6rnek-3<br \/> Miskin Yunus bi\u00e7areyim<br \/> Ba\u015ftan aya\u011fa yareyim<br \/> Dost ilinden avareyim<br \/> Gel g\u00f6r beni a\u015fk neyledi\u00a0\u00a0\u00a0 (Yunus Emre)<\/p>\n<p><strong>4) Cinasl\u0131 Kafiye<\/strong><\/p>\n<p> Anlamlar\u0131 ayr\u0131, fakat yaz\u0131l\u0131\u015f ve okunu\u015flar\u0131 ayn\u0131 olan kelime ve kelime gruplar\u0131n\u0131n m\u0131sra sonunda tekrar\u0131 ile olu\u015fan kafiyedir.<\/p>\n<p> \u00d6rnek-1<br \/> Ni\u00e7in kondun a b\u00fclb\u00fcl<br \/> Kap\u0131mdaki asmaya<br \/> Ben yarimden vazge\u00e7mem<br \/> G\u00f6t\u00fcrseler asmaya<br \/> \u00d6rnek-2<br \/> Bilmem ki yaz m\u0131 gelmi\u015f<br \/> Ni\u00e7in a\u00e7m\u0131\u015f g\u00fcl erken<br \/> Akl\u0131m\u0131 kay\u0131p ettim<br \/> Nazl\u0131 yarim g\u00fclerken<br \/> \u00d6rnek-3<br \/> Kendin \u00e7\u00f6z kendin tara\u00a0\u00a0\u00a0\u00a0\u00a0\u00a0\u00a0\u00a0\u00a0\u00a0\u00a0\u00a0\u00a0\u00a0\u00a0\u00a0\u00a0\u00a0\u00a0\u00a0\u00a0\u00a0 Ba\u011f bana<br \/> De\u011fmesin el ba\u015f\u0131na\u00a0\u00a0\u00a0\u00a0\u00a0\u00a0\u00a0\u00a0\u00a0\u00a0\u00a0\u00a0\u00a0\u00a0\u00a0\u00a0\u00a0\u00a0\u00a0\u00a0\u00a0\u00a0\u00a0\u00a0\u00a0\u00a0\u00a0\u00a0 Bah\u00e7e sana ba\u011f bana<br \/> Ben yarime kavu\u015ftum\u00a0\u00a0\u00a0\u00a0\u00a0\u00a0\u00a0\u00a0\u00a0\u00a0\u00a0\u00a0\u00a0\u00a0\u00a0\u00a0\u00a0\u00a0\u00a0\u00a0\u00a0\u00a0\u00a0\u00a0 De\u011fme zincir kar etmez<br \/> Dar\u0131s\u0131 el ba\u015f\u0131na\u00a0\u00a0\u00a0\u00a0\u00a0\u00a0\u00a0\u00a0\u00a0\u00a0\u00a0\u00a0\u00a0\u00a0\u00a0\u00a0\u00a0\u00a0\u00a0\u00a0\u00a0\u00a0\u00a0\u00a0\u00a0\u00a0\u00a0\u00a0\u00a0\u00a0\u00a0\u00a0\u00a0\u00a0\u00a0 Z\u00fclf\u00fcn teli ba\u011f bana<\/p>\n<p><strong>KAF\u0130YE \u015eEMASI<\/strong><\/p>\n<p>M\u0131sralar\u0131n son seslerine bak\u0131larak bir d\u00f6rtl\u00fc\u011f\u00fcn kafiye d\u00fczeni \u00e7\u0131kar\u0131l\u0131r. Kafiye d\u00fczenlerinin, m\u0131sralar\u0131n\u0131n son seslerindeki d\u00fczene g\u00f6re \u00e7e\u015fitleri vard\u0131r.<br \/><strong>1. D\u00fcz Kafiye: <\/strong> &#8220;a a a b&#8221;\u00a0\u00a0 &#8220;bbbc&#8221;\u00a0\u00a0 &#8220;cc&#8221;\u00a0\u00a0 &#8220;a a b b&#8221;\u00a0\u00a0 olmal\u0131.<\/p>\n<p> \u0130ftardan \u00f6nce gittim Atik-Valde semtine<br \/> Ka\u00e7 defa ge\u00e7ti\u011fim bu sokaklar, bug\u00fcn yine,<br \/> Sessizdiler, Fakat Ramazan maneviyyeti<br \/> Bir tatl\u0131 intizara \u00e7evirmi\u015f sukuneti<\/p>\n<p><strong>2.\u00a0 \u00c7apraz Kafiye:<\/strong> &#8220;a b a b&#8221;\u00a0\u00a0 &#8220;cdcd&#8221; olmal\u0131.<\/p>\n<p> Hayran olarak bakars\u0131n\u0131z da<br \/> H\u00fclyan\u0131z\u0131 fetheder bu hali<br \/> Be\u015f y\u00fcz sene sonra kar\u015f\u0131n\u0131zda<br \/> \u0130stanbul fethinin hayali<\/p>\n<p><strong>3.Sarma Kafiye:<\/strong> &#8220;a b b a&#8221;\u00a0\u00a0 &#8220;cdcd&#8221; olmal\u0131.<\/p>\n<p> \u0130htiyar, elini ba\u011fr\u0131na soktu,<br \/> Dedi ki: &#8220;\u0130stanbul muhasaras\u0131<br \/> Ba\u015flarken ald\u0131\u011f\u0131m gaza yaras\u0131<br \/> \u0130\u00e7inden \u00e7ekti\u011fim bu oktu.<\/p>\n","protected":false},"excerpt":{"rendered":"<p>RED\u0130F M\u0131sra sonlar\u0131nda yaz\u0131l\u0131\u015flar\u0131, okunu\u015flar\u0131, anlamlar\u0131 ve g\u00f6revleri ayn\u0131 olan eklerin, kelime ve kelime gruplar\u0131n\u0131n tekrar edilmesine &#8220;redif&#8221; denir. \u00d6rnek-1 Bizim elde bahar olur, yaz olur. G\u00f6ller dolu \u00f6rdek olur, kaz olur. Sevgi aras\u0131nda y\u00fcz bin naz olur. Su\u00e7umu ba\u011f\u0131\u015fla, ben sana kurban. (Erci\u015fli Emrah) \u00d6rnek-2 Bu \u0131sl\u0131kla uzayan, d\u00f6nen, k\u0131vr\u0131lan yollar, Uykuya varm\u0131\u015f gibi [&hellip;]<\/p>\n","protected":false},"author":1,"featured_media":0,"comment_status":"open","ping_status":"open","sticky":false,"template":"","format":"standard","meta":{"footnotes":""},"categories":[120],"tags":[],"class_list":["post-3596","post","type-post","status-publish","format-standard","category-siir-uzerine-bilgiler"],"yoast_head":"<!-- This site is optimized with the Yoast SEO Premium plugin v24.9 (Yoast SEO v24.9) - https:\/\/yoast.com\/wordpress\/plugins\/seo\/ -->\n<title>KAF\u0130YE (UYAK) - narteks.net<\/title>\n<meta name=\"robots\" content=\"index, follow, max-snippet:-1, max-image-preview:large, max-video-preview:-1\" \/>\n<link rel=\"canonical\" href=\"https:\/\/narteks.net\/index.php\/2009\/12\/29\/kafiye-uyak\/\" \/>\n<meta property=\"og:locale\" content=\"tr_TR\" \/>\n<meta property=\"og:type\" content=\"article\" \/>\n<meta property=\"og:title\" content=\"KAF\u0130YE (UYAK)\" \/>\n<meta property=\"og:description\" content=\"RED\u0130F M\u0131sra sonlar\u0131nda yaz\u0131l\u0131\u015flar\u0131, okunu\u015flar\u0131, anlamlar\u0131 ve g\u00f6revleri ayn\u0131 olan eklerin, kelime ve kelime gruplar\u0131n\u0131n tekrar edilmesine &#8220;redif&#8221; denir. \u00d6rnek-1 Bizim elde bahar olur, yaz olur. G\u00f6ller dolu \u00f6rdek olur, kaz olur. Sevgi aras\u0131nda y\u00fcz bin naz olur. Su\u00e7umu ba\u011f\u0131\u015fla, ben sana kurban. (Erci\u015fli Emrah) \u00d6rnek-2 Bu \u0131sl\u0131kla uzayan, d\u00f6nen, k\u0131vr\u0131lan yollar, Uykuya varm\u0131\u015f gibi [&hellip;]\" \/>\n<meta property=\"og:url\" content=\"https:\/\/narteks.net\/index.php\/2009\/12\/29\/kafiye-uyak\/\" \/>\n<meta property=\"og:site_name\" content=\"narteks.net\" \/>\n<meta property=\"article:published_time\" content=\"2009-12-29T09:35:24+00:00\" \/>\n<meta property=\"og:image\" content=\"https:\/\/narteks.net\/wp-content\/uploads\/narteks.png\" \/>\n\t<meta property=\"og:image:width\" content=\"300\" \/>\n\t<meta property=\"og:image:height\" content=\"90\" \/>\n\t<meta property=\"og:image:type\" content=\"image\/png\" \/>\n<meta name=\"author\" content=\"Tar\u0131k\" \/>\n<meta name=\"twitter:card\" content=\"summary_large_image\" \/>\n<meta name=\"twitter:creator\" content=\"@narteks\" \/>\n<meta name=\"twitter:site\" content=\"@narteks\" \/>\n<meta name=\"twitter:label1\" content=\"Yazan:\" \/>\n\t<meta name=\"twitter:data1\" content=\"Tar\u0131k\" \/>\n\t<meta name=\"twitter:label2\" content=\"Tahmini okuma s\u00fcresi\" \/>\n\t<meta name=\"twitter:data2\" content=\"3 dakika\" \/>\n<script type=\"application\/ld+json\" class=\"yoast-schema-graph\">{\"@context\":\"https:\/\/schema.org\",\"@graph\":[{\"@type\":\"Article\",\"@id\":\"https:\/\/narteks.net\/index.php\/2009\/12\/29\/kafiye-uyak\/#article\",\"isPartOf\":{\"@id\":\"https:\/\/narteks.net\/index.php\/2009\/12\/29\/kafiye-uyak\/\"},\"author\":{\"name\":\"Tar\u0131k\",\"@id\":\"https:\/\/narteks.net\/#\/schema\/person\/61f37d9834294b72d31d274e7ed79bca\"},\"headline\":\"KAF\u0130YE (UYAK)\",\"datePublished\":\"2009-12-29T09:35:24+00:00\",\"mainEntityOfPage\":{\"@id\":\"https:\/\/narteks.net\/index.php\/2009\/12\/29\/kafiye-uyak\/\"},\"wordCount\":663,\"commentCount\":0,\"publisher\":{\"@id\":\"https:\/\/narteks.net\/#organization\"},\"articleSection\":[\"\u015e\u0130\u0130R \u00dcZER\u0130NE B\u0130LG\u0130LER\"],\"inLanguage\":\"tr\",\"potentialAction\":[{\"@type\":\"CommentAction\",\"name\":\"Comment\",\"target\":[\"https:\/\/narteks.net\/index.php\/2009\/12\/29\/kafiye-uyak\/#respond\"]}]},{\"@type\":\"WebPage\",\"@id\":\"https:\/\/narteks.net\/index.php\/2009\/12\/29\/kafiye-uyak\/\",\"url\":\"https:\/\/narteks.net\/index.php\/2009\/12\/29\/kafiye-uyak\/\",\"name\":\"KAF\u0130YE (UYAK) - narteks.net\",\"isPartOf\":{\"@id\":\"https:\/\/narteks.net\/#website\"},\"datePublished\":\"2009-12-29T09:35:24+00:00\",\"breadcrumb\":{\"@id\":\"https:\/\/narteks.net\/index.php\/2009\/12\/29\/kafiye-uyak\/#breadcrumb\"},\"inLanguage\":\"tr\",\"potentialAction\":[{\"@type\":\"ReadAction\",\"target\":[\"https:\/\/narteks.net\/index.php\/2009\/12\/29\/kafiye-uyak\/\"]}]},{\"@type\":\"BreadcrumbList\",\"@id\":\"https:\/\/narteks.net\/index.php\/2009\/12\/29\/kafiye-uyak\/#breadcrumb\",\"itemListElement\":[{\"@type\":\"ListItem\",\"position\":1,\"name\":\"Anasayfa\",\"item\":\"https:\/\/narteks.net\/\"},{\"@type\":\"ListItem\",\"position\":2,\"name\":\"KAF\u0130YE (UYAK)\"}]},{\"@type\":\"WebSite\",\"@id\":\"https:\/\/narteks.net\/#website\",\"url\":\"https:\/\/narteks.net\/\",\"name\":\"narteks.net\",\"description\":\"K\u00fclt\u00fcr Sanat Edebiyat Felsefe\",\"publisher\":{\"@id\":\"https:\/\/narteks.net\/#organization\"},\"alternateName\":\"K\u00fclt\u00fcr Sanat Edebiyat Felsefe\",\"potentialAction\":[{\"@type\":\"SearchAction\",\"target\":{\"@type\":\"EntryPoint\",\"urlTemplate\":\"https:\/\/narteks.net\/?s={search_term_string}\"},\"query-input\":{\"@type\":\"PropertyValueSpecification\",\"valueRequired\":true,\"valueName\":\"search_term_string\"}}],\"inLanguage\":\"tr\"},{\"@type\":\"Organization\",\"@id\":\"https:\/\/narteks.net\/#organization\",\"name\":\"narteks.net\",\"url\":\"https:\/\/narteks.net\/\",\"logo\":{\"@type\":\"ImageObject\",\"inLanguage\":\"tr\",\"@id\":\"https:\/\/narteks.net\/#\/schema\/logo\/image\/\",\"url\":\"https:\/\/narteks.net\/wp-content\/uploads\/narteks.png\",\"contentUrl\":\"https:\/\/narteks.net\/wp-content\/uploads\/narteks.png\",\"width\":300,\"height\":90,\"caption\":\"narteks.net\"},\"image\":{\"@id\":\"https:\/\/narteks.net\/#\/schema\/logo\/image\/\"},\"sameAs\":[\"https:\/\/x.com\/narteks\",\"https:\/\/instagram.com\/narteksnet\"]},{\"@type\":\"Person\",\"@id\":\"https:\/\/narteks.net\/#\/schema\/person\/61f37d9834294b72d31d274e7ed79bca\",\"name\":\"Tar\u0131k\",\"image\":{\"@type\":\"ImageObject\",\"inLanguage\":\"tr\",\"@id\":\"https:\/\/narteks.net\/#\/schema\/person\/image\/\",\"url\":\"https:\/\/secure.gravatar.com\/avatar\/50865afb55632c4ae467e0af0930f6510aa2297d8014be502a55b14f3b7550cf?s=96&d=mm&r=g\",\"contentUrl\":\"https:\/\/secure.gravatar.com\/avatar\/50865afb55632c4ae467e0af0930f6510aa2297d8014be502a55b14f3b7550cf?s=96&d=mm&r=g\",\"caption\":\"Tar\u0131k\"},\"sameAs\":[\"http:\/\/narteks.net\"],\"url\":\"https:\/\/narteks.net\/index.php\/author\/narbak\/\"}]}<\/script>\n<!-- \/ Yoast SEO Premium plugin. -->","yoast_head_json":{"title":"KAF\u0130YE (UYAK) - narteks.net","robots":{"index":"index","follow":"follow","max-snippet":"max-snippet:-1","max-image-preview":"max-image-preview:large","max-video-preview":"max-video-preview:-1"},"canonical":"https:\/\/narteks.net\/index.php\/2009\/12\/29\/kafiye-uyak\/","og_locale":"tr_TR","og_type":"article","og_title":"KAF\u0130YE (UYAK)","og_description":"RED\u0130F M\u0131sra sonlar\u0131nda yaz\u0131l\u0131\u015flar\u0131, okunu\u015flar\u0131, anlamlar\u0131 ve g\u00f6revleri ayn\u0131 olan eklerin, kelime ve kelime gruplar\u0131n\u0131n tekrar edilmesine &#8220;redif&#8221; denir. \u00d6rnek-1 Bizim elde bahar olur, yaz olur. G\u00f6ller dolu \u00f6rdek olur, kaz olur. Sevgi aras\u0131nda y\u00fcz bin naz olur. Su\u00e7umu ba\u011f\u0131\u015fla, ben sana kurban. (Erci\u015fli Emrah) \u00d6rnek-2 Bu \u0131sl\u0131kla uzayan, d\u00f6nen, k\u0131vr\u0131lan yollar, Uykuya varm\u0131\u015f gibi [&hellip;]","og_url":"https:\/\/narteks.net\/index.php\/2009\/12\/29\/kafiye-uyak\/","og_site_name":"narteks.net","article_published_time":"2009-12-29T09:35:24+00:00","og_image":[{"width":300,"height":90,"url":"https:\/\/narteks.net\/wp-content\/uploads\/narteks.png","type":"image\/png"}],"author":"Tar\u0131k","twitter_card":"summary_large_image","twitter_creator":"@narteks","twitter_site":"@narteks","twitter_misc":{"Yazan:":"Tar\u0131k","Tahmini okuma s\u00fcresi":"3 dakika"},"schema":{"@context":"https:\/\/schema.org","@graph":[{"@type":"Article","@id":"https:\/\/narteks.net\/index.php\/2009\/12\/29\/kafiye-uyak\/#article","isPartOf":{"@id":"https:\/\/narteks.net\/index.php\/2009\/12\/29\/kafiye-uyak\/"},"author":{"name":"Tar\u0131k","@id":"https:\/\/narteks.net\/#\/schema\/person\/61f37d9834294b72d31d274e7ed79bca"},"headline":"KAF\u0130YE (UYAK)","datePublished":"2009-12-29T09:35:24+00:00","mainEntityOfPage":{"@id":"https:\/\/narteks.net\/index.php\/2009\/12\/29\/kafiye-uyak\/"},"wordCount":663,"commentCount":0,"publisher":{"@id":"https:\/\/narteks.net\/#organization"},"articleSection":["\u015e\u0130\u0130R \u00dcZER\u0130NE B\u0130LG\u0130LER"],"inLanguage":"tr","potentialAction":[{"@type":"CommentAction","name":"Comment","target":["https:\/\/narteks.net\/index.php\/2009\/12\/29\/kafiye-uyak\/#respond"]}]},{"@type":"WebPage","@id":"https:\/\/narteks.net\/index.php\/2009\/12\/29\/kafiye-uyak\/","url":"https:\/\/narteks.net\/index.php\/2009\/12\/29\/kafiye-uyak\/","name":"KAF\u0130YE (UYAK) - narteks.net","isPartOf":{"@id":"https:\/\/narteks.net\/#website"},"datePublished":"2009-12-29T09:35:24+00:00","breadcrumb":{"@id":"https:\/\/narteks.net\/index.php\/2009\/12\/29\/kafiye-uyak\/#breadcrumb"},"inLanguage":"tr","potentialAction":[{"@type":"ReadAction","target":["https:\/\/narteks.net\/index.php\/2009\/12\/29\/kafiye-uyak\/"]}]},{"@type":"BreadcrumbList","@id":"https:\/\/narteks.net\/index.php\/2009\/12\/29\/kafiye-uyak\/#breadcrumb","itemListElement":[{"@type":"ListItem","position":1,"name":"Anasayfa","item":"https:\/\/narteks.net\/"},{"@type":"ListItem","position":2,"name":"KAF\u0130YE (UYAK)"}]},{"@type":"WebSite","@id":"https:\/\/narteks.net\/#website","url":"https:\/\/narteks.net\/","name":"narteks.net","description":"K\u00fclt\u00fcr Sanat Edebiyat Felsefe","publisher":{"@id":"https:\/\/narteks.net\/#organization"},"alternateName":"K\u00fclt\u00fcr Sanat Edebiyat Felsefe","potentialAction":[{"@type":"SearchAction","target":{"@type":"EntryPoint","urlTemplate":"https:\/\/narteks.net\/?s={search_term_string}"},"query-input":{"@type":"PropertyValueSpecification","valueRequired":true,"valueName":"search_term_string"}}],"inLanguage":"tr"},{"@type":"Organization","@id":"https:\/\/narteks.net\/#organization","name":"narteks.net","url":"https:\/\/narteks.net\/","logo":{"@type":"ImageObject","inLanguage":"tr","@id":"https:\/\/narteks.net\/#\/schema\/logo\/image\/","url":"https:\/\/narteks.net\/wp-content\/uploads\/narteks.png","contentUrl":"https:\/\/narteks.net\/wp-content\/uploads\/narteks.png","width":300,"height":90,"caption":"narteks.net"},"image":{"@id":"https:\/\/narteks.net\/#\/schema\/logo\/image\/"},"sameAs":["https:\/\/x.com\/narteks","https:\/\/instagram.com\/narteksnet"]},{"@type":"Person","@id":"https:\/\/narteks.net\/#\/schema\/person\/61f37d9834294b72d31d274e7ed79bca","name":"Tar\u0131k","image":{"@type":"ImageObject","inLanguage":"tr","@id":"https:\/\/narteks.net\/#\/schema\/person\/image\/","url":"https:\/\/secure.gravatar.com\/avatar\/50865afb55632c4ae467e0af0930f6510aa2297d8014be502a55b14f3b7550cf?s=96&d=mm&r=g","contentUrl":"https:\/\/secure.gravatar.com\/avatar\/50865afb55632c4ae467e0af0930f6510aa2297d8014be502a55b14f3b7550cf?s=96&d=mm&r=g","caption":"Tar\u0131k"},"sameAs":["http:\/\/narteks.net"],"url":"https:\/\/narteks.net\/index.php\/author\/narbak\/"}]}},"_links":{"self":[{"href":"https:\/\/narteks.net\/index.php\/wp-json\/wp\/v2\/posts\/3596","targetHints":{"allow":["GET"]}}],"collection":[{"href":"https:\/\/narteks.net\/index.php\/wp-json\/wp\/v2\/posts"}],"about":[{"href":"https:\/\/narteks.net\/index.php\/wp-json\/wp\/v2\/types\/post"}],"author":[{"embeddable":true,"href":"https:\/\/narteks.net\/index.php\/wp-json\/wp\/v2\/users\/1"}],"replies":[{"embeddable":true,"href":"https:\/\/narteks.net\/index.php\/wp-json\/wp\/v2\/comments?post=3596"}],"version-history":[{"count":0,"href":"https:\/\/narteks.net\/index.php\/wp-json\/wp\/v2\/posts\/3596\/revisions"}],"wp:attachment":[{"href":"https:\/\/narteks.net\/index.php\/wp-json\/wp\/v2\/media?parent=3596"}],"wp:term":[{"taxonomy":"category","embeddable":true,"href":"https:\/\/narteks.net\/index.php\/wp-json\/wp\/v2\/categories?post=3596"},{"taxonomy":"post_tag","embeddable":true,"href":"https:\/\/narteks.net\/index.php\/wp-json\/wp\/v2\/tags?post=3596"}],"curies":[{"name":"wp","href":"https:\/\/api.w.org\/{rel}","templated":true}]}}