{"id":3599,"date":"2009-12-29T12:48:24","date_gmt":"2009-12-29T09:48:24","guid":{"rendered":"http:\/\/localhost\/wordpress\/2009\/12\/29\/divan-edebiyati-nazim-bicimleri\/"},"modified":"2009-12-29T12:48:24","modified_gmt":"2009-12-29T09:48:24","slug":"divan-edebiyati-nazim-bicimleri","status":"publish","type":"post","link":"https:\/\/narteks.net\/index.php\/2009\/12\/29\/divan-edebiyati-nazim-bicimleri\/","title":{"rendered":"D\u0130VAN EDEB\u0130YATI NAZIM B\u0130\u00c7\u0130MLER\u0130"},"content":{"rendered":"<p style=\"text-align: justify;\">Divan \u015fiirinde, her beytinin dizeleri kendi aras\u0131nda uyakl\u0131, aruzun genellikle k\u0131sa kal\u0131plar\u0131yla yaz\u0131lan naz\u0131m bi\u00e7imine ve bu bi\u00e7imde yaz\u0131lm\u0131\u015f yap\u0131tlara mesnevi denir.<\/p>\n<p>Mevlana Celaleddin Rumi\u2019nin alt\u0131 ciltlik tasavvufi yap\u0131t\u0131 da \u201cMesnevi\u201d ad\u0131n\u0131 ta\u015f\u0131maktad\u0131r.<\/p>\n<p>\u00d6zellikle Arap, Fars ve Osmanl\u0131 edebiyat\u0131nda kendi aralar\u0131nda uyakl\u0131 beyitlerden olu\u015fan ve aruz \u00f6l\u00e7\u00fcs\u00fcyle yaz\u0131lan divan edebiyat\u0131 \u015fiir bi\u00e7imidir.<\/p>\n<p>Arap\u00e7ada \u201cm\u00fczdevice\u201d denilen mesnevi t\u00fcr\u00fc ilk olarak 10\u2019uncu y\u00fczy\u0131lda \u0130ran edebiyat\u0131nda ortaya \u00e7\u0131km\u0131\u015ft\u0131r. T\u00fcrk edebiyat\u0131na giri\u015fi 11\u2019inci y\u00fczy\u0131lda Yusuf Has Hacib\u2019in Kutadgu Bilig adl\u0131 yap\u0131t\u0131yla ba\u015flar. Kutadgu Bilig, mesnev\u00ee naz\u0131m bi\u00e7imiyle kaleme al\u0131nm\u0131\u015f hacimli bir siyasetn\u00e2me \u00f6rne\u011fidir.<\/p>\n<p>Her beytinin kendi aras\u0131nda kafiyelenmesi hem yazma kolayl\u0131\u011f\u0131 sa\u011flar hem de daha uzun metinlerin bu \u015fekle uygun olarak kaleme al\u0131nmas\u0131na imk\u00e2n tan\u0131r. Di\u011fer naz\u0131m \u015fekillerindeki kafiye bulma zorlu\u011fu \u015fairleri uzun metinlerde bu \u015fekli kullanmaya te\u015fvik etmi\u015ftir. Bu nedenle uzun a\u015fk \u00f6yk\u00fclerinde, destanlarda mesnevi kullan\u0131lm\u0131\u015ft\u0131r.<\/p>\n<p>Mesneviler a\u015fk mesnevileri (Fuzul\u00ee-Leyla ile Mecnun), din\u00ee-tasavvufi mesneviler(S\u00fcleyman \u00c7elebi-Mevlit; Mevlana\u2019n\u0131n Mesnevi\u2019si), ahlaksal ve \u00f6\u011fretici mesneviler (\u015eeyh\u00ee-Harn\u00e2me; Nabi\u2019nin Hayriye\u2019si ), sava\u015f ve kahramanl\u0131k konusunu i\u015fleyen gazavatnameler, bir kentin g\u00fczelliklerini anlatan \u015fehrengizler ve mizahi mesneviler diye ayr\u0131labilir.<\/p>\n<p>Mesnevide konu ne olursa olsun , ilk dikkati \u00e7eken \u00f6zellik olay\u0131n bir masal havas\u0131nda anlat\u0131lmas\u0131d\u0131r. Ak\u0131l ve mant\u0131k \u00f6l\u00e7\u00fclerini a\u015fan bir s\u00fcr\u00fc olay birbirini izler. Olay\u0131n ge\u00e7ti\u011fi yer ve zaman belirsizdir. Konuda birlik sa\u011flanamam\u0131\u015ft\u0131r. Hikayenin b\u00f6l\u00fcmleri birbirine eklenmi\u015f ilgisiz par\u00e7alar gibi g\u00f6r\u00fcn\u00fcr. \u00c7evre tasvirleri ger\u00e7e\u011fe uygun de\u011fildir, hikaye kahramanlar\u0131 do\u011fa\u00fcst\u00fc davran\u0131\u015flarda bulunur. Hikayelerde cinler, periler, devler, cad\u0131lar, ejderhalar gibi masal motifleri s\u0131k s\u0131k i\u015flenir.<\/p>\n<p>Mesnevi \u0130ran edebiyat\u0131nda ortaya \u00e7\u0131km\u0131\u015f (\u0130ran edebiyat\u0131nda Genceli Nizami ve Cami bu t\u00fcr\u00fcn ba\u015fl\u0131ca adlar\u0131d\u0131r) . Genceli Nizami\u2019nin be\u015f mesnevisinden olu\u015fan Hamse\u2019si, sonradan Divan edebiyat\u0131 \u015fairleri taraf\u0131ndan da \u00f6rnek olarak al\u0131nm\u0131\u015ft\u0131r.<\/p>\n<p>T\u00fcrk edebiyat\u0131nda ilk mesnevi Yusuf Has Hacib\u2019in Kutadgu Bilig adl\u0131 yap\u0131t\u0131d\u0131r. Bir anlamda Divan edebiyat\u0131nda manzum hikayelerin yaz\u0131ld\u0131\u011f\u0131 bir bi\u00e7im olarak da tan\u0131mlayabiliriz. Mevl\u00e2n\u00e2\u2019n\u0131n \u00fcnl\u00fc tasavvufi mesnevisi 25.700 beyitten olu\u015fmu\u015ftur. Mevlana eserine ayr\u0131 bir isim koymam\u0131\u015ft\u0131r; eser, naz\u0131m t\u00fcr\u00fc olan mesnevi ad\u0131 ile bilinir.<\/p>\n<p>Divan edebiyat\u0131nda roman ve hikaye gibi t\u00fcrler olmad\u0131\u011f\u0131 i\u00e7in mesneviler bir bak\u0131ma bu t\u00fcrlerin yerini tutmu\u015flard\u0131r. On b\u00f6l\u00fcmden olu\u015fur. Ayn\u0131 \u015fair taraf\u0131ndan yaz\u0131lm\u0131\u015f be\u015f mesneviye \u201cHamse\u201d ad\u0131 verilir. Hamse sahibi olmak bir itibar kayna\u011f\u0131d\u0131r.<\/p>\n<p>Hamse sahibi olarak tan\u0131nm\u0131\u015f \u00f6nemli divan \u015fairleri: Ali \u015eir Nev\u00e2i, Ta\u015fl\u0131cal\u0131 Yahya, Nev\u2019i-z\u00e2de At\u00e2i\u2019dir.<\/p>\n<p>Di\u011fer pek \u00e7ok edebi t\u00fcrde oldu\u011fu gibi mesnevide de Divan \u015fairlerimiz ba\u015flang\u0131\u00e7ta Arap ve \u0130ran edebiyat\u0131na ait belli ba\u015fl\u0131 mesnevileri terc\u00fcmeyle i\u015fe ba\u015flam\u0131\u015flar; ard\u0131ndan da m\u00fcstakil ve orijinal mesneviler yazm\u0131\u015flard\u0131r. \u00d6zellikle 17. y\u00fczy\u0131ldan sonra art\u0131k \u015fairlerimiz, yap\u0131lar\u0131n\u0131 milli kimli\u011fimizin olu\u015fturdu\u011fu mesneviler yazmaya ba\u015flam\u0131\u015flard\u0131r. Bu konuda Muhammet Kuzuba\u015f\u2019\u0131n Mahzen-i Esrar ile Nefhat\u00fc\u2019-l Ezhar Mukayesesi adl\u0131 \u00e7al\u0131\u015fmas\u0131, mesnevilerimizin \u0130ran ve Arap k\u00fclt\u00fcr\u00fcnden \u00e7\u0131karak yerli kaynaklara y\u00f6neldi\u011fini ortaya koymas\u0131 bak\u0131m\u0131ndan dikkat \u00e7ekicidir.<\/p>\n<p> \u00d6rnek 1.<\/p>\n<p> K\u0131sa Mesnev\u00ee<\/p>\n<p> D\u00eeb\u00e2ce-i E\u015f&#8217;\u00e2r-\u0131 G\u00fcl-i Sad-Berg<\/p>\n<p> 1. Seherden seyre vardum murgz\u00e2ra<br \/> Hez\u00e2r\u00e2n murg g\u00f6rd\u00fcm geldi zara<\/p>\n<p> 2. G\u00fcl \u00fc l\u00e2leyle zeyn olm\u0131\u015f \u00e7emenler<br \/> Oyuna girdi g\u00f6nlekcek semenler<\/p>\n<p> 3. \u00c7\u00fc g\u00f6rd\u00fcm nak\u015f-\u0131 Erjeng old\u0131 sahra<br \/> Ed\u00fcp bir nice reng\u00een \u015fi&#8217;r peyda<\/p>\n<p> 4. Kadem basdum iz\u00e2r-\u0131 mihr \u00fc m\u00e2ha<br \/> Ki t\u00e2 erd\u00fcm cen\u00e2b-\u0131 P\u00e2di\u015f\u00e2ha<\/p>\n<p> 5. Y\u00fcz\u00fcm s\u00fcr\u00fcp \u00e7emenler gibi h\u00e2ke<br \/> Du&#8217;\u00e2lar eyled\u00fcm ol z\u00e2t-\u0131 p\u00e2ke<\/p>\n<p> 6. Oluban b\u00eed bergi gibi lerz\u00e2n<br \/> Nih\u00e2l-i erguvan-ve\u015f derled\u00fcm kan<\/p>\n<p> 7. Sunup bu nazm\u0131 dest-i \u015eehriy\u00e2ra<br \/> G\u00fcl-i sad-bergi irg\u00fcrd\u00fcm bahara\u00a0\u00a0\u00a0\u00a0\u00a0\u00a0\u00a0\u00a0\u00a0\u00a0\u00a0\u00a0\u00a0\u00a0 (Hayal\u00ee Bey)<\/p>\n<p> \u00d6rnek 2.<\/p>\n<p> K\u0131sa Mesnev\u00ee. K\u00fc\u00e7\u00fck Hik\u00e2ye<\/p>\n<p> Hik\u00e2yet-i Leyl\u00ee v\u00fc Mecn\u00fbn<\/p>\n<p> 1. Me\u011fer bir g\u00fcn ki \u00e2te\u015f-i p\u00e2re-i Necd<br \/> \u015eerer pervanesi Mecn\u00fbn-\u0131 p\u00fcr vecd<\/p>\n<p> 2. Siyeh-mest-i \u015far\u00e2b-\u0131 hayret olm\u0131\u015f<br \/> Kararm\u0131\u015f g\u00f6zleri Leyl\u00ee&#8217;yle dolm\u0131\u015f<\/p>\n<p> 3. Dola\u015fdurm\u0131\u015f per\u00ee\u015f\u00e2n seyr-i r\u00e2ha<br \/> Tutulm\u0131\u015f kend\u00fcsi \u00e7\u00fcn d\u00e2m-\u0131 m\u00e2ha<\/p>\n<p> 4. D\u00f6n\u00fcp ol \u015fu&#8217;le-i cevv\u00e2le-i gam<br \/> Yanup durmakda olm\u0131\u015f \u015fem&#8217;a hemdem<\/p>\n<p> 5. D\u00fc\u015f\u00fcp \u00e7\u00fcn m\u00fby-\u0131 zeng\u00ee p\u00ee\u015f ii t\u00e2ba<br \/> Bozulmu\u015f genc-i t\u00e2r-\u0131 \u0131zt\u0131raba<\/p>\n<p> 6. Katup seyl-i siri\u015fkin bahr-\u0131 h\u00fbna<br \/> S\u00fck\u00fbn el vermi\u015f ol c\u00fby-\u0131 c\u00fcn\u00fbna<\/p>\n<p> 7. Olup ho\u015fn\u00fbd kend\u00fc \u00e2te\u015finden<br \/> \u015eik\u00e2yet etmez olm\u0131\u015f m\u00e2hve\u015finden<\/p>\n<p> 8. Cef\u00e2dan n\u00e2y gibi z\u00e2r etmez olm\u0131\u015f<br \/> Varup Leyl\u00eeyi b\u00eez\u00e2r etmez olm\u0131\u015f<\/p>\n<p> 9. Olup fari\u011f dil-i d\u00eev\u00e2nesinden<br \/> Usanm\u0131\u015f vaz&#8217;-\u0131 k\u00fcst\u00e2h\u00e2nesinden<\/p>\n<p> 10. Duyup ol berk-i s\u00e2m\u00e2n ya&#8217;n\u00ee<br \/> Leyl\u00ee Gazabn\u00e2k eylemi\u015f Kays&#8217;a tecell\u00ee<\/p>\n<p> 11. Demi\u015f etd\u00fcnse feryad\u0131 fer\u00e2m\u00fb\u015f<br \/> Gerekmez bana art\u0131k g\u00fb\u015f u meng\u00fb\u015f<\/p>\n<p> 12. Per\u00ee\u015f\u00e2n olma\u011f\u0131 ed\u00fcp tahayy\u00fcl<br \/> Sen\u00fcn-\u00e7\u00fcn \u015f\u00e2nelenmi\u015fd\u00fcr bu k\u00e2k\u00fcl<\/p>\n<p> 13. Bu suretler sen\u00fcn-\u00e7\u00fcn r\u00fb-n\u00fcm\u00e2dur<br \/> Nazar \u00e2yineye sanma sanadur<\/p>\n<p> 14. Hem\u00e2n yan a\u011fla Mevl\u00e2y\u0131 seversen<br \/> Koma feryad\u0131 Leyl\u00e2y\u0131 seversen<\/p>\n<p> 15. Me\u011fer d\u00eev\u00e2neye ta\u015f atd\u0131 Leyl\u00e2<br \/> Komad\u0131 urmad\u0131k ba\u015f seng-i h\u00e2r\u00e2<\/p>\n<p> 16. Olur ma&#8217;\u015f\u00fbk d\u00e2\u011f u zahme t\u00e2lib<br \/> Ni\u015fan l\u00e2z\u0131md\u0131r \u00e2\u015f\u0131klarda G\u00e2lib<\/p>\n<p> 17. M\u00fclevvend\u00fcr hem\u00ee\u015fe k\u00e2r-\u0131 u\u015f\u015fak<br \/> Me\u011fer imd\u00e2d ede Hunh\u00e2r-\u0131 u\u015f\u015fak<\/p>\n<p> 18. Kerem-h\u00e2hum cen\u00e2b-\u0131 mevlev\u00eeden<br \/> Vere bir ne\u015f&#8217;e \u015f\u00fbr-\u0131 ma&#8217;nev\u00eeden\u00a0\u00a0\u00a0\u00a0\u00a0\u00a0\u00a0\u00a0\u00a0 (\u015eeyh G\u00e2lib)<\/p>\n","protected":false},"excerpt":{"rendered":"<p>Divan \u015fiirinde, her beytinin dizeleri kendi aras\u0131nda uyakl\u0131, aruzun genellikle k\u0131sa kal\u0131plar\u0131yla yaz\u0131lan naz\u0131m bi\u00e7imine ve bu bi\u00e7imde yaz\u0131lm\u0131\u015f yap\u0131tlara mesnevi denir. Mevlana Celaleddin Rumi\u2019nin alt\u0131 ciltlik tasavvufi yap\u0131t\u0131 da \u201cMesnevi\u201d ad\u0131n\u0131 ta\u015f\u0131maktad\u0131r. \u00d6zellikle Arap, Fars ve Osmanl\u0131 edebiyat\u0131nda kendi aralar\u0131nda uyakl\u0131 beyitlerden olu\u015fan ve aruz \u00f6l\u00e7\u00fcs\u00fcyle yaz\u0131lan divan edebiyat\u0131 \u015fiir bi\u00e7imidir. Arap\u00e7ada \u201cm\u00fczdevice\u201d denilen [&hellip;]<\/p>\n","protected":false},"author":1,"featured_media":0,"comment_status":"open","ping_status":"open","sticky":false,"template":"","format":"standard","meta":{"footnotes":""},"categories":[120],"tags":[],"class_list":["post-3599","post","type-post","status-publish","format-standard","category-siir-uzerine-bilgiler"],"yoast_head":"<!-- This site is optimized with the Yoast SEO Premium plugin v24.9 (Yoast SEO v24.9) - https:\/\/yoast.com\/wordpress\/plugins\/seo\/ -->\n<title>D\u0130VAN EDEB\u0130YATI NAZIM B\u0130\u00c7\u0130MLER\u0130 - narteks.net<\/title>\n<meta name=\"robots\" content=\"index, follow, max-snippet:-1, max-image-preview:large, max-video-preview:-1\" \/>\n<link rel=\"canonical\" href=\"https:\/\/narteks.net\/index.php\/2009\/12\/29\/divan-edebiyati-nazim-bicimleri\/\" \/>\n<meta property=\"og:locale\" content=\"tr_TR\" \/>\n<meta property=\"og:type\" content=\"article\" \/>\n<meta property=\"og:title\" content=\"D\u0130VAN EDEB\u0130YATI NAZIM B\u0130\u00c7\u0130MLER\u0130\" \/>\n<meta property=\"og:description\" content=\"Divan \u015fiirinde, her beytinin dizeleri kendi aras\u0131nda uyakl\u0131, aruzun genellikle k\u0131sa kal\u0131plar\u0131yla yaz\u0131lan naz\u0131m bi\u00e7imine ve bu bi\u00e7imde yaz\u0131lm\u0131\u015f yap\u0131tlara mesnevi denir. Mevlana Celaleddin Rumi\u2019nin alt\u0131 ciltlik tasavvufi yap\u0131t\u0131 da \u201cMesnevi\u201d ad\u0131n\u0131 ta\u015f\u0131maktad\u0131r. \u00d6zellikle Arap, Fars ve Osmanl\u0131 edebiyat\u0131nda kendi aralar\u0131nda uyakl\u0131 beyitlerden olu\u015fan ve aruz \u00f6l\u00e7\u00fcs\u00fcyle yaz\u0131lan divan edebiyat\u0131 \u015fiir bi\u00e7imidir. Arap\u00e7ada \u201cm\u00fczdevice\u201d denilen [&hellip;]\" \/>\n<meta property=\"og:url\" content=\"https:\/\/narteks.net\/index.php\/2009\/12\/29\/divan-edebiyati-nazim-bicimleri\/\" \/>\n<meta property=\"og:site_name\" content=\"narteks.net\" \/>\n<meta property=\"article:published_time\" content=\"2009-12-29T09:48:24+00:00\" \/>\n<meta property=\"og:image\" content=\"https:\/\/narteks.net\/wp-content\/uploads\/narteks.png\" \/>\n\t<meta property=\"og:image:width\" content=\"300\" \/>\n\t<meta property=\"og:image:height\" content=\"90\" \/>\n\t<meta property=\"og:image:type\" content=\"image\/png\" \/>\n<meta name=\"author\" content=\"Tar\u0131k\" \/>\n<meta name=\"twitter:card\" content=\"summary_large_image\" \/>\n<meta name=\"twitter:creator\" content=\"@narteks\" \/>\n<meta name=\"twitter:site\" content=\"@narteks\" \/>\n<meta name=\"twitter:label1\" content=\"Yazan:\" \/>\n\t<meta name=\"twitter:data1\" content=\"Tar\u0131k\" \/>\n\t<meta name=\"twitter:label2\" content=\"Tahmini okuma s\u00fcresi\" \/>\n\t<meta name=\"twitter:data2\" content=\"5 dakika\" \/>\n<script type=\"application\/ld+json\" class=\"yoast-schema-graph\">{\"@context\":\"https:\/\/schema.org\",\"@graph\":[{\"@type\":\"Article\",\"@id\":\"https:\/\/narteks.net\/index.php\/2009\/12\/29\/divan-edebiyati-nazim-bicimleri\/#article\",\"isPartOf\":{\"@id\":\"https:\/\/narteks.net\/index.php\/2009\/12\/29\/divan-edebiyati-nazim-bicimleri\/\"},\"author\":{\"name\":\"Tar\u0131k\",\"@id\":\"https:\/\/narteks.net\/#\/schema\/person\/61f37d9834294b72d31d274e7ed79bca\"},\"headline\":\"D\u0130VAN EDEB\u0130YATI NAZIM B\u0130\u00c7\u0130MLER\u0130\",\"datePublished\":\"2009-12-29T09:48:24+00:00\",\"mainEntityOfPage\":{\"@id\":\"https:\/\/narteks.net\/index.php\/2009\/12\/29\/divan-edebiyati-nazim-bicimleri\/\"},\"wordCount\":1027,\"commentCount\":0,\"publisher\":{\"@id\":\"https:\/\/narteks.net\/#organization\"},\"articleSection\":[\"\u015e\u0130\u0130R \u00dcZER\u0130NE B\u0130LG\u0130LER\"],\"inLanguage\":\"tr\",\"potentialAction\":[{\"@type\":\"CommentAction\",\"name\":\"Comment\",\"target\":[\"https:\/\/narteks.net\/index.php\/2009\/12\/29\/divan-edebiyati-nazim-bicimleri\/#respond\"]}]},{\"@type\":\"WebPage\",\"@id\":\"https:\/\/narteks.net\/index.php\/2009\/12\/29\/divan-edebiyati-nazim-bicimleri\/\",\"url\":\"https:\/\/narteks.net\/index.php\/2009\/12\/29\/divan-edebiyati-nazim-bicimleri\/\",\"name\":\"D\u0130VAN EDEB\u0130YATI NAZIM B\u0130\u00c7\u0130MLER\u0130 - narteks.net\",\"isPartOf\":{\"@id\":\"https:\/\/narteks.net\/#website\"},\"datePublished\":\"2009-12-29T09:48:24+00:00\",\"breadcrumb\":{\"@id\":\"https:\/\/narteks.net\/index.php\/2009\/12\/29\/divan-edebiyati-nazim-bicimleri\/#breadcrumb\"},\"inLanguage\":\"tr\",\"potentialAction\":[{\"@type\":\"ReadAction\",\"target\":[\"https:\/\/narteks.net\/index.php\/2009\/12\/29\/divan-edebiyati-nazim-bicimleri\/\"]}]},{\"@type\":\"BreadcrumbList\",\"@id\":\"https:\/\/narteks.net\/index.php\/2009\/12\/29\/divan-edebiyati-nazim-bicimleri\/#breadcrumb\",\"itemListElement\":[{\"@type\":\"ListItem\",\"position\":1,\"name\":\"Anasayfa\",\"item\":\"https:\/\/narteks.net\/\"},{\"@type\":\"ListItem\",\"position\":2,\"name\":\"D\u0130VAN EDEB\u0130YATI NAZIM B\u0130\u00c7\u0130MLER\u0130\"}]},{\"@type\":\"WebSite\",\"@id\":\"https:\/\/narteks.net\/#website\",\"url\":\"https:\/\/narteks.net\/\",\"name\":\"narteks.net\",\"description\":\"K\u00fclt\u00fcr Sanat Edebiyat Felsefe\",\"publisher\":{\"@id\":\"https:\/\/narteks.net\/#organization\"},\"alternateName\":\"K\u00fclt\u00fcr Sanat Edebiyat Felsefe\",\"potentialAction\":[{\"@type\":\"SearchAction\",\"target\":{\"@type\":\"EntryPoint\",\"urlTemplate\":\"https:\/\/narteks.net\/?s={search_term_string}\"},\"query-input\":{\"@type\":\"PropertyValueSpecification\",\"valueRequired\":true,\"valueName\":\"search_term_string\"}}],\"inLanguage\":\"tr\"},{\"@type\":\"Organization\",\"@id\":\"https:\/\/narteks.net\/#organization\",\"name\":\"narteks.net\",\"url\":\"https:\/\/narteks.net\/\",\"logo\":{\"@type\":\"ImageObject\",\"inLanguage\":\"tr\",\"@id\":\"https:\/\/narteks.net\/#\/schema\/logo\/image\/\",\"url\":\"https:\/\/narteks.net\/wp-content\/uploads\/narteks.png\",\"contentUrl\":\"https:\/\/narteks.net\/wp-content\/uploads\/narteks.png\",\"width\":300,\"height\":90,\"caption\":\"narteks.net\"},\"image\":{\"@id\":\"https:\/\/narteks.net\/#\/schema\/logo\/image\/\"},\"sameAs\":[\"https:\/\/x.com\/narteks\",\"https:\/\/instagram.com\/narteksnet\"]},{\"@type\":\"Person\",\"@id\":\"https:\/\/narteks.net\/#\/schema\/person\/61f37d9834294b72d31d274e7ed79bca\",\"name\":\"Tar\u0131k\",\"image\":{\"@type\":\"ImageObject\",\"inLanguage\":\"tr\",\"@id\":\"https:\/\/narteks.net\/#\/schema\/person\/image\/\",\"url\":\"https:\/\/secure.gravatar.com\/avatar\/50865afb55632c4ae467e0af0930f6510aa2297d8014be502a55b14f3b7550cf?s=96&d=mm&r=g\",\"contentUrl\":\"https:\/\/secure.gravatar.com\/avatar\/50865afb55632c4ae467e0af0930f6510aa2297d8014be502a55b14f3b7550cf?s=96&d=mm&r=g\",\"caption\":\"Tar\u0131k\"},\"sameAs\":[\"http:\/\/narteks.net\"],\"url\":\"https:\/\/narteks.net\/index.php\/author\/narbak\/\"}]}<\/script>\n<!-- \/ Yoast SEO Premium plugin. -->","yoast_head_json":{"title":"D\u0130VAN EDEB\u0130YATI NAZIM B\u0130\u00c7\u0130MLER\u0130 - narteks.net","robots":{"index":"index","follow":"follow","max-snippet":"max-snippet:-1","max-image-preview":"max-image-preview:large","max-video-preview":"max-video-preview:-1"},"canonical":"https:\/\/narteks.net\/index.php\/2009\/12\/29\/divan-edebiyati-nazim-bicimleri\/","og_locale":"tr_TR","og_type":"article","og_title":"D\u0130VAN EDEB\u0130YATI NAZIM B\u0130\u00c7\u0130MLER\u0130","og_description":"Divan \u015fiirinde, her beytinin dizeleri kendi aras\u0131nda uyakl\u0131, aruzun genellikle k\u0131sa kal\u0131plar\u0131yla yaz\u0131lan naz\u0131m bi\u00e7imine ve bu bi\u00e7imde yaz\u0131lm\u0131\u015f yap\u0131tlara mesnevi denir. Mevlana Celaleddin Rumi\u2019nin alt\u0131 ciltlik tasavvufi yap\u0131t\u0131 da \u201cMesnevi\u201d ad\u0131n\u0131 ta\u015f\u0131maktad\u0131r. \u00d6zellikle Arap, Fars ve Osmanl\u0131 edebiyat\u0131nda kendi aralar\u0131nda uyakl\u0131 beyitlerden olu\u015fan ve aruz \u00f6l\u00e7\u00fcs\u00fcyle yaz\u0131lan divan edebiyat\u0131 \u015fiir bi\u00e7imidir. Arap\u00e7ada \u201cm\u00fczdevice\u201d denilen [&hellip;]","og_url":"https:\/\/narteks.net\/index.php\/2009\/12\/29\/divan-edebiyati-nazim-bicimleri\/","og_site_name":"narteks.net","article_published_time":"2009-12-29T09:48:24+00:00","og_image":[{"width":300,"height":90,"url":"https:\/\/narteks.net\/wp-content\/uploads\/narteks.png","type":"image\/png"}],"author":"Tar\u0131k","twitter_card":"summary_large_image","twitter_creator":"@narteks","twitter_site":"@narteks","twitter_misc":{"Yazan:":"Tar\u0131k","Tahmini okuma s\u00fcresi":"5 dakika"},"schema":{"@context":"https:\/\/schema.org","@graph":[{"@type":"Article","@id":"https:\/\/narteks.net\/index.php\/2009\/12\/29\/divan-edebiyati-nazim-bicimleri\/#article","isPartOf":{"@id":"https:\/\/narteks.net\/index.php\/2009\/12\/29\/divan-edebiyati-nazim-bicimleri\/"},"author":{"name":"Tar\u0131k","@id":"https:\/\/narteks.net\/#\/schema\/person\/61f37d9834294b72d31d274e7ed79bca"},"headline":"D\u0130VAN EDEB\u0130YATI NAZIM B\u0130\u00c7\u0130MLER\u0130","datePublished":"2009-12-29T09:48:24+00:00","mainEntityOfPage":{"@id":"https:\/\/narteks.net\/index.php\/2009\/12\/29\/divan-edebiyati-nazim-bicimleri\/"},"wordCount":1027,"commentCount":0,"publisher":{"@id":"https:\/\/narteks.net\/#organization"},"articleSection":["\u015e\u0130\u0130R \u00dcZER\u0130NE B\u0130LG\u0130LER"],"inLanguage":"tr","potentialAction":[{"@type":"CommentAction","name":"Comment","target":["https:\/\/narteks.net\/index.php\/2009\/12\/29\/divan-edebiyati-nazim-bicimleri\/#respond"]}]},{"@type":"WebPage","@id":"https:\/\/narteks.net\/index.php\/2009\/12\/29\/divan-edebiyati-nazim-bicimleri\/","url":"https:\/\/narteks.net\/index.php\/2009\/12\/29\/divan-edebiyati-nazim-bicimleri\/","name":"D\u0130VAN EDEB\u0130YATI NAZIM B\u0130\u00c7\u0130MLER\u0130 - narteks.net","isPartOf":{"@id":"https:\/\/narteks.net\/#website"},"datePublished":"2009-12-29T09:48:24+00:00","breadcrumb":{"@id":"https:\/\/narteks.net\/index.php\/2009\/12\/29\/divan-edebiyati-nazim-bicimleri\/#breadcrumb"},"inLanguage":"tr","potentialAction":[{"@type":"ReadAction","target":["https:\/\/narteks.net\/index.php\/2009\/12\/29\/divan-edebiyati-nazim-bicimleri\/"]}]},{"@type":"BreadcrumbList","@id":"https:\/\/narteks.net\/index.php\/2009\/12\/29\/divan-edebiyati-nazim-bicimleri\/#breadcrumb","itemListElement":[{"@type":"ListItem","position":1,"name":"Anasayfa","item":"https:\/\/narteks.net\/"},{"@type":"ListItem","position":2,"name":"D\u0130VAN EDEB\u0130YATI NAZIM B\u0130\u00c7\u0130MLER\u0130"}]},{"@type":"WebSite","@id":"https:\/\/narteks.net\/#website","url":"https:\/\/narteks.net\/","name":"narteks.net","description":"K\u00fclt\u00fcr Sanat Edebiyat Felsefe","publisher":{"@id":"https:\/\/narteks.net\/#organization"},"alternateName":"K\u00fclt\u00fcr Sanat Edebiyat Felsefe","potentialAction":[{"@type":"SearchAction","target":{"@type":"EntryPoint","urlTemplate":"https:\/\/narteks.net\/?s={search_term_string}"},"query-input":{"@type":"PropertyValueSpecification","valueRequired":true,"valueName":"search_term_string"}}],"inLanguage":"tr"},{"@type":"Organization","@id":"https:\/\/narteks.net\/#organization","name":"narteks.net","url":"https:\/\/narteks.net\/","logo":{"@type":"ImageObject","inLanguage":"tr","@id":"https:\/\/narteks.net\/#\/schema\/logo\/image\/","url":"https:\/\/narteks.net\/wp-content\/uploads\/narteks.png","contentUrl":"https:\/\/narteks.net\/wp-content\/uploads\/narteks.png","width":300,"height":90,"caption":"narteks.net"},"image":{"@id":"https:\/\/narteks.net\/#\/schema\/logo\/image\/"},"sameAs":["https:\/\/x.com\/narteks","https:\/\/instagram.com\/narteksnet"]},{"@type":"Person","@id":"https:\/\/narteks.net\/#\/schema\/person\/61f37d9834294b72d31d274e7ed79bca","name":"Tar\u0131k","image":{"@type":"ImageObject","inLanguage":"tr","@id":"https:\/\/narteks.net\/#\/schema\/person\/image\/","url":"https:\/\/secure.gravatar.com\/avatar\/50865afb55632c4ae467e0af0930f6510aa2297d8014be502a55b14f3b7550cf?s=96&d=mm&r=g","contentUrl":"https:\/\/secure.gravatar.com\/avatar\/50865afb55632c4ae467e0af0930f6510aa2297d8014be502a55b14f3b7550cf?s=96&d=mm&r=g","caption":"Tar\u0131k"},"sameAs":["http:\/\/narteks.net"],"url":"https:\/\/narteks.net\/index.php\/author\/narbak\/"}]}},"_links":{"self":[{"href":"https:\/\/narteks.net\/index.php\/wp-json\/wp\/v2\/posts\/3599","targetHints":{"allow":["GET"]}}],"collection":[{"href":"https:\/\/narteks.net\/index.php\/wp-json\/wp\/v2\/posts"}],"about":[{"href":"https:\/\/narteks.net\/index.php\/wp-json\/wp\/v2\/types\/post"}],"author":[{"embeddable":true,"href":"https:\/\/narteks.net\/index.php\/wp-json\/wp\/v2\/users\/1"}],"replies":[{"embeddable":true,"href":"https:\/\/narteks.net\/index.php\/wp-json\/wp\/v2\/comments?post=3599"}],"version-history":[{"count":0,"href":"https:\/\/narteks.net\/index.php\/wp-json\/wp\/v2\/posts\/3599\/revisions"}],"wp:attachment":[{"href":"https:\/\/narteks.net\/index.php\/wp-json\/wp\/v2\/media?parent=3599"}],"wp:term":[{"taxonomy":"category","embeddable":true,"href":"https:\/\/narteks.net\/index.php\/wp-json\/wp\/v2\/categories?post=3599"},{"taxonomy":"post_tag","embeddable":true,"href":"https:\/\/narteks.net\/index.php\/wp-json\/wp\/v2\/tags?post=3599"}],"curies":[{"name":"wp","href":"https:\/\/api.w.org\/{rel}","templated":true}]}}