{"id":360,"date":"2009-03-02T14:37:04","date_gmt":"2009-03-02T11:37:04","guid":{"rendered":"http:\/\/localhost\/wordpress\/2009\/03\/02\/gecmis-yaz\/"},"modified":"2009-03-02T14:37:04","modified_gmt":"2009-03-02T11:37:04","slug":"gecmis-yaz","status":"publish","type":"post","link":"https:\/\/narteks.net\/index.php\/2009\/03\/02\/gecmis-yaz\/","title":{"rendered":"Ge\u00e7mi\u015f Yaz"},"content":{"rendered":"<p>\u00a0<\/p>\n<p><span>G\u00f6vdemden s\u0131zan sular gibi<br \/> Ak\u0131p gitti bir yaz daha<br \/> Sevi\u015fmelerle g\u00fcnd\u00fcz vakti<br \/> Ve beyaz \u00f6\u011fle uykular\u0131yla<\/p>\n<p> Bir yazd\u0131 art\u0131k ge\u00e7mi\u015f olan<br \/> Oysa hala tenimde tuz tad\u0131<br \/> Ayn\u0131 a\u011flardan \u00e7\u0131kard\u0131\u011f\u0131m\u0131z<br \/> Bir ak\u015fam g\u00fcne\u015fiyle bal\u0131klar\u0131<\/p>\n<p> Bir yazd\u0131 uzak G\u00fcrcistan&#8217;da<br \/> K\u0131y\u0131s\u0131nda kartal da\u011flar\u0131n<br \/> Mavi g\u00f6zl\u00fc bir g\u00f6l b\u0131rakan<br \/> D\u00fc\u015flerine \u00e7ocuklar\u0131n<\/p>\n<p> Bir yazd\u0131 ya\u015fanan her saniyesi<br \/> Ve \u015fimdi kumsaldan eserken r\u00fczgar<br \/> \u00dc\u015f\u00fcr bir deniz kabu\u011fu belki<br \/> Ve k\u00fc\u00e7\u00fck bir k\u0131z\u0131 an\u0131msar <\/span><\/p>\n<p> <span>Ataol Behramo\u011flu<\/span><\/p>\n","protected":false},"excerpt":{"rendered":"<p>\u00a0 G\u00f6vdemden s\u0131zan sular gibi Ak\u0131p gitti bir yaz daha Sevi\u015fmelerle g\u00fcnd\u00fcz vakti Ve beyaz \u00f6\u011fle uykular\u0131yla Bir yazd\u0131 art\u0131k ge\u00e7mi\u015f olan Oysa hala tenimde tuz tad\u0131 Ayn\u0131 a\u011flardan \u00e7\u0131kard\u0131\u011f\u0131m\u0131z Bir ak\u015fam g\u00fcne\u015fiyle bal\u0131klar\u0131 Bir yazd\u0131 uzak G\u00fcrcistan&#8217;da K\u0131y\u0131s\u0131nda kartal da\u011flar\u0131n Mavi g\u00f6zl\u00fc bir g\u00f6l b\u0131rakan D\u00fc\u015flerine \u00e7ocuklar\u0131n Bir yazd\u0131 ya\u015fanan her saniyesi Ve \u015fimdi [&hellip;]<\/p>\n","protected":false},"author":1,"featured_media":0,"comment_status":"open","ping_status":"open","sticky":false,"template":"","format":"standard","meta":{"footnotes":""},"categories":[10],"tags":[],"class_list":{"0":"post-360","1":"post","2":"type-post","3":"status-publish","4":"format-standard","6":"category-ataol-behramoglu"},"yoast_head":"<!-- This site is optimized with the Yoast SEO Premium plugin v24.9 (Yoast SEO v24.9) - https:\/\/yoast.com\/wordpress\/plugins\/seo\/ -->\n<title>Ge\u00e7mi\u015f Yaz - narteks.net<\/title>\n<meta name=\"robots\" content=\"index, follow, max-snippet:-1, max-image-preview:large, max-video-preview:-1\" \/>\n<link rel=\"canonical\" href=\"https:\/\/narteks.net\/index.php\/2009\/03\/02\/gecmis-yaz\/\" \/>\n<meta property=\"og:locale\" content=\"tr_TR\" \/>\n<meta property=\"og:type\" content=\"article\" \/>\n<meta property=\"og:title\" content=\"Ge\u00e7mi\u015f Yaz\" \/>\n<meta property=\"og:description\" content=\"\u00a0 G\u00f6vdemden s\u0131zan sular gibi Ak\u0131p gitti bir yaz daha Sevi\u015fmelerle g\u00fcnd\u00fcz vakti Ve beyaz \u00f6\u011fle uykular\u0131yla Bir yazd\u0131 art\u0131k ge\u00e7mi\u015f olan Oysa hala tenimde tuz tad\u0131 Ayn\u0131 a\u011flardan \u00e7\u0131kard\u0131\u011f\u0131m\u0131z Bir ak\u015fam g\u00fcne\u015fiyle bal\u0131klar\u0131 Bir yazd\u0131 uzak G\u00fcrcistan&#8217;da K\u0131y\u0131s\u0131nda kartal da\u011flar\u0131n Mavi g\u00f6zl\u00fc bir g\u00f6l b\u0131rakan D\u00fc\u015flerine \u00e7ocuklar\u0131n Bir yazd\u0131 ya\u015fanan her saniyesi Ve \u015fimdi [&hellip;]\" \/>\n<meta property=\"og:url\" content=\"https:\/\/narteks.net\/index.php\/2009\/03\/02\/gecmis-yaz\/\" \/>\n<meta property=\"og:site_name\" content=\"narteks.net\" \/>\n<meta property=\"article:published_time\" content=\"2009-03-02T11:37:04+00:00\" \/>\n<meta property=\"og:image\" content=\"https:\/\/narteks.net\/wp-content\/uploads\/narteks.png\" \/>\n\t<meta property=\"og:image:width\" content=\"300\" \/>\n\t<meta property=\"og:image:height\" content=\"90\" \/>\n\t<meta property=\"og:image:type\" content=\"image\/png\" \/>\n<meta name=\"author\" content=\"Tar\u0131k\" \/>\n<meta name=\"twitter:card\" content=\"summary_large_image\" \/>\n<meta name=\"twitter:creator\" content=\"@narteks\" \/>\n<meta name=\"twitter:site\" content=\"@narteks\" \/>\n<meta name=\"twitter:label1\" content=\"Yazan:\" \/>\n\t<meta name=\"twitter:data1\" content=\"Tar\u0131k\" \/>\n\t<meta name=\"twitter:label2\" content=\"Tahmini okuma s\u00fcresi\" \/>\n\t<meta name=\"twitter:data2\" content=\"1 dakika\" \/>\n<script type=\"application\/ld+json\" class=\"yoast-schema-graph\">{\"@context\":\"https:\/\/schema.org\",\"@graph\":[{\"@type\":\"Article\",\"@id\":\"https:\/\/narteks.net\/index.php\/2009\/03\/02\/gecmis-yaz\/#article\",\"isPartOf\":{\"@id\":\"https:\/\/narteks.net\/index.php\/2009\/03\/02\/gecmis-yaz\/\"},\"author\":{\"name\":\"Tar\u0131k\",\"@id\":\"https:\/\/narteks.net\/#\/schema\/person\/61f37d9834294b72d31d274e7ed79bca\"},\"headline\":\"Ge\u00e7mi\u015f Yaz\",\"datePublished\":\"2009-03-02T11:37:04+00:00\",\"mainEntityOfPage\":{\"@id\":\"https:\/\/narteks.net\/index.php\/2009\/03\/02\/gecmis-yaz\/\"},\"wordCount\":106,\"commentCount\":0,\"publisher\":{\"@id\":\"https:\/\/narteks.net\/#organization\"},\"articleSection\":[\"Ataol BEHRAMOGLU\"],\"inLanguage\":\"tr\",\"potentialAction\":[{\"@type\":\"CommentAction\",\"name\":\"Comment\",\"target\":[\"https:\/\/narteks.net\/index.php\/2009\/03\/02\/gecmis-yaz\/#respond\"]}]},{\"@type\":\"WebPage\",\"@id\":\"https:\/\/narteks.net\/index.php\/2009\/03\/02\/gecmis-yaz\/\",\"url\":\"https:\/\/narteks.net\/index.php\/2009\/03\/02\/gecmis-yaz\/\",\"name\":\"Ge\u00e7mi\u015f Yaz - narteks.net\",\"isPartOf\":{\"@id\":\"https:\/\/narteks.net\/#website\"},\"datePublished\":\"2009-03-02T11:37:04+00:00\",\"breadcrumb\":{\"@id\":\"https:\/\/narteks.net\/index.php\/2009\/03\/02\/gecmis-yaz\/#breadcrumb\"},\"inLanguage\":\"tr\",\"potentialAction\":[{\"@type\":\"ReadAction\",\"target\":[\"https:\/\/narteks.net\/index.php\/2009\/03\/02\/gecmis-yaz\/\"]}]},{\"@type\":\"BreadcrumbList\",\"@id\":\"https:\/\/narteks.net\/index.php\/2009\/03\/02\/gecmis-yaz\/#breadcrumb\",\"itemListElement\":[{\"@type\":\"ListItem\",\"position\":1,\"name\":\"Anasayfa\",\"item\":\"https:\/\/narteks.net\/\"},{\"@type\":\"ListItem\",\"position\":2,\"name\":\"Ge\u00e7mi\u015f Yaz\"}]},{\"@type\":\"WebSite\",\"@id\":\"https:\/\/narteks.net\/#website\",\"url\":\"https:\/\/narteks.net\/\",\"name\":\"narteks.net\",\"description\":\"K\u00fclt\u00fcr Sanat Edebiyat Felsefe\",\"publisher\":{\"@id\":\"https:\/\/narteks.net\/#organization\"},\"alternateName\":\"K\u00fclt\u00fcr Sanat Edebiyat Felsefe\",\"potentialAction\":[{\"@type\":\"SearchAction\",\"target\":{\"@type\":\"EntryPoint\",\"urlTemplate\":\"https:\/\/narteks.net\/?s={search_term_string}\"},\"query-input\":{\"@type\":\"PropertyValueSpecification\",\"valueRequired\":true,\"valueName\":\"search_term_string\"}}],\"inLanguage\":\"tr\"},{\"@type\":\"Organization\",\"@id\":\"https:\/\/narteks.net\/#organization\",\"name\":\"narteks.net\",\"url\":\"https:\/\/narteks.net\/\",\"logo\":{\"@type\":\"ImageObject\",\"inLanguage\":\"tr\",\"@id\":\"https:\/\/narteks.net\/#\/schema\/logo\/image\/\",\"url\":\"https:\/\/narteks.net\/wp-content\/uploads\/narteks.png\",\"contentUrl\":\"https:\/\/narteks.net\/wp-content\/uploads\/narteks.png\",\"width\":300,\"height\":90,\"caption\":\"narteks.net\"},\"image\":{\"@id\":\"https:\/\/narteks.net\/#\/schema\/logo\/image\/\"},\"sameAs\":[\"https:\/\/x.com\/narteks\",\"https:\/\/instagram.com\/narteksnet\"]},{\"@type\":\"Person\",\"@id\":\"https:\/\/narteks.net\/#\/schema\/person\/61f37d9834294b72d31d274e7ed79bca\",\"name\":\"Tar\u0131k\",\"image\":{\"@type\":\"ImageObject\",\"inLanguage\":\"tr\",\"@id\":\"https:\/\/narteks.net\/#\/schema\/person\/image\/\",\"url\":\"https:\/\/secure.gravatar.com\/avatar\/50865afb55632c4ae467e0af0930f6510aa2297d8014be502a55b14f3b7550cf?s=96&d=mm&r=g\",\"contentUrl\":\"https:\/\/secure.gravatar.com\/avatar\/50865afb55632c4ae467e0af0930f6510aa2297d8014be502a55b14f3b7550cf?s=96&d=mm&r=g\",\"caption\":\"Tar\u0131k\"},\"sameAs\":[\"http:\/\/narteks.net\"],\"url\":\"https:\/\/narteks.net\/index.php\/author\/narbak\/\"}]}<\/script>\n<!-- \/ Yoast SEO Premium plugin. -->","yoast_head_json":{"title":"Ge\u00e7mi\u015f Yaz - narteks.net","robots":{"index":"index","follow":"follow","max-snippet":"max-snippet:-1","max-image-preview":"max-image-preview:large","max-video-preview":"max-video-preview:-1"},"canonical":"https:\/\/narteks.net\/index.php\/2009\/03\/02\/gecmis-yaz\/","og_locale":"tr_TR","og_type":"article","og_title":"Ge\u00e7mi\u015f Yaz","og_description":"\u00a0 G\u00f6vdemden s\u0131zan sular gibi Ak\u0131p gitti bir yaz daha Sevi\u015fmelerle g\u00fcnd\u00fcz vakti Ve beyaz \u00f6\u011fle uykular\u0131yla Bir yazd\u0131 art\u0131k ge\u00e7mi\u015f olan Oysa hala tenimde tuz tad\u0131 Ayn\u0131 a\u011flardan \u00e7\u0131kard\u0131\u011f\u0131m\u0131z Bir ak\u015fam g\u00fcne\u015fiyle bal\u0131klar\u0131 Bir yazd\u0131 uzak G\u00fcrcistan&#8217;da K\u0131y\u0131s\u0131nda kartal da\u011flar\u0131n Mavi g\u00f6zl\u00fc bir g\u00f6l b\u0131rakan D\u00fc\u015flerine \u00e7ocuklar\u0131n Bir yazd\u0131 ya\u015fanan her saniyesi Ve \u015fimdi [&hellip;]","og_url":"https:\/\/narteks.net\/index.php\/2009\/03\/02\/gecmis-yaz\/","og_site_name":"narteks.net","article_published_time":"2009-03-02T11:37:04+00:00","og_image":[{"width":300,"height":90,"url":"https:\/\/narteks.net\/wp-content\/uploads\/narteks.png","type":"image\/png"}],"author":"Tar\u0131k","twitter_card":"summary_large_image","twitter_creator":"@narteks","twitter_site":"@narteks","twitter_misc":{"Yazan:":"Tar\u0131k","Tahmini okuma s\u00fcresi":"1 dakika"},"schema":{"@context":"https:\/\/schema.org","@graph":[{"@type":"Article","@id":"https:\/\/narteks.net\/index.php\/2009\/03\/02\/gecmis-yaz\/#article","isPartOf":{"@id":"https:\/\/narteks.net\/index.php\/2009\/03\/02\/gecmis-yaz\/"},"author":{"name":"Tar\u0131k","@id":"https:\/\/narteks.net\/#\/schema\/person\/61f37d9834294b72d31d274e7ed79bca"},"headline":"Ge\u00e7mi\u015f Yaz","datePublished":"2009-03-02T11:37:04+00:00","mainEntityOfPage":{"@id":"https:\/\/narteks.net\/index.php\/2009\/03\/02\/gecmis-yaz\/"},"wordCount":106,"commentCount":0,"publisher":{"@id":"https:\/\/narteks.net\/#organization"},"articleSection":["Ataol BEHRAMOGLU"],"inLanguage":"tr","potentialAction":[{"@type":"CommentAction","name":"Comment","target":["https:\/\/narteks.net\/index.php\/2009\/03\/02\/gecmis-yaz\/#respond"]}]},{"@type":"WebPage","@id":"https:\/\/narteks.net\/index.php\/2009\/03\/02\/gecmis-yaz\/","url":"https:\/\/narteks.net\/index.php\/2009\/03\/02\/gecmis-yaz\/","name":"Ge\u00e7mi\u015f Yaz - narteks.net","isPartOf":{"@id":"https:\/\/narteks.net\/#website"},"datePublished":"2009-03-02T11:37:04+00:00","breadcrumb":{"@id":"https:\/\/narteks.net\/index.php\/2009\/03\/02\/gecmis-yaz\/#breadcrumb"},"inLanguage":"tr","potentialAction":[{"@type":"ReadAction","target":["https:\/\/narteks.net\/index.php\/2009\/03\/02\/gecmis-yaz\/"]}]},{"@type":"BreadcrumbList","@id":"https:\/\/narteks.net\/index.php\/2009\/03\/02\/gecmis-yaz\/#breadcrumb","itemListElement":[{"@type":"ListItem","position":1,"name":"Anasayfa","item":"https:\/\/narteks.net\/"},{"@type":"ListItem","position":2,"name":"Ge\u00e7mi\u015f Yaz"}]},{"@type":"WebSite","@id":"https:\/\/narteks.net\/#website","url":"https:\/\/narteks.net\/","name":"narteks.net","description":"K\u00fclt\u00fcr Sanat Edebiyat Felsefe","publisher":{"@id":"https:\/\/narteks.net\/#organization"},"alternateName":"K\u00fclt\u00fcr Sanat Edebiyat Felsefe","potentialAction":[{"@type":"SearchAction","target":{"@type":"EntryPoint","urlTemplate":"https:\/\/narteks.net\/?s={search_term_string}"},"query-input":{"@type":"PropertyValueSpecification","valueRequired":true,"valueName":"search_term_string"}}],"inLanguage":"tr"},{"@type":"Organization","@id":"https:\/\/narteks.net\/#organization","name":"narteks.net","url":"https:\/\/narteks.net\/","logo":{"@type":"ImageObject","inLanguage":"tr","@id":"https:\/\/narteks.net\/#\/schema\/logo\/image\/","url":"https:\/\/narteks.net\/wp-content\/uploads\/narteks.png","contentUrl":"https:\/\/narteks.net\/wp-content\/uploads\/narteks.png","width":300,"height":90,"caption":"narteks.net"},"image":{"@id":"https:\/\/narteks.net\/#\/schema\/logo\/image\/"},"sameAs":["https:\/\/x.com\/narteks","https:\/\/instagram.com\/narteksnet"]},{"@type":"Person","@id":"https:\/\/narteks.net\/#\/schema\/person\/61f37d9834294b72d31d274e7ed79bca","name":"Tar\u0131k","image":{"@type":"ImageObject","inLanguage":"tr","@id":"https:\/\/narteks.net\/#\/schema\/person\/image\/","url":"https:\/\/secure.gravatar.com\/avatar\/50865afb55632c4ae467e0af0930f6510aa2297d8014be502a55b14f3b7550cf?s=96&d=mm&r=g","contentUrl":"https:\/\/secure.gravatar.com\/avatar\/50865afb55632c4ae467e0af0930f6510aa2297d8014be502a55b14f3b7550cf?s=96&d=mm&r=g","caption":"Tar\u0131k"},"sameAs":["http:\/\/narteks.net"],"url":"https:\/\/narteks.net\/index.php\/author\/narbak\/"}]}},"_links":{"self":[{"href":"https:\/\/narteks.net\/index.php\/wp-json\/wp\/v2\/posts\/360","targetHints":{"allow":["GET"]}}],"collection":[{"href":"https:\/\/narteks.net\/index.php\/wp-json\/wp\/v2\/posts"}],"about":[{"href":"https:\/\/narteks.net\/index.php\/wp-json\/wp\/v2\/types\/post"}],"author":[{"embeddable":true,"href":"https:\/\/narteks.net\/index.php\/wp-json\/wp\/v2\/users\/1"}],"replies":[{"embeddable":true,"href":"https:\/\/narteks.net\/index.php\/wp-json\/wp\/v2\/comments?post=360"}],"version-history":[{"count":0,"href":"https:\/\/narteks.net\/index.php\/wp-json\/wp\/v2\/posts\/360\/revisions"}],"wp:attachment":[{"href":"https:\/\/narteks.net\/index.php\/wp-json\/wp\/v2\/media?parent=360"}],"wp:term":[{"taxonomy":"category","embeddable":true,"href":"https:\/\/narteks.net\/index.php\/wp-json\/wp\/v2\/categories?post=360"},{"taxonomy":"post_tag","embeddable":true,"href":"https:\/\/narteks.net\/index.php\/wp-json\/wp\/v2\/tags?post=360"}],"curies":[{"name":"wp","href":"https:\/\/api.w.org\/{rel}","templated":true}]}}