{"id":3602,"date":"2009-12-29T13:29:59","date_gmt":"2009-12-29T10:29:59","guid":{"rendered":"http:\/\/localhost\/wordpress\/2009\/12\/29\/cocuk-2\/"},"modified":"2009-12-29T13:29:59","modified_gmt":"2009-12-29T10:29:59","slug":"cocuk-2","status":"publish","type":"post","link":"https:\/\/narteks.net\/index.php\/2009\/12\/29\/cocuk-2\/","title":{"rendered":"\u00c7OCUK"},"content":{"rendered":"<p>\u00a0<\/p>\n<p>K\u00fc\u00e7\u00fcc\u00fck bir topac\u0131m olsa<br \/>T\u00fcm g\u00fcc\u00fcmle \u00e7evirsem onu<br \/>Sonra durdu\u011funda o<br \/>Ne dileyece\u011fim tanr\u0131dan?<\/p>\n<p>B\u00fcs b\u00fcy\u00fck bilyelerim olsa<br \/>\u00d6yle mahsun f\u0131rlatsam<br \/>G\u00f6zden \u0131rakla\u015ft\u0131\u011f\u0131nda<br \/>Kay\u0131p m\u0131 olaca\u011f\u0131m<\/p>\n<p>Sonra y\u00fcz\u00fcm sakal tutsa<br \/>Tutup yolsam<br \/>Yolup dursam<br \/>Sonra k\u00f6se kalsam<br \/>Kel o\u011flan da k\u00f6se miydi?<\/p>\n<p>Sonunda g\u00fclerek \u00f6lsem<br \/>Melek konsa yan\u0131ma<br \/>Onu \u00f6psem dudaklar\u0131ndan<br \/>Memesinden emsem amber<br \/>Beni cennete al\u0131rm\u0131?<\/p>\n","protected":false},"excerpt":{"rendered":"<p>\u00a0 K\u00fc\u00e7\u00fcc\u00fck bir topac\u0131m olsaT\u00fcm g\u00fcc\u00fcmle \u00e7evirsem onuSonra durdu\u011funda oNe dileyece\u011fim tanr\u0131dan? B\u00fcs b\u00fcy\u00fck bilyelerim olsa\u00d6yle mahsun f\u0131rlatsamG\u00f6zden \u0131rakla\u015ft\u0131\u011f\u0131ndaKay\u0131p m\u0131 olaca\u011f\u0131m Sonra y\u00fcz\u00fcm sakal tutsaTutup yolsamYolup dursamSonra k\u00f6se kalsamKel o\u011flan da k\u00f6se miydi? Sonunda g\u00fclerek \u00f6lsemMelek konsa yan\u0131maOnu \u00f6psem dudaklar\u0131ndanMemesinden emsem amberBeni cennete al\u0131rm\u0131?<\/p>\n","protected":false},"author":1,"featured_media":0,"comment_status":"open","ping_status":"open","sticky":false,"template":"","format":"standard","meta":{"footnotes":""},"categories":[121],"tags":[],"class_list":{"0":"post-3602","1":"post","2":"type-post","3":"status-publish","4":"format-standard","6":"category-erkan-kucuk"},"yoast_head":"<!-- This site is optimized with the Yoast SEO Premium plugin v24.9 (Yoast SEO v24.9) - https:\/\/yoast.com\/wordpress\/plugins\/seo\/ -->\n<title>\u00c7OCUK - narteks.net<\/title>\n<meta name=\"robots\" content=\"index, follow, max-snippet:-1, max-image-preview:large, max-video-preview:-1\" \/>\n<link rel=\"canonical\" href=\"https:\/\/narteks.net\/index.php\/2009\/12\/29\/cocuk-2\/\" \/>\n<meta property=\"og:locale\" content=\"tr_TR\" \/>\n<meta property=\"og:type\" content=\"article\" \/>\n<meta property=\"og:title\" content=\"\u00c7OCUK\" \/>\n<meta property=\"og:description\" content=\"\u00a0 K\u00fc\u00e7\u00fcc\u00fck bir topac\u0131m olsaT\u00fcm g\u00fcc\u00fcmle \u00e7evirsem onuSonra durdu\u011funda oNe dileyece\u011fim tanr\u0131dan? B\u00fcs b\u00fcy\u00fck bilyelerim olsa\u00d6yle mahsun f\u0131rlatsamG\u00f6zden \u0131rakla\u015ft\u0131\u011f\u0131ndaKay\u0131p m\u0131 olaca\u011f\u0131m Sonra y\u00fcz\u00fcm sakal tutsaTutup yolsamYolup dursamSonra k\u00f6se kalsamKel o\u011flan da k\u00f6se miydi? Sonunda g\u00fclerek \u00f6lsemMelek konsa yan\u0131maOnu \u00f6psem dudaklar\u0131ndanMemesinden emsem amberBeni cennete al\u0131rm\u0131?\" \/>\n<meta property=\"og:url\" content=\"https:\/\/narteks.net\/index.php\/2009\/12\/29\/cocuk-2\/\" \/>\n<meta property=\"og:site_name\" content=\"narteks.net\" \/>\n<meta property=\"article:published_time\" content=\"2009-12-29T10:29:59+00:00\" \/>\n<meta property=\"og:image\" content=\"https:\/\/narteks.net\/wp-content\/uploads\/narteks.png\" \/>\n\t<meta property=\"og:image:width\" content=\"300\" \/>\n\t<meta property=\"og:image:height\" content=\"90\" \/>\n\t<meta property=\"og:image:type\" content=\"image\/png\" \/>\n<meta name=\"author\" content=\"Tar\u0131k\" \/>\n<meta name=\"twitter:card\" content=\"summary_large_image\" \/>\n<meta name=\"twitter:creator\" content=\"@narteks\" \/>\n<meta name=\"twitter:site\" content=\"@narteks\" \/>\n<meta name=\"twitter:label1\" content=\"Yazan:\" \/>\n\t<meta name=\"twitter:data1\" content=\"Tar\u0131k\" \/>\n<script type=\"application\/ld+json\" class=\"yoast-schema-graph\">{\"@context\":\"https:\/\/schema.org\",\"@graph\":[{\"@type\":\"Article\",\"@id\":\"https:\/\/narteks.net\/index.php\/2009\/12\/29\/cocuk-2\/#article\",\"isPartOf\":{\"@id\":\"https:\/\/narteks.net\/index.php\/2009\/12\/29\/cocuk-2\/\"},\"author\":{\"name\":\"Tar\u0131k\",\"@id\":\"https:\/\/narteks.net\/#\/schema\/person\/61f37d9834294b72d31d274e7ed79bca\"},\"headline\":\"\u00c7OCUK\",\"datePublished\":\"2009-12-29T10:29:59+00:00\",\"mainEntityOfPage\":{\"@id\":\"https:\/\/narteks.net\/index.php\/2009\/12\/29\/cocuk-2\/\"},\"wordCount\":72,\"commentCount\":0,\"publisher\":{\"@id\":\"https:\/\/narteks.net\/#organization\"},\"articleSection\":[\"Erkan K\u00dc\u00c7\u00dcK\"],\"inLanguage\":\"tr\",\"potentialAction\":[{\"@type\":\"CommentAction\",\"name\":\"Comment\",\"target\":[\"https:\/\/narteks.net\/index.php\/2009\/12\/29\/cocuk-2\/#respond\"]}]},{\"@type\":\"WebPage\",\"@id\":\"https:\/\/narteks.net\/index.php\/2009\/12\/29\/cocuk-2\/\",\"url\":\"https:\/\/narteks.net\/index.php\/2009\/12\/29\/cocuk-2\/\",\"name\":\"\u00c7OCUK - narteks.net\",\"isPartOf\":{\"@id\":\"https:\/\/narteks.net\/#website\"},\"datePublished\":\"2009-12-29T10:29:59+00:00\",\"breadcrumb\":{\"@id\":\"https:\/\/narteks.net\/index.php\/2009\/12\/29\/cocuk-2\/#breadcrumb\"},\"inLanguage\":\"tr\",\"potentialAction\":[{\"@type\":\"ReadAction\",\"target\":[\"https:\/\/narteks.net\/index.php\/2009\/12\/29\/cocuk-2\/\"]}]},{\"@type\":\"BreadcrumbList\",\"@id\":\"https:\/\/narteks.net\/index.php\/2009\/12\/29\/cocuk-2\/#breadcrumb\",\"itemListElement\":[{\"@type\":\"ListItem\",\"position\":1,\"name\":\"Anasayfa\",\"item\":\"https:\/\/narteks.net\/\"},{\"@type\":\"ListItem\",\"position\":2,\"name\":\"\u00c7OCUK\"}]},{\"@type\":\"WebSite\",\"@id\":\"https:\/\/narteks.net\/#website\",\"url\":\"https:\/\/narteks.net\/\",\"name\":\"narteks.net\",\"description\":\"K\u00fclt\u00fcr Sanat Edebiyat Felsefe\",\"publisher\":{\"@id\":\"https:\/\/narteks.net\/#organization\"},\"alternateName\":\"K\u00fclt\u00fcr Sanat Edebiyat Felsefe\",\"potentialAction\":[{\"@type\":\"SearchAction\",\"target\":{\"@type\":\"EntryPoint\",\"urlTemplate\":\"https:\/\/narteks.net\/?s={search_term_string}\"},\"query-input\":{\"@type\":\"PropertyValueSpecification\",\"valueRequired\":true,\"valueName\":\"search_term_string\"}}],\"inLanguage\":\"tr\"},{\"@type\":\"Organization\",\"@id\":\"https:\/\/narteks.net\/#organization\",\"name\":\"narteks.net\",\"url\":\"https:\/\/narteks.net\/\",\"logo\":{\"@type\":\"ImageObject\",\"inLanguage\":\"tr\",\"@id\":\"https:\/\/narteks.net\/#\/schema\/logo\/image\/\",\"url\":\"https:\/\/narteks.net\/wp-content\/uploads\/narteks.png\",\"contentUrl\":\"https:\/\/narteks.net\/wp-content\/uploads\/narteks.png\",\"width\":300,\"height\":90,\"caption\":\"narteks.net\"},\"image\":{\"@id\":\"https:\/\/narteks.net\/#\/schema\/logo\/image\/\"},\"sameAs\":[\"https:\/\/x.com\/narteks\",\"https:\/\/instagram.com\/narteksnet\"]},{\"@type\":\"Person\",\"@id\":\"https:\/\/narteks.net\/#\/schema\/person\/61f37d9834294b72d31d274e7ed79bca\",\"name\":\"Tar\u0131k\",\"image\":{\"@type\":\"ImageObject\",\"inLanguage\":\"tr\",\"@id\":\"https:\/\/narteks.net\/#\/schema\/person\/image\/\",\"url\":\"https:\/\/secure.gravatar.com\/avatar\/50865afb55632c4ae467e0af0930f6510aa2297d8014be502a55b14f3b7550cf?s=96&d=mm&r=g\",\"contentUrl\":\"https:\/\/secure.gravatar.com\/avatar\/50865afb55632c4ae467e0af0930f6510aa2297d8014be502a55b14f3b7550cf?s=96&d=mm&r=g\",\"caption\":\"Tar\u0131k\"},\"sameAs\":[\"http:\/\/narteks.net\"],\"url\":\"https:\/\/narteks.net\/index.php\/author\/narbak\/\"}]}<\/script>\n<!-- \/ Yoast SEO Premium plugin. -->","yoast_head_json":{"title":"\u00c7OCUK - narteks.net","robots":{"index":"index","follow":"follow","max-snippet":"max-snippet:-1","max-image-preview":"max-image-preview:large","max-video-preview":"max-video-preview:-1"},"canonical":"https:\/\/narteks.net\/index.php\/2009\/12\/29\/cocuk-2\/","og_locale":"tr_TR","og_type":"article","og_title":"\u00c7OCUK","og_description":"\u00a0 K\u00fc\u00e7\u00fcc\u00fck bir topac\u0131m olsaT\u00fcm g\u00fcc\u00fcmle \u00e7evirsem onuSonra durdu\u011funda oNe dileyece\u011fim tanr\u0131dan? B\u00fcs b\u00fcy\u00fck bilyelerim olsa\u00d6yle mahsun f\u0131rlatsamG\u00f6zden \u0131rakla\u015ft\u0131\u011f\u0131ndaKay\u0131p m\u0131 olaca\u011f\u0131m Sonra y\u00fcz\u00fcm sakal tutsaTutup yolsamYolup dursamSonra k\u00f6se kalsamKel o\u011flan da k\u00f6se miydi? Sonunda g\u00fclerek \u00f6lsemMelek konsa yan\u0131maOnu \u00f6psem dudaklar\u0131ndanMemesinden emsem amberBeni cennete al\u0131rm\u0131?","og_url":"https:\/\/narteks.net\/index.php\/2009\/12\/29\/cocuk-2\/","og_site_name":"narteks.net","article_published_time":"2009-12-29T10:29:59+00:00","og_image":[{"width":300,"height":90,"url":"https:\/\/narteks.net\/wp-content\/uploads\/narteks.png","type":"image\/png"}],"author":"Tar\u0131k","twitter_card":"summary_large_image","twitter_creator":"@narteks","twitter_site":"@narteks","twitter_misc":{"Yazan:":"Tar\u0131k"},"schema":{"@context":"https:\/\/schema.org","@graph":[{"@type":"Article","@id":"https:\/\/narteks.net\/index.php\/2009\/12\/29\/cocuk-2\/#article","isPartOf":{"@id":"https:\/\/narteks.net\/index.php\/2009\/12\/29\/cocuk-2\/"},"author":{"name":"Tar\u0131k","@id":"https:\/\/narteks.net\/#\/schema\/person\/61f37d9834294b72d31d274e7ed79bca"},"headline":"\u00c7OCUK","datePublished":"2009-12-29T10:29:59+00:00","mainEntityOfPage":{"@id":"https:\/\/narteks.net\/index.php\/2009\/12\/29\/cocuk-2\/"},"wordCount":72,"commentCount":0,"publisher":{"@id":"https:\/\/narteks.net\/#organization"},"articleSection":["Erkan K\u00dc\u00c7\u00dcK"],"inLanguage":"tr","potentialAction":[{"@type":"CommentAction","name":"Comment","target":["https:\/\/narteks.net\/index.php\/2009\/12\/29\/cocuk-2\/#respond"]}]},{"@type":"WebPage","@id":"https:\/\/narteks.net\/index.php\/2009\/12\/29\/cocuk-2\/","url":"https:\/\/narteks.net\/index.php\/2009\/12\/29\/cocuk-2\/","name":"\u00c7OCUK - narteks.net","isPartOf":{"@id":"https:\/\/narteks.net\/#website"},"datePublished":"2009-12-29T10:29:59+00:00","breadcrumb":{"@id":"https:\/\/narteks.net\/index.php\/2009\/12\/29\/cocuk-2\/#breadcrumb"},"inLanguage":"tr","potentialAction":[{"@type":"ReadAction","target":["https:\/\/narteks.net\/index.php\/2009\/12\/29\/cocuk-2\/"]}]},{"@type":"BreadcrumbList","@id":"https:\/\/narteks.net\/index.php\/2009\/12\/29\/cocuk-2\/#breadcrumb","itemListElement":[{"@type":"ListItem","position":1,"name":"Anasayfa","item":"https:\/\/narteks.net\/"},{"@type":"ListItem","position":2,"name":"\u00c7OCUK"}]},{"@type":"WebSite","@id":"https:\/\/narteks.net\/#website","url":"https:\/\/narteks.net\/","name":"narteks.net","description":"K\u00fclt\u00fcr Sanat Edebiyat Felsefe","publisher":{"@id":"https:\/\/narteks.net\/#organization"},"alternateName":"K\u00fclt\u00fcr Sanat Edebiyat Felsefe","potentialAction":[{"@type":"SearchAction","target":{"@type":"EntryPoint","urlTemplate":"https:\/\/narteks.net\/?s={search_term_string}"},"query-input":{"@type":"PropertyValueSpecification","valueRequired":true,"valueName":"search_term_string"}}],"inLanguage":"tr"},{"@type":"Organization","@id":"https:\/\/narteks.net\/#organization","name":"narteks.net","url":"https:\/\/narteks.net\/","logo":{"@type":"ImageObject","inLanguage":"tr","@id":"https:\/\/narteks.net\/#\/schema\/logo\/image\/","url":"https:\/\/narteks.net\/wp-content\/uploads\/narteks.png","contentUrl":"https:\/\/narteks.net\/wp-content\/uploads\/narteks.png","width":300,"height":90,"caption":"narteks.net"},"image":{"@id":"https:\/\/narteks.net\/#\/schema\/logo\/image\/"},"sameAs":["https:\/\/x.com\/narteks","https:\/\/instagram.com\/narteksnet"]},{"@type":"Person","@id":"https:\/\/narteks.net\/#\/schema\/person\/61f37d9834294b72d31d274e7ed79bca","name":"Tar\u0131k","image":{"@type":"ImageObject","inLanguage":"tr","@id":"https:\/\/narteks.net\/#\/schema\/person\/image\/","url":"https:\/\/secure.gravatar.com\/avatar\/50865afb55632c4ae467e0af0930f6510aa2297d8014be502a55b14f3b7550cf?s=96&d=mm&r=g","contentUrl":"https:\/\/secure.gravatar.com\/avatar\/50865afb55632c4ae467e0af0930f6510aa2297d8014be502a55b14f3b7550cf?s=96&d=mm&r=g","caption":"Tar\u0131k"},"sameAs":["http:\/\/narteks.net"],"url":"https:\/\/narteks.net\/index.php\/author\/narbak\/"}]}},"_links":{"self":[{"href":"https:\/\/narteks.net\/index.php\/wp-json\/wp\/v2\/posts\/3602","targetHints":{"allow":["GET"]}}],"collection":[{"href":"https:\/\/narteks.net\/index.php\/wp-json\/wp\/v2\/posts"}],"about":[{"href":"https:\/\/narteks.net\/index.php\/wp-json\/wp\/v2\/types\/post"}],"author":[{"embeddable":true,"href":"https:\/\/narteks.net\/index.php\/wp-json\/wp\/v2\/users\/1"}],"replies":[{"embeddable":true,"href":"https:\/\/narteks.net\/index.php\/wp-json\/wp\/v2\/comments?post=3602"}],"version-history":[{"count":0,"href":"https:\/\/narteks.net\/index.php\/wp-json\/wp\/v2\/posts\/3602\/revisions"}],"wp:attachment":[{"href":"https:\/\/narteks.net\/index.php\/wp-json\/wp\/v2\/media?parent=3602"}],"wp:term":[{"taxonomy":"category","embeddable":true,"href":"https:\/\/narteks.net\/index.php\/wp-json\/wp\/v2\/categories?post=3602"},{"taxonomy":"post_tag","embeddable":true,"href":"https:\/\/narteks.net\/index.php\/wp-json\/wp\/v2\/tags?post=3602"}],"curies":[{"name":"wp","href":"https:\/\/api.w.org\/{rel}","templated":true}]}}