{"id":3607,"date":"2009-12-29T13:33:35","date_gmt":"2009-12-29T10:33:35","guid":{"rendered":"http:\/\/localhost\/wordpress\/2009\/12\/29\/tarihsiz\/"},"modified":"2009-12-29T13:33:35","modified_gmt":"2009-12-29T10:33:35","slug":"tarihsiz","status":"publish","type":"post","link":"https:\/\/narteks.net\/index.php\/2009\/12\/29\/tarihsiz\/","title":{"rendered":"TAR\u0130HS\u0130Z"},"content":{"rendered":"<p>\u00a0<\/p>\n<p>modern peygamberleri sulara g\u00f6md\u00fc tarih<br \/>\u015fimdi s\u0131ra anlams\u0131zl\u0131\u011f\u0131n adamlar\u0131nda<br \/>sonu olmayan yollar\u0131n anlat\u0131c\u0131lar\u0131<br \/>insans\u0131z insanl\u0131\u011f\u0131n dem vurucular\u0131<br \/>konu\u015fun s\u00fcrekli susu\u015flarla<\/p>\n<p>\u0131zd\u0131rap ya\u011fan k\u0131\u015f g\u00fcnleri<br \/>sava\u015f sava\u015f\u0131 \u00f6zletiyorken her an<br \/>ahir zaman\u0131n sakall\u0131s\u0131<br \/>bir kez daha s\u00f6yle yar\u0131n\u0131<br \/>senden sonras\u0131 yar\u0131ns\u0131zl\u0131k<\/p>\n<p>her \u015feyi sar\u0131yor dilleri<br \/>dokundu\u011funu yoka \u00e7eviren \u00f6l\u00fc tanr\u0131<br \/>siste y\u00fcr\u00fcmek varl\u0131k nedenleri<br \/>olmamak cevab\u0131 oldu hamletin<br \/>imans\u0131z peygamberler \u00e7a\u011f\u0131nda<br \/>hep ak\u015fam, karanl\u0131kt\u0131r sabahlar<\/p>\n","protected":false},"excerpt":{"rendered":"<p>\u00a0 modern peygamberleri sulara g\u00f6md\u00fc tarih\u015fimdi s\u0131ra anlams\u0131zl\u0131\u011f\u0131n adamlar\u0131ndasonu olmayan yollar\u0131n anlat\u0131c\u0131lar\u0131insans\u0131z insanl\u0131\u011f\u0131n dem vurucular\u0131konu\u015fun s\u00fcrekli susu\u015flarla \u0131zd\u0131rap ya\u011fan k\u0131\u015f g\u00fcnlerisava\u015f sava\u015f\u0131 \u00f6zletiyorken her anahir zaman\u0131n sakall\u0131s\u0131bir kez daha s\u00f6yle yar\u0131n\u0131senden sonras\u0131 yar\u0131ns\u0131zl\u0131k her \u015feyi sar\u0131yor dilleridokundu\u011funu yoka \u00e7eviren \u00f6l\u00fc tanr\u0131siste y\u00fcr\u00fcmek varl\u0131k nedenleriolmamak cevab\u0131 oldu hamletinimans\u0131z peygamberler \u00e7a\u011f\u0131ndahep ak\u015fam, karanl\u0131kt\u0131r sabahlar<\/p>\n","protected":false},"author":1,"featured_media":0,"comment_status":"open","ping_status":"open","sticky":false,"template":"","format":"standard","meta":{"footnotes":""},"categories":[121],"tags":[],"class_list":{"0":"post-3607","1":"post","2":"type-post","3":"status-publish","4":"format-standard","6":"category-erkan-kucuk"},"yoast_head":"<!-- This site is optimized with the Yoast SEO Premium plugin v24.9 (Yoast SEO v24.9) - https:\/\/yoast.com\/wordpress\/plugins\/seo\/ -->\n<title>TAR\u0130HS\u0130Z - narteks.net<\/title>\n<meta name=\"robots\" content=\"index, follow, max-snippet:-1, max-image-preview:large, max-video-preview:-1\" \/>\n<link rel=\"canonical\" href=\"https:\/\/narteks.net\/index.php\/2009\/12\/29\/tarihsiz\/\" \/>\n<meta property=\"og:locale\" content=\"tr_TR\" \/>\n<meta property=\"og:type\" content=\"article\" \/>\n<meta property=\"og:title\" content=\"TAR\u0130HS\u0130Z\" \/>\n<meta property=\"og:description\" content=\"\u00a0 modern peygamberleri sulara g\u00f6md\u00fc tarih\u015fimdi s\u0131ra anlams\u0131zl\u0131\u011f\u0131n adamlar\u0131ndasonu olmayan yollar\u0131n anlat\u0131c\u0131lar\u0131insans\u0131z insanl\u0131\u011f\u0131n dem vurucular\u0131konu\u015fun s\u00fcrekli susu\u015flarla \u0131zd\u0131rap ya\u011fan k\u0131\u015f g\u00fcnlerisava\u015f sava\u015f\u0131 \u00f6zletiyorken her anahir zaman\u0131n sakall\u0131s\u0131bir kez daha s\u00f6yle yar\u0131n\u0131senden sonras\u0131 yar\u0131ns\u0131zl\u0131k her \u015feyi sar\u0131yor dilleridokundu\u011funu yoka \u00e7eviren \u00f6l\u00fc tanr\u0131siste y\u00fcr\u00fcmek varl\u0131k nedenleriolmamak cevab\u0131 oldu hamletinimans\u0131z peygamberler \u00e7a\u011f\u0131ndahep ak\u015fam, karanl\u0131kt\u0131r sabahlar\" \/>\n<meta property=\"og:url\" content=\"https:\/\/narteks.net\/index.php\/2009\/12\/29\/tarihsiz\/\" \/>\n<meta property=\"og:site_name\" content=\"narteks.net\" \/>\n<meta property=\"article:published_time\" content=\"2009-12-29T10:33:35+00:00\" \/>\n<meta property=\"og:image\" content=\"https:\/\/narteks.net\/wp-content\/uploads\/narteks.png\" \/>\n\t<meta property=\"og:image:width\" content=\"300\" \/>\n\t<meta property=\"og:image:height\" content=\"90\" \/>\n\t<meta property=\"og:image:type\" content=\"image\/png\" \/>\n<meta name=\"author\" content=\"Tar\u0131k\" \/>\n<meta name=\"twitter:card\" content=\"summary_large_image\" \/>\n<meta name=\"twitter:creator\" content=\"@narteks\" \/>\n<meta name=\"twitter:site\" content=\"@narteks\" \/>\n<meta name=\"twitter:label1\" content=\"Yazan:\" \/>\n\t<meta name=\"twitter:data1\" content=\"Tar\u0131k\" \/>\n<script type=\"application\/ld+json\" class=\"yoast-schema-graph\">{\"@context\":\"https:\/\/schema.org\",\"@graph\":[{\"@type\":\"Article\",\"@id\":\"https:\/\/narteks.net\/index.php\/2009\/12\/29\/tarihsiz\/#article\",\"isPartOf\":{\"@id\":\"https:\/\/narteks.net\/index.php\/2009\/12\/29\/tarihsiz\/\"},\"author\":{\"name\":\"Tar\u0131k\",\"@id\":\"https:\/\/narteks.net\/#\/schema\/person\/61f37d9834294b72d31d274e7ed79bca\"},\"headline\":\"TAR\u0130HS\u0130Z\",\"datePublished\":\"2009-12-29T10:33:35+00:00\",\"mainEntityOfPage\":{\"@id\":\"https:\/\/narteks.net\/index.php\/2009\/12\/29\/tarihsiz\/\"},\"wordCount\":93,\"commentCount\":0,\"publisher\":{\"@id\":\"https:\/\/narteks.net\/#organization\"},\"articleSection\":[\"Erkan K\u00dc\u00c7\u00dcK\"],\"inLanguage\":\"tr\",\"potentialAction\":[{\"@type\":\"CommentAction\",\"name\":\"Comment\",\"target\":[\"https:\/\/narteks.net\/index.php\/2009\/12\/29\/tarihsiz\/#respond\"]}]},{\"@type\":\"WebPage\",\"@id\":\"https:\/\/narteks.net\/index.php\/2009\/12\/29\/tarihsiz\/\",\"url\":\"https:\/\/narteks.net\/index.php\/2009\/12\/29\/tarihsiz\/\",\"name\":\"TAR\u0130HS\u0130Z - narteks.net\",\"isPartOf\":{\"@id\":\"https:\/\/narteks.net\/#website\"},\"datePublished\":\"2009-12-29T10:33:35+00:00\",\"breadcrumb\":{\"@id\":\"https:\/\/narteks.net\/index.php\/2009\/12\/29\/tarihsiz\/#breadcrumb\"},\"inLanguage\":\"tr\",\"potentialAction\":[{\"@type\":\"ReadAction\",\"target\":[\"https:\/\/narteks.net\/index.php\/2009\/12\/29\/tarihsiz\/\"]}]},{\"@type\":\"BreadcrumbList\",\"@id\":\"https:\/\/narteks.net\/index.php\/2009\/12\/29\/tarihsiz\/#breadcrumb\",\"itemListElement\":[{\"@type\":\"ListItem\",\"position\":1,\"name\":\"Anasayfa\",\"item\":\"https:\/\/narteks.net\/\"},{\"@type\":\"ListItem\",\"position\":2,\"name\":\"TAR\u0130HS\u0130Z\"}]},{\"@type\":\"WebSite\",\"@id\":\"https:\/\/narteks.net\/#website\",\"url\":\"https:\/\/narteks.net\/\",\"name\":\"narteks.net\",\"description\":\"K\u00fclt\u00fcr Sanat Edebiyat Felsefe\",\"publisher\":{\"@id\":\"https:\/\/narteks.net\/#organization\"},\"alternateName\":\"K\u00fclt\u00fcr Sanat Edebiyat Felsefe\",\"potentialAction\":[{\"@type\":\"SearchAction\",\"target\":{\"@type\":\"EntryPoint\",\"urlTemplate\":\"https:\/\/narteks.net\/?s={search_term_string}\"},\"query-input\":{\"@type\":\"PropertyValueSpecification\",\"valueRequired\":true,\"valueName\":\"search_term_string\"}}],\"inLanguage\":\"tr\"},{\"@type\":\"Organization\",\"@id\":\"https:\/\/narteks.net\/#organization\",\"name\":\"narteks.net\",\"url\":\"https:\/\/narteks.net\/\",\"logo\":{\"@type\":\"ImageObject\",\"inLanguage\":\"tr\",\"@id\":\"https:\/\/narteks.net\/#\/schema\/logo\/image\/\",\"url\":\"https:\/\/narteks.net\/wp-content\/uploads\/narteks.png\",\"contentUrl\":\"https:\/\/narteks.net\/wp-content\/uploads\/narteks.png\",\"width\":300,\"height\":90,\"caption\":\"narteks.net\"},\"image\":{\"@id\":\"https:\/\/narteks.net\/#\/schema\/logo\/image\/\"},\"sameAs\":[\"https:\/\/x.com\/narteks\",\"https:\/\/instagram.com\/narteksnet\"]},{\"@type\":\"Person\",\"@id\":\"https:\/\/narteks.net\/#\/schema\/person\/61f37d9834294b72d31d274e7ed79bca\",\"name\":\"Tar\u0131k\",\"image\":{\"@type\":\"ImageObject\",\"inLanguage\":\"tr\",\"@id\":\"https:\/\/narteks.net\/#\/schema\/person\/image\/\",\"url\":\"https:\/\/secure.gravatar.com\/avatar\/50865afb55632c4ae467e0af0930f6510aa2297d8014be502a55b14f3b7550cf?s=96&d=mm&r=g\",\"contentUrl\":\"https:\/\/secure.gravatar.com\/avatar\/50865afb55632c4ae467e0af0930f6510aa2297d8014be502a55b14f3b7550cf?s=96&d=mm&r=g\",\"caption\":\"Tar\u0131k\"},\"sameAs\":[\"http:\/\/narteks.net\"],\"url\":\"https:\/\/narteks.net\/index.php\/author\/narbak\/\"}]}<\/script>\n<!-- \/ Yoast SEO Premium plugin. -->","yoast_head_json":{"title":"TAR\u0130HS\u0130Z - narteks.net","robots":{"index":"index","follow":"follow","max-snippet":"max-snippet:-1","max-image-preview":"max-image-preview:large","max-video-preview":"max-video-preview:-1"},"canonical":"https:\/\/narteks.net\/index.php\/2009\/12\/29\/tarihsiz\/","og_locale":"tr_TR","og_type":"article","og_title":"TAR\u0130HS\u0130Z","og_description":"\u00a0 modern peygamberleri sulara g\u00f6md\u00fc tarih\u015fimdi s\u0131ra anlams\u0131zl\u0131\u011f\u0131n adamlar\u0131ndasonu olmayan yollar\u0131n anlat\u0131c\u0131lar\u0131insans\u0131z insanl\u0131\u011f\u0131n dem vurucular\u0131konu\u015fun s\u00fcrekli susu\u015flarla \u0131zd\u0131rap ya\u011fan k\u0131\u015f g\u00fcnlerisava\u015f sava\u015f\u0131 \u00f6zletiyorken her anahir zaman\u0131n sakall\u0131s\u0131bir kez daha s\u00f6yle yar\u0131n\u0131senden sonras\u0131 yar\u0131ns\u0131zl\u0131k her \u015feyi sar\u0131yor dilleridokundu\u011funu yoka \u00e7eviren \u00f6l\u00fc tanr\u0131siste y\u00fcr\u00fcmek varl\u0131k nedenleriolmamak cevab\u0131 oldu hamletinimans\u0131z peygamberler \u00e7a\u011f\u0131ndahep ak\u015fam, karanl\u0131kt\u0131r sabahlar","og_url":"https:\/\/narteks.net\/index.php\/2009\/12\/29\/tarihsiz\/","og_site_name":"narteks.net","article_published_time":"2009-12-29T10:33:35+00:00","og_image":[{"width":300,"height":90,"url":"https:\/\/narteks.net\/wp-content\/uploads\/narteks.png","type":"image\/png"}],"author":"Tar\u0131k","twitter_card":"summary_large_image","twitter_creator":"@narteks","twitter_site":"@narteks","twitter_misc":{"Yazan:":"Tar\u0131k"},"schema":{"@context":"https:\/\/schema.org","@graph":[{"@type":"Article","@id":"https:\/\/narteks.net\/index.php\/2009\/12\/29\/tarihsiz\/#article","isPartOf":{"@id":"https:\/\/narteks.net\/index.php\/2009\/12\/29\/tarihsiz\/"},"author":{"name":"Tar\u0131k","@id":"https:\/\/narteks.net\/#\/schema\/person\/61f37d9834294b72d31d274e7ed79bca"},"headline":"TAR\u0130HS\u0130Z","datePublished":"2009-12-29T10:33:35+00:00","mainEntityOfPage":{"@id":"https:\/\/narteks.net\/index.php\/2009\/12\/29\/tarihsiz\/"},"wordCount":93,"commentCount":0,"publisher":{"@id":"https:\/\/narteks.net\/#organization"},"articleSection":["Erkan K\u00dc\u00c7\u00dcK"],"inLanguage":"tr","potentialAction":[{"@type":"CommentAction","name":"Comment","target":["https:\/\/narteks.net\/index.php\/2009\/12\/29\/tarihsiz\/#respond"]}]},{"@type":"WebPage","@id":"https:\/\/narteks.net\/index.php\/2009\/12\/29\/tarihsiz\/","url":"https:\/\/narteks.net\/index.php\/2009\/12\/29\/tarihsiz\/","name":"TAR\u0130HS\u0130Z - narteks.net","isPartOf":{"@id":"https:\/\/narteks.net\/#website"},"datePublished":"2009-12-29T10:33:35+00:00","breadcrumb":{"@id":"https:\/\/narteks.net\/index.php\/2009\/12\/29\/tarihsiz\/#breadcrumb"},"inLanguage":"tr","potentialAction":[{"@type":"ReadAction","target":["https:\/\/narteks.net\/index.php\/2009\/12\/29\/tarihsiz\/"]}]},{"@type":"BreadcrumbList","@id":"https:\/\/narteks.net\/index.php\/2009\/12\/29\/tarihsiz\/#breadcrumb","itemListElement":[{"@type":"ListItem","position":1,"name":"Anasayfa","item":"https:\/\/narteks.net\/"},{"@type":"ListItem","position":2,"name":"TAR\u0130HS\u0130Z"}]},{"@type":"WebSite","@id":"https:\/\/narteks.net\/#website","url":"https:\/\/narteks.net\/","name":"narteks.net","description":"K\u00fclt\u00fcr Sanat Edebiyat Felsefe","publisher":{"@id":"https:\/\/narteks.net\/#organization"},"alternateName":"K\u00fclt\u00fcr Sanat Edebiyat Felsefe","potentialAction":[{"@type":"SearchAction","target":{"@type":"EntryPoint","urlTemplate":"https:\/\/narteks.net\/?s={search_term_string}"},"query-input":{"@type":"PropertyValueSpecification","valueRequired":true,"valueName":"search_term_string"}}],"inLanguage":"tr"},{"@type":"Organization","@id":"https:\/\/narteks.net\/#organization","name":"narteks.net","url":"https:\/\/narteks.net\/","logo":{"@type":"ImageObject","inLanguage":"tr","@id":"https:\/\/narteks.net\/#\/schema\/logo\/image\/","url":"https:\/\/narteks.net\/wp-content\/uploads\/narteks.png","contentUrl":"https:\/\/narteks.net\/wp-content\/uploads\/narteks.png","width":300,"height":90,"caption":"narteks.net"},"image":{"@id":"https:\/\/narteks.net\/#\/schema\/logo\/image\/"},"sameAs":["https:\/\/x.com\/narteks","https:\/\/instagram.com\/narteksnet"]},{"@type":"Person","@id":"https:\/\/narteks.net\/#\/schema\/person\/61f37d9834294b72d31d274e7ed79bca","name":"Tar\u0131k","image":{"@type":"ImageObject","inLanguage":"tr","@id":"https:\/\/narteks.net\/#\/schema\/person\/image\/","url":"https:\/\/secure.gravatar.com\/avatar\/50865afb55632c4ae467e0af0930f6510aa2297d8014be502a55b14f3b7550cf?s=96&d=mm&r=g","contentUrl":"https:\/\/secure.gravatar.com\/avatar\/50865afb55632c4ae467e0af0930f6510aa2297d8014be502a55b14f3b7550cf?s=96&d=mm&r=g","caption":"Tar\u0131k"},"sameAs":["http:\/\/narteks.net"],"url":"https:\/\/narteks.net\/index.php\/author\/narbak\/"}]}},"_links":{"self":[{"href":"https:\/\/narteks.net\/index.php\/wp-json\/wp\/v2\/posts\/3607","targetHints":{"allow":["GET"]}}],"collection":[{"href":"https:\/\/narteks.net\/index.php\/wp-json\/wp\/v2\/posts"}],"about":[{"href":"https:\/\/narteks.net\/index.php\/wp-json\/wp\/v2\/types\/post"}],"author":[{"embeddable":true,"href":"https:\/\/narteks.net\/index.php\/wp-json\/wp\/v2\/users\/1"}],"replies":[{"embeddable":true,"href":"https:\/\/narteks.net\/index.php\/wp-json\/wp\/v2\/comments?post=3607"}],"version-history":[{"count":0,"href":"https:\/\/narteks.net\/index.php\/wp-json\/wp\/v2\/posts\/3607\/revisions"}],"wp:attachment":[{"href":"https:\/\/narteks.net\/index.php\/wp-json\/wp\/v2\/media?parent=3607"}],"wp:term":[{"taxonomy":"category","embeddable":true,"href":"https:\/\/narteks.net\/index.php\/wp-json\/wp\/v2\/categories?post=3607"},{"taxonomy":"post_tag","embeddable":true,"href":"https:\/\/narteks.net\/index.php\/wp-json\/wp\/v2\/tags?post=3607"}],"curies":[{"name":"wp","href":"https:\/\/api.w.org\/{rel}","templated":true}]}}