{"id":361,"date":"2009-03-02T14:38:02","date_gmt":"2009-03-02T11:38:02","guid":{"rendered":"http:\/\/localhost\/wordpress\/2009\/03\/02\/hemingwayin-bir-hikayesinden-cagrisimlarla\/"},"modified":"2009-03-02T14:38:02","modified_gmt":"2009-03-02T11:38:02","slug":"hemingwayin-bir-hikayesinden-cagrisimlarla","status":"publish","type":"post","link":"https:\/\/narteks.net\/index.php\/2009\/03\/02\/hemingwayin-bir-hikayesinden-cagrisimlarla\/","title":{"rendered":"Hemingway`in Bir Hikayesinden \u00c7a\u011fr\u0131\u015f\u0131mlarla"},"content":{"rendered":"<p>\u00a0<\/p>\n<p><span style=\"color: #000000;\">Kad\u0131n ve adam oturuyorlard\u0131<br \/>Uzakta beyaz da\u011flar vard\u0131<br \/>Gara girmek \u00fczereyken Barselona-Madrid treni<\/p>\n<p>Kad\u0131n \u00fczg\u00fcnd\u00fc, \u00fczg\u00fcnd\u00fc, \u00fczg\u00fcnd\u00fc<br \/>Adam d\u00fc\u015f\u00fcnd\u00fc, d\u00fc\u015f\u00fcnd\u00fc, d\u00fc\u015f\u00fcnd\u00fc<br \/>A\u015fk\u0131m\u0131z bitmesin isterim dedi<\/p>\n<p>Biralar i\u00e7ildi ve ba\u015fka i\u00e7kiler<br \/>Kad\u0131n ve adam kederliydiler<br \/>Ne birle\u015fiyor, ne ayr\u0131l\u0131yor elleri<\/p>\n<p>Neden, neden s\u00f6n\u00fcp gider bir a\u015fk<br \/>Ac\u0131n\u0131n silinmez tortusunu b\u0131rakarak<br \/>Onulmazca inciterek y\u00fcrekleri<\/p>\n<p>Kad\u0131n daha ger\u00e7ek bir ac\u0131yla yaral\u0131yd\u0131 belki de<br \/>Tasal\u0131 bir sevecenlikle bakt\u0131 erke\u011fine<br \/>G\u00f6zya\u015flar\u0131 i\u00e7inde g\u00fcl\u00fcmsedi<\/p>\n<p>Kad\u0131n ve adam oturuyorlard\u0131<br \/>Aralar\u0131nda bir masa vard\u0131<br \/>Ve h\u00fczn\u00fcn a\u015f\u0131lmaz engelleri<\/p>\n<p> 1975 <\/p>\n<p> Ne Ya\u011fmur Ne \u015eiirler <\/span> <\/p>\n<p> <span>Ataol Behramo\u011flu<\/span><\/p>\n","protected":false},"excerpt":{"rendered":"<p>\u00a0 Kad\u0131n ve adam oturuyorlard\u0131Uzakta beyaz da\u011flar vard\u0131Gara girmek \u00fczereyken Barselona-Madrid treni Kad\u0131n \u00fczg\u00fcnd\u00fc, \u00fczg\u00fcnd\u00fc, \u00fczg\u00fcnd\u00fcAdam d\u00fc\u015f\u00fcnd\u00fc, d\u00fc\u015f\u00fcnd\u00fc, d\u00fc\u015f\u00fcnd\u00fcA\u015fk\u0131m\u0131z bitmesin isterim dedi Biralar i\u00e7ildi ve ba\u015fka i\u00e7kilerKad\u0131n ve adam kederliydilerNe birle\u015fiyor, ne ayr\u0131l\u0131yor elleri Neden, neden s\u00f6n\u00fcp gider bir a\u015fkAc\u0131n\u0131n silinmez tortusunu b\u0131rakarakOnulmazca inciterek y\u00fcrekleri Kad\u0131n daha ger\u00e7ek bir ac\u0131yla yaral\u0131yd\u0131 belki deTasal\u0131 bir sevecenlikle [&hellip;]<\/p>\n","protected":false},"author":1,"featured_media":0,"comment_status":"open","ping_status":"open","sticky":false,"template":"","format":"standard","meta":{"footnotes":""},"categories":[10],"tags":[],"class_list":{"0":"post-361","1":"post","2":"type-post","3":"status-publish","4":"format-standard","6":"category-ataol-behramoglu"},"yoast_head":"<!-- This site is optimized with the Yoast SEO Premium plugin v24.9 (Yoast SEO v24.9) - https:\/\/yoast.com\/wordpress\/plugins\/seo\/ -->\n<title>Hemingway`in Bir Hikayesinden \u00c7a\u011fr\u0131\u015f\u0131mlarla - narteks.net<\/title>\n<meta name=\"robots\" content=\"index, follow, max-snippet:-1, max-image-preview:large, max-video-preview:-1\" \/>\n<link rel=\"canonical\" href=\"https:\/\/narteks.net\/index.php\/2009\/03\/02\/hemingwayin-bir-hikayesinden-cagrisimlarla\/\" \/>\n<meta property=\"og:locale\" content=\"tr_TR\" \/>\n<meta property=\"og:type\" content=\"article\" \/>\n<meta property=\"og:title\" content=\"Hemingway`in Bir Hikayesinden \u00c7a\u011fr\u0131\u015f\u0131mlarla\" \/>\n<meta property=\"og:description\" content=\"\u00a0 Kad\u0131n ve adam oturuyorlard\u0131Uzakta beyaz da\u011flar vard\u0131Gara girmek \u00fczereyken Barselona-Madrid treni Kad\u0131n \u00fczg\u00fcnd\u00fc, \u00fczg\u00fcnd\u00fc, \u00fczg\u00fcnd\u00fcAdam d\u00fc\u015f\u00fcnd\u00fc, d\u00fc\u015f\u00fcnd\u00fc, d\u00fc\u015f\u00fcnd\u00fcA\u015fk\u0131m\u0131z bitmesin isterim dedi Biralar i\u00e7ildi ve ba\u015fka i\u00e7kilerKad\u0131n ve adam kederliydilerNe birle\u015fiyor, ne ayr\u0131l\u0131yor elleri Neden, neden s\u00f6n\u00fcp gider bir a\u015fkAc\u0131n\u0131n silinmez tortusunu b\u0131rakarakOnulmazca inciterek y\u00fcrekleri Kad\u0131n daha ger\u00e7ek bir ac\u0131yla yaral\u0131yd\u0131 belki deTasal\u0131 bir sevecenlikle [&hellip;]\" \/>\n<meta property=\"og:url\" content=\"https:\/\/narteks.net\/index.php\/2009\/03\/02\/hemingwayin-bir-hikayesinden-cagrisimlarla\/\" \/>\n<meta property=\"og:site_name\" content=\"narteks.net\" \/>\n<meta property=\"article:published_time\" content=\"2009-03-02T11:38:02+00:00\" \/>\n<meta property=\"og:image\" content=\"https:\/\/narteks.net\/wp-content\/uploads\/narteks.png\" \/>\n\t<meta property=\"og:image:width\" content=\"300\" \/>\n\t<meta property=\"og:image:height\" content=\"90\" \/>\n\t<meta property=\"og:image:type\" content=\"image\/png\" \/>\n<meta name=\"author\" content=\"Tar\u0131k\" \/>\n<meta name=\"twitter:card\" content=\"summary_large_image\" \/>\n<meta name=\"twitter:creator\" content=\"@narteks\" \/>\n<meta name=\"twitter:site\" content=\"@narteks\" \/>\n<meta name=\"twitter:label1\" content=\"Yazan:\" \/>\n\t<meta name=\"twitter:data1\" content=\"Tar\u0131k\" \/>\n\t<meta name=\"twitter:label2\" content=\"Tahmini okuma s\u00fcresi\" \/>\n\t<meta name=\"twitter:data2\" content=\"1 dakika\" \/>\n<script type=\"application\/ld+json\" class=\"yoast-schema-graph\">{\"@context\":\"https:\/\/schema.org\",\"@graph\":[{\"@type\":\"Article\",\"@id\":\"https:\/\/narteks.net\/index.php\/2009\/03\/02\/hemingwayin-bir-hikayesinden-cagrisimlarla\/#article\",\"isPartOf\":{\"@id\":\"https:\/\/narteks.net\/index.php\/2009\/03\/02\/hemingwayin-bir-hikayesinden-cagrisimlarla\/\"},\"author\":{\"name\":\"Tar\u0131k\",\"@id\":\"https:\/\/narteks.net\/#\/schema\/person\/61f37d9834294b72d31d274e7ed79bca\"},\"headline\":\"Hemingway`in Bir Hikayesinden \u00c7a\u011fr\u0131\u015f\u0131mlarla\",\"datePublished\":\"2009-03-02T11:38:02+00:00\",\"mainEntityOfPage\":{\"@id\":\"https:\/\/narteks.net\/index.php\/2009\/03\/02\/hemingwayin-bir-hikayesinden-cagrisimlarla\/\"},\"wordCount\":130,\"commentCount\":0,\"publisher\":{\"@id\":\"https:\/\/narteks.net\/#organization\"},\"articleSection\":[\"Ataol BEHRAMOGLU\"],\"inLanguage\":\"tr\",\"potentialAction\":[{\"@type\":\"CommentAction\",\"name\":\"Comment\",\"target\":[\"https:\/\/narteks.net\/index.php\/2009\/03\/02\/hemingwayin-bir-hikayesinden-cagrisimlarla\/#respond\"]}]},{\"@type\":\"WebPage\",\"@id\":\"https:\/\/narteks.net\/index.php\/2009\/03\/02\/hemingwayin-bir-hikayesinden-cagrisimlarla\/\",\"url\":\"https:\/\/narteks.net\/index.php\/2009\/03\/02\/hemingwayin-bir-hikayesinden-cagrisimlarla\/\",\"name\":\"Hemingway`in Bir Hikayesinden \u00c7a\u011fr\u0131\u015f\u0131mlarla - narteks.net\",\"isPartOf\":{\"@id\":\"https:\/\/narteks.net\/#website\"},\"datePublished\":\"2009-03-02T11:38:02+00:00\",\"breadcrumb\":{\"@id\":\"https:\/\/narteks.net\/index.php\/2009\/03\/02\/hemingwayin-bir-hikayesinden-cagrisimlarla\/#breadcrumb\"},\"inLanguage\":\"tr\",\"potentialAction\":[{\"@type\":\"ReadAction\",\"target\":[\"https:\/\/narteks.net\/index.php\/2009\/03\/02\/hemingwayin-bir-hikayesinden-cagrisimlarla\/\"]}]},{\"@type\":\"BreadcrumbList\",\"@id\":\"https:\/\/narteks.net\/index.php\/2009\/03\/02\/hemingwayin-bir-hikayesinden-cagrisimlarla\/#breadcrumb\",\"itemListElement\":[{\"@type\":\"ListItem\",\"position\":1,\"name\":\"Anasayfa\",\"item\":\"https:\/\/narteks.net\/\"},{\"@type\":\"ListItem\",\"position\":2,\"name\":\"Hemingway`in Bir Hikayesinden \u00c7a\u011fr\u0131\u015f\u0131mlarla\"}]},{\"@type\":\"WebSite\",\"@id\":\"https:\/\/narteks.net\/#website\",\"url\":\"https:\/\/narteks.net\/\",\"name\":\"narteks.net\",\"description\":\"K\u00fclt\u00fcr Sanat Edebiyat Felsefe\",\"publisher\":{\"@id\":\"https:\/\/narteks.net\/#organization\"},\"alternateName\":\"K\u00fclt\u00fcr Sanat Edebiyat Felsefe\",\"potentialAction\":[{\"@type\":\"SearchAction\",\"target\":{\"@type\":\"EntryPoint\",\"urlTemplate\":\"https:\/\/narteks.net\/?s={search_term_string}\"},\"query-input\":{\"@type\":\"PropertyValueSpecification\",\"valueRequired\":true,\"valueName\":\"search_term_string\"}}],\"inLanguage\":\"tr\"},{\"@type\":\"Organization\",\"@id\":\"https:\/\/narteks.net\/#organization\",\"name\":\"narteks.net\",\"url\":\"https:\/\/narteks.net\/\",\"logo\":{\"@type\":\"ImageObject\",\"inLanguage\":\"tr\",\"@id\":\"https:\/\/narteks.net\/#\/schema\/logo\/image\/\",\"url\":\"https:\/\/narteks.net\/wp-content\/uploads\/narteks.png\",\"contentUrl\":\"https:\/\/narteks.net\/wp-content\/uploads\/narteks.png\",\"width\":300,\"height\":90,\"caption\":\"narteks.net\"},\"image\":{\"@id\":\"https:\/\/narteks.net\/#\/schema\/logo\/image\/\"},\"sameAs\":[\"https:\/\/x.com\/narteks\",\"https:\/\/instagram.com\/narteksnet\"]},{\"@type\":\"Person\",\"@id\":\"https:\/\/narteks.net\/#\/schema\/person\/61f37d9834294b72d31d274e7ed79bca\",\"name\":\"Tar\u0131k\",\"image\":{\"@type\":\"ImageObject\",\"inLanguage\":\"tr\",\"@id\":\"https:\/\/narteks.net\/#\/schema\/person\/image\/\",\"url\":\"https:\/\/secure.gravatar.com\/avatar\/50865afb55632c4ae467e0af0930f6510aa2297d8014be502a55b14f3b7550cf?s=96&d=mm&r=g\",\"contentUrl\":\"https:\/\/secure.gravatar.com\/avatar\/50865afb55632c4ae467e0af0930f6510aa2297d8014be502a55b14f3b7550cf?s=96&d=mm&r=g\",\"caption\":\"Tar\u0131k\"},\"sameAs\":[\"http:\/\/narteks.net\"],\"url\":\"https:\/\/narteks.net\/index.php\/author\/narbak\/\"}]}<\/script>\n<!-- \/ Yoast SEO Premium plugin. -->","yoast_head_json":{"title":"Hemingway`in Bir Hikayesinden \u00c7a\u011fr\u0131\u015f\u0131mlarla - narteks.net","robots":{"index":"index","follow":"follow","max-snippet":"max-snippet:-1","max-image-preview":"max-image-preview:large","max-video-preview":"max-video-preview:-1"},"canonical":"https:\/\/narteks.net\/index.php\/2009\/03\/02\/hemingwayin-bir-hikayesinden-cagrisimlarla\/","og_locale":"tr_TR","og_type":"article","og_title":"Hemingway`in Bir Hikayesinden \u00c7a\u011fr\u0131\u015f\u0131mlarla","og_description":"\u00a0 Kad\u0131n ve adam oturuyorlard\u0131Uzakta beyaz da\u011flar vard\u0131Gara girmek \u00fczereyken Barselona-Madrid treni Kad\u0131n \u00fczg\u00fcnd\u00fc, \u00fczg\u00fcnd\u00fc, \u00fczg\u00fcnd\u00fcAdam d\u00fc\u015f\u00fcnd\u00fc, d\u00fc\u015f\u00fcnd\u00fc, d\u00fc\u015f\u00fcnd\u00fcA\u015fk\u0131m\u0131z bitmesin isterim dedi Biralar i\u00e7ildi ve ba\u015fka i\u00e7kilerKad\u0131n ve adam kederliydilerNe birle\u015fiyor, ne ayr\u0131l\u0131yor elleri Neden, neden s\u00f6n\u00fcp gider bir a\u015fkAc\u0131n\u0131n silinmez tortusunu b\u0131rakarakOnulmazca inciterek y\u00fcrekleri Kad\u0131n daha ger\u00e7ek bir ac\u0131yla yaral\u0131yd\u0131 belki deTasal\u0131 bir sevecenlikle [&hellip;]","og_url":"https:\/\/narteks.net\/index.php\/2009\/03\/02\/hemingwayin-bir-hikayesinden-cagrisimlarla\/","og_site_name":"narteks.net","article_published_time":"2009-03-02T11:38:02+00:00","og_image":[{"width":300,"height":90,"url":"https:\/\/narteks.net\/wp-content\/uploads\/narteks.png","type":"image\/png"}],"author":"Tar\u0131k","twitter_card":"summary_large_image","twitter_creator":"@narteks","twitter_site":"@narteks","twitter_misc":{"Yazan:":"Tar\u0131k","Tahmini okuma s\u00fcresi":"1 dakika"},"schema":{"@context":"https:\/\/schema.org","@graph":[{"@type":"Article","@id":"https:\/\/narteks.net\/index.php\/2009\/03\/02\/hemingwayin-bir-hikayesinden-cagrisimlarla\/#article","isPartOf":{"@id":"https:\/\/narteks.net\/index.php\/2009\/03\/02\/hemingwayin-bir-hikayesinden-cagrisimlarla\/"},"author":{"name":"Tar\u0131k","@id":"https:\/\/narteks.net\/#\/schema\/person\/61f37d9834294b72d31d274e7ed79bca"},"headline":"Hemingway`in Bir Hikayesinden \u00c7a\u011fr\u0131\u015f\u0131mlarla","datePublished":"2009-03-02T11:38:02+00:00","mainEntityOfPage":{"@id":"https:\/\/narteks.net\/index.php\/2009\/03\/02\/hemingwayin-bir-hikayesinden-cagrisimlarla\/"},"wordCount":130,"commentCount":0,"publisher":{"@id":"https:\/\/narteks.net\/#organization"},"articleSection":["Ataol BEHRAMOGLU"],"inLanguage":"tr","potentialAction":[{"@type":"CommentAction","name":"Comment","target":["https:\/\/narteks.net\/index.php\/2009\/03\/02\/hemingwayin-bir-hikayesinden-cagrisimlarla\/#respond"]}]},{"@type":"WebPage","@id":"https:\/\/narteks.net\/index.php\/2009\/03\/02\/hemingwayin-bir-hikayesinden-cagrisimlarla\/","url":"https:\/\/narteks.net\/index.php\/2009\/03\/02\/hemingwayin-bir-hikayesinden-cagrisimlarla\/","name":"Hemingway`in Bir Hikayesinden \u00c7a\u011fr\u0131\u015f\u0131mlarla - narteks.net","isPartOf":{"@id":"https:\/\/narteks.net\/#website"},"datePublished":"2009-03-02T11:38:02+00:00","breadcrumb":{"@id":"https:\/\/narteks.net\/index.php\/2009\/03\/02\/hemingwayin-bir-hikayesinden-cagrisimlarla\/#breadcrumb"},"inLanguage":"tr","potentialAction":[{"@type":"ReadAction","target":["https:\/\/narteks.net\/index.php\/2009\/03\/02\/hemingwayin-bir-hikayesinden-cagrisimlarla\/"]}]},{"@type":"BreadcrumbList","@id":"https:\/\/narteks.net\/index.php\/2009\/03\/02\/hemingwayin-bir-hikayesinden-cagrisimlarla\/#breadcrumb","itemListElement":[{"@type":"ListItem","position":1,"name":"Anasayfa","item":"https:\/\/narteks.net\/"},{"@type":"ListItem","position":2,"name":"Hemingway`in Bir Hikayesinden \u00c7a\u011fr\u0131\u015f\u0131mlarla"}]},{"@type":"WebSite","@id":"https:\/\/narteks.net\/#website","url":"https:\/\/narteks.net\/","name":"narteks.net","description":"K\u00fclt\u00fcr Sanat Edebiyat Felsefe","publisher":{"@id":"https:\/\/narteks.net\/#organization"},"alternateName":"K\u00fclt\u00fcr Sanat Edebiyat Felsefe","potentialAction":[{"@type":"SearchAction","target":{"@type":"EntryPoint","urlTemplate":"https:\/\/narteks.net\/?s={search_term_string}"},"query-input":{"@type":"PropertyValueSpecification","valueRequired":true,"valueName":"search_term_string"}}],"inLanguage":"tr"},{"@type":"Organization","@id":"https:\/\/narteks.net\/#organization","name":"narteks.net","url":"https:\/\/narteks.net\/","logo":{"@type":"ImageObject","inLanguage":"tr","@id":"https:\/\/narteks.net\/#\/schema\/logo\/image\/","url":"https:\/\/narteks.net\/wp-content\/uploads\/narteks.png","contentUrl":"https:\/\/narteks.net\/wp-content\/uploads\/narteks.png","width":300,"height":90,"caption":"narteks.net"},"image":{"@id":"https:\/\/narteks.net\/#\/schema\/logo\/image\/"},"sameAs":["https:\/\/x.com\/narteks","https:\/\/instagram.com\/narteksnet"]},{"@type":"Person","@id":"https:\/\/narteks.net\/#\/schema\/person\/61f37d9834294b72d31d274e7ed79bca","name":"Tar\u0131k","image":{"@type":"ImageObject","inLanguage":"tr","@id":"https:\/\/narteks.net\/#\/schema\/person\/image\/","url":"https:\/\/secure.gravatar.com\/avatar\/50865afb55632c4ae467e0af0930f6510aa2297d8014be502a55b14f3b7550cf?s=96&d=mm&r=g","contentUrl":"https:\/\/secure.gravatar.com\/avatar\/50865afb55632c4ae467e0af0930f6510aa2297d8014be502a55b14f3b7550cf?s=96&d=mm&r=g","caption":"Tar\u0131k"},"sameAs":["http:\/\/narteks.net"],"url":"https:\/\/narteks.net\/index.php\/author\/narbak\/"}]}},"_links":{"self":[{"href":"https:\/\/narteks.net\/index.php\/wp-json\/wp\/v2\/posts\/361","targetHints":{"allow":["GET"]}}],"collection":[{"href":"https:\/\/narteks.net\/index.php\/wp-json\/wp\/v2\/posts"}],"about":[{"href":"https:\/\/narteks.net\/index.php\/wp-json\/wp\/v2\/types\/post"}],"author":[{"embeddable":true,"href":"https:\/\/narteks.net\/index.php\/wp-json\/wp\/v2\/users\/1"}],"replies":[{"embeddable":true,"href":"https:\/\/narteks.net\/index.php\/wp-json\/wp\/v2\/comments?post=361"}],"version-history":[{"count":0,"href":"https:\/\/narteks.net\/index.php\/wp-json\/wp\/v2\/posts\/361\/revisions"}],"wp:attachment":[{"href":"https:\/\/narteks.net\/index.php\/wp-json\/wp\/v2\/media?parent=361"}],"wp:term":[{"taxonomy":"category","embeddable":true,"href":"https:\/\/narteks.net\/index.php\/wp-json\/wp\/v2\/categories?post=361"},{"taxonomy":"post_tag","embeddable":true,"href":"https:\/\/narteks.net\/index.php\/wp-json\/wp\/v2\/tags?post=361"}],"curies":[{"name":"wp","href":"https:\/\/api.w.org\/{rel}","templated":true}]}}