{"id":3617,"date":"2009-12-29T13:40:40","date_gmt":"2009-12-29T10:40:40","guid":{"rendered":"http:\/\/localhost\/wordpress\/2009\/12\/29\/sen-miydin\/"},"modified":"2009-12-29T13:40:40","modified_gmt":"2009-12-29T10:40:40","slug":"sen-miydin","status":"publish","type":"post","link":"https:\/\/narteks.net\/index.php\/2009\/12\/29\/sen-miydin\/","title":{"rendered":"SEN M\u0130YD\u0130N?"},"content":{"rendered":"<p>\u00a0<\/p>\n<p>sen miydin kap\u0131ndaki d\u00fc\u015fk\u00fcne dil uzatan <br \/>yaral\u0131 avu\u00e7lar\u0131n\u0131 a\u00e7m\u0131\u015fken sana <br \/>d\u00f6n\u00fcp arkas\u0131na bakmayan <\/p>\n<p>bir g\u00fcl kanayabilir elbet <br \/>kendi boynunu k\u0131rabilir karanfil <br \/>nehir bile akmaz olur <br \/>g\u00f6zya\u015f\u0131na bulan\u0131nca bulutlar <\/p>\n<p>sen miydin a\u015fk\u0131 s\u00f6yleyip de ya\u015fayamayan <br \/>sevgilinin bu\u011fulu g\u00f6zlerinde a\u015fk\u0131 arayan <br \/>bir simyac\u0131 de\u011fil ki hayat, ey sevgili! <br \/>s\u00f6zc\u00fckler d\u00f6n\u00fc\u015fmez dokunu\u015flara <br \/>sen sessizlik i\u00e7inde kalbinle dokunmad\u0131k\u00e7a.\u00a0 <\/p>\n","protected":false},"excerpt":{"rendered":"<p>\u00a0 sen miydin kap\u0131ndaki d\u00fc\u015fk\u00fcne dil uzatan yaral\u0131 avu\u00e7lar\u0131n\u0131 a\u00e7m\u0131\u015fken sana d\u00f6n\u00fcp arkas\u0131na bakmayan bir g\u00fcl kanayabilir elbet kendi boynunu k\u0131rabilir karanfil nehir bile akmaz olur g\u00f6zya\u015f\u0131na bulan\u0131nca bulutlar sen miydin a\u015fk\u0131 s\u00f6yleyip de ya\u015fayamayan sevgilinin bu\u011fulu g\u00f6zlerinde a\u015fk\u0131 arayan bir simyac\u0131 de\u011fil ki hayat, ey sevgili! s\u00f6zc\u00fckler d\u00f6n\u00fc\u015fmez dokunu\u015flara sen sessizlik i\u00e7inde kalbinle dokunmad\u0131k\u00e7a.\u00a0<\/p>\n","protected":false},"author":1,"featured_media":0,"comment_status":"open","ping_status":"open","sticky":false,"template":"","format":"standard","meta":{"footnotes":""},"categories":[121],"tags":[],"class_list":{"0":"post-3617","1":"post","2":"type-post","3":"status-publish","4":"format-standard","6":"category-erkan-kucuk"},"yoast_head":"<!-- This site is optimized with the Yoast SEO Premium plugin v24.9 (Yoast SEO v24.9) - https:\/\/yoast.com\/wordpress\/plugins\/seo\/ -->\n<title>SEN M\u0130YD\u0130N? - narteks.net<\/title>\n<meta name=\"robots\" content=\"index, follow, max-snippet:-1, max-image-preview:large, max-video-preview:-1\" \/>\n<link rel=\"canonical\" href=\"https:\/\/narteks.net\/index.php\/2009\/12\/29\/sen-miydin\/\" \/>\n<meta property=\"og:locale\" content=\"tr_TR\" \/>\n<meta property=\"og:type\" content=\"article\" \/>\n<meta property=\"og:title\" content=\"SEN M\u0130YD\u0130N?\" \/>\n<meta property=\"og:description\" content=\"\u00a0 sen miydin kap\u0131ndaki d\u00fc\u015fk\u00fcne dil uzatan yaral\u0131 avu\u00e7lar\u0131n\u0131 a\u00e7m\u0131\u015fken sana d\u00f6n\u00fcp arkas\u0131na bakmayan bir g\u00fcl kanayabilir elbet kendi boynunu k\u0131rabilir karanfil nehir bile akmaz olur g\u00f6zya\u015f\u0131na bulan\u0131nca bulutlar sen miydin a\u015fk\u0131 s\u00f6yleyip de ya\u015fayamayan sevgilinin bu\u011fulu g\u00f6zlerinde a\u015fk\u0131 arayan bir simyac\u0131 de\u011fil ki hayat, ey sevgili! s\u00f6zc\u00fckler d\u00f6n\u00fc\u015fmez dokunu\u015flara sen sessizlik i\u00e7inde kalbinle dokunmad\u0131k\u00e7a.\u00a0\" \/>\n<meta property=\"og:url\" content=\"https:\/\/narteks.net\/index.php\/2009\/12\/29\/sen-miydin\/\" \/>\n<meta property=\"og:site_name\" content=\"narteks.net\" \/>\n<meta property=\"article:published_time\" content=\"2009-12-29T10:40:40+00:00\" \/>\n<meta property=\"og:image\" content=\"https:\/\/narteks.net\/wp-content\/uploads\/narteks.png\" \/>\n\t<meta property=\"og:image:width\" content=\"300\" \/>\n\t<meta property=\"og:image:height\" content=\"90\" \/>\n\t<meta property=\"og:image:type\" content=\"image\/png\" \/>\n<meta name=\"author\" content=\"Tar\u0131k\" \/>\n<meta name=\"twitter:card\" content=\"summary_large_image\" \/>\n<meta name=\"twitter:creator\" content=\"@narteks\" \/>\n<meta name=\"twitter:site\" content=\"@narteks\" \/>\n<meta name=\"twitter:label1\" content=\"Yazan:\" \/>\n\t<meta name=\"twitter:data1\" content=\"Tar\u0131k\" \/>\n<script type=\"application\/ld+json\" class=\"yoast-schema-graph\">{\"@context\":\"https:\/\/schema.org\",\"@graph\":[{\"@type\":\"Article\",\"@id\":\"https:\/\/narteks.net\/index.php\/2009\/12\/29\/sen-miydin\/#article\",\"isPartOf\":{\"@id\":\"https:\/\/narteks.net\/index.php\/2009\/12\/29\/sen-miydin\/\"},\"author\":{\"name\":\"Tar\u0131k\",\"@id\":\"https:\/\/narteks.net\/#\/schema\/person\/61f37d9834294b72d31d274e7ed79bca\"},\"headline\":\"SEN M\u0130YD\u0130N?\",\"datePublished\":\"2009-12-29T10:40:40+00:00\",\"mainEntityOfPage\":{\"@id\":\"https:\/\/narteks.net\/index.php\/2009\/12\/29\/sen-miydin\/\"},\"wordCount\":88,\"commentCount\":0,\"publisher\":{\"@id\":\"https:\/\/narteks.net\/#organization\"},\"articleSection\":[\"Erkan K\u00dc\u00c7\u00dcK\"],\"inLanguage\":\"tr\",\"potentialAction\":[{\"@type\":\"CommentAction\",\"name\":\"Comment\",\"target\":[\"https:\/\/narteks.net\/index.php\/2009\/12\/29\/sen-miydin\/#respond\"]}]},{\"@type\":\"WebPage\",\"@id\":\"https:\/\/narteks.net\/index.php\/2009\/12\/29\/sen-miydin\/\",\"url\":\"https:\/\/narteks.net\/index.php\/2009\/12\/29\/sen-miydin\/\",\"name\":\"SEN M\u0130YD\u0130N? - narteks.net\",\"isPartOf\":{\"@id\":\"https:\/\/narteks.net\/#website\"},\"datePublished\":\"2009-12-29T10:40:40+00:00\",\"breadcrumb\":{\"@id\":\"https:\/\/narteks.net\/index.php\/2009\/12\/29\/sen-miydin\/#breadcrumb\"},\"inLanguage\":\"tr\",\"potentialAction\":[{\"@type\":\"ReadAction\",\"target\":[\"https:\/\/narteks.net\/index.php\/2009\/12\/29\/sen-miydin\/\"]}]},{\"@type\":\"BreadcrumbList\",\"@id\":\"https:\/\/narteks.net\/index.php\/2009\/12\/29\/sen-miydin\/#breadcrumb\",\"itemListElement\":[{\"@type\":\"ListItem\",\"position\":1,\"name\":\"Anasayfa\",\"item\":\"https:\/\/narteks.net\/\"},{\"@type\":\"ListItem\",\"position\":2,\"name\":\"SEN M\u0130YD\u0130N?\"}]},{\"@type\":\"WebSite\",\"@id\":\"https:\/\/narteks.net\/#website\",\"url\":\"https:\/\/narteks.net\/\",\"name\":\"narteks.net\",\"description\":\"K\u00fclt\u00fcr Sanat Edebiyat Felsefe\",\"publisher\":{\"@id\":\"https:\/\/narteks.net\/#organization\"},\"alternateName\":\"K\u00fclt\u00fcr Sanat Edebiyat Felsefe\",\"potentialAction\":[{\"@type\":\"SearchAction\",\"target\":{\"@type\":\"EntryPoint\",\"urlTemplate\":\"https:\/\/narteks.net\/?s={search_term_string}\"},\"query-input\":{\"@type\":\"PropertyValueSpecification\",\"valueRequired\":true,\"valueName\":\"search_term_string\"}}],\"inLanguage\":\"tr\"},{\"@type\":\"Organization\",\"@id\":\"https:\/\/narteks.net\/#organization\",\"name\":\"narteks.net\",\"url\":\"https:\/\/narteks.net\/\",\"logo\":{\"@type\":\"ImageObject\",\"inLanguage\":\"tr\",\"@id\":\"https:\/\/narteks.net\/#\/schema\/logo\/image\/\",\"url\":\"https:\/\/narteks.net\/wp-content\/uploads\/narteks.png\",\"contentUrl\":\"https:\/\/narteks.net\/wp-content\/uploads\/narteks.png\",\"width\":300,\"height\":90,\"caption\":\"narteks.net\"},\"image\":{\"@id\":\"https:\/\/narteks.net\/#\/schema\/logo\/image\/\"},\"sameAs\":[\"https:\/\/x.com\/narteks\",\"https:\/\/instagram.com\/narteksnet\"]},{\"@type\":\"Person\",\"@id\":\"https:\/\/narteks.net\/#\/schema\/person\/61f37d9834294b72d31d274e7ed79bca\",\"name\":\"Tar\u0131k\",\"image\":{\"@type\":\"ImageObject\",\"inLanguage\":\"tr\",\"@id\":\"https:\/\/narteks.net\/#\/schema\/person\/image\/\",\"url\":\"https:\/\/secure.gravatar.com\/avatar\/50865afb55632c4ae467e0af0930f6510aa2297d8014be502a55b14f3b7550cf?s=96&d=mm&r=g\",\"contentUrl\":\"https:\/\/secure.gravatar.com\/avatar\/50865afb55632c4ae467e0af0930f6510aa2297d8014be502a55b14f3b7550cf?s=96&d=mm&r=g\",\"caption\":\"Tar\u0131k\"},\"sameAs\":[\"http:\/\/narteks.net\"],\"url\":\"https:\/\/narteks.net\/index.php\/author\/narbak\/\"}]}<\/script>\n<!-- \/ Yoast SEO Premium plugin. -->","yoast_head_json":{"title":"SEN M\u0130YD\u0130N? - narteks.net","robots":{"index":"index","follow":"follow","max-snippet":"max-snippet:-1","max-image-preview":"max-image-preview:large","max-video-preview":"max-video-preview:-1"},"canonical":"https:\/\/narteks.net\/index.php\/2009\/12\/29\/sen-miydin\/","og_locale":"tr_TR","og_type":"article","og_title":"SEN M\u0130YD\u0130N?","og_description":"\u00a0 sen miydin kap\u0131ndaki d\u00fc\u015fk\u00fcne dil uzatan yaral\u0131 avu\u00e7lar\u0131n\u0131 a\u00e7m\u0131\u015fken sana d\u00f6n\u00fcp arkas\u0131na bakmayan bir g\u00fcl kanayabilir elbet kendi boynunu k\u0131rabilir karanfil nehir bile akmaz olur g\u00f6zya\u015f\u0131na bulan\u0131nca bulutlar sen miydin a\u015fk\u0131 s\u00f6yleyip de ya\u015fayamayan sevgilinin bu\u011fulu g\u00f6zlerinde a\u015fk\u0131 arayan bir simyac\u0131 de\u011fil ki hayat, ey sevgili! s\u00f6zc\u00fckler d\u00f6n\u00fc\u015fmez dokunu\u015flara sen sessizlik i\u00e7inde kalbinle dokunmad\u0131k\u00e7a.\u00a0","og_url":"https:\/\/narteks.net\/index.php\/2009\/12\/29\/sen-miydin\/","og_site_name":"narteks.net","article_published_time":"2009-12-29T10:40:40+00:00","og_image":[{"width":300,"height":90,"url":"https:\/\/narteks.net\/wp-content\/uploads\/narteks.png","type":"image\/png"}],"author":"Tar\u0131k","twitter_card":"summary_large_image","twitter_creator":"@narteks","twitter_site":"@narteks","twitter_misc":{"Yazan:":"Tar\u0131k"},"schema":{"@context":"https:\/\/schema.org","@graph":[{"@type":"Article","@id":"https:\/\/narteks.net\/index.php\/2009\/12\/29\/sen-miydin\/#article","isPartOf":{"@id":"https:\/\/narteks.net\/index.php\/2009\/12\/29\/sen-miydin\/"},"author":{"name":"Tar\u0131k","@id":"https:\/\/narteks.net\/#\/schema\/person\/61f37d9834294b72d31d274e7ed79bca"},"headline":"SEN M\u0130YD\u0130N?","datePublished":"2009-12-29T10:40:40+00:00","mainEntityOfPage":{"@id":"https:\/\/narteks.net\/index.php\/2009\/12\/29\/sen-miydin\/"},"wordCount":88,"commentCount":0,"publisher":{"@id":"https:\/\/narteks.net\/#organization"},"articleSection":["Erkan K\u00dc\u00c7\u00dcK"],"inLanguage":"tr","potentialAction":[{"@type":"CommentAction","name":"Comment","target":["https:\/\/narteks.net\/index.php\/2009\/12\/29\/sen-miydin\/#respond"]}]},{"@type":"WebPage","@id":"https:\/\/narteks.net\/index.php\/2009\/12\/29\/sen-miydin\/","url":"https:\/\/narteks.net\/index.php\/2009\/12\/29\/sen-miydin\/","name":"SEN M\u0130YD\u0130N? - narteks.net","isPartOf":{"@id":"https:\/\/narteks.net\/#website"},"datePublished":"2009-12-29T10:40:40+00:00","breadcrumb":{"@id":"https:\/\/narteks.net\/index.php\/2009\/12\/29\/sen-miydin\/#breadcrumb"},"inLanguage":"tr","potentialAction":[{"@type":"ReadAction","target":["https:\/\/narteks.net\/index.php\/2009\/12\/29\/sen-miydin\/"]}]},{"@type":"BreadcrumbList","@id":"https:\/\/narteks.net\/index.php\/2009\/12\/29\/sen-miydin\/#breadcrumb","itemListElement":[{"@type":"ListItem","position":1,"name":"Anasayfa","item":"https:\/\/narteks.net\/"},{"@type":"ListItem","position":2,"name":"SEN M\u0130YD\u0130N?"}]},{"@type":"WebSite","@id":"https:\/\/narteks.net\/#website","url":"https:\/\/narteks.net\/","name":"narteks.net","description":"K\u00fclt\u00fcr Sanat Edebiyat Felsefe","publisher":{"@id":"https:\/\/narteks.net\/#organization"},"alternateName":"K\u00fclt\u00fcr Sanat Edebiyat Felsefe","potentialAction":[{"@type":"SearchAction","target":{"@type":"EntryPoint","urlTemplate":"https:\/\/narteks.net\/?s={search_term_string}"},"query-input":{"@type":"PropertyValueSpecification","valueRequired":true,"valueName":"search_term_string"}}],"inLanguage":"tr"},{"@type":"Organization","@id":"https:\/\/narteks.net\/#organization","name":"narteks.net","url":"https:\/\/narteks.net\/","logo":{"@type":"ImageObject","inLanguage":"tr","@id":"https:\/\/narteks.net\/#\/schema\/logo\/image\/","url":"https:\/\/narteks.net\/wp-content\/uploads\/narteks.png","contentUrl":"https:\/\/narteks.net\/wp-content\/uploads\/narteks.png","width":300,"height":90,"caption":"narteks.net"},"image":{"@id":"https:\/\/narteks.net\/#\/schema\/logo\/image\/"},"sameAs":["https:\/\/x.com\/narteks","https:\/\/instagram.com\/narteksnet"]},{"@type":"Person","@id":"https:\/\/narteks.net\/#\/schema\/person\/61f37d9834294b72d31d274e7ed79bca","name":"Tar\u0131k","image":{"@type":"ImageObject","inLanguage":"tr","@id":"https:\/\/narteks.net\/#\/schema\/person\/image\/","url":"https:\/\/secure.gravatar.com\/avatar\/50865afb55632c4ae467e0af0930f6510aa2297d8014be502a55b14f3b7550cf?s=96&d=mm&r=g","contentUrl":"https:\/\/secure.gravatar.com\/avatar\/50865afb55632c4ae467e0af0930f6510aa2297d8014be502a55b14f3b7550cf?s=96&d=mm&r=g","caption":"Tar\u0131k"},"sameAs":["http:\/\/narteks.net"],"url":"https:\/\/narteks.net\/index.php\/author\/narbak\/"}]}},"_links":{"self":[{"href":"https:\/\/narteks.net\/index.php\/wp-json\/wp\/v2\/posts\/3617","targetHints":{"allow":["GET"]}}],"collection":[{"href":"https:\/\/narteks.net\/index.php\/wp-json\/wp\/v2\/posts"}],"about":[{"href":"https:\/\/narteks.net\/index.php\/wp-json\/wp\/v2\/types\/post"}],"author":[{"embeddable":true,"href":"https:\/\/narteks.net\/index.php\/wp-json\/wp\/v2\/users\/1"}],"replies":[{"embeddable":true,"href":"https:\/\/narteks.net\/index.php\/wp-json\/wp\/v2\/comments?post=3617"}],"version-history":[{"count":0,"href":"https:\/\/narteks.net\/index.php\/wp-json\/wp\/v2\/posts\/3617\/revisions"}],"wp:attachment":[{"href":"https:\/\/narteks.net\/index.php\/wp-json\/wp\/v2\/media?parent=3617"}],"wp:term":[{"taxonomy":"category","embeddable":true,"href":"https:\/\/narteks.net\/index.php\/wp-json\/wp\/v2\/categories?post=3617"},{"taxonomy":"post_tag","embeddable":true,"href":"https:\/\/narteks.net\/index.php\/wp-json\/wp\/v2\/tags?post=3617"}],"curies":[{"name":"wp","href":"https:\/\/api.w.org\/{rel}","templated":true}]}}