{"id":3618,"date":"2009-12-29T13:41:14","date_gmt":"2009-12-29T10:41:14","guid":{"rendered":"http:\/\/localhost\/wordpress\/2009\/12\/29\/seninle\/"},"modified":"2009-12-29T13:41:14","modified_gmt":"2009-12-29T10:41:14","slug":"seninle","status":"publish","type":"post","link":"https:\/\/narteks.net\/index.php\/2009\/12\/29\/seninle\/","title":{"rendered":"SEN\u0130NLE"},"content":{"rendered":"<p>\u00a0<\/p>\n<p>Deruni s\u00f6zc\u00fcklerinle g\u00fczeldi d\u00fcnya, <br \/>Apak oluyordu hayat seninle, <br \/>\u00d6l\u00fcm, d\u00eer\u00eeme d\u00f6n\u00fcyordu, sen konu\u015ftu\u011funda, <br \/>Ve sen konu\u015ftu\u011funda, <br \/>Efk\u00e2r, ka\u00e7k\u0131n-korkak bir sanr\u0131yd\u0131. <\/p>\n<p>Sayr\u0131yd\u0131 yoklu\u011funun demi, <br \/>S\u0131yr\u0131l\u0131p geldin, bir \u00e7i\u00e7ek gibi, sa\u011faltarak, <br \/>Kaybolan g\u00f6vdemi getirdin bana, <br \/>Bedensiz bir g\u00f6lgeydim ben, <br \/>\u00d6nceki hayatta. <\/p>\n<p>Fark\u0131nda m\u0131yd\u0131n, bilmiyorum, <br \/>Seninle nefes al\u0131yordu soluksuz kalan. <br \/>T\u0131ls\u0131ml\u0131 bir ezgi gibi yay\u0131lan sesinle, <br \/>Cennete y\u00fcr\u00fcyordu Araf\u2019ta duran.\u00a0 <\/p>\n","protected":false},"excerpt":{"rendered":"<p>\u00a0 Deruni s\u00f6zc\u00fcklerinle g\u00fczeldi d\u00fcnya, Apak oluyordu hayat seninle, \u00d6l\u00fcm, d\u00eer\u00eeme d\u00f6n\u00fcyordu, sen konu\u015ftu\u011funda, Ve sen konu\u015ftu\u011funda, Efk\u00e2r, ka\u00e7k\u0131n-korkak bir sanr\u0131yd\u0131. Sayr\u0131yd\u0131 yoklu\u011funun demi, S\u0131yr\u0131l\u0131p geldin, bir \u00e7i\u00e7ek gibi, sa\u011faltarak, Kaybolan g\u00f6vdemi getirdin bana, Bedensiz bir g\u00f6lgeydim ben, \u00d6nceki hayatta. Fark\u0131nda m\u0131yd\u0131n, bilmiyorum, Seninle nefes al\u0131yordu soluksuz kalan. T\u0131ls\u0131ml\u0131 bir ezgi gibi yay\u0131lan sesinle, Cennete [&hellip;]<\/p>\n","protected":false},"author":1,"featured_media":0,"comment_status":"open","ping_status":"open","sticky":false,"template":"","format":"standard","meta":{"footnotes":""},"categories":[121],"tags":[],"class_list":{"0":"post-3618","1":"post","2":"type-post","3":"status-publish","4":"format-standard","6":"category-erkan-kucuk"},"yoast_head":"<!-- This site is optimized with the Yoast SEO Premium plugin v24.9 (Yoast SEO v24.9) - https:\/\/yoast.com\/wordpress\/plugins\/seo\/ -->\n<title>SEN\u0130NLE - narteks.net<\/title>\n<meta name=\"robots\" content=\"index, follow, max-snippet:-1, max-image-preview:large, max-video-preview:-1\" \/>\n<link rel=\"canonical\" href=\"https:\/\/narteks.net\/index.php\/2009\/12\/29\/seninle\/\" \/>\n<meta property=\"og:locale\" content=\"tr_TR\" \/>\n<meta property=\"og:type\" content=\"article\" \/>\n<meta property=\"og:title\" content=\"SEN\u0130NLE\" \/>\n<meta property=\"og:description\" content=\"\u00a0 Deruni s\u00f6zc\u00fcklerinle g\u00fczeldi d\u00fcnya, Apak oluyordu hayat seninle, \u00d6l\u00fcm, d\u00eer\u00eeme d\u00f6n\u00fcyordu, sen konu\u015ftu\u011funda, Ve sen konu\u015ftu\u011funda, Efk\u00e2r, ka\u00e7k\u0131n-korkak bir sanr\u0131yd\u0131. Sayr\u0131yd\u0131 yoklu\u011funun demi, S\u0131yr\u0131l\u0131p geldin, bir \u00e7i\u00e7ek gibi, sa\u011faltarak, Kaybolan g\u00f6vdemi getirdin bana, Bedensiz bir g\u00f6lgeydim ben, \u00d6nceki hayatta. Fark\u0131nda m\u0131yd\u0131n, bilmiyorum, Seninle nefes al\u0131yordu soluksuz kalan. T\u0131ls\u0131ml\u0131 bir ezgi gibi yay\u0131lan sesinle, Cennete [&hellip;]\" \/>\n<meta property=\"og:url\" content=\"https:\/\/narteks.net\/index.php\/2009\/12\/29\/seninle\/\" \/>\n<meta property=\"og:site_name\" content=\"narteks.net\" \/>\n<meta property=\"article:published_time\" content=\"2009-12-29T10:41:14+00:00\" \/>\n<meta property=\"og:image\" content=\"https:\/\/narteks.net\/wp-content\/uploads\/narteks.png\" \/>\n\t<meta property=\"og:image:width\" content=\"300\" \/>\n\t<meta property=\"og:image:height\" content=\"90\" \/>\n\t<meta property=\"og:image:type\" content=\"image\/png\" \/>\n<meta name=\"author\" content=\"Tar\u0131k\" \/>\n<meta name=\"twitter:card\" content=\"summary_large_image\" \/>\n<meta name=\"twitter:creator\" content=\"@narteks\" \/>\n<meta name=\"twitter:site\" content=\"@narteks\" \/>\n<meta name=\"twitter:label1\" content=\"Yazan:\" \/>\n\t<meta name=\"twitter:data1\" content=\"Tar\u0131k\" \/>\n<script type=\"application\/ld+json\" class=\"yoast-schema-graph\">{\"@context\":\"https:\/\/schema.org\",\"@graph\":[{\"@type\":\"Article\",\"@id\":\"https:\/\/narteks.net\/index.php\/2009\/12\/29\/seninle\/#article\",\"isPartOf\":{\"@id\":\"https:\/\/narteks.net\/index.php\/2009\/12\/29\/seninle\/\"},\"author\":{\"name\":\"Tar\u0131k\",\"@id\":\"https:\/\/narteks.net\/#\/schema\/person\/61f37d9834294b72d31d274e7ed79bca\"},\"headline\":\"SEN\u0130NLE\",\"datePublished\":\"2009-12-29T10:41:14+00:00\",\"mainEntityOfPage\":{\"@id\":\"https:\/\/narteks.net\/index.php\/2009\/12\/29\/seninle\/\"},\"wordCount\":95,\"commentCount\":0,\"publisher\":{\"@id\":\"https:\/\/narteks.net\/#organization\"},\"articleSection\":[\"Erkan K\u00dc\u00c7\u00dcK\"],\"inLanguage\":\"tr\",\"potentialAction\":[{\"@type\":\"CommentAction\",\"name\":\"Comment\",\"target\":[\"https:\/\/narteks.net\/index.php\/2009\/12\/29\/seninle\/#respond\"]}]},{\"@type\":\"WebPage\",\"@id\":\"https:\/\/narteks.net\/index.php\/2009\/12\/29\/seninle\/\",\"url\":\"https:\/\/narteks.net\/index.php\/2009\/12\/29\/seninle\/\",\"name\":\"SEN\u0130NLE - narteks.net\",\"isPartOf\":{\"@id\":\"https:\/\/narteks.net\/#website\"},\"datePublished\":\"2009-12-29T10:41:14+00:00\",\"breadcrumb\":{\"@id\":\"https:\/\/narteks.net\/index.php\/2009\/12\/29\/seninle\/#breadcrumb\"},\"inLanguage\":\"tr\",\"potentialAction\":[{\"@type\":\"ReadAction\",\"target\":[\"https:\/\/narteks.net\/index.php\/2009\/12\/29\/seninle\/\"]}]},{\"@type\":\"BreadcrumbList\",\"@id\":\"https:\/\/narteks.net\/index.php\/2009\/12\/29\/seninle\/#breadcrumb\",\"itemListElement\":[{\"@type\":\"ListItem\",\"position\":1,\"name\":\"Anasayfa\",\"item\":\"https:\/\/narteks.net\/\"},{\"@type\":\"ListItem\",\"position\":2,\"name\":\"SEN\u0130NLE\"}]},{\"@type\":\"WebSite\",\"@id\":\"https:\/\/narteks.net\/#website\",\"url\":\"https:\/\/narteks.net\/\",\"name\":\"narteks.net\",\"description\":\"K\u00fclt\u00fcr Sanat Edebiyat Felsefe\",\"publisher\":{\"@id\":\"https:\/\/narteks.net\/#organization\"},\"alternateName\":\"K\u00fclt\u00fcr Sanat Edebiyat Felsefe\",\"potentialAction\":[{\"@type\":\"SearchAction\",\"target\":{\"@type\":\"EntryPoint\",\"urlTemplate\":\"https:\/\/narteks.net\/?s={search_term_string}\"},\"query-input\":{\"@type\":\"PropertyValueSpecification\",\"valueRequired\":true,\"valueName\":\"search_term_string\"}}],\"inLanguage\":\"tr\"},{\"@type\":\"Organization\",\"@id\":\"https:\/\/narteks.net\/#organization\",\"name\":\"narteks.net\",\"url\":\"https:\/\/narteks.net\/\",\"logo\":{\"@type\":\"ImageObject\",\"inLanguage\":\"tr\",\"@id\":\"https:\/\/narteks.net\/#\/schema\/logo\/image\/\",\"url\":\"https:\/\/narteks.net\/wp-content\/uploads\/narteks.png\",\"contentUrl\":\"https:\/\/narteks.net\/wp-content\/uploads\/narteks.png\",\"width\":300,\"height\":90,\"caption\":\"narteks.net\"},\"image\":{\"@id\":\"https:\/\/narteks.net\/#\/schema\/logo\/image\/\"},\"sameAs\":[\"https:\/\/x.com\/narteks\",\"https:\/\/instagram.com\/narteksnet\"]},{\"@type\":\"Person\",\"@id\":\"https:\/\/narteks.net\/#\/schema\/person\/61f37d9834294b72d31d274e7ed79bca\",\"name\":\"Tar\u0131k\",\"image\":{\"@type\":\"ImageObject\",\"inLanguage\":\"tr\",\"@id\":\"https:\/\/narteks.net\/#\/schema\/person\/image\/\",\"url\":\"https:\/\/secure.gravatar.com\/avatar\/50865afb55632c4ae467e0af0930f6510aa2297d8014be502a55b14f3b7550cf?s=96&d=mm&r=g\",\"contentUrl\":\"https:\/\/secure.gravatar.com\/avatar\/50865afb55632c4ae467e0af0930f6510aa2297d8014be502a55b14f3b7550cf?s=96&d=mm&r=g\",\"caption\":\"Tar\u0131k\"},\"sameAs\":[\"http:\/\/narteks.net\"],\"url\":\"https:\/\/narteks.net\/index.php\/author\/narbak\/\"}]}<\/script>\n<!-- \/ Yoast SEO Premium plugin. -->","yoast_head_json":{"title":"SEN\u0130NLE - narteks.net","robots":{"index":"index","follow":"follow","max-snippet":"max-snippet:-1","max-image-preview":"max-image-preview:large","max-video-preview":"max-video-preview:-1"},"canonical":"https:\/\/narteks.net\/index.php\/2009\/12\/29\/seninle\/","og_locale":"tr_TR","og_type":"article","og_title":"SEN\u0130NLE","og_description":"\u00a0 Deruni s\u00f6zc\u00fcklerinle g\u00fczeldi d\u00fcnya, Apak oluyordu hayat seninle, \u00d6l\u00fcm, d\u00eer\u00eeme d\u00f6n\u00fcyordu, sen konu\u015ftu\u011funda, Ve sen konu\u015ftu\u011funda, Efk\u00e2r, ka\u00e7k\u0131n-korkak bir sanr\u0131yd\u0131. Sayr\u0131yd\u0131 yoklu\u011funun demi, S\u0131yr\u0131l\u0131p geldin, bir \u00e7i\u00e7ek gibi, sa\u011faltarak, Kaybolan g\u00f6vdemi getirdin bana, Bedensiz bir g\u00f6lgeydim ben, \u00d6nceki hayatta. Fark\u0131nda m\u0131yd\u0131n, bilmiyorum, Seninle nefes al\u0131yordu soluksuz kalan. T\u0131ls\u0131ml\u0131 bir ezgi gibi yay\u0131lan sesinle, Cennete [&hellip;]","og_url":"https:\/\/narteks.net\/index.php\/2009\/12\/29\/seninle\/","og_site_name":"narteks.net","article_published_time":"2009-12-29T10:41:14+00:00","og_image":[{"width":300,"height":90,"url":"https:\/\/narteks.net\/wp-content\/uploads\/narteks.png","type":"image\/png"}],"author":"Tar\u0131k","twitter_card":"summary_large_image","twitter_creator":"@narteks","twitter_site":"@narteks","twitter_misc":{"Yazan:":"Tar\u0131k"},"schema":{"@context":"https:\/\/schema.org","@graph":[{"@type":"Article","@id":"https:\/\/narteks.net\/index.php\/2009\/12\/29\/seninle\/#article","isPartOf":{"@id":"https:\/\/narteks.net\/index.php\/2009\/12\/29\/seninle\/"},"author":{"name":"Tar\u0131k","@id":"https:\/\/narteks.net\/#\/schema\/person\/61f37d9834294b72d31d274e7ed79bca"},"headline":"SEN\u0130NLE","datePublished":"2009-12-29T10:41:14+00:00","mainEntityOfPage":{"@id":"https:\/\/narteks.net\/index.php\/2009\/12\/29\/seninle\/"},"wordCount":95,"commentCount":0,"publisher":{"@id":"https:\/\/narteks.net\/#organization"},"articleSection":["Erkan K\u00dc\u00c7\u00dcK"],"inLanguage":"tr","potentialAction":[{"@type":"CommentAction","name":"Comment","target":["https:\/\/narteks.net\/index.php\/2009\/12\/29\/seninle\/#respond"]}]},{"@type":"WebPage","@id":"https:\/\/narteks.net\/index.php\/2009\/12\/29\/seninle\/","url":"https:\/\/narteks.net\/index.php\/2009\/12\/29\/seninle\/","name":"SEN\u0130NLE - narteks.net","isPartOf":{"@id":"https:\/\/narteks.net\/#website"},"datePublished":"2009-12-29T10:41:14+00:00","breadcrumb":{"@id":"https:\/\/narteks.net\/index.php\/2009\/12\/29\/seninle\/#breadcrumb"},"inLanguage":"tr","potentialAction":[{"@type":"ReadAction","target":["https:\/\/narteks.net\/index.php\/2009\/12\/29\/seninle\/"]}]},{"@type":"BreadcrumbList","@id":"https:\/\/narteks.net\/index.php\/2009\/12\/29\/seninle\/#breadcrumb","itemListElement":[{"@type":"ListItem","position":1,"name":"Anasayfa","item":"https:\/\/narteks.net\/"},{"@type":"ListItem","position":2,"name":"SEN\u0130NLE"}]},{"@type":"WebSite","@id":"https:\/\/narteks.net\/#website","url":"https:\/\/narteks.net\/","name":"narteks.net","description":"K\u00fclt\u00fcr Sanat Edebiyat Felsefe","publisher":{"@id":"https:\/\/narteks.net\/#organization"},"alternateName":"K\u00fclt\u00fcr Sanat Edebiyat Felsefe","potentialAction":[{"@type":"SearchAction","target":{"@type":"EntryPoint","urlTemplate":"https:\/\/narteks.net\/?s={search_term_string}"},"query-input":{"@type":"PropertyValueSpecification","valueRequired":true,"valueName":"search_term_string"}}],"inLanguage":"tr"},{"@type":"Organization","@id":"https:\/\/narteks.net\/#organization","name":"narteks.net","url":"https:\/\/narteks.net\/","logo":{"@type":"ImageObject","inLanguage":"tr","@id":"https:\/\/narteks.net\/#\/schema\/logo\/image\/","url":"https:\/\/narteks.net\/wp-content\/uploads\/narteks.png","contentUrl":"https:\/\/narteks.net\/wp-content\/uploads\/narteks.png","width":300,"height":90,"caption":"narteks.net"},"image":{"@id":"https:\/\/narteks.net\/#\/schema\/logo\/image\/"},"sameAs":["https:\/\/x.com\/narteks","https:\/\/instagram.com\/narteksnet"]},{"@type":"Person","@id":"https:\/\/narteks.net\/#\/schema\/person\/61f37d9834294b72d31d274e7ed79bca","name":"Tar\u0131k","image":{"@type":"ImageObject","inLanguage":"tr","@id":"https:\/\/narteks.net\/#\/schema\/person\/image\/","url":"https:\/\/secure.gravatar.com\/avatar\/50865afb55632c4ae467e0af0930f6510aa2297d8014be502a55b14f3b7550cf?s=96&d=mm&r=g","contentUrl":"https:\/\/secure.gravatar.com\/avatar\/50865afb55632c4ae467e0af0930f6510aa2297d8014be502a55b14f3b7550cf?s=96&d=mm&r=g","caption":"Tar\u0131k"},"sameAs":["http:\/\/narteks.net"],"url":"https:\/\/narteks.net\/index.php\/author\/narbak\/"}]}},"_links":{"self":[{"href":"https:\/\/narteks.net\/index.php\/wp-json\/wp\/v2\/posts\/3618","targetHints":{"allow":["GET"]}}],"collection":[{"href":"https:\/\/narteks.net\/index.php\/wp-json\/wp\/v2\/posts"}],"about":[{"href":"https:\/\/narteks.net\/index.php\/wp-json\/wp\/v2\/types\/post"}],"author":[{"embeddable":true,"href":"https:\/\/narteks.net\/index.php\/wp-json\/wp\/v2\/users\/1"}],"replies":[{"embeddable":true,"href":"https:\/\/narteks.net\/index.php\/wp-json\/wp\/v2\/comments?post=3618"}],"version-history":[{"count":0,"href":"https:\/\/narteks.net\/index.php\/wp-json\/wp\/v2\/posts\/3618\/revisions"}],"wp:attachment":[{"href":"https:\/\/narteks.net\/index.php\/wp-json\/wp\/v2\/media?parent=3618"}],"wp:term":[{"taxonomy":"category","embeddable":true,"href":"https:\/\/narteks.net\/index.php\/wp-json\/wp\/v2\/categories?post=3618"},{"taxonomy":"post_tag","embeddable":true,"href":"https:\/\/narteks.net\/index.php\/wp-json\/wp\/v2\/tags?post=3618"}],"curies":[{"name":"wp","href":"https:\/\/api.w.org\/{rel}","templated":true}]}}