{"id":3628,"date":"2009-12-29T18:15:03","date_gmt":"2009-12-29T15:15:03","guid":{"rendered":"http:\/\/localhost\/wordpress\/2009\/12\/29\/yitik-mektuplar\/"},"modified":"2009-12-29T18:15:03","modified_gmt":"2009-12-29T15:15:03","slug":"yitik-mektuplar","status":"publish","type":"post","link":"https:\/\/narteks.net\/index.php\/2009\/12\/29\/yitik-mektuplar\/","title":{"rendered":"Y\u0130T\u0130K MEKTUPLAR"},"content":{"rendered":"<p>\u00a0<\/p>\n<p>Benim i\u00e7in yazd\u0131klar\u0131 ne varsa <br \/> g\u00f6rmez gibi okuyorum ge\u00e7erken, <br \/> bana y\u00f6neltilmemi\u015f gibi <br \/> o hakl\u0131 ya da k\u0131y\u0131c\u0131 s\u00f6zler. <br \/> Yads\u0131d\u0131\u011f\u0131m falan yok <br \/> iyi ger\u00e7e\u011fi, k\u00f6t\u00fc ger\u00e7e\u011fi, <br \/> bana sunmak istedikleri elmay\u0131 <br \/> ya da alm\u0131\u015f bulundu\u011fum zehirli g\u00fcbreyi.<br \/> Ba\u015fka \u015feyden s\u00f6z ediyorum. <br \/> Tenimden, sa\u00e7lar\u0131mdan, <br \/> di\u015flerimden, <br \/> yand\u0131\u011f\u0131m \u015feyden mutsuz saatlerde: <br \/> g\u00f6vdemle g\u00f6lgemden s\u00f6z ediyorum. <\/p>\n<p> Ni\u00e7in diye sordum kendime, sordular bana,<br \/> sevgisi de, sessizli\u011fi de olmayan ba\u015fka biri<br \/> a\u00e7ar \u00e7atla\u011f\u0131 ve bir \u00e7iviyle <br \/> vura vura <br \/> ula\u015f\u0131r tere, oduna, <br \/> ta\u015fa ya da g\u00f6lgeye <br \/> bunlar \u00f6z varl\u0131\u011f\u0131mken benim?<\/p>\n<p> Ni\u00e7in uzaktan g\u00f6rd\u00fc\u011f\u00fcm dokunur bana, <br \/> ben ki varolmayan\u0131m, \u00e7\u0131kmayan\u0131m, <br \/> d\u00f6nmeyenim, <br \/> ku\u015flar\u0131 alfabenin ah neden korkutur<br \/> g\u00f6zlerimi, t\u0131rnaklar\u0131m\u0131? <\/p>\n<p> Eli mi sevindirmeli, kendim mi olmal\u0131y\u0131m? <br \/> Kimin oluyorum ben? <br \/> Nas\u0131l rehine verdiler g\u00fcc\u00fcm\u00fc <br \/> her \u015feyimden oluncaya dek? .<br \/> Ni\u00e7in satt\u0131m kan\u0131m\u0131? <br \/> Sahipleri kimler ku\u015fkular\u0131m\u0131n, ellerimin, <br \/> ac\u0131m\u0131n ya da egemenli\u011fimin? <\/p>\n<p> Korkuyorum aras\u0131ra <br \/> uzak \u0131rma\u011f\u0131n yan\u0131nda y\u00fcr\u00fcmekten,<br \/> korkuyorum, bakmaktan yanarda\u011flara<br \/> ki her zaman tan\u0131d\u0131m, onlar da beni tan\u0131r: <br \/> belki yukar\u0131da, a\u015fa\u011f\u0131da <br \/> beni inceliyor \u015fimdi su\u00b7, ate\u015f: <br \/> a\u00e7mad\u0131\u011f\u0131m\u0131 d\u00fc\u015f\u00fcn\u00fcyorlar ger\u00e7e\u011fi daha,<br \/> bir yabanc\u0131 oldu\u011fumu.<\/p>\n<p> B\u00f6ylece, \u00fcz\u00fcnt\u00fc i\u00e7inde, <br \/> okuyorum \u00fcz\u00fcnt\u00fcden daha iyisinin belki de<br \/> g\u00f6r\u00fcnmeyenle ili\u015fki kurmak, onun \u00f6fkesi <br \/> ya da ondan haber gelmesi oldu\u011funu. <br \/> Ama biliyorum ki <br \/> b\u00fct\u00fcn bu s\u00f6zler <br \/> ay\u0131rabilecekti beni yaln\u0131zl\u0131ktan. <br \/> Ve durmad\u0131m \u00fczerlerinde, ge\u00e7tim <br \/> k\u0131zmadan kendime, yasd\u0131madan kendimi, <br \/> sanki bunlar yaz\u0131lan <br \/> mektuplarm\u0131\u015f gibi ba\u015fkalar\u0131na, <br \/> hem bana benzeyen hem de uzak <br \/> olanlara benden, evet, yitik mektuplar.<\/p>\n<p>Kara Ada \u015eiirleri \/ \u00c7ev: Said Maden<br \/> Bilim\/ Felsefe \/ Sanat yay\u0131nlar\u0131 \/1985<\/p>\n","protected":false},"excerpt":{"rendered":"<p>\u00a0 Benim i\u00e7in yazd\u0131klar\u0131 ne varsa g\u00f6rmez gibi okuyorum ge\u00e7erken, bana y\u00f6neltilmemi\u015f gibi o hakl\u0131 ya da k\u0131y\u0131c\u0131 s\u00f6zler. Yads\u0131d\u0131\u011f\u0131m falan yok iyi ger\u00e7e\u011fi, k\u00f6t\u00fc ger\u00e7e\u011fi, bana sunmak istedikleri elmay\u0131 ya da alm\u0131\u015f bulundu\u011fum zehirli g\u00fcbreyi. Ba\u015fka \u015feyden s\u00f6z ediyorum. Tenimden, sa\u00e7lar\u0131mdan, di\u015flerimden, yand\u0131\u011f\u0131m \u015feyden mutsuz saatlerde: g\u00f6vdemle g\u00f6lgemden s\u00f6z ediyorum. Ni\u00e7in diye sordum kendime, [&hellip;]<\/p>\n","protected":false},"author":1,"featured_media":0,"comment_status":"open","ping_status":"open","sticky":false,"template":"","format":"standard","meta":{"footnotes":""},"categories":[175],"tags":[],"class_list":{"0":"post-3628","1":"post","2":"type-post","3":"status-publish","4":"format-standard","6":"category-pablo-neruda"},"yoast_head":"<!-- This site is optimized with the Yoast SEO Premium plugin v24.9 (Yoast SEO v24.9) - https:\/\/yoast.com\/wordpress\/plugins\/seo\/ -->\n<title>Y\u0130T\u0130K MEKTUPLAR - narteks.net<\/title>\n<meta name=\"robots\" content=\"index, follow, max-snippet:-1, max-image-preview:large, max-video-preview:-1\" \/>\n<link rel=\"canonical\" href=\"https:\/\/narteks.net\/index.php\/2009\/12\/29\/yitik-mektuplar\/\" \/>\n<meta property=\"og:locale\" content=\"tr_TR\" \/>\n<meta property=\"og:type\" content=\"article\" \/>\n<meta property=\"og:title\" content=\"Y\u0130T\u0130K MEKTUPLAR\" \/>\n<meta property=\"og:description\" content=\"\u00a0 Benim i\u00e7in yazd\u0131klar\u0131 ne varsa g\u00f6rmez gibi okuyorum ge\u00e7erken, bana y\u00f6neltilmemi\u015f gibi o hakl\u0131 ya da k\u0131y\u0131c\u0131 s\u00f6zler. Yads\u0131d\u0131\u011f\u0131m falan yok iyi ger\u00e7e\u011fi, k\u00f6t\u00fc ger\u00e7e\u011fi, bana sunmak istedikleri elmay\u0131 ya da alm\u0131\u015f bulundu\u011fum zehirli g\u00fcbreyi. Ba\u015fka \u015feyden s\u00f6z ediyorum. Tenimden, sa\u00e7lar\u0131mdan, di\u015flerimden, yand\u0131\u011f\u0131m \u015feyden mutsuz saatlerde: g\u00f6vdemle g\u00f6lgemden s\u00f6z ediyorum. Ni\u00e7in diye sordum kendime, [&hellip;]\" \/>\n<meta property=\"og:url\" content=\"https:\/\/narteks.net\/index.php\/2009\/12\/29\/yitik-mektuplar\/\" \/>\n<meta property=\"og:site_name\" content=\"narteks.net\" \/>\n<meta property=\"article:published_time\" content=\"2009-12-29T15:15:03+00:00\" \/>\n<meta property=\"og:image\" content=\"https:\/\/narteks.net\/wp-content\/uploads\/narteks.png\" \/>\n\t<meta property=\"og:image:width\" content=\"300\" \/>\n\t<meta property=\"og:image:height\" content=\"90\" \/>\n\t<meta property=\"og:image:type\" content=\"image\/png\" \/>\n<meta name=\"author\" content=\"Tar\u0131k\" \/>\n<meta name=\"twitter:card\" content=\"summary_large_image\" \/>\n<meta name=\"twitter:creator\" content=\"@narteks\" \/>\n<meta name=\"twitter:site\" content=\"@narteks\" \/>\n<meta name=\"twitter:label1\" content=\"Yazan:\" \/>\n\t<meta name=\"twitter:data1\" content=\"Tar\u0131k\" \/>\n\t<meta name=\"twitter:label2\" content=\"Tahmini okuma s\u00fcresi\" \/>\n\t<meta name=\"twitter:data2\" content=\"2 dakika\" \/>\n<script type=\"application\/ld+json\" class=\"yoast-schema-graph\">{\"@context\":\"https:\/\/schema.org\",\"@graph\":[{\"@type\":\"Article\",\"@id\":\"https:\/\/narteks.net\/index.php\/2009\/12\/29\/yitik-mektuplar\/#article\",\"isPartOf\":{\"@id\":\"https:\/\/narteks.net\/index.php\/2009\/12\/29\/yitik-mektuplar\/\"},\"author\":{\"name\":\"Tar\u0131k\",\"@id\":\"https:\/\/narteks.net\/#\/schema\/person\/61f37d9834294b72d31d274e7ed79bca\"},\"headline\":\"Y\u0130T\u0130K MEKTUPLAR\",\"datePublished\":\"2009-12-29T15:15:03+00:00\",\"mainEntityOfPage\":{\"@id\":\"https:\/\/narteks.net\/index.php\/2009\/12\/29\/yitik-mektuplar\/\"},\"wordCount\":326,\"commentCount\":0,\"publisher\":{\"@id\":\"https:\/\/narteks.net\/#organization\"},\"articleSection\":[\"Pablo NERUDA\"],\"inLanguage\":\"tr\",\"potentialAction\":[{\"@type\":\"CommentAction\",\"name\":\"Comment\",\"target\":[\"https:\/\/narteks.net\/index.php\/2009\/12\/29\/yitik-mektuplar\/#respond\"]}]},{\"@type\":\"WebPage\",\"@id\":\"https:\/\/narteks.net\/index.php\/2009\/12\/29\/yitik-mektuplar\/\",\"url\":\"https:\/\/narteks.net\/index.php\/2009\/12\/29\/yitik-mektuplar\/\",\"name\":\"Y\u0130T\u0130K MEKTUPLAR - narteks.net\",\"isPartOf\":{\"@id\":\"https:\/\/narteks.net\/#website\"},\"datePublished\":\"2009-12-29T15:15:03+00:00\",\"breadcrumb\":{\"@id\":\"https:\/\/narteks.net\/index.php\/2009\/12\/29\/yitik-mektuplar\/#breadcrumb\"},\"inLanguage\":\"tr\",\"potentialAction\":[{\"@type\":\"ReadAction\",\"target\":[\"https:\/\/narteks.net\/index.php\/2009\/12\/29\/yitik-mektuplar\/\"]}]},{\"@type\":\"BreadcrumbList\",\"@id\":\"https:\/\/narteks.net\/index.php\/2009\/12\/29\/yitik-mektuplar\/#breadcrumb\",\"itemListElement\":[{\"@type\":\"ListItem\",\"position\":1,\"name\":\"Anasayfa\",\"item\":\"https:\/\/narteks.net\/\"},{\"@type\":\"ListItem\",\"position\":2,\"name\":\"Y\u0130T\u0130K MEKTUPLAR\"}]},{\"@type\":\"WebSite\",\"@id\":\"https:\/\/narteks.net\/#website\",\"url\":\"https:\/\/narteks.net\/\",\"name\":\"narteks.net\",\"description\":\"K\u00fclt\u00fcr Sanat Edebiyat Felsefe\",\"publisher\":{\"@id\":\"https:\/\/narteks.net\/#organization\"},\"alternateName\":\"K\u00fclt\u00fcr Sanat Edebiyat Felsefe\",\"potentialAction\":[{\"@type\":\"SearchAction\",\"target\":{\"@type\":\"EntryPoint\",\"urlTemplate\":\"https:\/\/narteks.net\/?s={search_term_string}\"},\"query-input\":{\"@type\":\"PropertyValueSpecification\",\"valueRequired\":true,\"valueName\":\"search_term_string\"}}],\"inLanguage\":\"tr\"},{\"@type\":\"Organization\",\"@id\":\"https:\/\/narteks.net\/#organization\",\"name\":\"narteks.net\",\"url\":\"https:\/\/narteks.net\/\",\"logo\":{\"@type\":\"ImageObject\",\"inLanguage\":\"tr\",\"@id\":\"https:\/\/narteks.net\/#\/schema\/logo\/image\/\",\"url\":\"https:\/\/narteks.net\/wp-content\/uploads\/narteks.png\",\"contentUrl\":\"https:\/\/narteks.net\/wp-content\/uploads\/narteks.png\",\"width\":300,\"height\":90,\"caption\":\"narteks.net\"},\"image\":{\"@id\":\"https:\/\/narteks.net\/#\/schema\/logo\/image\/\"},\"sameAs\":[\"https:\/\/x.com\/narteks\",\"https:\/\/instagram.com\/narteksnet\"]},{\"@type\":\"Person\",\"@id\":\"https:\/\/narteks.net\/#\/schema\/person\/61f37d9834294b72d31d274e7ed79bca\",\"name\":\"Tar\u0131k\",\"image\":{\"@type\":\"ImageObject\",\"inLanguage\":\"tr\",\"@id\":\"https:\/\/narteks.net\/#\/schema\/person\/image\/\",\"url\":\"https:\/\/secure.gravatar.com\/avatar\/50865afb55632c4ae467e0af0930f6510aa2297d8014be502a55b14f3b7550cf?s=96&d=mm&r=g\",\"contentUrl\":\"https:\/\/secure.gravatar.com\/avatar\/50865afb55632c4ae467e0af0930f6510aa2297d8014be502a55b14f3b7550cf?s=96&d=mm&r=g\",\"caption\":\"Tar\u0131k\"},\"sameAs\":[\"http:\/\/narteks.net\"],\"url\":\"https:\/\/narteks.net\/index.php\/author\/narbak\/\"}]}<\/script>\n<!-- \/ Yoast SEO Premium plugin. -->","yoast_head_json":{"title":"Y\u0130T\u0130K MEKTUPLAR - narteks.net","robots":{"index":"index","follow":"follow","max-snippet":"max-snippet:-1","max-image-preview":"max-image-preview:large","max-video-preview":"max-video-preview:-1"},"canonical":"https:\/\/narteks.net\/index.php\/2009\/12\/29\/yitik-mektuplar\/","og_locale":"tr_TR","og_type":"article","og_title":"Y\u0130T\u0130K MEKTUPLAR","og_description":"\u00a0 Benim i\u00e7in yazd\u0131klar\u0131 ne varsa g\u00f6rmez gibi okuyorum ge\u00e7erken, bana y\u00f6neltilmemi\u015f gibi o hakl\u0131 ya da k\u0131y\u0131c\u0131 s\u00f6zler. Yads\u0131d\u0131\u011f\u0131m falan yok iyi ger\u00e7e\u011fi, k\u00f6t\u00fc ger\u00e7e\u011fi, bana sunmak istedikleri elmay\u0131 ya da alm\u0131\u015f bulundu\u011fum zehirli g\u00fcbreyi. Ba\u015fka \u015feyden s\u00f6z ediyorum. Tenimden, sa\u00e7lar\u0131mdan, di\u015flerimden, yand\u0131\u011f\u0131m \u015feyden mutsuz saatlerde: g\u00f6vdemle g\u00f6lgemden s\u00f6z ediyorum. Ni\u00e7in diye sordum kendime, [&hellip;]","og_url":"https:\/\/narteks.net\/index.php\/2009\/12\/29\/yitik-mektuplar\/","og_site_name":"narteks.net","article_published_time":"2009-12-29T15:15:03+00:00","og_image":[{"width":300,"height":90,"url":"https:\/\/narteks.net\/wp-content\/uploads\/narteks.png","type":"image\/png"}],"author":"Tar\u0131k","twitter_card":"summary_large_image","twitter_creator":"@narteks","twitter_site":"@narteks","twitter_misc":{"Yazan:":"Tar\u0131k","Tahmini okuma s\u00fcresi":"2 dakika"},"schema":{"@context":"https:\/\/schema.org","@graph":[{"@type":"Article","@id":"https:\/\/narteks.net\/index.php\/2009\/12\/29\/yitik-mektuplar\/#article","isPartOf":{"@id":"https:\/\/narteks.net\/index.php\/2009\/12\/29\/yitik-mektuplar\/"},"author":{"name":"Tar\u0131k","@id":"https:\/\/narteks.net\/#\/schema\/person\/61f37d9834294b72d31d274e7ed79bca"},"headline":"Y\u0130T\u0130K MEKTUPLAR","datePublished":"2009-12-29T15:15:03+00:00","mainEntityOfPage":{"@id":"https:\/\/narteks.net\/index.php\/2009\/12\/29\/yitik-mektuplar\/"},"wordCount":326,"commentCount":0,"publisher":{"@id":"https:\/\/narteks.net\/#organization"},"articleSection":["Pablo NERUDA"],"inLanguage":"tr","potentialAction":[{"@type":"CommentAction","name":"Comment","target":["https:\/\/narteks.net\/index.php\/2009\/12\/29\/yitik-mektuplar\/#respond"]}]},{"@type":"WebPage","@id":"https:\/\/narteks.net\/index.php\/2009\/12\/29\/yitik-mektuplar\/","url":"https:\/\/narteks.net\/index.php\/2009\/12\/29\/yitik-mektuplar\/","name":"Y\u0130T\u0130K MEKTUPLAR - narteks.net","isPartOf":{"@id":"https:\/\/narteks.net\/#website"},"datePublished":"2009-12-29T15:15:03+00:00","breadcrumb":{"@id":"https:\/\/narteks.net\/index.php\/2009\/12\/29\/yitik-mektuplar\/#breadcrumb"},"inLanguage":"tr","potentialAction":[{"@type":"ReadAction","target":["https:\/\/narteks.net\/index.php\/2009\/12\/29\/yitik-mektuplar\/"]}]},{"@type":"BreadcrumbList","@id":"https:\/\/narteks.net\/index.php\/2009\/12\/29\/yitik-mektuplar\/#breadcrumb","itemListElement":[{"@type":"ListItem","position":1,"name":"Anasayfa","item":"https:\/\/narteks.net\/"},{"@type":"ListItem","position":2,"name":"Y\u0130T\u0130K MEKTUPLAR"}]},{"@type":"WebSite","@id":"https:\/\/narteks.net\/#website","url":"https:\/\/narteks.net\/","name":"narteks.net","description":"K\u00fclt\u00fcr Sanat Edebiyat Felsefe","publisher":{"@id":"https:\/\/narteks.net\/#organization"},"alternateName":"K\u00fclt\u00fcr Sanat Edebiyat Felsefe","potentialAction":[{"@type":"SearchAction","target":{"@type":"EntryPoint","urlTemplate":"https:\/\/narteks.net\/?s={search_term_string}"},"query-input":{"@type":"PropertyValueSpecification","valueRequired":true,"valueName":"search_term_string"}}],"inLanguage":"tr"},{"@type":"Organization","@id":"https:\/\/narteks.net\/#organization","name":"narteks.net","url":"https:\/\/narteks.net\/","logo":{"@type":"ImageObject","inLanguage":"tr","@id":"https:\/\/narteks.net\/#\/schema\/logo\/image\/","url":"https:\/\/narteks.net\/wp-content\/uploads\/narteks.png","contentUrl":"https:\/\/narteks.net\/wp-content\/uploads\/narteks.png","width":300,"height":90,"caption":"narteks.net"},"image":{"@id":"https:\/\/narteks.net\/#\/schema\/logo\/image\/"},"sameAs":["https:\/\/x.com\/narteks","https:\/\/instagram.com\/narteksnet"]},{"@type":"Person","@id":"https:\/\/narteks.net\/#\/schema\/person\/61f37d9834294b72d31d274e7ed79bca","name":"Tar\u0131k","image":{"@type":"ImageObject","inLanguage":"tr","@id":"https:\/\/narteks.net\/#\/schema\/person\/image\/","url":"https:\/\/secure.gravatar.com\/avatar\/50865afb55632c4ae467e0af0930f6510aa2297d8014be502a55b14f3b7550cf?s=96&d=mm&r=g","contentUrl":"https:\/\/secure.gravatar.com\/avatar\/50865afb55632c4ae467e0af0930f6510aa2297d8014be502a55b14f3b7550cf?s=96&d=mm&r=g","caption":"Tar\u0131k"},"sameAs":["http:\/\/narteks.net"],"url":"https:\/\/narteks.net\/index.php\/author\/narbak\/"}]}},"_links":{"self":[{"href":"https:\/\/narteks.net\/index.php\/wp-json\/wp\/v2\/posts\/3628","targetHints":{"allow":["GET"]}}],"collection":[{"href":"https:\/\/narteks.net\/index.php\/wp-json\/wp\/v2\/posts"}],"about":[{"href":"https:\/\/narteks.net\/index.php\/wp-json\/wp\/v2\/types\/post"}],"author":[{"embeddable":true,"href":"https:\/\/narteks.net\/index.php\/wp-json\/wp\/v2\/users\/1"}],"replies":[{"embeddable":true,"href":"https:\/\/narteks.net\/index.php\/wp-json\/wp\/v2\/comments?post=3628"}],"version-history":[{"count":0,"href":"https:\/\/narteks.net\/index.php\/wp-json\/wp\/v2\/posts\/3628\/revisions"}],"wp:attachment":[{"href":"https:\/\/narteks.net\/index.php\/wp-json\/wp\/v2\/media?parent=3628"}],"wp:term":[{"taxonomy":"category","embeddable":true,"href":"https:\/\/narteks.net\/index.php\/wp-json\/wp\/v2\/categories?post=3628"},{"taxonomy":"post_tag","embeddable":true,"href":"https:\/\/narteks.net\/index.php\/wp-json\/wp\/v2\/tags?post=3628"}],"curies":[{"name":"wp","href":"https:\/\/api.w.org\/{rel}","templated":true}]}}