{"id":3629,"date":"2009-12-29T18:16:01","date_gmt":"2009-12-29T15:16:01","guid":{"rendered":"http:\/\/localhost\/wordpress\/2009\/12\/29\/haksizlik\/"},"modified":"2009-12-29T18:16:01","modified_gmt":"2009-12-29T15:16:01","slug":"haksizlik","status":"publish","type":"post","link":"https:\/\/narteks.net\/index.php\/2009\/12\/29\/haksizlik\/","title":{"rendered":"HAKSIZLIK"},"content":{"rendered":"<p>\u00a0<\/p>\n<p>Benim kim oldu\u011fumu bilen senin kim oldu\u011funu da bilecek, <br \/> nas\u0131l\u0131 da, nerdeyi de. <br \/> Ans\u0131z\u0131n dokundum b\u00fct\u00fcn haks\u0131zl\u0131\u011fa. <br \/> A\u00e7l\u0131k yaln\u0131zca a\u00e7l\u0131k de\u011fildi, <br \/> \u00f6l\u00e7\u00fcs\u00fcyd\u00fc insan\u0131n. <br \/> So\u011fuk da, r\u00fczg\u00e2r da \u00f6l\u00e7\u00fcyd\u00fc. <br \/> Ayaktaki insan ac\u0131kt\u0131 y\u00fcz kez ve yere devrildi. <\/p>\n<p>Y\u00fcz so\u011fuk \u00e7a\u011f\u0131nda g\u00f6md\u00fcler Pedro&#8217;yu. <br \/> Zavall\u0131 ev bir r\u00fczg\u00e2r\u0131n uzay\u0131\u015f\u0131nca dayand\u0131. <br \/> Santimetre ve gram ne, az sonra anlad\u0131m,<br \/> ka\u015f\u0131k ve yer \u00f6l\u00e7\u00fcyordu a\u00e7g\u00f6zl\u00fcl\u00fc\u011f\u00fc, <br \/> ve bir deli\u011fe devriliyordu k\u0131st\u0131r\u0131lm\u0131\u015f insan <br \/> ans\u0131z\u0131n, ve orada art\u0131k bilmiyordu hi\u00e7bir \u015feyi. <br \/> Hi\u00e7bir \u015feyi, ama oras\u0131yd\u0131 i\u015fte as\u0131l yer, <br \/> prens\u00e7e l\u00fbtuf, arma\u011fan, ayd\u0131nl\u0131k, ya\u015fam, <br \/> so\u011fuktan, a\u00e7l\u0131ktan ac\u0131 \u00e7ekmek demekti buysa, <br \/> kunduras\u0131z olmak ve titremek <br \/> yarg\u0131\u00e7\u0131n \u00f6n\u00fcnde, ba\u015fkas\u0131n\u0131n \u00f6n\u00fcnde, <br \/> k\u0131l\u0131\u00e7l\u0131 ya da m\u00fcrekkep hokkal\u0131 bir ba\u015fkas\u0131n\u0131n <br \/> ve b\u00f6ylece, itile kak\u0131la, oyup keserek, <br \/> diki\u015f dikip ekmek pi\u015firerek, bu\u011fday ekerek, <br \/> \u00e7eki\u00e7leyerek tahta isteyen her \u00e7iviyi <br \/> bir barsa\u011fa g\u00f6m\u00fcl\u00fcr gibi yere g\u00f6m\u00fcl\u00fcp <br \/> \u00e7\u0131karmak \u00fczere, el yordam\u0131yla, \u00e7\u0131t\u0131rdayan k\u00f6m\u00fcr\u00fc <br \/> ve, dahas\u0131, en ba\u015f\u0131na var\u0131p \u0131rmaklar\u0131n, s\u0131rada\u011flar\u0131n, <br \/> at s\u0131rt\u0131nda ko\u015fturup, tekneler ge\u00e7irip sudan, <br \/> tu\u011flay\u0131 pi\u015firir, cam\u0131 \u00fcfler, \u00e7ama\u015f\u0131r\u0131 y\u0131karken <br \/> \u00f6yle i\u015flerdi ki b\u00fct\u00fcn bunlar <br \/> yeni kurulmu\u015f bir \u00fclke dense yeriydi <br \/> salk\u0131m\u0131nda parlayan \u00fcz\u00fcm tanesi gibi, <br \/> insan mutlu olmaya karar verdi\u011fi zaman, <br \/> ama ger\u00e7ek de\u011fildi bu. Sonunda, buldum <br \/> mutsuzlu\u011fun yasas\u0131n\u0131, <br \/> o kanl\u0131, alt\u0131n taht\u0131, <br \/> \u00e7\u00f6p\u00e7atan \u00f6zg\u00fcrl\u00fc\u011f\u00fc, <br \/> s\u0131\u011f\u0131naks\u0131z yurdu, <br \/> yaral\u0131 ve yorgun y\u00fcre\u011fi, <br \/> g\u00f6zya\u015flar\u0131 akmayan \u00f6l\u00fclerin yak\u0131nma u\u011fultusunu, <br \/> kuru, d\u00fc\u015fen ta\u015flara benzeyen \u00f6l\u00fclerin. <br \/> \u0130\u015fte o zaman kurtuldum \u00e7ocuk olmaktan, <br \/> anlam\u0131\u015ft\u0131m ki halk\u0131ma verilmiyordu <br \/> ya\u015fama izni, <br \/> \u00e7ok g\u00f6r\u00fcl\u00fcyordu mezar bile. <br \/> <strong><br \/> <\/strong><\/p>\n<p>Kara Ada \u015eiirleri \/ \u00c7ev: Said Maden<\/p>\n","protected":false},"excerpt":{"rendered":"<p>\u00a0 Benim kim oldu\u011fumu bilen senin kim oldu\u011funu da bilecek, nas\u0131l\u0131 da, nerdeyi de. Ans\u0131z\u0131n dokundum b\u00fct\u00fcn haks\u0131zl\u0131\u011fa. A\u00e7l\u0131k yaln\u0131zca a\u00e7l\u0131k de\u011fildi, \u00f6l\u00e7\u00fcs\u00fcyd\u00fc insan\u0131n. So\u011fuk da, r\u00fczg\u00e2r da \u00f6l\u00e7\u00fcyd\u00fc. Ayaktaki insan ac\u0131kt\u0131 y\u00fcz kez ve yere devrildi. Y\u00fcz so\u011fuk \u00e7a\u011f\u0131nda g\u00f6md\u00fcler Pedro&#8217;yu. Zavall\u0131 ev bir r\u00fczg\u00e2r\u0131n uzay\u0131\u015f\u0131nca dayand\u0131. Santimetre ve gram ne, az sonra anlad\u0131m, [&hellip;]<\/p>\n","protected":false},"author":1,"featured_media":0,"comment_status":"open","ping_status":"open","sticky":false,"template":"","format":"standard","meta":{"footnotes":""},"categories":[175],"tags":[],"class_list":{"0":"post-3629","1":"post","2":"type-post","3":"status-publish","4":"format-standard","6":"category-pablo-neruda"},"yoast_head":"<!-- This site is optimized with the Yoast SEO Premium plugin v24.9 (Yoast SEO v24.9) - https:\/\/yoast.com\/wordpress\/plugins\/seo\/ -->\n<title>HAKSIZLIK - narteks.net<\/title>\n<meta name=\"robots\" content=\"index, follow, max-snippet:-1, max-image-preview:large, max-video-preview:-1\" \/>\n<link rel=\"canonical\" href=\"https:\/\/narteks.net\/index.php\/2009\/12\/29\/haksizlik\/\" \/>\n<meta property=\"og:locale\" content=\"tr_TR\" \/>\n<meta property=\"og:type\" content=\"article\" \/>\n<meta property=\"og:title\" content=\"HAKSIZLIK\" \/>\n<meta property=\"og:description\" content=\"\u00a0 Benim kim oldu\u011fumu bilen senin kim oldu\u011funu da bilecek, nas\u0131l\u0131 da, nerdeyi de. Ans\u0131z\u0131n dokundum b\u00fct\u00fcn haks\u0131zl\u0131\u011fa. A\u00e7l\u0131k yaln\u0131zca a\u00e7l\u0131k de\u011fildi, \u00f6l\u00e7\u00fcs\u00fcyd\u00fc insan\u0131n. So\u011fuk da, r\u00fczg\u00e2r da \u00f6l\u00e7\u00fcyd\u00fc. Ayaktaki insan ac\u0131kt\u0131 y\u00fcz kez ve yere devrildi. Y\u00fcz so\u011fuk \u00e7a\u011f\u0131nda g\u00f6md\u00fcler Pedro&#8217;yu. Zavall\u0131 ev bir r\u00fczg\u00e2r\u0131n uzay\u0131\u015f\u0131nca dayand\u0131. Santimetre ve gram ne, az sonra anlad\u0131m, [&hellip;]\" \/>\n<meta property=\"og:url\" content=\"https:\/\/narteks.net\/index.php\/2009\/12\/29\/haksizlik\/\" \/>\n<meta property=\"og:site_name\" content=\"narteks.net\" \/>\n<meta property=\"article:published_time\" content=\"2009-12-29T15:16:01+00:00\" \/>\n<meta property=\"og:image\" content=\"https:\/\/narteks.net\/wp-content\/uploads\/narteks.png\" \/>\n\t<meta property=\"og:image:width\" content=\"300\" \/>\n\t<meta property=\"og:image:height\" content=\"90\" \/>\n\t<meta property=\"og:image:type\" content=\"image\/png\" \/>\n<meta name=\"author\" content=\"Tar\u0131k\" \/>\n<meta name=\"twitter:card\" content=\"summary_large_image\" \/>\n<meta name=\"twitter:creator\" content=\"@narteks\" \/>\n<meta name=\"twitter:site\" content=\"@narteks\" \/>\n<meta name=\"twitter:label1\" content=\"Yazan:\" \/>\n\t<meta name=\"twitter:data1\" content=\"Tar\u0131k\" \/>\n\t<meta name=\"twitter:label2\" content=\"Tahmini okuma s\u00fcresi\" \/>\n\t<meta name=\"twitter:data2\" content=\"2 dakika\" \/>\n<script type=\"application\/ld+json\" class=\"yoast-schema-graph\">{\"@context\":\"https:\/\/schema.org\",\"@graph\":[{\"@type\":\"Article\",\"@id\":\"https:\/\/narteks.net\/index.php\/2009\/12\/29\/haksizlik\/#article\",\"isPartOf\":{\"@id\":\"https:\/\/narteks.net\/index.php\/2009\/12\/29\/haksizlik\/\"},\"author\":{\"name\":\"Tar\u0131k\",\"@id\":\"https:\/\/narteks.net\/#\/schema\/person\/61f37d9834294b72d31d274e7ed79bca\"},\"headline\":\"HAKSIZLIK\",\"datePublished\":\"2009-12-29T15:16:01+00:00\",\"mainEntityOfPage\":{\"@id\":\"https:\/\/narteks.net\/index.php\/2009\/12\/29\/haksizlik\/\"},\"wordCount\":364,\"commentCount\":0,\"publisher\":{\"@id\":\"https:\/\/narteks.net\/#organization\"},\"articleSection\":[\"Pablo NERUDA\"],\"inLanguage\":\"tr\",\"potentialAction\":[{\"@type\":\"CommentAction\",\"name\":\"Comment\",\"target\":[\"https:\/\/narteks.net\/index.php\/2009\/12\/29\/haksizlik\/#respond\"]}]},{\"@type\":\"WebPage\",\"@id\":\"https:\/\/narteks.net\/index.php\/2009\/12\/29\/haksizlik\/\",\"url\":\"https:\/\/narteks.net\/index.php\/2009\/12\/29\/haksizlik\/\",\"name\":\"HAKSIZLIK - narteks.net\",\"isPartOf\":{\"@id\":\"https:\/\/narteks.net\/#website\"},\"datePublished\":\"2009-12-29T15:16:01+00:00\",\"breadcrumb\":{\"@id\":\"https:\/\/narteks.net\/index.php\/2009\/12\/29\/haksizlik\/#breadcrumb\"},\"inLanguage\":\"tr\",\"potentialAction\":[{\"@type\":\"ReadAction\",\"target\":[\"https:\/\/narteks.net\/index.php\/2009\/12\/29\/haksizlik\/\"]}]},{\"@type\":\"BreadcrumbList\",\"@id\":\"https:\/\/narteks.net\/index.php\/2009\/12\/29\/haksizlik\/#breadcrumb\",\"itemListElement\":[{\"@type\":\"ListItem\",\"position\":1,\"name\":\"Anasayfa\",\"item\":\"https:\/\/narteks.net\/\"},{\"@type\":\"ListItem\",\"position\":2,\"name\":\"HAKSIZLIK\"}]},{\"@type\":\"WebSite\",\"@id\":\"https:\/\/narteks.net\/#website\",\"url\":\"https:\/\/narteks.net\/\",\"name\":\"narteks.net\",\"description\":\"K\u00fclt\u00fcr Sanat Edebiyat Felsefe\",\"publisher\":{\"@id\":\"https:\/\/narteks.net\/#organization\"},\"alternateName\":\"K\u00fclt\u00fcr Sanat Edebiyat Felsefe\",\"potentialAction\":[{\"@type\":\"SearchAction\",\"target\":{\"@type\":\"EntryPoint\",\"urlTemplate\":\"https:\/\/narteks.net\/?s={search_term_string}\"},\"query-input\":{\"@type\":\"PropertyValueSpecification\",\"valueRequired\":true,\"valueName\":\"search_term_string\"}}],\"inLanguage\":\"tr\"},{\"@type\":\"Organization\",\"@id\":\"https:\/\/narteks.net\/#organization\",\"name\":\"narteks.net\",\"url\":\"https:\/\/narteks.net\/\",\"logo\":{\"@type\":\"ImageObject\",\"inLanguage\":\"tr\",\"@id\":\"https:\/\/narteks.net\/#\/schema\/logo\/image\/\",\"url\":\"https:\/\/narteks.net\/wp-content\/uploads\/narteks.png\",\"contentUrl\":\"https:\/\/narteks.net\/wp-content\/uploads\/narteks.png\",\"width\":300,\"height\":90,\"caption\":\"narteks.net\"},\"image\":{\"@id\":\"https:\/\/narteks.net\/#\/schema\/logo\/image\/\"},\"sameAs\":[\"https:\/\/x.com\/narteks\",\"https:\/\/instagram.com\/narteksnet\"]},{\"@type\":\"Person\",\"@id\":\"https:\/\/narteks.net\/#\/schema\/person\/61f37d9834294b72d31d274e7ed79bca\",\"name\":\"Tar\u0131k\",\"image\":{\"@type\":\"ImageObject\",\"inLanguage\":\"tr\",\"@id\":\"https:\/\/narteks.net\/#\/schema\/person\/image\/\",\"url\":\"https:\/\/secure.gravatar.com\/avatar\/50865afb55632c4ae467e0af0930f6510aa2297d8014be502a55b14f3b7550cf?s=96&d=mm&r=g\",\"contentUrl\":\"https:\/\/secure.gravatar.com\/avatar\/50865afb55632c4ae467e0af0930f6510aa2297d8014be502a55b14f3b7550cf?s=96&d=mm&r=g\",\"caption\":\"Tar\u0131k\"},\"sameAs\":[\"http:\/\/narteks.net\"],\"url\":\"https:\/\/narteks.net\/index.php\/author\/narbak\/\"}]}<\/script>\n<!-- \/ Yoast SEO Premium plugin. -->","yoast_head_json":{"title":"HAKSIZLIK - narteks.net","robots":{"index":"index","follow":"follow","max-snippet":"max-snippet:-1","max-image-preview":"max-image-preview:large","max-video-preview":"max-video-preview:-1"},"canonical":"https:\/\/narteks.net\/index.php\/2009\/12\/29\/haksizlik\/","og_locale":"tr_TR","og_type":"article","og_title":"HAKSIZLIK","og_description":"\u00a0 Benim kim oldu\u011fumu bilen senin kim oldu\u011funu da bilecek, nas\u0131l\u0131 da, nerdeyi de. Ans\u0131z\u0131n dokundum b\u00fct\u00fcn haks\u0131zl\u0131\u011fa. A\u00e7l\u0131k yaln\u0131zca a\u00e7l\u0131k de\u011fildi, \u00f6l\u00e7\u00fcs\u00fcyd\u00fc insan\u0131n. So\u011fuk da, r\u00fczg\u00e2r da \u00f6l\u00e7\u00fcyd\u00fc. Ayaktaki insan ac\u0131kt\u0131 y\u00fcz kez ve yere devrildi. Y\u00fcz so\u011fuk \u00e7a\u011f\u0131nda g\u00f6md\u00fcler Pedro&#8217;yu. Zavall\u0131 ev bir r\u00fczg\u00e2r\u0131n uzay\u0131\u015f\u0131nca dayand\u0131. Santimetre ve gram ne, az sonra anlad\u0131m, [&hellip;]","og_url":"https:\/\/narteks.net\/index.php\/2009\/12\/29\/haksizlik\/","og_site_name":"narteks.net","article_published_time":"2009-12-29T15:16:01+00:00","og_image":[{"width":300,"height":90,"url":"https:\/\/narteks.net\/wp-content\/uploads\/narteks.png","type":"image\/png"}],"author":"Tar\u0131k","twitter_card":"summary_large_image","twitter_creator":"@narteks","twitter_site":"@narteks","twitter_misc":{"Yazan:":"Tar\u0131k","Tahmini okuma s\u00fcresi":"2 dakika"},"schema":{"@context":"https:\/\/schema.org","@graph":[{"@type":"Article","@id":"https:\/\/narteks.net\/index.php\/2009\/12\/29\/haksizlik\/#article","isPartOf":{"@id":"https:\/\/narteks.net\/index.php\/2009\/12\/29\/haksizlik\/"},"author":{"name":"Tar\u0131k","@id":"https:\/\/narteks.net\/#\/schema\/person\/61f37d9834294b72d31d274e7ed79bca"},"headline":"HAKSIZLIK","datePublished":"2009-12-29T15:16:01+00:00","mainEntityOfPage":{"@id":"https:\/\/narteks.net\/index.php\/2009\/12\/29\/haksizlik\/"},"wordCount":364,"commentCount":0,"publisher":{"@id":"https:\/\/narteks.net\/#organization"},"articleSection":["Pablo NERUDA"],"inLanguage":"tr","potentialAction":[{"@type":"CommentAction","name":"Comment","target":["https:\/\/narteks.net\/index.php\/2009\/12\/29\/haksizlik\/#respond"]}]},{"@type":"WebPage","@id":"https:\/\/narteks.net\/index.php\/2009\/12\/29\/haksizlik\/","url":"https:\/\/narteks.net\/index.php\/2009\/12\/29\/haksizlik\/","name":"HAKSIZLIK - narteks.net","isPartOf":{"@id":"https:\/\/narteks.net\/#website"},"datePublished":"2009-12-29T15:16:01+00:00","breadcrumb":{"@id":"https:\/\/narteks.net\/index.php\/2009\/12\/29\/haksizlik\/#breadcrumb"},"inLanguage":"tr","potentialAction":[{"@type":"ReadAction","target":["https:\/\/narteks.net\/index.php\/2009\/12\/29\/haksizlik\/"]}]},{"@type":"BreadcrumbList","@id":"https:\/\/narteks.net\/index.php\/2009\/12\/29\/haksizlik\/#breadcrumb","itemListElement":[{"@type":"ListItem","position":1,"name":"Anasayfa","item":"https:\/\/narteks.net\/"},{"@type":"ListItem","position":2,"name":"HAKSIZLIK"}]},{"@type":"WebSite","@id":"https:\/\/narteks.net\/#website","url":"https:\/\/narteks.net\/","name":"narteks.net","description":"K\u00fclt\u00fcr Sanat Edebiyat Felsefe","publisher":{"@id":"https:\/\/narteks.net\/#organization"},"alternateName":"K\u00fclt\u00fcr Sanat Edebiyat Felsefe","potentialAction":[{"@type":"SearchAction","target":{"@type":"EntryPoint","urlTemplate":"https:\/\/narteks.net\/?s={search_term_string}"},"query-input":{"@type":"PropertyValueSpecification","valueRequired":true,"valueName":"search_term_string"}}],"inLanguage":"tr"},{"@type":"Organization","@id":"https:\/\/narteks.net\/#organization","name":"narteks.net","url":"https:\/\/narteks.net\/","logo":{"@type":"ImageObject","inLanguage":"tr","@id":"https:\/\/narteks.net\/#\/schema\/logo\/image\/","url":"https:\/\/narteks.net\/wp-content\/uploads\/narteks.png","contentUrl":"https:\/\/narteks.net\/wp-content\/uploads\/narteks.png","width":300,"height":90,"caption":"narteks.net"},"image":{"@id":"https:\/\/narteks.net\/#\/schema\/logo\/image\/"},"sameAs":["https:\/\/x.com\/narteks","https:\/\/instagram.com\/narteksnet"]},{"@type":"Person","@id":"https:\/\/narteks.net\/#\/schema\/person\/61f37d9834294b72d31d274e7ed79bca","name":"Tar\u0131k","image":{"@type":"ImageObject","inLanguage":"tr","@id":"https:\/\/narteks.net\/#\/schema\/person\/image\/","url":"https:\/\/secure.gravatar.com\/avatar\/50865afb55632c4ae467e0af0930f6510aa2297d8014be502a55b14f3b7550cf?s=96&d=mm&r=g","contentUrl":"https:\/\/secure.gravatar.com\/avatar\/50865afb55632c4ae467e0af0930f6510aa2297d8014be502a55b14f3b7550cf?s=96&d=mm&r=g","caption":"Tar\u0131k"},"sameAs":["http:\/\/narteks.net"],"url":"https:\/\/narteks.net\/index.php\/author\/narbak\/"}]}},"_links":{"self":[{"href":"https:\/\/narteks.net\/index.php\/wp-json\/wp\/v2\/posts\/3629","targetHints":{"allow":["GET"]}}],"collection":[{"href":"https:\/\/narteks.net\/index.php\/wp-json\/wp\/v2\/posts"}],"about":[{"href":"https:\/\/narteks.net\/index.php\/wp-json\/wp\/v2\/types\/post"}],"author":[{"embeddable":true,"href":"https:\/\/narteks.net\/index.php\/wp-json\/wp\/v2\/users\/1"}],"replies":[{"embeddable":true,"href":"https:\/\/narteks.net\/index.php\/wp-json\/wp\/v2\/comments?post=3629"}],"version-history":[{"count":0,"href":"https:\/\/narteks.net\/index.php\/wp-json\/wp\/v2\/posts\/3629\/revisions"}],"wp:attachment":[{"href":"https:\/\/narteks.net\/index.php\/wp-json\/wp\/v2\/media?parent=3629"}],"wp:term":[{"taxonomy":"category","embeddable":true,"href":"https:\/\/narteks.net\/index.php\/wp-json\/wp\/v2\/categories?post=3629"},{"taxonomy":"post_tag","embeddable":true,"href":"https:\/\/narteks.net\/index.php\/wp-json\/wp\/v2\/tags?post=3629"}],"curies":[{"name":"wp","href":"https:\/\/api.w.org\/{rel}","templated":true}]}}