{"id":3630,"date":"2009-12-29T18:17:08","date_gmt":"2009-12-29T15:17:08","guid":{"rendered":"http:\/\/localhost\/wordpress\/2009\/12\/29\/yuzustu-kalakalmislar\/"},"modified":"2009-12-29T18:17:08","modified_gmt":"2009-12-29T15:17:08","slug":"yuzustu-kalakalmislar","status":"publish","type":"post","link":"https:\/\/narteks.net\/index.php\/2009\/12\/29\/yuzustu-kalakalmislar\/","title":{"rendered":"Y\u00dcZ\u00dcST\u00dc KALAKALMI\u015eLAR"},"content":{"rendered":"<p>\u00a0<\/p>\n<p>De\u011fil yaln\u0131z deniz, de\u011fil yaln\u0131z k\u0131y\u0131, k\u00f6p\u00fck, <br \/> g\u00fc\u00e7leri boyuna\u011fme nedir bilmeyen ku\u015flar, <br \/> de\u011fil yaln\u0131z \u015furada buradaki kocaman g\u00f6zler, <br \/> de\u011fil yaln\u0131z yasl\u0131 gece ve gezegenleri, <br \/> de\u011fil yaln\u0131z orman ve y\u00fcksek kalabal\u0131\u011f\u0131, <br \/> ac\u0131 da, evet, ac\u0131 da ekme\u011fidir insan\u0131n. <br \/> Ama neden? Ben o zamanlar <br \/> ip gibi inceydim ve daha kara <br \/> bir gece sular\u0131 bal\u0131\u011f\u0131ndan,ve elimde de\u011fildi, <br \/> elimde de\u011fildi dayanmak, d\u00fcnyay\u0131 de\u011fi\u015ftirmek <br \/> isterdim bir yumrukta. <\/p>\n<p>ls\u0131rd\u0131\u011f\u0131m\u0131 sand\u0131m birden en ac\u0131 otu, <br \/> b\u00f6ld\u00fc\u011f\u00fcm\u00fc cinayetle kirlenmi\u015f bir sessizli\u011fi. <br \/> Ama yaln\u0131zl\u0131k i\u00e7inde do\u011far ve \u00f6l\u00fcr her \u015fey, <br \/> ak\u0131l durmadan b\u00fcy\u00fcr ta\u015fk\u0131nl\u0131\u011fa d\u00f6nmek i\u00e7in, <br \/> g\u00fcle ula\u015famadan geni\u015fler ta\u00e7yapra\u011f\u0131, <br \/> yaln\u0131zl\u0131k i\u015fe yaramaz tozudur d\u00fcnyan\u0131n, <br \/> d\u00f6nen tekerlektir insans\u0131z, topraks\u0131z, susuz. <br \/> Ve b\u00f6ylece hayk\u0131rd\u0131m da ben yitik <br \/> ne oldu bu dizginsiz \u00e7\u0131\u011fl\u0131k \u00e7ocuklukta? <br \/> Kim i\u015fitti? Hangi a\u011f\u0131z kar\u015f\u0131l\u0131k verdi? Hangi yolu tuttum? <br \/> Ne kar\u015f\u0131l\u0131k verdi <br \/> duvarlar, ba\u015f\u0131m\u0131 vurdu\u011fumda kendilerine? <br \/> Y\u00fckselip geri gelir zay\u0131f yaln\u0131z\u0131n sesi, <br \/> d\u00f6ner, d\u00f6ner durmadan ac\u0131mas\u0131z tekerle\u011fi fel\u00e2ketlerin. <br \/> O \u00e7\u0131\u011fl\u0131k y\u00fckselip geri geldi. Bilmedi kimse. <br \/> Y\u00fcz\u00fcst\u00fc kalakalm\u0131\u015flar bile.<\/p>\n<p>Kara Ada \u015eiirleri \/ \u00c7ev: Said Maden<\/p>\n","protected":false},"excerpt":{"rendered":"<p>\u00a0 De\u011fil yaln\u0131z deniz, de\u011fil yaln\u0131z k\u0131y\u0131, k\u00f6p\u00fck, g\u00fc\u00e7leri boyuna\u011fme nedir bilmeyen ku\u015flar, de\u011fil yaln\u0131z \u015furada buradaki kocaman g\u00f6zler, de\u011fil yaln\u0131z yasl\u0131 gece ve gezegenleri, de\u011fil yaln\u0131z orman ve y\u00fcksek kalabal\u0131\u011f\u0131, ac\u0131 da, evet, ac\u0131 da ekme\u011fidir insan\u0131n. Ama neden? Ben o zamanlar ip gibi inceydim ve daha kara bir gece sular\u0131 bal\u0131\u011f\u0131ndan,ve elimde de\u011fildi, [&hellip;]<\/p>\n","protected":false},"author":1,"featured_media":0,"comment_status":"open","ping_status":"open","sticky":false,"template":"","format":"standard","meta":{"footnotes":""},"categories":[175],"tags":[],"class_list":{"0":"post-3630","1":"post","2":"type-post","3":"status-publish","4":"format-standard","6":"category-pablo-neruda"},"yoast_head":"<!-- This site is optimized with the Yoast SEO Premium plugin v24.9 (Yoast SEO v24.9) - https:\/\/yoast.com\/wordpress\/plugins\/seo\/ -->\n<title>Y\u00dcZ\u00dcST\u00dc KALAKALMI\u015eLAR - narteks.net<\/title>\n<meta name=\"robots\" content=\"index, follow, max-snippet:-1, max-image-preview:large, max-video-preview:-1\" \/>\n<link rel=\"canonical\" href=\"https:\/\/narteks.net\/index.php\/2009\/12\/29\/yuzustu-kalakalmislar\/\" \/>\n<meta property=\"og:locale\" content=\"tr_TR\" \/>\n<meta property=\"og:type\" content=\"article\" \/>\n<meta property=\"og:title\" content=\"Y\u00dcZ\u00dcST\u00dc KALAKALMI\u015eLAR\" \/>\n<meta property=\"og:description\" content=\"\u00a0 De\u011fil yaln\u0131z deniz, de\u011fil yaln\u0131z k\u0131y\u0131, k\u00f6p\u00fck, g\u00fc\u00e7leri boyuna\u011fme nedir bilmeyen ku\u015flar, de\u011fil yaln\u0131z \u015furada buradaki kocaman g\u00f6zler, de\u011fil yaln\u0131z yasl\u0131 gece ve gezegenleri, de\u011fil yaln\u0131z orman ve y\u00fcksek kalabal\u0131\u011f\u0131, ac\u0131 da, evet, ac\u0131 da ekme\u011fidir insan\u0131n. Ama neden? Ben o zamanlar ip gibi inceydim ve daha kara bir gece sular\u0131 bal\u0131\u011f\u0131ndan,ve elimde de\u011fildi, [&hellip;]\" \/>\n<meta property=\"og:url\" content=\"https:\/\/narteks.net\/index.php\/2009\/12\/29\/yuzustu-kalakalmislar\/\" \/>\n<meta property=\"og:site_name\" content=\"narteks.net\" \/>\n<meta property=\"article:published_time\" content=\"2009-12-29T15:17:08+00:00\" \/>\n<meta property=\"og:image\" content=\"https:\/\/narteks.net\/wp-content\/uploads\/narteks.png\" \/>\n\t<meta property=\"og:image:width\" content=\"300\" \/>\n\t<meta property=\"og:image:height\" content=\"90\" \/>\n\t<meta property=\"og:image:type\" content=\"image\/png\" \/>\n<meta name=\"author\" content=\"Tar\u0131k\" \/>\n<meta name=\"twitter:card\" content=\"summary_large_image\" \/>\n<meta name=\"twitter:creator\" content=\"@narteks\" \/>\n<meta name=\"twitter:site\" content=\"@narteks\" \/>\n<meta name=\"twitter:label1\" content=\"Yazan:\" \/>\n\t<meta name=\"twitter:data1\" content=\"Tar\u0131k\" \/>\n\t<meta name=\"twitter:label2\" content=\"Tahmini okuma s\u00fcresi\" \/>\n\t<meta name=\"twitter:data2\" content=\"1 dakika\" \/>\n<script type=\"application\/ld+json\" class=\"yoast-schema-graph\">{\"@context\":\"https:\/\/schema.org\",\"@graph\":[{\"@type\":\"Article\",\"@id\":\"https:\/\/narteks.net\/index.php\/2009\/12\/29\/yuzustu-kalakalmislar\/#article\",\"isPartOf\":{\"@id\":\"https:\/\/narteks.net\/index.php\/2009\/12\/29\/yuzustu-kalakalmislar\/\"},\"author\":{\"name\":\"Tar\u0131k\",\"@id\":\"https:\/\/narteks.net\/#\/schema\/person\/61f37d9834294b72d31d274e7ed79bca\"},\"headline\":\"Y\u00dcZ\u00dcST\u00dc KALAKALMI\u015eLAR\",\"datePublished\":\"2009-12-29T15:17:08+00:00\",\"mainEntityOfPage\":{\"@id\":\"https:\/\/narteks.net\/index.php\/2009\/12\/29\/yuzustu-kalakalmislar\/\"},\"wordCount\":247,\"commentCount\":0,\"publisher\":{\"@id\":\"https:\/\/narteks.net\/#organization\"},\"articleSection\":[\"Pablo NERUDA\"],\"inLanguage\":\"tr\",\"potentialAction\":[{\"@type\":\"CommentAction\",\"name\":\"Comment\",\"target\":[\"https:\/\/narteks.net\/index.php\/2009\/12\/29\/yuzustu-kalakalmislar\/#respond\"]}]},{\"@type\":\"WebPage\",\"@id\":\"https:\/\/narteks.net\/index.php\/2009\/12\/29\/yuzustu-kalakalmislar\/\",\"url\":\"https:\/\/narteks.net\/index.php\/2009\/12\/29\/yuzustu-kalakalmislar\/\",\"name\":\"Y\u00dcZ\u00dcST\u00dc KALAKALMI\u015eLAR - narteks.net\",\"isPartOf\":{\"@id\":\"https:\/\/narteks.net\/#website\"},\"datePublished\":\"2009-12-29T15:17:08+00:00\",\"breadcrumb\":{\"@id\":\"https:\/\/narteks.net\/index.php\/2009\/12\/29\/yuzustu-kalakalmislar\/#breadcrumb\"},\"inLanguage\":\"tr\",\"potentialAction\":[{\"@type\":\"ReadAction\",\"target\":[\"https:\/\/narteks.net\/index.php\/2009\/12\/29\/yuzustu-kalakalmislar\/\"]}]},{\"@type\":\"BreadcrumbList\",\"@id\":\"https:\/\/narteks.net\/index.php\/2009\/12\/29\/yuzustu-kalakalmislar\/#breadcrumb\",\"itemListElement\":[{\"@type\":\"ListItem\",\"position\":1,\"name\":\"Anasayfa\",\"item\":\"https:\/\/narteks.net\/\"},{\"@type\":\"ListItem\",\"position\":2,\"name\":\"Y\u00dcZ\u00dcST\u00dc KALAKALMI\u015eLAR\"}]},{\"@type\":\"WebSite\",\"@id\":\"https:\/\/narteks.net\/#website\",\"url\":\"https:\/\/narteks.net\/\",\"name\":\"narteks.net\",\"description\":\"K\u00fclt\u00fcr Sanat Edebiyat Felsefe\",\"publisher\":{\"@id\":\"https:\/\/narteks.net\/#organization\"},\"alternateName\":\"K\u00fclt\u00fcr Sanat Edebiyat Felsefe\",\"potentialAction\":[{\"@type\":\"SearchAction\",\"target\":{\"@type\":\"EntryPoint\",\"urlTemplate\":\"https:\/\/narteks.net\/?s={search_term_string}\"},\"query-input\":{\"@type\":\"PropertyValueSpecification\",\"valueRequired\":true,\"valueName\":\"search_term_string\"}}],\"inLanguage\":\"tr\"},{\"@type\":\"Organization\",\"@id\":\"https:\/\/narteks.net\/#organization\",\"name\":\"narteks.net\",\"url\":\"https:\/\/narteks.net\/\",\"logo\":{\"@type\":\"ImageObject\",\"inLanguage\":\"tr\",\"@id\":\"https:\/\/narteks.net\/#\/schema\/logo\/image\/\",\"url\":\"https:\/\/narteks.net\/wp-content\/uploads\/narteks.png\",\"contentUrl\":\"https:\/\/narteks.net\/wp-content\/uploads\/narteks.png\",\"width\":300,\"height\":90,\"caption\":\"narteks.net\"},\"image\":{\"@id\":\"https:\/\/narteks.net\/#\/schema\/logo\/image\/\"},\"sameAs\":[\"https:\/\/x.com\/narteks\",\"https:\/\/instagram.com\/narteksnet\"]},{\"@type\":\"Person\",\"@id\":\"https:\/\/narteks.net\/#\/schema\/person\/61f37d9834294b72d31d274e7ed79bca\",\"name\":\"Tar\u0131k\",\"image\":{\"@type\":\"ImageObject\",\"inLanguage\":\"tr\",\"@id\":\"https:\/\/narteks.net\/#\/schema\/person\/image\/\",\"url\":\"https:\/\/secure.gravatar.com\/avatar\/50865afb55632c4ae467e0af0930f6510aa2297d8014be502a55b14f3b7550cf?s=96&d=mm&r=g\",\"contentUrl\":\"https:\/\/secure.gravatar.com\/avatar\/50865afb55632c4ae467e0af0930f6510aa2297d8014be502a55b14f3b7550cf?s=96&d=mm&r=g\",\"caption\":\"Tar\u0131k\"},\"sameAs\":[\"http:\/\/narteks.net\"],\"url\":\"https:\/\/narteks.net\/index.php\/author\/narbak\/\"}]}<\/script>\n<!-- \/ Yoast SEO Premium plugin. -->","yoast_head_json":{"title":"Y\u00dcZ\u00dcST\u00dc KALAKALMI\u015eLAR - narteks.net","robots":{"index":"index","follow":"follow","max-snippet":"max-snippet:-1","max-image-preview":"max-image-preview:large","max-video-preview":"max-video-preview:-1"},"canonical":"https:\/\/narteks.net\/index.php\/2009\/12\/29\/yuzustu-kalakalmislar\/","og_locale":"tr_TR","og_type":"article","og_title":"Y\u00dcZ\u00dcST\u00dc KALAKALMI\u015eLAR","og_description":"\u00a0 De\u011fil yaln\u0131z deniz, de\u011fil yaln\u0131z k\u0131y\u0131, k\u00f6p\u00fck, g\u00fc\u00e7leri boyuna\u011fme nedir bilmeyen ku\u015flar, de\u011fil yaln\u0131z \u015furada buradaki kocaman g\u00f6zler, de\u011fil yaln\u0131z yasl\u0131 gece ve gezegenleri, de\u011fil yaln\u0131z orman ve y\u00fcksek kalabal\u0131\u011f\u0131, ac\u0131 da, evet, ac\u0131 da ekme\u011fidir insan\u0131n. Ama neden? Ben o zamanlar ip gibi inceydim ve daha kara bir gece sular\u0131 bal\u0131\u011f\u0131ndan,ve elimde de\u011fildi, [&hellip;]","og_url":"https:\/\/narteks.net\/index.php\/2009\/12\/29\/yuzustu-kalakalmislar\/","og_site_name":"narteks.net","article_published_time":"2009-12-29T15:17:08+00:00","og_image":[{"width":300,"height":90,"url":"https:\/\/narteks.net\/wp-content\/uploads\/narteks.png","type":"image\/png"}],"author":"Tar\u0131k","twitter_card":"summary_large_image","twitter_creator":"@narteks","twitter_site":"@narteks","twitter_misc":{"Yazan:":"Tar\u0131k","Tahmini okuma s\u00fcresi":"1 dakika"},"schema":{"@context":"https:\/\/schema.org","@graph":[{"@type":"Article","@id":"https:\/\/narteks.net\/index.php\/2009\/12\/29\/yuzustu-kalakalmislar\/#article","isPartOf":{"@id":"https:\/\/narteks.net\/index.php\/2009\/12\/29\/yuzustu-kalakalmislar\/"},"author":{"name":"Tar\u0131k","@id":"https:\/\/narteks.net\/#\/schema\/person\/61f37d9834294b72d31d274e7ed79bca"},"headline":"Y\u00dcZ\u00dcST\u00dc KALAKALMI\u015eLAR","datePublished":"2009-12-29T15:17:08+00:00","mainEntityOfPage":{"@id":"https:\/\/narteks.net\/index.php\/2009\/12\/29\/yuzustu-kalakalmislar\/"},"wordCount":247,"commentCount":0,"publisher":{"@id":"https:\/\/narteks.net\/#organization"},"articleSection":["Pablo NERUDA"],"inLanguage":"tr","potentialAction":[{"@type":"CommentAction","name":"Comment","target":["https:\/\/narteks.net\/index.php\/2009\/12\/29\/yuzustu-kalakalmislar\/#respond"]}]},{"@type":"WebPage","@id":"https:\/\/narteks.net\/index.php\/2009\/12\/29\/yuzustu-kalakalmislar\/","url":"https:\/\/narteks.net\/index.php\/2009\/12\/29\/yuzustu-kalakalmislar\/","name":"Y\u00dcZ\u00dcST\u00dc KALAKALMI\u015eLAR - narteks.net","isPartOf":{"@id":"https:\/\/narteks.net\/#website"},"datePublished":"2009-12-29T15:17:08+00:00","breadcrumb":{"@id":"https:\/\/narteks.net\/index.php\/2009\/12\/29\/yuzustu-kalakalmislar\/#breadcrumb"},"inLanguage":"tr","potentialAction":[{"@type":"ReadAction","target":["https:\/\/narteks.net\/index.php\/2009\/12\/29\/yuzustu-kalakalmislar\/"]}]},{"@type":"BreadcrumbList","@id":"https:\/\/narteks.net\/index.php\/2009\/12\/29\/yuzustu-kalakalmislar\/#breadcrumb","itemListElement":[{"@type":"ListItem","position":1,"name":"Anasayfa","item":"https:\/\/narteks.net\/"},{"@type":"ListItem","position":2,"name":"Y\u00dcZ\u00dcST\u00dc KALAKALMI\u015eLAR"}]},{"@type":"WebSite","@id":"https:\/\/narteks.net\/#website","url":"https:\/\/narteks.net\/","name":"narteks.net","description":"K\u00fclt\u00fcr Sanat Edebiyat Felsefe","publisher":{"@id":"https:\/\/narteks.net\/#organization"},"alternateName":"K\u00fclt\u00fcr Sanat Edebiyat Felsefe","potentialAction":[{"@type":"SearchAction","target":{"@type":"EntryPoint","urlTemplate":"https:\/\/narteks.net\/?s={search_term_string}"},"query-input":{"@type":"PropertyValueSpecification","valueRequired":true,"valueName":"search_term_string"}}],"inLanguage":"tr"},{"@type":"Organization","@id":"https:\/\/narteks.net\/#organization","name":"narteks.net","url":"https:\/\/narteks.net\/","logo":{"@type":"ImageObject","inLanguage":"tr","@id":"https:\/\/narteks.net\/#\/schema\/logo\/image\/","url":"https:\/\/narteks.net\/wp-content\/uploads\/narteks.png","contentUrl":"https:\/\/narteks.net\/wp-content\/uploads\/narteks.png","width":300,"height":90,"caption":"narteks.net"},"image":{"@id":"https:\/\/narteks.net\/#\/schema\/logo\/image\/"},"sameAs":["https:\/\/x.com\/narteks","https:\/\/instagram.com\/narteksnet"]},{"@type":"Person","@id":"https:\/\/narteks.net\/#\/schema\/person\/61f37d9834294b72d31d274e7ed79bca","name":"Tar\u0131k","image":{"@type":"ImageObject","inLanguage":"tr","@id":"https:\/\/narteks.net\/#\/schema\/person\/image\/","url":"https:\/\/secure.gravatar.com\/avatar\/50865afb55632c4ae467e0af0930f6510aa2297d8014be502a55b14f3b7550cf?s=96&d=mm&r=g","contentUrl":"https:\/\/secure.gravatar.com\/avatar\/50865afb55632c4ae467e0af0930f6510aa2297d8014be502a55b14f3b7550cf?s=96&d=mm&r=g","caption":"Tar\u0131k"},"sameAs":["http:\/\/narteks.net"],"url":"https:\/\/narteks.net\/index.php\/author\/narbak\/"}]}},"_links":{"self":[{"href":"https:\/\/narteks.net\/index.php\/wp-json\/wp\/v2\/posts\/3630","targetHints":{"allow":["GET"]}}],"collection":[{"href":"https:\/\/narteks.net\/index.php\/wp-json\/wp\/v2\/posts"}],"about":[{"href":"https:\/\/narteks.net\/index.php\/wp-json\/wp\/v2\/types\/post"}],"author":[{"embeddable":true,"href":"https:\/\/narteks.net\/index.php\/wp-json\/wp\/v2\/users\/1"}],"replies":[{"embeddable":true,"href":"https:\/\/narteks.net\/index.php\/wp-json\/wp\/v2\/comments?post=3630"}],"version-history":[{"count":0,"href":"https:\/\/narteks.net\/index.php\/wp-json\/wp\/v2\/posts\/3630\/revisions"}],"wp:attachment":[{"href":"https:\/\/narteks.net\/index.php\/wp-json\/wp\/v2\/media?parent=3630"}],"wp:term":[{"taxonomy":"category","embeddable":true,"href":"https:\/\/narteks.net\/index.php\/wp-json\/wp\/v2\/categories?post=3630"},{"taxonomy":"post_tag","embeddable":true,"href":"https:\/\/narteks.net\/index.php\/wp-json\/wp\/v2\/tags?post=3630"}],"curies":[{"name":"wp","href":"https:\/\/api.w.org\/{rel}","templated":true}]}}