{"id":3635,"date":"2009-12-29T18:22:28","date_gmt":"2009-12-29T15:22:28","guid":{"rendered":"http:\/\/localhost\/wordpress\/2009\/12\/29\/insanin-hali\/"},"modified":"2009-12-29T18:22:28","modified_gmt":"2009-12-29T15:22:28","slug":"insanin-hali","status":"publish","type":"post","link":"https:\/\/narteks.net\/index.php\/2009\/12\/29\/insanin-hali\/","title":{"rendered":"\u0130NSANIN HAL\u0130"},"content":{"rendered":"<p>\u00a0<\/p>\n<p>Arkamda g\u00fcneye do\u011fru deniz k\u0131rm\u0131\u015ft\u0131<br \/>b\u00f6lgeleri buzdan \u00e7ekiciyle,<br \/>ondan beri t\u0131rmalanan yaln\u0131zl\u0131k sessizlikle a<br \/>ns\u0131z\u0131n tak\u0131madalara d\u00f6n\u00fc\u015ft\u00fc,<br \/>ku\u015fatt\u0131 ye\u015fil adalar<br \/>yurdumun belini<br \/>\u00e7i\u00e7ektozu ya da ta\u00e7yapraklar\u0131 gibi bir deniz g\u00fcl\u00fcn\u00fcn<br \/>ve, sonra sonra, derinle\u015firdi tutu\u015fmu\u015f ormanlar<br \/>ate\u015f b\u00f6cekleriyle, \u00e7amur \u0131\u015f\u0131lt\u0131lar sa\u00e7ard\u0131,<br \/>kuru, uzun ipler sark\u0131t\u0131rd\u0131 a\u011fa\u00e7lar<br \/>bir sirkteymi\u015f gibi, ve \u0131\u015f\u0131k giderdi damladan damlaya<br \/>ye\u015fil balerini gibi s\u0131k ormanlar\u0131n.<\/p>\n<p>D\u00fcrt\u00fcs\u00fcyle b\u00fcy\u00fcd\u00fcm sessiz soylar\u0131n,<br \/>dibe i\u015fler baltalar\u0131n oduncu par\u0131lt\u0131s\u0131yla,<br \/>gizli kokular\u0131yla topra\u011f\u0131n, memelerin, \u015farab\u0131n:<br \/>yitik bir ambar oldu ruhum trenler aras\u0131nda<br \/>kiri\u015flerin, f\u0131\u00e7\u0131lar\u0131n unutuldu\u011fu,<br \/>tel demirin, yulaf\u0131n, bu\u011fday\u0131n, yosunun, kerestelerin<br \/>ve k\u0131\u015f\u0131n ka\u00e7ak mallar\u0131yla.<\/p>\n<p>G\u00f6vdem b\u00f6ylece serpildi, gece<br \/>kardand\u0131 kollar\u0131m,<br \/>ayaklar\u0131msa kas\u0131rga \u00fclkesi,<br \/>ve sa\u011fnak alt\u0131nda \u0131rmak gibi b\u00fcy\u00fcd\u00fcm,<br \/>verimli oldum g\u00f6n\u00fclborcuyla<br \/>i\u00e7ime d\u00fc\u015fen her \u015feye,<br \/>\u015fark\u0131lara yaprakla yaprak aras\u0131nda, d\u00f6l veren<br \/>donuzlan b\u00f6ceklerine, yeni<br \/>k\u00f6klere, ki t\u0131rmand\u0131lar<br \/>\u00e7i\u011fe varabilmek \u00fczere,<br \/>f\u0131rt\u0131nalara, ki sarsar gene<br \/>defne a\u011fac\u0131n\u0131n kulelerini, al salk\u0131m\u0131na<br \/>f\u0131nd\u0131k a\u011fac\u0131n\u0131n, o kutsal<br \/>sabr\u0131na kara\u00e7am\u0131n,<br \/>ve b\u00f6ylece ilk gen\u00e7li\u011fim \u00fclke oldu, elde ettim ben<br \/>adalar\u0131, sessizli\u011fi, orman\u0131, b\u00fcy\u00fcmeyi,<br \/>yanarda\u011f ayd\u0131nl\u0131\u011f\u0131n\u0131, yollar\u0131n \u00e7amurunu,<br \/>yanm\u0131\u015f a\u011fa\u00e7lar\u0131n yaban duman\u0131n\u0131.<\/p>\n<p>Kara Ada \u015eiirleri \/ \u00c7ev: Said Maden<\/p>\n","protected":false},"excerpt":{"rendered":"<p>\u00a0 Arkamda g\u00fcneye do\u011fru deniz k\u0131rm\u0131\u015ft\u0131b\u00f6lgeleri buzdan \u00e7ekiciyle,ondan beri t\u0131rmalanan yaln\u0131zl\u0131k sessizlikle ans\u0131z\u0131n tak\u0131madalara d\u00f6n\u00fc\u015ft\u00fc,ku\u015fatt\u0131 ye\u015fil adalaryurdumun belini\u00e7i\u00e7ektozu ya da ta\u00e7yapraklar\u0131 gibi bir deniz g\u00fcl\u00fcn\u00fcnve, sonra sonra, derinle\u015firdi tutu\u015fmu\u015f ormanlarate\u015f b\u00f6cekleriyle, \u00e7amur \u0131\u015f\u0131lt\u0131lar sa\u00e7ard\u0131,kuru, uzun ipler sark\u0131t\u0131rd\u0131 a\u011fa\u00e7larbir sirkteymi\u015f gibi, ve \u0131\u015f\u0131k giderdi damladan damlayaye\u015fil balerini gibi s\u0131k ormanlar\u0131n. D\u00fcrt\u00fcs\u00fcyle b\u00fcy\u00fcd\u00fcm sessiz soylar\u0131n,dibe i\u015fler baltalar\u0131n [&hellip;]<\/p>\n","protected":false},"author":1,"featured_media":0,"comment_status":"open","ping_status":"open","sticky":false,"template":"","format":"standard","meta":{"footnotes":""},"categories":[175],"tags":[],"class_list":{"0":"post-3635","1":"post","2":"type-post","3":"status-publish","4":"format-standard","6":"category-pablo-neruda"},"yoast_head":"<!-- This site is optimized with the Yoast SEO Premium plugin v24.9 (Yoast SEO v24.9) - https:\/\/yoast.com\/wordpress\/plugins\/seo\/ -->\n<title>\u0130NSANIN HAL\u0130 - narteks.net<\/title>\n<meta name=\"robots\" content=\"index, follow, max-snippet:-1, max-image-preview:large, max-video-preview:-1\" \/>\n<link rel=\"canonical\" href=\"https:\/\/narteks.net\/index.php\/2009\/12\/29\/insanin-hali\/\" \/>\n<meta property=\"og:locale\" content=\"tr_TR\" \/>\n<meta property=\"og:type\" content=\"article\" \/>\n<meta property=\"og:title\" content=\"\u0130NSANIN HAL\u0130\" \/>\n<meta property=\"og:description\" content=\"\u00a0 Arkamda g\u00fcneye do\u011fru deniz k\u0131rm\u0131\u015ft\u0131b\u00f6lgeleri buzdan \u00e7ekiciyle,ondan beri t\u0131rmalanan yaln\u0131zl\u0131k sessizlikle ans\u0131z\u0131n tak\u0131madalara d\u00f6n\u00fc\u015ft\u00fc,ku\u015fatt\u0131 ye\u015fil adalaryurdumun belini\u00e7i\u00e7ektozu ya da ta\u00e7yapraklar\u0131 gibi bir deniz g\u00fcl\u00fcn\u00fcnve, sonra sonra, derinle\u015firdi tutu\u015fmu\u015f ormanlarate\u015f b\u00f6cekleriyle, \u00e7amur \u0131\u015f\u0131lt\u0131lar sa\u00e7ard\u0131,kuru, uzun ipler sark\u0131t\u0131rd\u0131 a\u011fa\u00e7larbir sirkteymi\u015f gibi, ve \u0131\u015f\u0131k giderdi damladan damlayaye\u015fil balerini gibi s\u0131k ormanlar\u0131n. D\u00fcrt\u00fcs\u00fcyle b\u00fcy\u00fcd\u00fcm sessiz soylar\u0131n,dibe i\u015fler baltalar\u0131n [&hellip;]\" \/>\n<meta property=\"og:url\" content=\"https:\/\/narteks.net\/index.php\/2009\/12\/29\/insanin-hali\/\" \/>\n<meta property=\"og:site_name\" content=\"narteks.net\" \/>\n<meta property=\"article:published_time\" content=\"2009-12-29T15:22:28+00:00\" \/>\n<meta property=\"og:image\" content=\"https:\/\/narteks.net\/wp-content\/uploads\/narteks.png\" \/>\n\t<meta property=\"og:image:width\" content=\"300\" \/>\n\t<meta property=\"og:image:height\" content=\"90\" \/>\n\t<meta property=\"og:image:type\" content=\"image\/png\" \/>\n<meta name=\"author\" content=\"Tar\u0131k\" \/>\n<meta name=\"twitter:card\" content=\"summary_large_image\" \/>\n<meta name=\"twitter:creator\" content=\"@narteks\" \/>\n<meta name=\"twitter:site\" content=\"@narteks\" \/>\n<meta name=\"twitter:label1\" content=\"Yazan:\" \/>\n\t<meta name=\"twitter:data1\" content=\"Tar\u0131k\" \/>\n\t<meta name=\"twitter:label2\" content=\"Tahmini okuma s\u00fcresi\" \/>\n\t<meta name=\"twitter:data2\" content=\"1 dakika\" \/>\n<script type=\"application\/ld+json\" class=\"yoast-schema-graph\">{\"@context\":\"https:\/\/schema.org\",\"@graph\":[{\"@type\":\"Article\",\"@id\":\"https:\/\/narteks.net\/index.php\/2009\/12\/29\/insanin-hali\/#article\",\"isPartOf\":{\"@id\":\"https:\/\/narteks.net\/index.php\/2009\/12\/29\/insanin-hali\/\"},\"author\":{\"name\":\"Tar\u0131k\",\"@id\":\"https:\/\/narteks.net\/#\/schema\/person\/61f37d9834294b72d31d274e7ed79bca\"},\"headline\":\"\u0130NSANIN HAL\u0130\",\"datePublished\":\"2009-12-29T15:22:28+00:00\",\"mainEntityOfPage\":{\"@id\":\"https:\/\/narteks.net\/index.php\/2009\/12\/29\/insanin-hali\/\"},\"wordCount\":266,\"commentCount\":0,\"publisher\":{\"@id\":\"https:\/\/narteks.net\/#organization\"},\"articleSection\":[\"Pablo NERUDA\"],\"inLanguage\":\"tr\",\"potentialAction\":[{\"@type\":\"CommentAction\",\"name\":\"Comment\",\"target\":[\"https:\/\/narteks.net\/index.php\/2009\/12\/29\/insanin-hali\/#respond\"]}]},{\"@type\":\"WebPage\",\"@id\":\"https:\/\/narteks.net\/index.php\/2009\/12\/29\/insanin-hali\/\",\"url\":\"https:\/\/narteks.net\/index.php\/2009\/12\/29\/insanin-hali\/\",\"name\":\"\u0130NSANIN HAL\u0130 - narteks.net\",\"isPartOf\":{\"@id\":\"https:\/\/narteks.net\/#website\"},\"datePublished\":\"2009-12-29T15:22:28+00:00\",\"breadcrumb\":{\"@id\":\"https:\/\/narteks.net\/index.php\/2009\/12\/29\/insanin-hali\/#breadcrumb\"},\"inLanguage\":\"tr\",\"potentialAction\":[{\"@type\":\"ReadAction\",\"target\":[\"https:\/\/narteks.net\/index.php\/2009\/12\/29\/insanin-hali\/\"]}]},{\"@type\":\"BreadcrumbList\",\"@id\":\"https:\/\/narteks.net\/index.php\/2009\/12\/29\/insanin-hali\/#breadcrumb\",\"itemListElement\":[{\"@type\":\"ListItem\",\"position\":1,\"name\":\"Anasayfa\",\"item\":\"https:\/\/narteks.net\/\"},{\"@type\":\"ListItem\",\"position\":2,\"name\":\"\u0130NSANIN HAL\u0130\"}]},{\"@type\":\"WebSite\",\"@id\":\"https:\/\/narteks.net\/#website\",\"url\":\"https:\/\/narteks.net\/\",\"name\":\"narteks.net\",\"description\":\"K\u00fclt\u00fcr Sanat Edebiyat Felsefe\",\"publisher\":{\"@id\":\"https:\/\/narteks.net\/#organization\"},\"alternateName\":\"K\u00fclt\u00fcr Sanat Edebiyat Felsefe\",\"potentialAction\":[{\"@type\":\"SearchAction\",\"target\":{\"@type\":\"EntryPoint\",\"urlTemplate\":\"https:\/\/narteks.net\/?s={search_term_string}\"},\"query-input\":{\"@type\":\"PropertyValueSpecification\",\"valueRequired\":true,\"valueName\":\"search_term_string\"}}],\"inLanguage\":\"tr\"},{\"@type\":\"Organization\",\"@id\":\"https:\/\/narteks.net\/#organization\",\"name\":\"narteks.net\",\"url\":\"https:\/\/narteks.net\/\",\"logo\":{\"@type\":\"ImageObject\",\"inLanguage\":\"tr\",\"@id\":\"https:\/\/narteks.net\/#\/schema\/logo\/image\/\",\"url\":\"https:\/\/narteks.net\/wp-content\/uploads\/narteks.png\",\"contentUrl\":\"https:\/\/narteks.net\/wp-content\/uploads\/narteks.png\",\"width\":300,\"height\":90,\"caption\":\"narteks.net\"},\"image\":{\"@id\":\"https:\/\/narteks.net\/#\/schema\/logo\/image\/\"},\"sameAs\":[\"https:\/\/x.com\/narteks\",\"https:\/\/instagram.com\/narteksnet\"]},{\"@type\":\"Person\",\"@id\":\"https:\/\/narteks.net\/#\/schema\/person\/61f37d9834294b72d31d274e7ed79bca\",\"name\":\"Tar\u0131k\",\"image\":{\"@type\":\"ImageObject\",\"inLanguage\":\"tr\",\"@id\":\"https:\/\/narteks.net\/#\/schema\/person\/image\/\",\"url\":\"https:\/\/secure.gravatar.com\/avatar\/50865afb55632c4ae467e0af0930f6510aa2297d8014be502a55b14f3b7550cf?s=96&d=mm&r=g\",\"contentUrl\":\"https:\/\/secure.gravatar.com\/avatar\/50865afb55632c4ae467e0af0930f6510aa2297d8014be502a55b14f3b7550cf?s=96&d=mm&r=g\",\"caption\":\"Tar\u0131k\"},\"sameAs\":[\"http:\/\/narteks.net\"],\"url\":\"https:\/\/narteks.net\/index.php\/author\/narbak\/\"}]}<\/script>\n<!-- \/ Yoast SEO Premium plugin. -->","yoast_head_json":{"title":"\u0130NSANIN HAL\u0130 - narteks.net","robots":{"index":"index","follow":"follow","max-snippet":"max-snippet:-1","max-image-preview":"max-image-preview:large","max-video-preview":"max-video-preview:-1"},"canonical":"https:\/\/narteks.net\/index.php\/2009\/12\/29\/insanin-hali\/","og_locale":"tr_TR","og_type":"article","og_title":"\u0130NSANIN HAL\u0130","og_description":"\u00a0 Arkamda g\u00fcneye do\u011fru deniz k\u0131rm\u0131\u015ft\u0131b\u00f6lgeleri buzdan \u00e7ekiciyle,ondan beri t\u0131rmalanan yaln\u0131zl\u0131k sessizlikle ans\u0131z\u0131n tak\u0131madalara d\u00f6n\u00fc\u015ft\u00fc,ku\u015fatt\u0131 ye\u015fil adalaryurdumun belini\u00e7i\u00e7ektozu ya da ta\u00e7yapraklar\u0131 gibi bir deniz g\u00fcl\u00fcn\u00fcnve, sonra sonra, derinle\u015firdi tutu\u015fmu\u015f ormanlarate\u015f b\u00f6cekleriyle, \u00e7amur \u0131\u015f\u0131lt\u0131lar sa\u00e7ard\u0131,kuru, uzun ipler sark\u0131t\u0131rd\u0131 a\u011fa\u00e7larbir sirkteymi\u015f gibi, ve \u0131\u015f\u0131k giderdi damladan damlayaye\u015fil balerini gibi s\u0131k ormanlar\u0131n. D\u00fcrt\u00fcs\u00fcyle b\u00fcy\u00fcd\u00fcm sessiz soylar\u0131n,dibe i\u015fler baltalar\u0131n [&hellip;]","og_url":"https:\/\/narteks.net\/index.php\/2009\/12\/29\/insanin-hali\/","og_site_name":"narteks.net","article_published_time":"2009-12-29T15:22:28+00:00","og_image":[{"width":300,"height":90,"url":"https:\/\/narteks.net\/wp-content\/uploads\/narteks.png","type":"image\/png"}],"author":"Tar\u0131k","twitter_card":"summary_large_image","twitter_creator":"@narteks","twitter_site":"@narteks","twitter_misc":{"Yazan:":"Tar\u0131k","Tahmini okuma s\u00fcresi":"1 dakika"},"schema":{"@context":"https:\/\/schema.org","@graph":[{"@type":"Article","@id":"https:\/\/narteks.net\/index.php\/2009\/12\/29\/insanin-hali\/#article","isPartOf":{"@id":"https:\/\/narteks.net\/index.php\/2009\/12\/29\/insanin-hali\/"},"author":{"name":"Tar\u0131k","@id":"https:\/\/narteks.net\/#\/schema\/person\/61f37d9834294b72d31d274e7ed79bca"},"headline":"\u0130NSANIN HAL\u0130","datePublished":"2009-12-29T15:22:28+00:00","mainEntityOfPage":{"@id":"https:\/\/narteks.net\/index.php\/2009\/12\/29\/insanin-hali\/"},"wordCount":266,"commentCount":0,"publisher":{"@id":"https:\/\/narteks.net\/#organization"},"articleSection":["Pablo NERUDA"],"inLanguage":"tr","potentialAction":[{"@type":"CommentAction","name":"Comment","target":["https:\/\/narteks.net\/index.php\/2009\/12\/29\/insanin-hali\/#respond"]}]},{"@type":"WebPage","@id":"https:\/\/narteks.net\/index.php\/2009\/12\/29\/insanin-hali\/","url":"https:\/\/narteks.net\/index.php\/2009\/12\/29\/insanin-hali\/","name":"\u0130NSANIN HAL\u0130 - narteks.net","isPartOf":{"@id":"https:\/\/narteks.net\/#website"},"datePublished":"2009-12-29T15:22:28+00:00","breadcrumb":{"@id":"https:\/\/narteks.net\/index.php\/2009\/12\/29\/insanin-hali\/#breadcrumb"},"inLanguage":"tr","potentialAction":[{"@type":"ReadAction","target":["https:\/\/narteks.net\/index.php\/2009\/12\/29\/insanin-hali\/"]}]},{"@type":"BreadcrumbList","@id":"https:\/\/narteks.net\/index.php\/2009\/12\/29\/insanin-hali\/#breadcrumb","itemListElement":[{"@type":"ListItem","position":1,"name":"Anasayfa","item":"https:\/\/narteks.net\/"},{"@type":"ListItem","position":2,"name":"\u0130NSANIN HAL\u0130"}]},{"@type":"WebSite","@id":"https:\/\/narteks.net\/#website","url":"https:\/\/narteks.net\/","name":"narteks.net","description":"K\u00fclt\u00fcr Sanat Edebiyat Felsefe","publisher":{"@id":"https:\/\/narteks.net\/#organization"},"alternateName":"K\u00fclt\u00fcr Sanat Edebiyat Felsefe","potentialAction":[{"@type":"SearchAction","target":{"@type":"EntryPoint","urlTemplate":"https:\/\/narteks.net\/?s={search_term_string}"},"query-input":{"@type":"PropertyValueSpecification","valueRequired":true,"valueName":"search_term_string"}}],"inLanguage":"tr"},{"@type":"Organization","@id":"https:\/\/narteks.net\/#organization","name":"narteks.net","url":"https:\/\/narteks.net\/","logo":{"@type":"ImageObject","inLanguage":"tr","@id":"https:\/\/narteks.net\/#\/schema\/logo\/image\/","url":"https:\/\/narteks.net\/wp-content\/uploads\/narteks.png","contentUrl":"https:\/\/narteks.net\/wp-content\/uploads\/narteks.png","width":300,"height":90,"caption":"narteks.net"},"image":{"@id":"https:\/\/narteks.net\/#\/schema\/logo\/image\/"},"sameAs":["https:\/\/x.com\/narteks","https:\/\/instagram.com\/narteksnet"]},{"@type":"Person","@id":"https:\/\/narteks.net\/#\/schema\/person\/61f37d9834294b72d31d274e7ed79bca","name":"Tar\u0131k","image":{"@type":"ImageObject","inLanguage":"tr","@id":"https:\/\/narteks.net\/#\/schema\/person\/image\/","url":"https:\/\/secure.gravatar.com\/avatar\/50865afb55632c4ae467e0af0930f6510aa2297d8014be502a55b14f3b7550cf?s=96&d=mm&r=g","contentUrl":"https:\/\/secure.gravatar.com\/avatar\/50865afb55632c4ae467e0af0930f6510aa2297d8014be502a55b14f3b7550cf?s=96&d=mm&r=g","caption":"Tar\u0131k"},"sameAs":["http:\/\/narteks.net"],"url":"https:\/\/narteks.net\/index.php\/author\/narbak\/"}]}},"_links":{"self":[{"href":"https:\/\/narteks.net\/index.php\/wp-json\/wp\/v2\/posts\/3635","targetHints":{"allow":["GET"]}}],"collection":[{"href":"https:\/\/narteks.net\/index.php\/wp-json\/wp\/v2\/posts"}],"about":[{"href":"https:\/\/narteks.net\/index.php\/wp-json\/wp\/v2\/types\/post"}],"author":[{"embeddable":true,"href":"https:\/\/narteks.net\/index.php\/wp-json\/wp\/v2\/users\/1"}],"replies":[{"embeddable":true,"href":"https:\/\/narteks.net\/index.php\/wp-json\/wp\/v2\/comments?post=3635"}],"version-history":[{"count":0,"href":"https:\/\/narteks.net\/index.php\/wp-json\/wp\/v2\/posts\/3635\/revisions"}],"wp:attachment":[{"href":"https:\/\/narteks.net\/index.php\/wp-json\/wp\/v2\/media?parent=3635"}],"wp:term":[{"taxonomy":"category","embeddable":true,"href":"https:\/\/narteks.net\/index.php\/wp-json\/wp\/v2\/categories?post=3635"},{"taxonomy":"post_tag","embeddable":true,"href":"https:\/\/narteks.net\/index.php\/wp-json\/wp\/v2\/tags?post=3635"}],"curies":[{"name":"wp","href":"https:\/\/api.w.org\/{rel}","templated":true}]}}