{"id":3638,"date":"2009-12-29T18:29:09","date_gmt":"2009-12-29T15:29:09","guid":{"rendered":"http:\/\/localhost\/wordpress\/2009\/12\/29\/aciklayalim\/"},"modified":"2009-12-29T18:29:09","modified_gmt":"2009-12-29T15:29:09","slug":"aciklayalim","status":"publish","type":"post","link":"https:\/\/narteks.net\/index.php\/2009\/12\/29\/aciklayalim\/","title":{"rendered":"A\u00c7IKLAYALIM"},"content":{"rendered":"<p>\u00a0<\/p>\n<p>Bana soracaks\u0131n: Leylaklar nerde?<br \/>Nerde gelinciklerle \u00f6rt\u00fcl\u00fc metafizik?<br \/>Nerde suskular ve ku\u015flarla dolu kelimeleri<br \/>dam\u0131tan ya\u011fmur?&#8230;<br \/>Anlatay\u0131m ba\u015f\u0131ma gelenleri:<\/p>\n<p>Madrit&#8217;in bir mahallesinde ya\u015f\u0131yordum<br \/>\u00e7anlarla, a\u011fa\u00e7larla, saatlerle<br \/>uzaklara bak\u0131nca ordan<br \/>kocaman deri bir okyanus gibi<br \/>Kastil&#8217;in kuru y\u00fcz\u00fc g\u00f6r\u00fcn\u00fcrd\u00fc&#8230;<\/p>\n<p>Evimin ad\u0131 &#8220;\u00c7i\u00e7ekler Evi&#8221;iydi.<br \/>It\u0131rlar biterdi her yan\u0131nda g\u00fczel bir evdi<br \/>\u00e7ocuklar, k\u00f6peklerle<\/p>\n<p>Raoul, hat\u0131l\u0131ryor musun?<br \/>Raphael, ya sen?<br \/>Hat\u0131rl\u0131yor musun, Federico?<br \/>Sen \u015fimdi topra\u011f\u0131n alt\u0131nda yatan<br \/>hat\u0131rl\u0131yor musun evimin balkonlar\u0131n\u0131, orda<br \/>Haziran g\u00fcne\u015fi a\u011fz\u0131na \u00e7i\u00e7ekler y\u0131\u011fard\u0131 hani<br \/>karde\u015f hey karde\u015f !<\/p>\n<p>Ve bir sabah her \u015feyi ate\u015f ald\u0131<br \/>Ve bir sabah k\u0131z\u0131l korlar<br \/>Topraktan \u00e7\u0131kt\u0131lar<br \/>yutup yok ederek \u00f6n\u00fcne gelenleri<\/p>\n<p>Ve o g\u00fcnden ba\u015flar ate\u015f<br \/>Ve o g\u00fcnden beri barut<br \/>Ve o g\u00fcnden beri kan<\/p>\n<p>Haydutlar geldiler u\u00e7aklar\u0131yla, ma\u011friplileriyle<br \/>Haydutlar; y\u00fcz\u00fckler ve d\u00fc\u015fesleriyle<br \/>Kara papazlar\u0131yla geldiler onlar\u0131 kutsayan<br \/>G\u00f6\u011f\u00fcn y\u00fccelerinden geldiler \u00e7ocuklar\u0131 \u00f6ld\u00fcrmek i\u00e7in<br \/>\u00c7ocuk kanlar\u0131 boydan boya<br \/>\u00c7ocuk kanlar\u0131yd\u0131 akan kentin sokaklar\u0131ndan<\/p>\n<p>Ama her su\u00e7tan bir mermi f\u0131\u015fk\u0131r\u0131yor<br \/>Bir g\u00fcn y\u00fcre\u011finizin tam ortas\u0131ndaki<br \/>Yerini alacak olan<\/p>\n<p>Bir de bana \u015fiirlerin<br \/>Neden s\u00f6z a\u00e7maz diye soruyorsunuz<br \/>D\u00fc\u015flerden yapraklardan<br \/>Do\u011fdu\u011fun \u00fclkenin koca yanarda\u011flar\u0131ndan?<\/p>\n<p>Gelin g\u00f6r\u00fcn sokaklar kan<br \/>Gelin g\u00f6r\u00fcn<br \/>Sokaklar kan<br \/>Gelin g\u00f6r\u00fcn kan\u0131<br \/>Sokaklar boyunca akan.<\/p>\n<p>\u00c7eviri: Hilmi Yavuz<\/p>\n<p>NERUDA \/ \u015eiirler kitab\u0131ndan<\/p>\n","protected":false},"excerpt":{"rendered":"<p>\u00a0 Bana soracaks\u0131n: Leylaklar nerde?Nerde gelinciklerle \u00f6rt\u00fcl\u00fc metafizik?Nerde suskular ve ku\u015flarla dolu kelimeleridam\u0131tan ya\u011fmur?&#8230;Anlatay\u0131m ba\u015f\u0131ma gelenleri: Madrit&#8217;in bir mahallesinde ya\u015f\u0131yordum\u00e7anlarla, a\u011fa\u00e7larla, saatlerleuzaklara bak\u0131nca ordankocaman deri bir okyanus gibiKastil&#8217;in kuru y\u00fcz\u00fc g\u00f6r\u00fcn\u00fcrd\u00fc&#8230; Evimin ad\u0131 &#8220;\u00c7i\u00e7ekler Evi&#8221;iydi.It\u0131rlar biterdi her yan\u0131nda g\u00fczel bir evdi\u00e7ocuklar, k\u00f6peklerle Raoul, hat\u0131l\u0131ryor musun?Raphael, ya sen?Hat\u0131rl\u0131yor musun, Federico?Sen \u015fimdi topra\u011f\u0131n alt\u0131nda yatanhat\u0131rl\u0131yor musun evimin [&hellip;]<\/p>\n","protected":false},"author":1,"featured_media":0,"comment_status":"open","ping_status":"open","sticky":false,"template":"","format":"standard","meta":{"footnotes":""},"categories":[175],"tags":[],"class_list":{"0":"post-3638","1":"post","2":"type-post","3":"status-publish","4":"format-standard","6":"category-pablo-neruda"},"yoast_head":"<!-- This site is optimized with the Yoast SEO Premium plugin v24.9 (Yoast SEO v24.9) - https:\/\/yoast.com\/wordpress\/plugins\/seo\/ -->\n<title>A\u00c7IKLAYALIM - narteks.net<\/title>\n<meta name=\"robots\" content=\"index, follow, max-snippet:-1, max-image-preview:large, max-video-preview:-1\" \/>\n<link rel=\"canonical\" href=\"https:\/\/narteks.net\/index.php\/2009\/12\/29\/aciklayalim\/\" \/>\n<meta property=\"og:locale\" content=\"tr_TR\" \/>\n<meta property=\"og:type\" content=\"article\" \/>\n<meta property=\"og:title\" content=\"A\u00c7IKLAYALIM\" \/>\n<meta property=\"og:description\" content=\"\u00a0 Bana soracaks\u0131n: Leylaklar nerde?Nerde gelinciklerle \u00f6rt\u00fcl\u00fc metafizik?Nerde suskular ve ku\u015flarla dolu kelimeleridam\u0131tan ya\u011fmur?&#8230;Anlatay\u0131m ba\u015f\u0131ma gelenleri: Madrit&#8217;in bir mahallesinde ya\u015f\u0131yordum\u00e7anlarla, a\u011fa\u00e7larla, saatlerleuzaklara bak\u0131nca ordankocaman deri bir okyanus gibiKastil&#8217;in kuru y\u00fcz\u00fc g\u00f6r\u00fcn\u00fcrd\u00fc&#8230; Evimin ad\u0131 &#8220;\u00c7i\u00e7ekler Evi&#8221;iydi.It\u0131rlar biterdi her yan\u0131nda g\u00fczel bir evdi\u00e7ocuklar, k\u00f6peklerle Raoul, hat\u0131l\u0131ryor musun?Raphael, ya sen?Hat\u0131rl\u0131yor musun, Federico?Sen \u015fimdi topra\u011f\u0131n alt\u0131nda yatanhat\u0131rl\u0131yor musun evimin [&hellip;]\" \/>\n<meta property=\"og:url\" content=\"https:\/\/narteks.net\/index.php\/2009\/12\/29\/aciklayalim\/\" \/>\n<meta property=\"og:site_name\" content=\"narteks.net\" \/>\n<meta property=\"article:published_time\" content=\"2009-12-29T15:29:09+00:00\" \/>\n<meta property=\"og:image\" content=\"https:\/\/narteks.net\/wp-content\/uploads\/narteks.png\" \/>\n\t<meta property=\"og:image:width\" content=\"300\" \/>\n\t<meta property=\"og:image:height\" content=\"90\" \/>\n\t<meta property=\"og:image:type\" content=\"image\/png\" \/>\n<meta name=\"author\" content=\"Tar\u0131k\" \/>\n<meta name=\"twitter:card\" content=\"summary_large_image\" \/>\n<meta name=\"twitter:creator\" content=\"@narteks\" \/>\n<meta name=\"twitter:site\" content=\"@narteks\" \/>\n<meta name=\"twitter:label1\" content=\"Yazan:\" \/>\n\t<meta name=\"twitter:data1\" content=\"Tar\u0131k\" \/>\n\t<meta name=\"twitter:label2\" content=\"Tahmini okuma s\u00fcresi\" \/>\n\t<meta name=\"twitter:data2\" content=\"1 dakika\" \/>\n<script type=\"application\/ld+json\" class=\"yoast-schema-graph\">{\"@context\":\"https:\/\/schema.org\",\"@graph\":[{\"@type\":\"Article\",\"@id\":\"https:\/\/narteks.net\/index.php\/2009\/12\/29\/aciklayalim\/#article\",\"isPartOf\":{\"@id\":\"https:\/\/narteks.net\/index.php\/2009\/12\/29\/aciklayalim\/\"},\"author\":{\"name\":\"Tar\u0131k\",\"@id\":\"https:\/\/narteks.net\/#\/schema\/person\/61f37d9834294b72d31d274e7ed79bca\"},\"headline\":\"A\u00c7IKLAYALIM\",\"datePublished\":\"2009-12-29T15:29:09+00:00\",\"mainEntityOfPage\":{\"@id\":\"https:\/\/narteks.net\/index.php\/2009\/12\/29\/aciklayalim\/\"},\"wordCount\":250,\"commentCount\":0,\"publisher\":{\"@id\":\"https:\/\/narteks.net\/#organization\"},\"articleSection\":[\"Pablo NERUDA\"],\"inLanguage\":\"tr\",\"potentialAction\":[{\"@type\":\"CommentAction\",\"name\":\"Comment\",\"target\":[\"https:\/\/narteks.net\/index.php\/2009\/12\/29\/aciklayalim\/#respond\"]}]},{\"@type\":\"WebPage\",\"@id\":\"https:\/\/narteks.net\/index.php\/2009\/12\/29\/aciklayalim\/\",\"url\":\"https:\/\/narteks.net\/index.php\/2009\/12\/29\/aciklayalim\/\",\"name\":\"A\u00c7IKLAYALIM - narteks.net\",\"isPartOf\":{\"@id\":\"https:\/\/narteks.net\/#website\"},\"datePublished\":\"2009-12-29T15:29:09+00:00\",\"breadcrumb\":{\"@id\":\"https:\/\/narteks.net\/index.php\/2009\/12\/29\/aciklayalim\/#breadcrumb\"},\"inLanguage\":\"tr\",\"potentialAction\":[{\"@type\":\"ReadAction\",\"target\":[\"https:\/\/narteks.net\/index.php\/2009\/12\/29\/aciklayalim\/\"]}]},{\"@type\":\"BreadcrumbList\",\"@id\":\"https:\/\/narteks.net\/index.php\/2009\/12\/29\/aciklayalim\/#breadcrumb\",\"itemListElement\":[{\"@type\":\"ListItem\",\"position\":1,\"name\":\"Anasayfa\",\"item\":\"https:\/\/narteks.net\/\"},{\"@type\":\"ListItem\",\"position\":2,\"name\":\"A\u00c7IKLAYALIM\"}]},{\"@type\":\"WebSite\",\"@id\":\"https:\/\/narteks.net\/#website\",\"url\":\"https:\/\/narteks.net\/\",\"name\":\"narteks.net\",\"description\":\"K\u00fclt\u00fcr Sanat Edebiyat Felsefe\",\"publisher\":{\"@id\":\"https:\/\/narteks.net\/#organization\"},\"alternateName\":\"K\u00fclt\u00fcr Sanat Edebiyat Felsefe\",\"potentialAction\":[{\"@type\":\"SearchAction\",\"target\":{\"@type\":\"EntryPoint\",\"urlTemplate\":\"https:\/\/narteks.net\/?s={search_term_string}\"},\"query-input\":{\"@type\":\"PropertyValueSpecification\",\"valueRequired\":true,\"valueName\":\"search_term_string\"}}],\"inLanguage\":\"tr\"},{\"@type\":\"Organization\",\"@id\":\"https:\/\/narteks.net\/#organization\",\"name\":\"narteks.net\",\"url\":\"https:\/\/narteks.net\/\",\"logo\":{\"@type\":\"ImageObject\",\"inLanguage\":\"tr\",\"@id\":\"https:\/\/narteks.net\/#\/schema\/logo\/image\/\",\"url\":\"https:\/\/narteks.net\/wp-content\/uploads\/narteks.png\",\"contentUrl\":\"https:\/\/narteks.net\/wp-content\/uploads\/narteks.png\",\"width\":300,\"height\":90,\"caption\":\"narteks.net\"},\"image\":{\"@id\":\"https:\/\/narteks.net\/#\/schema\/logo\/image\/\"},\"sameAs\":[\"https:\/\/x.com\/narteks\",\"https:\/\/instagram.com\/narteksnet\"]},{\"@type\":\"Person\",\"@id\":\"https:\/\/narteks.net\/#\/schema\/person\/61f37d9834294b72d31d274e7ed79bca\",\"name\":\"Tar\u0131k\",\"image\":{\"@type\":\"ImageObject\",\"inLanguage\":\"tr\",\"@id\":\"https:\/\/narteks.net\/#\/schema\/person\/image\/\",\"url\":\"https:\/\/secure.gravatar.com\/avatar\/50865afb55632c4ae467e0af0930f6510aa2297d8014be502a55b14f3b7550cf?s=96&d=mm&r=g\",\"contentUrl\":\"https:\/\/secure.gravatar.com\/avatar\/50865afb55632c4ae467e0af0930f6510aa2297d8014be502a55b14f3b7550cf?s=96&d=mm&r=g\",\"caption\":\"Tar\u0131k\"},\"sameAs\":[\"http:\/\/narteks.net\"],\"url\":\"https:\/\/narteks.net\/index.php\/author\/narbak\/\"}]}<\/script>\n<!-- \/ Yoast SEO Premium plugin. -->","yoast_head_json":{"title":"A\u00c7IKLAYALIM - narteks.net","robots":{"index":"index","follow":"follow","max-snippet":"max-snippet:-1","max-image-preview":"max-image-preview:large","max-video-preview":"max-video-preview:-1"},"canonical":"https:\/\/narteks.net\/index.php\/2009\/12\/29\/aciklayalim\/","og_locale":"tr_TR","og_type":"article","og_title":"A\u00c7IKLAYALIM","og_description":"\u00a0 Bana soracaks\u0131n: Leylaklar nerde?Nerde gelinciklerle \u00f6rt\u00fcl\u00fc metafizik?Nerde suskular ve ku\u015flarla dolu kelimeleridam\u0131tan ya\u011fmur?&#8230;Anlatay\u0131m ba\u015f\u0131ma gelenleri: Madrit&#8217;in bir mahallesinde ya\u015f\u0131yordum\u00e7anlarla, a\u011fa\u00e7larla, saatlerleuzaklara bak\u0131nca ordankocaman deri bir okyanus gibiKastil&#8217;in kuru y\u00fcz\u00fc g\u00f6r\u00fcn\u00fcrd\u00fc&#8230; Evimin ad\u0131 &#8220;\u00c7i\u00e7ekler Evi&#8221;iydi.It\u0131rlar biterdi her yan\u0131nda g\u00fczel bir evdi\u00e7ocuklar, k\u00f6peklerle Raoul, hat\u0131l\u0131ryor musun?Raphael, ya sen?Hat\u0131rl\u0131yor musun, Federico?Sen \u015fimdi topra\u011f\u0131n alt\u0131nda yatanhat\u0131rl\u0131yor musun evimin [&hellip;]","og_url":"https:\/\/narteks.net\/index.php\/2009\/12\/29\/aciklayalim\/","og_site_name":"narteks.net","article_published_time":"2009-12-29T15:29:09+00:00","og_image":[{"width":300,"height":90,"url":"https:\/\/narteks.net\/wp-content\/uploads\/narteks.png","type":"image\/png"}],"author":"Tar\u0131k","twitter_card":"summary_large_image","twitter_creator":"@narteks","twitter_site":"@narteks","twitter_misc":{"Yazan:":"Tar\u0131k","Tahmini okuma s\u00fcresi":"1 dakika"},"schema":{"@context":"https:\/\/schema.org","@graph":[{"@type":"Article","@id":"https:\/\/narteks.net\/index.php\/2009\/12\/29\/aciklayalim\/#article","isPartOf":{"@id":"https:\/\/narteks.net\/index.php\/2009\/12\/29\/aciklayalim\/"},"author":{"name":"Tar\u0131k","@id":"https:\/\/narteks.net\/#\/schema\/person\/61f37d9834294b72d31d274e7ed79bca"},"headline":"A\u00c7IKLAYALIM","datePublished":"2009-12-29T15:29:09+00:00","mainEntityOfPage":{"@id":"https:\/\/narteks.net\/index.php\/2009\/12\/29\/aciklayalim\/"},"wordCount":250,"commentCount":0,"publisher":{"@id":"https:\/\/narteks.net\/#organization"},"articleSection":["Pablo NERUDA"],"inLanguage":"tr","potentialAction":[{"@type":"CommentAction","name":"Comment","target":["https:\/\/narteks.net\/index.php\/2009\/12\/29\/aciklayalim\/#respond"]}]},{"@type":"WebPage","@id":"https:\/\/narteks.net\/index.php\/2009\/12\/29\/aciklayalim\/","url":"https:\/\/narteks.net\/index.php\/2009\/12\/29\/aciklayalim\/","name":"A\u00c7IKLAYALIM - narteks.net","isPartOf":{"@id":"https:\/\/narteks.net\/#website"},"datePublished":"2009-12-29T15:29:09+00:00","breadcrumb":{"@id":"https:\/\/narteks.net\/index.php\/2009\/12\/29\/aciklayalim\/#breadcrumb"},"inLanguage":"tr","potentialAction":[{"@type":"ReadAction","target":["https:\/\/narteks.net\/index.php\/2009\/12\/29\/aciklayalim\/"]}]},{"@type":"BreadcrumbList","@id":"https:\/\/narteks.net\/index.php\/2009\/12\/29\/aciklayalim\/#breadcrumb","itemListElement":[{"@type":"ListItem","position":1,"name":"Anasayfa","item":"https:\/\/narteks.net\/"},{"@type":"ListItem","position":2,"name":"A\u00c7IKLAYALIM"}]},{"@type":"WebSite","@id":"https:\/\/narteks.net\/#website","url":"https:\/\/narteks.net\/","name":"narteks.net","description":"K\u00fclt\u00fcr Sanat Edebiyat Felsefe","publisher":{"@id":"https:\/\/narteks.net\/#organization"},"alternateName":"K\u00fclt\u00fcr Sanat Edebiyat Felsefe","potentialAction":[{"@type":"SearchAction","target":{"@type":"EntryPoint","urlTemplate":"https:\/\/narteks.net\/?s={search_term_string}"},"query-input":{"@type":"PropertyValueSpecification","valueRequired":true,"valueName":"search_term_string"}}],"inLanguage":"tr"},{"@type":"Organization","@id":"https:\/\/narteks.net\/#organization","name":"narteks.net","url":"https:\/\/narteks.net\/","logo":{"@type":"ImageObject","inLanguage":"tr","@id":"https:\/\/narteks.net\/#\/schema\/logo\/image\/","url":"https:\/\/narteks.net\/wp-content\/uploads\/narteks.png","contentUrl":"https:\/\/narteks.net\/wp-content\/uploads\/narteks.png","width":300,"height":90,"caption":"narteks.net"},"image":{"@id":"https:\/\/narteks.net\/#\/schema\/logo\/image\/"},"sameAs":["https:\/\/x.com\/narteks","https:\/\/instagram.com\/narteksnet"]},{"@type":"Person","@id":"https:\/\/narteks.net\/#\/schema\/person\/61f37d9834294b72d31d274e7ed79bca","name":"Tar\u0131k","image":{"@type":"ImageObject","inLanguage":"tr","@id":"https:\/\/narteks.net\/#\/schema\/person\/image\/","url":"https:\/\/secure.gravatar.com\/avatar\/50865afb55632c4ae467e0af0930f6510aa2297d8014be502a55b14f3b7550cf?s=96&d=mm&r=g","contentUrl":"https:\/\/secure.gravatar.com\/avatar\/50865afb55632c4ae467e0af0930f6510aa2297d8014be502a55b14f3b7550cf?s=96&d=mm&r=g","caption":"Tar\u0131k"},"sameAs":["http:\/\/narteks.net"],"url":"https:\/\/narteks.net\/index.php\/author\/narbak\/"}]}},"_links":{"self":[{"href":"https:\/\/narteks.net\/index.php\/wp-json\/wp\/v2\/posts\/3638","targetHints":{"allow":["GET"]}}],"collection":[{"href":"https:\/\/narteks.net\/index.php\/wp-json\/wp\/v2\/posts"}],"about":[{"href":"https:\/\/narteks.net\/index.php\/wp-json\/wp\/v2\/types\/post"}],"author":[{"embeddable":true,"href":"https:\/\/narteks.net\/index.php\/wp-json\/wp\/v2\/users\/1"}],"replies":[{"embeddable":true,"href":"https:\/\/narteks.net\/index.php\/wp-json\/wp\/v2\/comments?post=3638"}],"version-history":[{"count":0,"href":"https:\/\/narteks.net\/index.php\/wp-json\/wp\/v2\/posts\/3638\/revisions"}],"wp:attachment":[{"href":"https:\/\/narteks.net\/index.php\/wp-json\/wp\/v2\/media?parent=3638"}],"wp:term":[{"taxonomy":"category","embeddable":true,"href":"https:\/\/narteks.net\/index.php\/wp-json\/wp\/v2\/categories?post=3638"},{"taxonomy":"post_tag","embeddable":true,"href":"https:\/\/narteks.net\/index.php\/wp-json\/wp\/v2\/tags?post=3638"}],"curies":[{"name":"wp","href":"https:\/\/api.w.org\/{rel}","templated":true}]}}