{"id":3640,"date":"2009-12-29T18:33:10","date_gmt":"2009-12-29T15:33:10","guid":{"rendered":"http:\/\/localhost\/wordpress\/2009\/12\/29\/7-kasim-zafer-gunu-icin-kaside\/"},"modified":"2009-12-29T18:33:10","modified_gmt":"2009-12-29T15:33:10","slug":"7-kasim-zafer-gunu-icin-kaside","status":"publish","type":"post","link":"https:\/\/narteks.net\/index.php\/2009\/12\/29\/7-kasim-zafer-gunu-icin-kaside\/","title":{"rendered":"7 KASIM &#8211; ZAFER G\u00dcN\u00dc \u0130\u00c7\u0130N KAS\u0130DE"},"content":{"rendered":"<p>\u00a0<\/p>\n<p>Bu \u00e7ifte y\u0131ld\u00f6n\u00fcm\u00fcnde, bu g\u00fcnde, bu gecede,<br \/>bulacaklar m\u0131 \u0131ss\u0131z bir d\u00fcnyay\u0131, kar\u015f\u0131la\u015facaklar m\u0131<br \/>umutsuz y\u00fcreklerdeki derin bo\u015flukla?<br \/>Hay\u0131r, saatleriyle bir g\u00fcnden daha fazlas\u0131,<br \/>aynalar\u0131n ve k\u0131l\u0131\u00e7lar\u0131n bir ge\u00e7it t\u00f6reni bu,<br \/>gecesel k\u00f6klerinden \u015fafa\u011f\u0131 burkana dek<br \/>geceye \u00e7arpan \u00e7ifte bir \u00e7i\u00e7ektir bu.<\/p>\n<p>\u0130spanya\u2019n\u0131n G\u00fcney\u2019den gelen<br \/>g\u00fcn\u00fc, cesur g\u00fcn<br \/>demirden t\u00fcy\u00fcyle, oradan geliyorsun sen,<br \/>\u00e7atlam\u0131\u015f aln\u0131yla d\u00fc\u015fen son ki\u015fiden<br \/>ve a\u011fz\u0131nda senin yanan say\u0131lar\u0131nla!<\/p>\n<p>Ve oraya gidiyorsun bizim<br \/>h\u00e2l\u00e2 ya\u015fayan an\u0131m\u0131zla:<br \/>g\u00fcnd\u00fcn sen, kavgayd\u0131n<br \/>sen, destekliyorsun<br \/>g\u00f6r\u00fcnmeyen s\u00fctunu ve ka\u00e7\u0131\u015f\u0131 bar\u0131nd\u0131ran<br \/>rakam\u0131ndaki kan\u0131n do\u011faca\u011f\u0131 yeri!<\/p>\n<p>Yedi, Kas\u0131m, nerede ya\u015fars\u0131n?<br \/>Nerede alazlan\u0131r yapraklar, biradere nerede s\u00f6yler<br \/>do\u011frul diye v\u0131z\u0131lt\u0131n ve d\u00fc\u015fene: aya\u011fa kalk!<br \/>Nerede b\u00fcy\u00fcr kan\u0131n\u0131n defnesi<br \/>ve s\u0131zar insan\u0131n zay\u0131f etine ve y\u00fckselir havaya<br \/>bi\u00e7imlemek i\u00e7in kahraman\u0131?<\/p>\n<p>Sende, yeniden, Birlik,<br \/>sende, yeniden, ey d\u00fcnya halklar\u0131n\u0131n bac\u0131s\u0131,<br \/>ey temiz memleketi Sovyetler\u2019in. B\u00fct\u00fcn d\u00fcnyaya<br \/>yay\u0131lm\u0131\u015f yapraklar gibi b\u00fcy\u00fck tohumun d\u00f6ner sana.<\/p>\n<p>Kavganda, hi\u00e7bir a\u011flay\u0131\u015f kalmad\u0131 art\u0131k ey halk!<br \/>Her \u015fey demirden olacak, her \u015fey dolan\u0131p yaralayacak,<br \/>her \u015fey kavran\u0131lmaz sessizlik bile, ku\u015fku bile,<br \/>evet, k\u0131\u015f elleriyle ku\u015fku bile<br \/>arayacak y\u00fcreklerimizi dondurmak ve bat\u0131rmak i\u00e7in,<br \/>her \u015fey, sevin\u00e7 bile, her \u015fey demirden olacak,<br \/>zaferde yard\u0131mc\u0131 olmak i\u00e7in sana, ey bac\u0131 ve anne.<\/p>\n<p>Seni inkar edene t\u00fck\u00fcr\u00fcls\u00fcn!<br \/>Saatlerin saatinde als\u0131n cezas\u0131n\u0131 o sefil,<br \/>kan revan i\u00e7inde,<br \/>d\u00f6ns\u00fcn korkak<br \/>karanl\u0131k evine, bulsun defne y\u00fcrekli olan\u0131,<br \/>o cesur yolu, d\u00fcnyay\u0131 savunan<br \/>o kardan ve kandan cesur gemiyi!<\/p>\n<p>Sel\u00e2ml\u0131yorum seni, Sovyetler Birli\u011fi, bu g\u00fcnde,<br \/>tevazu ile: yazar ve \u015fairim ben.<br \/>Babam demiryolu i\u015f\u00e7isiydi: yoksulduk her zaman.<br \/>Seninleydim d\u00fcn, uzaklarda, o b\u00fcy\u00fck ya\u011fmurlu<br \/>k\u00fc\u00e7\u00fck \u00fclkemde. Orada b\u00fcy\u00fcd\u00fc alazl\u0131<br \/>ad\u0131n, ve halk\u0131n ba\u011fr\u0131nda yand\u0131,<br \/>cumhuriyetimin y\u00fcce g\u00f6\u011f\u00fcne dokunana dek!<\/p>\n<p>Bug\u00fcn seni d\u00fc\u015f\u00fcn\u00fcyorum, herkes seninle!<br \/>\u0130\u015flikten i\u015fli\u011fe, evden eve,<br \/>k\u0131rm\u0131z\u0131 bir ku\u015f gibi u\u00e7uyor ad\u0131n.<br \/>Kahramanlar\u0131n\u0131nd\u0131r onur<br \/>ve kan\u0131n\u0131n her damlas\u0131n\u0131nd\u0131r,<br \/>saf ve ma\u011frur meskenini savunan<br \/>y\u00fcreklerden o muazzam birikimindir onur!<br \/>Seni do\u011furan o ac\u0131 ve kahraman ekme\u011findir<br \/>onur, a\u00e7\u0131l\u0131rken zaman\u0131n kap\u0131lar\u0131<br \/>halktan ve demirden ordun \u015fark\u0131 s\u00f6yleyip y\u00fcr\u00fcrken<br \/>k\u00fcl ve \u0131ss\u0131z toprak aras\u0131nda, katillerin \u00fczerine do\u011fru,<br \/>zaferin temiz ve kutsal topra\u011f\u0131nda<br \/>bir ay gibi b\u00fcy\u00fck bir g\u00fcl ekmek i\u00e7in.<\/p>\n<p>Pablo Neruda<br \/>(\u201c\u00dc\u00e7\u00fcnc\u00fc Konaklama\u201d kitab\u0131n\u0131n 5. b\u00f6l\u00fcm\u00fcnden)<br \/>\u00c7eviren: \u0130smail Aksoy<\/p>\n<p>\u00c7evirenin Notu: \u015eiirin ilk dizesindeki \u201c\u00e7ifte y\u0131ld\u00f6n\u00fcm\u00fc\u201d, \u015fiirin yaz\u0131ld\u0131\u011f\u0131 tarih olan 7 Kas\u0131m 1941\u2019de, Madrid&#8217;de cumhuriyet\u00e7ilerin milliyet\u00e7i taburlara \u00fcst\u00fcn gelmesinin be\u015finci ve Ekim Devrimi\u2019nin yirmid\u00f6rd\u00fcnc\u00fc y\u0131ld\u00f6n\u00fcm\u00fc olmas\u0131na g\u00f6nderme yapmaktad\u0131r.<\/p>\n<p>\u0130smail Aksoy<\/p>\n","protected":false},"excerpt":{"rendered":"<p>\u00a0 Bu \u00e7ifte y\u0131ld\u00f6n\u00fcm\u00fcnde, bu g\u00fcnde, bu gecede,bulacaklar m\u0131 \u0131ss\u0131z bir d\u00fcnyay\u0131, kar\u015f\u0131la\u015facaklar m\u0131umutsuz y\u00fcreklerdeki derin bo\u015flukla?Hay\u0131r, saatleriyle bir g\u00fcnden daha fazlas\u0131,aynalar\u0131n ve k\u0131l\u0131\u00e7lar\u0131n bir ge\u00e7it t\u00f6reni bu,gecesel k\u00f6klerinden \u015fafa\u011f\u0131 burkana dekgeceye \u00e7arpan \u00e7ifte bir \u00e7i\u00e7ektir bu. \u0130spanya\u2019n\u0131n G\u00fcney\u2019den geleng\u00fcn\u00fc, cesur g\u00fcndemirden t\u00fcy\u00fcyle, oradan geliyorsun sen,\u00e7atlam\u0131\u015f aln\u0131yla d\u00fc\u015fen son ki\u015fidenve a\u011fz\u0131nda senin yanan say\u0131lar\u0131nla! Ve [&hellip;]<\/p>\n","protected":false},"author":1,"featured_media":0,"comment_status":"open","ping_status":"open","sticky":false,"template":"","format":"standard","meta":{"footnotes":""},"categories":[175],"tags":[],"class_list":{"0":"post-3640","1":"post","2":"type-post","3":"status-publish","4":"format-standard","6":"category-pablo-neruda"},"yoast_head":"<!-- This site is optimized with the Yoast SEO Premium plugin v24.9 (Yoast SEO v24.9) - https:\/\/yoast.com\/wordpress\/plugins\/seo\/ -->\n<title>7 KASIM - ZAFER G\u00dcN\u00dc \u0130\u00c7\u0130N KAS\u0130DE - narteks.net<\/title>\n<meta name=\"robots\" content=\"index, follow, max-snippet:-1, max-image-preview:large, max-video-preview:-1\" \/>\n<link rel=\"canonical\" href=\"https:\/\/narteks.net\/index.php\/2009\/12\/29\/7-kasim-zafer-gunu-icin-kaside\/\" \/>\n<meta property=\"og:locale\" content=\"tr_TR\" \/>\n<meta property=\"og:type\" content=\"article\" \/>\n<meta property=\"og:title\" content=\"7 KASIM - ZAFER G\u00dcN\u00dc \u0130\u00c7\u0130N KAS\u0130DE\" \/>\n<meta property=\"og:description\" content=\"\u00a0 Bu \u00e7ifte y\u0131ld\u00f6n\u00fcm\u00fcnde, bu g\u00fcnde, bu gecede,bulacaklar m\u0131 \u0131ss\u0131z bir d\u00fcnyay\u0131, kar\u015f\u0131la\u015facaklar m\u0131umutsuz y\u00fcreklerdeki derin bo\u015flukla?Hay\u0131r, saatleriyle bir g\u00fcnden daha fazlas\u0131,aynalar\u0131n ve k\u0131l\u0131\u00e7lar\u0131n bir ge\u00e7it t\u00f6reni bu,gecesel k\u00f6klerinden \u015fafa\u011f\u0131 burkana dekgeceye \u00e7arpan \u00e7ifte bir \u00e7i\u00e7ektir bu. \u0130spanya\u2019n\u0131n G\u00fcney\u2019den geleng\u00fcn\u00fc, cesur g\u00fcndemirden t\u00fcy\u00fcyle, oradan geliyorsun sen,\u00e7atlam\u0131\u015f aln\u0131yla d\u00fc\u015fen son ki\u015fidenve a\u011fz\u0131nda senin yanan say\u0131lar\u0131nla! Ve [&hellip;]\" \/>\n<meta property=\"og:url\" content=\"https:\/\/narteks.net\/index.php\/2009\/12\/29\/7-kasim-zafer-gunu-icin-kaside\/\" \/>\n<meta property=\"og:site_name\" content=\"narteks.net\" \/>\n<meta property=\"article:published_time\" content=\"2009-12-29T15:33:10+00:00\" \/>\n<meta property=\"og:image\" content=\"https:\/\/narteks.net\/wp-content\/uploads\/narteks.png\" \/>\n\t<meta property=\"og:image:width\" content=\"300\" \/>\n\t<meta property=\"og:image:height\" content=\"90\" \/>\n\t<meta property=\"og:image:type\" content=\"image\/png\" \/>\n<meta name=\"author\" content=\"Tar\u0131k\" \/>\n<meta name=\"twitter:card\" content=\"summary_large_image\" \/>\n<meta name=\"twitter:creator\" content=\"@narteks\" \/>\n<meta name=\"twitter:site\" content=\"@narteks\" \/>\n<meta name=\"twitter:label1\" content=\"Yazan:\" \/>\n\t<meta name=\"twitter:data1\" content=\"Tar\u0131k\" \/>\n\t<meta name=\"twitter:label2\" content=\"Tahmini okuma s\u00fcresi\" \/>\n\t<meta name=\"twitter:data2\" content=\"3 dakika\" \/>\n<script type=\"application\/ld+json\" class=\"yoast-schema-graph\">{\"@context\":\"https:\/\/schema.org\",\"@graph\":[{\"@type\":\"Article\",\"@id\":\"https:\/\/narteks.net\/index.php\/2009\/12\/29\/7-kasim-zafer-gunu-icin-kaside\/#article\",\"isPartOf\":{\"@id\":\"https:\/\/narteks.net\/index.php\/2009\/12\/29\/7-kasim-zafer-gunu-icin-kaside\/\"},\"author\":{\"name\":\"Tar\u0131k\",\"@id\":\"https:\/\/narteks.net\/#\/schema\/person\/61f37d9834294b72d31d274e7ed79bca\"},\"headline\":\"7 KASIM &#8211; ZAFER G\u00dcN\u00dc \u0130\u00c7\u0130N KAS\u0130DE\",\"datePublished\":\"2009-12-29T15:33:10+00:00\",\"mainEntityOfPage\":{\"@id\":\"https:\/\/narteks.net\/index.php\/2009\/12\/29\/7-kasim-zafer-gunu-icin-kaside\/\"},\"wordCount\":541,\"commentCount\":0,\"publisher\":{\"@id\":\"https:\/\/narteks.net\/#organization\"},\"articleSection\":[\"Pablo NERUDA\"],\"inLanguage\":\"tr\",\"potentialAction\":[{\"@type\":\"CommentAction\",\"name\":\"Comment\",\"target\":[\"https:\/\/narteks.net\/index.php\/2009\/12\/29\/7-kasim-zafer-gunu-icin-kaside\/#respond\"]}]},{\"@type\":\"WebPage\",\"@id\":\"https:\/\/narteks.net\/index.php\/2009\/12\/29\/7-kasim-zafer-gunu-icin-kaside\/\",\"url\":\"https:\/\/narteks.net\/index.php\/2009\/12\/29\/7-kasim-zafer-gunu-icin-kaside\/\",\"name\":\"7 KASIM - ZAFER G\u00dcN\u00dc \u0130\u00c7\u0130N KAS\u0130DE - narteks.net\",\"isPartOf\":{\"@id\":\"https:\/\/narteks.net\/#website\"},\"datePublished\":\"2009-12-29T15:33:10+00:00\",\"breadcrumb\":{\"@id\":\"https:\/\/narteks.net\/index.php\/2009\/12\/29\/7-kasim-zafer-gunu-icin-kaside\/#breadcrumb\"},\"inLanguage\":\"tr\",\"potentialAction\":[{\"@type\":\"ReadAction\",\"target\":[\"https:\/\/narteks.net\/index.php\/2009\/12\/29\/7-kasim-zafer-gunu-icin-kaside\/\"]}]},{\"@type\":\"BreadcrumbList\",\"@id\":\"https:\/\/narteks.net\/index.php\/2009\/12\/29\/7-kasim-zafer-gunu-icin-kaside\/#breadcrumb\",\"itemListElement\":[{\"@type\":\"ListItem\",\"position\":1,\"name\":\"Anasayfa\",\"item\":\"https:\/\/narteks.net\/\"},{\"@type\":\"ListItem\",\"position\":2,\"name\":\"7 KASIM &#8211; ZAFER G\u00dcN\u00dc \u0130\u00c7\u0130N KAS\u0130DE\"}]},{\"@type\":\"WebSite\",\"@id\":\"https:\/\/narteks.net\/#website\",\"url\":\"https:\/\/narteks.net\/\",\"name\":\"narteks.net\",\"description\":\"K\u00fclt\u00fcr Sanat Edebiyat Felsefe\",\"publisher\":{\"@id\":\"https:\/\/narteks.net\/#organization\"},\"alternateName\":\"K\u00fclt\u00fcr Sanat Edebiyat Felsefe\",\"potentialAction\":[{\"@type\":\"SearchAction\",\"target\":{\"@type\":\"EntryPoint\",\"urlTemplate\":\"https:\/\/narteks.net\/?s={search_term_string}\"},\"query-input\":{\"@type\":\"PropertyValueSpecification\",\"valueRequired\":true,\"valueName\":\"search_term_string\"}}],\"inLanguage\":\"tr\"},{\"@type\":\"Organization\",\"@id\":\"https:\/\/narteks.net\/#organization\",\"name\":\"narteks.net\",\"url\":\"https:\/\/narteks.net\/\",\"logo\":{\"@type\":\"ImageObject\",\"inLanguage\":\"tr\",\"@id\":\"https:\/\/narteks.net\/#\/schema\/logo\/image\/\",\"url\":\"https:\/\/narteks.net\/wp-content\/uploads\/narteks.png\",\"contentUrl\":\"https:\/\/narteks.net\/wp-content\/uploads\/narteks.png\",\"width\":300,\"height\":90,\"caption\":\"narteks.net\"},\"image\":{\"@id\":\"https:\/\/narteks.net\/#\/schema\/logo\/image\/\"},\"sameAs\":[\"https:\/\/x.com\/narteks\",\"https:\/\/instagram.com\/narteksnet\"]},{\"@type\":\"Person\",\"@id\":\"https:\/\/narteks.net\/#\/schema\/person\/61f37d9834294b72d31d274e7ed79bca\",\"name\":\"Tar\u0131k\",\"image\":{\"@type\":\"ImageObject\",\"inLanguage\":\"tr\",\"@id\":\"https:\/\/narteks.net\/#\/schema\/person\/image\/\",\"url\":\"https:\/\/secure.gravatar.com\/avatar\/50865afb55632c4ae467e0af0930f6510aa2297d8014be502a55b14f3b7550cf?s=96&d=mm&r=g\",\"contentUrl\":\"https:\/\/secure.gravatar.com\/avatar\/50865afb55632c4ae467e0af0930f6510aa2297d8014be502a55b14f3b7550cf?s=96&d=mm&r=g\",\"caption\":\"Tar\u0131k\"},\"sameAs\":[\"http:\/\/narteks.net\"],\"url\":\"https:\/\/narteks.net\/index.php\/author\/narbak\/\"}]}<\/script>\n<!-- \/ Yoast SEO Premium plugin. -->","yoast_head_json":{"title":"7 KASIM - ZAFER G\u00dcN\u00dc \u0130\u00c7\u0130N KAS\u0130DE - narteks.net","robots":{"index":"index","follow":"follow","max-snippet":"max-snippet:-1","max-image-preview":"max-image-preview:large","max-video-preview":"max-video-preview:-1"},"canonical":"https:\/\/narteks.net\/index.php\/2009\/12\/29\/7-kasim-zafer-gunu-icin-kaside\/","og_locale":"tr_TR","og_type":"article","og_title":"7 KASIM - ZAFER G\u00dcN\u00dc \u0130\u00c7\u0130N KAS\u0130DE","og_description":"\u00a0 Bu \u00e7ifte y\u0131ld\u00f6n\u00fcm\u00fcnde, bu g\u00fcnde, bu gecede,bulacaklar m\u0131 \u0131ss\u0131z bir d\u00fcnyay\u0131, kar\u015f\u0131la\u015facaklar m\u0131umutsuz y\u00fcreklerdeki derin bo\u015flukla?Hay\u0131r, saatleriyle bir g\u00fcnden daha fazlas\u0131,aynalar\u0131n ve k\u0131l\u0131\u00e7lar\u0131n bir ge\u00e7it t\u00f6reni bu,gecesel k\u00f6klerinden \u015fafa\u011f\u0131 burkana dekgeceye \u00e7arpan \u00e7ifte bir \u00e7i\u00e7ektir bu. \u0130spanya\u2019n\u0131n G\u00fcney\u2019den geleng\u00fcn\u00fc, cesur g\u00fcndemirden t\u00fcy\u00fcyle, oradan geliyorsun sen,\u00e7atlam\u0131\u015f aln\u0131yla d\u00fc\u015fen son ki\u015fidenve a\u011fz\u0131nda senin yanan say\u0131lar\u0131nla! Ve [&hellip;]","og_url":"https:\/\/narteks.net\/index.php\/2009\/12\/29\/7-kasim-zafer-gunu-icin-kaside\/","og_site_name":"narteks.net","article_published_time":"2009-12-29T15:33:10+00:00","og_image":[{"width":300,"height":90,"url":"https:\/\/narteks.net\/wp-content\/uploads\/narteks.png","type":"image\/png"}],"author":"Tar\u0131k","twitter_card":"summary_large_image","twitter_creator":"@narteks","twitter_site":"@narteks","twitter_misc":{"Yazan:":"Tar\u0131k","Tahmini okuma s\u00fcresi":"3 dakika"},"schema":{"@context":"https:\/\/schema.org","@graph":[{"@type":"Article","@id":"https:\/\/narteks.net\/index.php\/2009\/12\/29\/7-kasim-zafer-gunu-icin-kaside\/#article","isPartOf":{"@id":"https:\/\/narteks.net\/index.php\/2009\/12\/29\/7-kasim-zafer-gunu-icin-kaside\/"},"author":{"name":"Tar\u0131k","@id":"https:\/\/narteks.net\/#\/schema\/person\/61f37d9834294b72d31d274e7ed79bca"},"headline":"7 KASIM &#8211; ZAFER G\u00dcN\u00dc \u0130\u00c7\u0130N KAS\u0130DE","datePublished":"2009-12-29T15:33:10+00:00","mainEntityOfPage":{"@id":"https:\/\/narteks.net\/index.php\/2009\/12\/29\/7-kasim-zafer-gunu-icin-kaside\/"},"wordCount":541,"commentCount":0,"publisher":{"@id":"https:\/\/narteks.net\/#organization"},"articleSection":["Pablo NERUDA"],"inLanguage":"tr","potentialAction":[{"@type":"CommentAction","name":"Comment","target":["https:\/\/narteks.net\/index.php\/2009\/12\/29\/7-kasim-zafer-gunu-icin-kaside\/#respond"]}]},{"@type":"WebPage","@id":"https:\/\/narteks.net\/index.php\/2009\/12\/29\/7-kasim-zafer-gunu-icin-kaside\/","url":"https:\/\/narteks.net\/index.php\/2009\/12\/29\/7-kasim-zafer-gunu-icin-kaside\/","name":"7 KASIM - ZAFER G\u00dcN\u00dc \u0130\u00c7\u0130N KAS\u0130DE - narteks.net","isPartOf":{"@id":"https:\/\/narteks.net\/#website"},"datePublished":"2009-12-29T15:33:10+00:00","breadcrumb":{"@id":"https:\/\/narteks.net\/index.php\/2009\/12\/29\/7-kasim-zafer-gunu-icin-kaside\/#breadcrumb"},"inLanguage":"tr","potentialAction":[{"@type":"ReadAction","target":["https:\/\/narteks.net\/index.php\/2009\/12\/29\/7-kasim-zafer-gunu-icin-kaside\/"]}]},{"@type":"BreadcrumbList","@id":"https:\/\/narteks.net\/index.php\/2009\/12\/29\/7-kasim-zafer-gunu-icin-kaside\/#breadcrumb","itemListElement":[{"@type":"ListItem","position":1,"name":"Anasayfa","item":"https:\/\/narteks.net\/"},{"@type":"ListItem","position":2,"name":"7 KASIM &#8211; ZAFER G\u00dcN\u00dc \u0130\u00c7\u0130N KAS\u0130DE"}]},{"@type":"WebSite","@id":"https:\/\/narteks.net\/#website","url":"https:\/\/narteks.net\/","name":"narteks.net","description":"K\u00fclt\u00fcr Sanat Edebiyat Felsefe","publisher":{"@id":"https:\/\/narteks.net\/#organization"},"alternateName":"K\u00fclt\u00fcr Sanat Edebiyat Felsefe","potentialAction":[{"@type":"SearchAction","target":{"@type":"EntryPoint","urlTemplate":"https:\/\/narteks.net\/?s={search_term_string}"},"query-input":{"@type":"PropertyValueSpecification","valueRequired":true,"valueName":"search_term_string"}}],"inLanguage":"tr"},{"@type":"Organization","@id":"https:\/\/narteks.net\/#organization","name":"narteks.net","url":"https:\/\/narteks.net\/","logo":{"@type":"ImageObject","inLanguage":"tr","@id":"https:\/\/narteks.net\/#\/schema\/logo\/image\/","url":"https:\/\/narteks.net\/wp-content\/uploads\/narteks.png","contentUrl":"https:\/\/narteks.net\/wp-content\/uploads\/narteks.png","width":300,"height":90,"caption":"narteks.net"},"image":{"@id":"https:\/\/narteks.net\/#\/schema\/logo\/image\/"},"sameAs":["https:\/\/x.com\/narteks","https:\/\/instagram.com\/narteksnet"]},{"@type":"Person","@id":"https:\/\/narteks.net\/#\/schema\/person\/61f37d9834294b72d31d274e7ed79bca","name":"Tar\u0131k","image":{"@type":"ImageObject","inLanguage":"tr","@id":"https:\/\/narteks.net\/#\/schema\/person\/image\/","url":"https:\/\/secure.gravatar.com\/avatar\/50865afb55632c4ae467e0af0930f6510aa2297d8014be502a55b14f3b7550cf?s=96&d=mm&r=g","contentUrl":"https:\/\/secure.gravatar.com\/avatar\/50865afb55632c4ae467e0af0930f6510aa2297d8014be502a55b14f3b7550cf?s=96&d=mm&r=g","caption":"Tar\u0131k"},"sameAs":["http:\/\/narteks.net"],"url":"https:\/\/narteks.net\/index.php\/author\/narbak\/"}]}},"_links":{"self":[{"href":"https:\/\/narteks.net\/index.php\/wp-json\/wp\/v2\/posts\/3640","targetHints":{"allow":["GET"]}}],"collection":[{"href":"https:\/\/narteks.net\/index.php\/wp-json\/wp\/v2\/posts"}],"about":[{"href":"https:\/\/narteks.net\/index.php\/wp-json\/wp\/v2\/types\/post"}],"author":[{"embeddable":true,"href":"https:\/\/narteks.net\/index.php\/wp-json\/wp\/v2\/users\/1"}],"replies":[{"embeddable":true,"href":"https:\/\/narteks.net\/index.php\/wp-json\/wp\/v2\/comments?post=3640"}],"version-history":[{"count":0,"href":"https:\/\/narteks.net\/index.php\/wp-json\/wp\/v2\/posts\/3640\/revisions"}],"wp:attachment":[{"href":"https:\/\/narteks.net\/index.php\/wp-json\/wp\/v2\/media?parent=3640"}],"wp:term":[{"taxonomy":"category","embeddable":true,"href":"https:\/\/narteks.net\/index.php\/wp-json\/wp\/v2\/categories?post=3640"},{"taxonomy":"post_tag","embeddable":true,"href":"https:\/\/narteks.net\/index.php\/wp-json\/wp\/v2\/tags?post=3640"}],"curies":[{"name":"wp","href":"https:\/\/api.w.org\/{rel}","templated":true}]}}