{"id":3642,"date":"2009-12-29T18:34:26","date_gmt":"2009-12-29T15:34:26","guid":{"rendered":"http:\/\/localhost\/wordpress\/2009\/12\/29\/aci-cekmedim\/"},"modified":"2009-12-29T18:34:26","modified_gmt":"2009-12-29T15:34:26","slug":"aci-cekmedim","status":"publish","type":"post","link":"https:\/\/narteks.net\/index.php\/2009\/12\/29\/aci-cekmedim\/","title":{"rendered":"ACI \u00c7EKMED\u0130M"},"content":{"rendered":"<p>\u00a0<\/p>\n<p>Fakat ac\u0131 \u00e7ektim mi? Ac\u0131 \u00e7ekmedim. Sadece halk\u0131m\u0131n<br \/>ac\u0131 \u00e7ekmesinden \u00f6t\u00fcr\u00fc ac\u0131 \u00e7ekiyorum. Ya\u015f\u0131yorum<br \/>i\u00e7inde, ya\u015f\u0131yorum anayurdumda, bir h\u00fccre gibi<br \/>o sonsuz ve alazl\u0131 kanda.<br \/>Zaman\u0131m yok kendi ac\u0131lar\u0131ma.<br \/>Kimse ac\u0131 \u00e7ekmemi sa\u011flayamaz<br \/>bana temiz g\u00fcvenlerini veren bu hayatlar olmadan,<br \/>ve bir hain gibi b\u0131rakt\u0131 \u00f6l\u00fc ma\u011faran\u0131n<br \/>dibine vursun diye, ne ki geri d\u00f6nece\u011fiz<br \/>oradan ve y\u00fckseltece\u011fiz g\u00fcl\u00fc.<\/p>\n<p>Cellat benim y\u00fcre\u011fimi yarg\u0131las\u0131n diye<br \/>bask\u0131 yapt\u0131\u011f\u0131nda yarg\u0131\u00e7lara,<br \/>a\u00e7t\u0131 o kararl\u0131 kitle,<br \/>halk\u0131m, o muazzam labirentini,<br \/>a\u015fklar\u0131n\u0131n uyudu\u011fu o bodrumu,<br \/>ve orada tuttular beni, g\u00f6zetleyerek<br \/>\u0131\u015f\u0131k ve hava gelinceye dek.<br \/>S\u00f6ylemi\u015flerdi: \u201cBor\u00e7lusun bize,<br \/>sensin koyacak o so\u011fuk i\u015fareti<br \/>o k\u00f6t\u00fcc\u00fcl kirli isme\u201d.<br \/>Ac\u0131 \u00e7ektim, sadece ac\u0131 \u00e7ekememekten \u00f6t\u00fcr\u00fc.<br \/>Biraderlerimin karanl\u0131k hapishanelerinden<br \/>ge\u00e7ememekten \u00f6t\u00fcr\u00fc,<br \/>b\u00fct\u00fcn ac\u0131lar\u0131mla bir yara gibi,<br \/>ve her bir topallayan ad\u0131m yeti\u015fti bana,<br \/>senin s\u0131rt\u0131na inen her bir darbe paralad\u0131 beni,<br \/>senin \u015fehadetinden her bir damla kan<br \/>kanayan \u015fark\u0131ma s\u0131zd\u0131 gitti.<\/p>\n<p>Pablo Neruda<br \/>\u00c7eviren: \u0130smail Aksoy<br \/>(\u201cEvrensel \u015eark\u0131\u201dn\u0131n \u201cKaranl\u0131ktaki Anayurduma Yeni Y\u0131l \u0130lahisi\u201d adl\u0131 b\u00f6l\u00fcm\u00fcnden)<\/p>\n","protected":false},"excerpt":{"rendered":"<p>\u00a0 Fakat ac\u0131 \u00e7ektim mi? Ac\u0131 \u00e7ekmedim. Sadece halk\u0131m\u0131nac\u0131 \u00e7ekmesinden \u00f6t\u00fcr\u00fc ac\u0131 \u00e7ekiyorum. Ya\u015f\u0131yorumi\u00e7inde, ya\u015f\u0131yorum anayurdumda, bir h\u00fccre gibio sonsuz ve alazl\u0131 kanda.Zaman\u0131m yok kendi ac\u0131lar\u0131ma.Kimse ac\u0131 \u00e7ekmemi sa\u011flayamazbana temiz g\u00fcvenlerini veren bu hayatlar olmadan,ve bir hain gibi b\u0131rakt\u0131 \u00f6l\u00fc ma\u011faran\u0131ndibine vursun diye, ne ki geri d\u00f6nece\u011fizoradan ve y\u00fckseltece\u011fiz g\u00fcl\u00fc. Cellat benim y\u00fcre\u011fimi yarg\u0131las\u0131n diyebask\u0131 [&hellip;]<\/p>\n","protected":false},"author":1,"featured_media":0,"comment_status":"open","ping_status":"open","sticky":false,"template":"","format":"standard","meta":{"footnotes":""},"categories":[175],"tags":[],"class_list":{"0":"post-3642","1":"post","2":"type-post","3":"status-publish","4":"format-standard","6":"category-pablo-neruda"},"yoast_head":"<!-- This site is optimized with the Yoast SEO Premium plugin v24.9 (Yoast SEO v24.9) - https:\/\/yoast.com\/wordpress\/plugins\/seo\/ -->\n<title>ACI \u00c7EKMED\u0130M - narteks.net<\/title>\n<meta name=\"robots\" content=\"index, follow, max-snippet:-1, max-image-preview:large, max-video-preview:-1\" \/>\n<link rel=\"canonical\" href=\"https:\/\/narteks.net\/index.php\/2009\/12\/29\/aci-cekmedim\/\" \/>\n<meta property=\"og:locale\" content=\"tr_TR\" \/>\n<meta property=\"og:type\" content=\"article\" \/>\n<meta property=\"og:title\" content=\"ACI \u00c7EKMED\u0130M\" \/>\n<meta property=\"og:description\" content=\"\u00a0 Fakat ac\u0131 \u00e7ektim mi? Ac\u0131 \u00e7ekmedim. Sadece halk\u0131m\u0131nac\u0131 \u00e7ekmesinden \u00f6t\u00fcr\u00fc ac\u0131 \u00e7ekiyorum. Ya\u015f\u0131yorumi\u00e7inde, ya\u015f\u0131yorum anayurdumda, bir h\u00fccre gibio sonsuz ve alazl\u0131 kanda.Zaman\u0131m yok kendi ac\u0131lar\u0131ma.Kimse ac\u0131 \u00e7ekmemi sa\u011flayamazbana temiz g\u00fcvenlerini veren bu hayatlar olmadan,ve bir hain gibi b\u0131rakt\u0131 \u00f6l\u00fc ma\u011faran\u0131ndibine vursun diye, ne ki geri d\u00f6nece\u011fizoradan ve y\u00fckseltece\u011fiz g\u00fcl\u00fc. Cellat benim y\u00fcre\u011fimi yarg\u0131las\u0131n diyebask\u0131 [&hellip;]\" \/>\n<meta property=\"og:url\" content=\"https:\/\/narteks.net\/index.php\/2009\/12\/29\/aci-cekmedim\/\" \/>\n<meta property=\"og:site_name\" content=\"narteks.net\" \/>\n<meta property=\"article:published_time\" content=\"2009-12-29T15:34:26+00:00\" \/>\n<meta property=\"og:image\" content=\"https:\/\/narteks.net\/wp-content\/uploads\/narteks.png\" \/>\n\t<meta property=\"og:image:width\" content=\"300\" \/>\n\t<meta property=\"og:image:height\" content=\"90\" \/>\n\t<meta property=\"og:image:type\" content=\"image\/png\" \/>\n<meta name=\"author\" content=\"Tar\u0131k\" \/>\n<meta name=\"twitter:card\" content=\"summary_large_image\" \/>\n<meta name=\"twitter:creator\" content=\"@narteks\" \/>\n<meta name=\"twitter:site\" content=\"@narteks\" \/>\n<meta name=\"twitter:label1\" content=\"Yazan:\" \/>\n\t<meta name=\"twitter:data1\" content=\"Tar\u0131k\" \/>\n\t<meta name=\"twitter:label2\" content=\"Tahmini okuma s\u00fcresi\" \/>\n\t<meta name=\"twitter:data2\" content=\"1 dakika\" \/>\n<script type=\"application\/ld+json\" class=\"yoast-schema-graph\">{\"@context\":\"https:\/\/schema.org\",\"@graph\":[{\"@type\":\"Article\",\"@id\":\"https:\/\/narteks.net\/index.php\/2009\/12\/29\/aci-cekmedim\/#article\",\"isPartOf\":{\"@id\":\"https:\/\/narteks.net\/index.php\/2009\/12\/29\/aci-cekmedim\/\"},\"author\":{\"name\":\"Tar\u0131k\",\"@id\":\"https:\/\/narteks.net\/#\/schema\/person\/61f37d9834294b72d31d274e7ed79bca\"},\"headline\":\"ACI \u00c7EKMED\u0130M\",\"datePublished\":\"2009-12-29T15:34:26+00:00\",\"mainEntityOfPage\":{\"@id\":\"https:\/\/narteks.net\/index.php\/2009\/12\/29\/aci-cekmedim\/\"},\"wordCount\":210,\"commentCount\":0,\"publisher\":{\"@id\":\"https:\/\/narteks.net\/#organization\"},\"articleSection\":[\"Pablo NERUDA\"],\"inLanguage\":\"tr\",\"potentialAction\":[{\"@type\":\"CommentAction\",\"name\":\"Comment\",\"target\":[\"https:\/\/narteks.net\/index.php\/2009\/12\/29\/aci-cekmedim\/#respond\"]}]},{\"@type\":\"WebPage\",\"@id\":\"https:\/\/narteks.net\/index.php\/2009\/12\/29\/aci-cekmedim\/\",\"url\":\"https:\/\/narteks.net\/index.php\/2009\/12\/29\/aci-cekmedim\/\",\"name\":\"ACI \u00c7EKMED\u0130M - narteks.net\",\"isPartOf\":{\"@id\":\"https:\/\/narteks.net\/#website\"},\"datePublished\":\"2009-12-29T15:34:26+00:00\",\"breadcrumb\":{\"@id\":\"https:\/\/narteks.net\/index.php\/2009\/12\/29\/aci-cekmedim\/#breadcrumb\"},\"inLanguage\":\"tr\",\"potentialAction\":[{\"@type\":\"ReadAction\",\"target\":[\"https:\/\/narteks.net\/index.php\/2009\/12\/29\/aci-cekmedim\/\"]}]},{\"@type\":\"BreadcrumbList\",\"@id\":\"https:\/\/narteks.net\/index.php\/2009\/12\/29\/aci-cekmedim\/#breadcrumb\",\"itemListElement\":[{\"@type\":\"ListItem\",\"position\":1,\"name\":\"Anasayfa\",\"item\":\"https:\/\/narteks.net\/\"},{\"@type\":\"ListItem\",\"position\":2,\"name\":\"ACI \u00c7EKMED\u0130M\"}]},{\"@type\":\"WebSite\",\"@id\":\"https:\/\/narteks.net\/#website\",\"url\":\"https:\/\/narteks.net\/\",\"name\":\"narteks.net\",\"description\":\"K\u00fclt\u00fcr Sanat Edebiyat Felsefe\",\"publisher\":{\"@id\":\"https:\/\/narteks.net\/#organization\"},\"alternateName\":\"K\u00fclt\u00fcr Sanat Edebiyat Felsefe\",\"potentialAction\":[{\"@type\":\"SearchAction\",\"target\":{\"@type\":\"EntryPoint\",\"urlTemplate\":\"https:\/\/narteks.net\/?s={search_term_string}\"},\"query-input\":{\"@type\":\"PropertyValueSpecification\",\"valueRequired\":true,\"valueName\":\"search_term_string\"}}],\"inLanguage\":\"tr\"},{\"@type\":\"Organization\",\"@id\":\"https:\/\/narteks.net\/#organization\",\"name\":\"narteks.net\",\"url\":\"https:\/\/narteks.net\/\",\"logo\":{\"@type\":\"ImageObject\",\"inLanguage\":\"tr\",\"@id\":\"https:\/\/narteks.net\/#\/schema\/logo\/image\/\",\"url\":\"https:\/\/narteks.net\/wp-content\/uploads\/narteks.png\",\"contentUrl\":\"https:\/\/narteks.net\/wp-content\/uploads\/narteks.png\",\"width\":300,\"height\":90,\"caption\":\"narteks.net\"},\"image\":{\"@id\":\"https:\/\/narteks.net\/#\/schema\/logo\/image\/\"},\"sameAs\":[\"https:\/\/x.com\/narteks\",\"https:\/\/instagram.com\/narteksnet\"]},{\"@type\":\"Person\",\"@id\":\"https:\/\/narteks.net\/#\/schema\/person\/61f37d9834294b72d31d274e7ed79bca\",\"name\":\"Tar\u0131k\",\"image\":{\"@type\":\"ImageObject\",\"inLanguage\":\"tr\",\"@id\":\"https:\/\/narteks.net\/#\/schema\/person\/image\/\",\"url\":\"https:\/\/secure.gravatar.com\/avatar\/50865afb55632c4ae467e0af0930f6510aa2297d8014be502a55b14f3b7550cf?s=96&d=mm&r=g\",\"contentUrl\":\"https:\/\/secure.gravatar.com\/avatar\/50865afb55632c4ae467e0af0930f6510aa2297d8014be502a55b14f3b7550cf?s=96&d=mm&r=g\",\"caption\":\"Tar\u0131k\"},\"sameAs\":[\"http:\/\/narteks.net\"],\"url\":\"https:\/\/narteks.net\/index.php\/author\/narbak\/\"}]}<\/script>\n<!-- \/ Yoast SEO Premium plugin. -->","yoast_head_json":{"title":"ACI \u00c7EKMED\u0130M - narteks.net","robots":{"index":"index","follow":"follow","max-snippet":"max-snippet:-1","max-image-preview":"max-image-preview:large","max-video-preview":"max-video-preview:-1"},"canonical":"https:\/\/narteks.net\/index.php\/2009\/12\/29\/aci-cekmedim\/","og_locale":"tr_TR","og_type":"article","og_title":"ACI \u00c7EKMED\u0130M","og_description":"\u00a0 Fakat ac\u0131 \u00e7ektim mi? Ac\u0131 \u00e7ekmedim. Sadece halk\u0131m\u0131nac\u0131 \u00e7ekmesinden \u00f6t\u00fcr\u00fc ac\u0131 \u00e7ekiyorum. Ya\u015f\u0131yorumi\u00e7inde, ya\u015f\u0131yorum anayurdumda, bir h\u00fccre gibio sonsuz ve alazl\u0131 kanda.Zaman\u0131m yok kendi ac\u0131lar\u0131ma.Kimse ac\u0131 \u00e7ekmemi sa\u011flayamazbana temiz g\u00fcvenlerini veren bu hayatlar olmadan,ve bir hain gibi b\u0131rakt\u0131 \u00f6l\u00fc ma\u011faran\u0131ndibine vursun diye, ne ki geri d\u00f6nece\u011fizoradan ve y\u00fckseltece\u011fiz g\u00fcl\u00fc. Cellat benim y\u00fcre\u011fimi yarg\u0131las\u0131n diyebask\u0131 [&hellip;]","og_url":"https:\/\/narteks.net\/index.php\/2009\/12\/29\/aci-cekmedim\/","og_site_name":"narteks.net","article_published_time":"2009-12-29T15:34:26+00:00","og_image":[{"width":300,"height":90,"url":"https:\/\/narteks.net\/wp-content\/uploads\/narteks.png","type":"image\/png"}],"author":"Tar\u0131k","twitter_card":"summary_large_image","twitter_creator":"@narteks","twitter_site":"@narteks","twitter_misc":{"Yazan:":"Tar\u0131k","Tahmini okuma s\u00fcresi":"1 dakika"},"schema":{"@context":"https:\/\/schema.org","@graph":[{"@type":"Article","@id":"https:\/\/narteks.net\/index.php\/2009\/12\/29\/aci-cekmedim\/#article","isPartOf":{"@id":"https:\/\/narteks.net\/index.php\/2009\/12\/29\/aci-cekmedim\/"},"author":{"name":"Tar\u0131k","@id":"https:\/\/narteks.net\/#\/schema\/person\/61f37d9834294b72d31d274e7ed79bca"},"headline":"ACI \u00c7EKMED\u0130M","datePublished":"2009-12-29T15:34:26+00:00","mainEntityOfPage":{"@id":"https:\/\/narteks.net\/index.php\/2009\/12\/29\/aci-cekmedim\/"},"wordCount":210,"commentCount":0,"publisher":{"@id":"https:\/\/narteks.net\/#organization"},"articleSection":["Pablo NERUDA"],"inLanguage":"tr","potentialAction":[{"@type":"CommentAction","name":"Comment","target":["https:\/\/narteks.net\/index.php\/2009\/12\/29\/aci-cekmedim\/#respond"]}]},{"@type":"WebPage","@id":"https:\/\/narteks.net\/index.php\/2009\/12\/29\/aci-cekmedim\/","url":"https:\/\/narteks.net\/index.php\/2009\/12\/29\/aci-cekmedim\/","name":"ACI \u00c7EKMED\u0130M - narteks.net","isPartOf":{"@id":"https:\/\/narteks.net\/#website"},"datePublished":"2009-12-29T15:34:26+00:00","breadcrumb":{"@id":"https:\/\/narteks.net\/index.php\/2009\/12\/29\/aci-cekmedim\/#breadcrumb"},"inLanguage":"tr","potentialAction":[{"@type":"ReadAction","target":["https:\/\/narteks.net\/index.php\/2009\/12\/29\/aci-cekmedim\/"]}]},{"@type":"BreadcrumbList","@id":"https:\/\/narteks.net\/index.php\/2009\/12\/29\/aci-cekmedim\/#breadcrumb","itemListElement":[{"@type":"ListItem","position":1,"name":"Anasayfa","item":"https:\/\/narteks.net\/"},{"@type":"ListItem","position":2,"name":"ACI \u00c7EKMED\u0130M"}]},{"@type":"WebSite","@id":"https:\/\/narteks.net\/#website","url":"https:\/\/narteks.net\/","name":"narteks.net","description":"K\u00fclt\u00fcr Sanat Edebiyat Felsefe","publisher":{"@id":"https:\/\/narteks.net\/#organization"},"alternateName":"K\u00fclt\u00fcr Sanat Edebiyat Felsefe","potentialAction":[{"@type":"SearchAction","target":{"@type":"EntryPoint","urlTemplate":"https:\/\/narteks.net\/?s={search_term_string}"},"query-input":{"@type":"PropertyValueSpecification","valueRequired":true,"valueName":"search_term_string"}}],"inLanguage":"tr"},{"@type":"Organization","@id":"https:\/\/narteks.net\/#organization","name":"narteks.net","url":"https:\/\/narteks.net\/","logo":{"@type":"ImageObject","inLanguage":"tr","@id":"https:\/\/narteks.net\/#\/schema\/logo\/image\/","url":"https:\/\/narteks.net\/wp-content\/uploads\/narteks.png","contentUrl":"https:\/\/narteks.net\/wp-content\/uploads\/narteks.png","width":300,"height":90,"caption":"narteks.net"},"image":{"@id":"https:\/\/narteks.net\/#\/schema\/logo\/image\/"},"sameAs":["https:\/\/x.com\/narteks","https:\/\/instagram.com\/narteksnet"]},{"@type":"Person","@id":"https:\/\/narteks.net\/#\/schema\/person\/61f37d9834294b72d31d274e7ed79bca","name":"Tar\u0131k","image":{"@type":"ImageObject","inLanguage":"tr","@id":"https:\/\/narteks.net\/#\/schema\/person\/image\/","url":"https:\/\/secure.gravatar.com\/avatar\/50865afb55632c4ae467e0af0930f6510aa2297d8014be502a55b14f3b7550cf?s=96&d=mm&r=g","contentUrl":"https:\/\/secure.gravatar.com\/avatar\/50865afb55632c4ae467e0af0930f6510aa2297d8014be502a55b14f3b7550cf?s=96&d=mm&r=g","caption":"Tar\u0131k"},"sameAs":["http:\/\/narteks.net"],"url":"https:\/\/narteks.net\/index.php\/author\/narbak\/"}]}},"_links":{"self":[{"href":"https:\/\/narteks.net\/index.php\/wp-json\/wp\/v2\/posts\/3642","targetHints":{"allow":["GET"]}}],"collection":[{"href":"https:\/\/narteks.net\/index.php\/wp-json\/wp\/v2\/posts"}],"about":[{"href":"https:\/\/narteks.net\/index.php\/wp-json\/wp\/v2\/types\/post"}],"author":[{"embeddable":true,"href":"https:\/\/narteks.net\/index.php\/wp-json\/wp\/v2\/users\/1"}],"replies":[{"embeddable":true,"href":"https:\/\/narteks.net\/index.php\/wp-json\/wp\/v2\/comments?post=3642"}],"version-history":[{"count":0,"href":"https:\/\/narteks.net\/index.php\/wp-json\/wp\/v2\/posts\/3642\/revisions"}],"wp:attachment":[{"href":"https:\/\/narteks.net\/index.php\/wp-json\/wp\/v2\/media?parent=3642"}],"wp:term":[{"taxonomy":"category","embeddable":true,"href":"https:\/\/narteks.net\/index.php\/wp-json\/wp\/v2\/categories?post=3642"},{"taxonomy":"post_tag","embeddable":true,"href":"https:\/\/narteks.net\/index.php\/wp-json\/wp\/v2\/tags?post=3642"}],"curies":[{"name":"wp","href":"https:\/\/api.w.org\/{rel}","templated":true}]}}