{"id":3644,"date":"2009-12-29T18:36:29","date_gmt":"2009-12-29T15:36:29","guid":{"rendered":"http:\/\/localhost\/wordpress\/2009\/12\/29\/adada-gece\/"},"modified":"2009-12-29T18:36:29","modified_gmt":"2009-12-29T15:36:29","slug":"adada-gece","status":"publish","type":"post","link":"https:\/\/narteks.net\/index.php\/2009\/12\/29\/adada-gece\/","title":{"rendered":"ADADA GECE"},"content":{"rendered":"<p>\u00a0<\/p>\n<p>B\u00fct\u00fcn gece seninle yatt\u0131m<br \/>denizin yak\u0131n\u0131nda, adada.<br \/>Yaban\u0131l ve uysald\u0131n sevin\u00e7le uyku aras\u0131nda,<br \/>ate\u015fle su aras\u0131nda.<\/p>\n<p>Belki \u00e7ok ge\u00e7<br \/>birle\u015fti d\u00fc\u015flerimiz<br \/>dorukta ya da dipte,<br \/>ayn\u0131 r\u00fczg\u00e2rla k\u0131m\u0131ldayan dallar gibi yukar\u0131da,<br \/>birbirine dokunan k\u0131z\u0131l k\u00f6kler gibi a\u015fa\u011f\u0131da.<\/p>\n<p>Belki ayr\u0131ld\u0131 d\u00fc\u015f\u00fcn<br \/>benimkinden<br \/>ve arad\u0131 beni<br \/>\u00f6nce oldu\u011fu gibi<br \/>karanl\u0131k denizde,<br \/>sen hen\u00fcz kendin de\u011filken,<br \/>ben fark\u0131nda de\u011filken senin<br \/>yelken a\u00e7m\u0131\u015f ge\u00e7iyordum yan\u0131ndan,<br \/>ve g\u00f6zlerin arad\u0131<br \/>\u015fimdi sana c\u00f6mert\u00e7e verdi\u011fimi<br \/>&#8211; ekme\u011fi, \u015farab\u0131, a\u015fk\u0131 ve yabans\u0131l\u0131\u011f\u0131 &#8211;<br \/>\u00e7\u00fcnk\u00fc hayat\u0131m\u0131n arma\u011fanlar\u0131n\u0131<br \/>beklemi\u015f kadehsin sen.<\/p>\n<p>Seninle yatt\u0131m<br \/>b\u00fct\u00fcn gece,<br \/>karanl\u0131k toprak d\u00f6nerken<br \/>ya\u015fayanlarla ve \u00f6l\u00fclerle,<br \/>ve ans\u0131z\u0131n uyand\u0131\u011f\u0131mda,<br \/>hen\u00fcz tam karanl\u0131k de\u011filken,<br \/>kayd\u0131 elim belinde.<br \/>Ne gece ne de uyku<br \/>ay\u0131rabilirdi bizi.<\/p>\n<p>Seninle yatt\u0131m,<br \/>ve uyand\u0131\u011f\u0131mda, ve a\u011fz\u0131n<br \/>kurtuldu\u011funda d\u00fc\u015f\u00fcnden,<br \/>verdi bana topra\u011f\u0131n lezzetini,<br \/>deniz suyundan, yosundan,<br \/>hayat\u0131n\u0131n derinli\u011finden,<br \/>ve ald\u0131m \u00f6p\u00fc\u015f\u00fcn\u00fc,<br \/>sabah k\u0131z\u0131ll\u0131\u011f\u0131yla \u0131slanm\u0131\u015f,<br \/>bizi \u00e7evreleyen denizden<br \/>bana gelmi\u015f.<\/p>\n<p>Pablo Neruda<br \/>\u00c7eviren: \u0130smail Aksoy<br \/>\u201cKaptan\u0131n Dizeleri\u201d nden<\/p>\n","protected":false},"excerpt":{"rendered":"<p>\u00a0 B\u00fct\u00fcn gece seninle yatt\u0131mdenizin yak\u0131n\u0131nda, adada.Yaban\u0131l ve uysald\u0131n sevin\u00e7le uyku aras\u0131nda,ate\u015fle su aras\u0131nda. Belki \u00e7ok ge\u00e7birle\u015fti d\u00fc\u015flerimizdorukta ya da dipte,ayn\u0131 r\u00fczg\u00e2rla k\u0131m\u0131ldayan dallar gibi yukar\u0131da,birbirine dokunan k\u0131z\u0131l k\u00f6kler gibi a\u015fa\u011f\u0131da. Belki ayr\u0131ld\u0131 d\u00fc\u015f\u00fcnbenimkindenve arad\u0131 beni\u00f6nce oldu\u011fu gibikaranl\u0131k denizde,sen hen\u00fcz kendin de\u011filken,ben fark\u0131nda de\u011filken seninyelken a\u00e7m\u0131\u015f ge\u00e7iyordum yan\u0131ndan,ve g\u00f6zlerin arad\u0131\u015fimdi sana c\u00f6mert\u00e7e verdi\u011fimi&#8211; ekme\u011fi, \u015farab\u0131, [&hellip;]<\/p>\n","protected":false},"author":1,"featured_media":0,"comment_status":"open","ping_status":"open","sticky":false,"template":"","format":"standard","meta":{"footnotes":""},"categories":[175],"tags":[],"class_list":{"0":"post-3644","1":"post","2":"type-post","3":"status-publish","4":"format-standard","6":"category-pablo-neruda"},"yoast_head":"<!-- This site is optimized with the Yoast SEO Premium plugin v24.9 (Yoast SEO v24.9) - https:\/\/yoast.com\/wordpress\/plugins\/seo\/ -->\n<title>ADADA GECE - narteks.net<\/title>\n<meta name=\"robots\" content=\"index, follow, max-snippet:-1, max-image-preview:large, max-video-preview:-1\" \/>\n<link rel=\"canonical\" href=\"https:\/\/narteks.net\/index.php\/2009\/12\/29\/adada-gece\/\" \/>\n<meta property=\"og:locale\" content=\"tr_TR\" \/>\n<meta property=\"og:type\" content=\"article\" \/>\n<meta property=\"og:title\" content=\"ADADA GECE\" \/>\n<meta property=\"og:description\" content=\"\u00a0 B\u00fct\u00fcn gece seninle yatt\u0131mdenizin yak\u0131n\u0131nda, adada.Yaban\u0131l ve uysald\u0131n sevin\u00e7le uyku aras\u0131nda,ate\u015fle su aras\u0131nda. Belki \u00e7ok ge\u00e7birle\u015fti d\u00fc\u015flerimizdorukta ya da dipte,ayn\u0131 r\u00fczg\u00e2rla k\u0131m\u0131ldayan dallar gibi yukar\u0131da,birbirine dokunan k\u0131z\u0131l k\u00f6kler gibi a\u015fa\u011f\u0131da. Belki ayr\u0131ld\u0131 d\u00fc\u015f\u00fcnbenimkindenve arad\u0131 beni\u00f6nce oldu\u011fu gibikaranl\u0131k denizde,sen hen\u00fcz kendin de\u011filken,ben fark\u0131nda de\u011filken seninyelken a\u00e7m\u0131\u015f ge\u00e7iyordum yan\u0131ndan,ve g\u00f6zlerin arad\u0131\u015fimdi sana c\u00f6mert\u00e7e verdi\u011fimi&#8211; ekme\u011fi, \u015farab\u0131, [&hellip;]\" \/>\n<meta property=\"og:url\" content=\"https:\/\/narteks.net\/index.php\/2009\/12\/29\/adada-gece\/\" \/>\n<meta property=\"og:site_name\" content=\"narteks.net\" \/>\n<meta property=\"article:published_time\" content=\"2009-12-29T15:36:29+00:00\" \/>\n<meta property=\"og:image\" content=\"https:\/\/narteks.net\/wp-content\/uploads\/narteks.png\" \/>\n\t<meta property=\"og:image:width\" content=\"300\" \/>\n\t<meta property=\"og:image:height\" content=\"90\" \/>\n\t<meta property=\"og:image:type\" content=\"image\/png\" \/>\n<meta name=\"author\" content=\"Tar\u0131k\" \/>\n<meta name=\"twitter:card\" content=\"summary_large_image\" \/>\n<meta name=\"twitter:creator\" content=\"@narteks\" \/>\n<meta name=\"twitter:site\" content=\"@narteks\" \/>\n<meta name=\"twitter:label1\" content=\"Yazan:\" \/>\n\t<meta name=\"twitter:data1\" content=\"Tar\u0131k\" \/>\n\t<meta name=\"twitter:label2\" content=\"Tahmini okuma s\u00fcresi\" \/>\n\t<meta name=\"twitter:data2\" content=\"1 dakika\" \/>\n<script type=\"application\/ld+json\" class=\"yoast-schema-graph\">{\"@context\":\"https:\/\/schema.org\",\"@graph\":[{\"@type\":\"Article\",\"@id\":\"https:\/\/narteks.net\/index.php\/2009\/12\/29\/adada-gece\/#article\",\"isPartOf\":{\"@id\":\"https:\/\/narteks.net\/index.php\/2009\/12\/29\/adada-gece\/\"},\"author\":{\"name\":\"Tar\u0131k\",\"@id\":\"https:\/\/narteks.net\/#\/schema\/person\/61f37d9834294b72d31d274e7ed79bca\"},\"headline\":\"ADADA GECE\",\"datePublished\":\"2009-12-29T15:36:29+00:00\",\"mainEntityOfPage\":{\"@id\":\"https:\/\/narteks.net\/index.php\/2009\/12\/29\/adada-gece\/\"},\"wordCount\":209,\"commentCount\":0,\"publisher\":{\"@id\":\"https:\/\/narteks.net\/#organization\"},\"articleSection\":[\"Pablo NERUDA\"],\"inLanguage\":\"tr\",\"potentialAction\":[{\"@type\":\"CommentAction\",\"name\":\"Comment\",\"target\":[\"https:\/\/narteks.net\/index.php\/2009\/12\/29\/adada-gece\/#respond\"]}]},{\"@type\":\"WebPage\",\"@id\":\"https:\/\/narteks.net\/index.php\/2009\/12\/29\/adada-gece\/\",\"url\":\"https:\/\/narteks.net\/index.php\/2009\/12\/29\/adada-gece\/\",\"name\":\"ADADA GECE - narteks.net\",\"isPartOf\":{\"@id\":\"https:\/\/narteks.net\/#website\"},\"datePublished\":\"2009-12-29T15:36:29+00:00\",\"breadcrumb\":{\"@id\":\"https:\/\/narteks.net\/index.php\/2009\/12\/29\/adada-gece\/#breadcrumb\"},\"inLanguage\":\"tr\",\"potentialAction\":[{\"@type\":\"ReadAction\",\"target\":[\"https:\/\/narteks.net\/index.php\/2009\/12\/29\/adada-gece\/\"]}]},{\"@type\":\"BreadcrumbList\",\"@id\":\"https:\/\/narteks.net\/index.php\/2009\/12\/29\/adada-gece\/#breadcrumb\",\"itemListElement\":[{\"@type\":\"ListItem\",\"position\":1,\"name\":\"Anasayfa\",\"item\":\"https:\/\/narteks.net\/\"},{\"@type\":\"ListItem\",\"position\":2,\"name\":\"ADADA GECE\"}]},{\"@type\":\"WebSite\",\"@id\":\"https:\/\/narteks.net\/#website\",\"url\":\"https:\/\/narteks.net\/\",\"name\":\"narteks.net\",\"description\":\"K\u00fclt\u00fcr Sanat Edebiyat Felsefe\",\"publisher\":{\"@id\":\"https:\/\/narteks.net\/#organization\"},\"alternateName\":\"K\u00fclt\u00fcr Sanat Edebiyat Felsefe\",\"potentialAction\":[{\"@type\":\"SearchAction\",\"target\":{\"@type\":\"EntryPoint\",\"urlTemplate\":\"https:\/\/narteks.net\/?s={search_term_string}\"},\"query-input\":{\"@type\":\"PropertyValueSpecification\",\"valueRequired\":true,\"valueName\":\"search_term_string\"}}],\"inLanguage\":\"tr\"},{\"@type\":\"Organization\",\"@id\":\"https:\/\/narteks.net\/#organization\",\"name\":\"narteks.net\",\"url\":\"https:\/\/narteks.net\/\",\"logo\":{\"@type\":\"ImageObject\",\"inLanguage\":\"tr\",\"@id\":\"https:\/\/narteks.net\/#\/schema\/logo\/image\/\",\"url\":\"https:\/\/narteks.net\/wp-content\/uploads\/narteks.png\",\"contentUrl\":\"https:\/\/narteks.net\/wp-content\/uploads\/narteks.png\",\"width\":300,\"height\":90,\"caption\":\"narteks.net\"},\"image\":{\"@id\":\"https:\/\/narteks.net\/#\/schema\/logo\/image\/\"},\"sameAs\":[\"https:\/\/x.com\/narteks\",\"https:\/\/instagram.com\/narteksnet\"]},{\"@type\":\"Person\",\"@id\":\"https:\/\/narteks.net\/#\/schema\/person\/61f37d9834294b72d31d274e7ed79bca\",\"name\":\"Tar\u0131k\",\"image\":{\"@type\":\"ImageObject\",\"inLanguage\":\"tr\",\"@id\":\"https:\/\/narteks.net\/#\/schema\/person\/image\/\",\"url\":\"https:\/\/secure.gravatar.com\/avatar\/50865afb55632c4ae467e0af0930f6510aa2297d8014be502a55b14f3b7550cf?s=96&d=mm&r=g\",\"contentUrl\":\"https:\/\/secure.gravatar.com\/avatar\/50865afb55632c4ae467e0af0930f6510aa2297d8014be502a55b14f3b7550cf?s=96&d=mm&r=g\",\"caption\":\"Tar\u0131k\"},\"sameAs\":[\"http:\/\/narteks.net\"],\"url\":\"https:\/\/narteks.net\/index.php\/author\/narbak\/\"}]}<\/script>\n<!-- \/ Yoast SEO Premium plugin. -->","yoast_head_json":{"title":"ADADA GECE - narteks.net","robots":{"index":"index","follow":"follow","max-snippet":"max-snippet:-1","max-image-preview":"max-image-preview:large","max-video-preview":"max-video-preview:-1"},"canonical":"https:\/\/narteks.net\/index.php\/2009\/12\/29\/adada-gece\/","og_locale":"tr_TR","og_type":"article","og_title":"ADADA GECE","og_description":"\u00a0 B\u00fct\u00fcn gece seninle yatt\u0131mdenizin yak\u0131n\u0131nda, adada.Yaban\u0131l ve uysald\u0131n sevin\u00e7le uyku aras\u0131nda,ate\u015fle su aras\u0131nda. Belki \u00e7ok ge\u00e7birle\u015fti d\u00fc\u015flerimizdorukta ya da dipte,ayn\u0131 r\u00fczg\u00e2rla k\u0131m\u0131ldayan dallar gibi yukar\u0131da,birbirine dokunan k\u0131z\u0131l k\u00f6kler gibi a\u015fa\u011f\u0131da. Belki ayr\u0131ld\u0131 d\u00fc\u015f\u00fcnbenimkindenve arad\u0131 beni\u00f6nce oldu\u011fu gibikaranl\u0131k denizde,sen hen\u00fcz kendin de\u011filken,ben fark\u0131nda de\u011filken seninyelken a\u00e7m\u0131\u015f ge\u00e7iyordum yan\u0131ndan,ve g\u00f6zlerin arad\u0131\u015fimdi sana c\u00f6mert\u00e7e verdi\u011fimi&#8211; ekme\u011fi, \u015farab\u0131, [&hellip;]","og_url":"https:\/\/narteks.net\/index.php\/2009\/12\/29\/adada-gece\/","og_site_name":"narteks.net","article_published_time":"2009-12-29T15:36:29+00:00","og_image":[{"width":300,"height":90,"url":"https:\/\/narteks.net\/wp-content\/uploads\/narteks.png","type":"image\/png"}],"author":"Tar\u0131k","twitter_card":"summary_large_image","twitter_creator":"@narteks","twitter_site":"@narteks","twitter_misc":{"Yazan:":"Tar\u0131k","Tahmini okuma s\u00fcresi":"1 dakika"},"schema":{"@context":"https:\/\/schema.org","@graph":[{"@type":"Article","@id":"https:\/\/narteks.net\/index.php\/2009\/12\/29\/adada-gece\/#article","isPartOf":{"@id":"https:\/\/narteks.net\/index.php\/2009\/12\/29\/adada-gece\/"},"author":{"name":"Tar\u0131k","@id":"https:\/\/narteks.net\/#\/schema\/person\/61f37d9834294b72d31d274e7ed79bca"},"headline":"ADADA GECE","datePublished":"2009-12-29T15:36:29+00:00","mainEntityOfPage":{"@id":"https:\/\/narteks.net\/index.php\/2009\/12\/29\/adada-gece\/"},"wordCount":209,"commentCount":0,"publisher":{"@id":"https:\/\/narteks.net\/#organization"},"articleSection":["Pablo NERUDA"],"inLanguage":"tr","potentialAction":[{"@type":"CommentAction","name":"Comment","target":["https:\/\/narteks.net\/index.php\/2009\/12\/29\/adada-gece\/#respond"]}]},{"@type":"WebPage","@id":"https:\/\/narteks.net\/index.php\/2009\/12\/29\/adada-gece\/","url":"https:\/\/narteks.net\/index.php\/2009\/12\/29\/adada-gece\/","name":"ADADA GECE - narteks.net","isPartOf":{"@id":"https:\/\/narteks.net\/#website"},"datePublished":"2009-12-29T15:36:29+00:00","breadcrumb":{"@id":"https:\/\/narteks.net\/index.php\/2009\/12\/29\/adada-gece\/#breadcrumb"},"inLanguage":"tr","potentialAction":[{"@type":"ReadAction","target":["https:\/\/narteks.net\/index.php\/2009\/12\/29\/adada-gece\/"]}]},{"@type":"BreadcrumbList","@id":"https:\/\/narteks.net\/index.php\/2009\/12\/29\/adada-gece\/#breadcrumb","itemListElement":[{"@type":"ListItem","position":1,"name":"Anasayfa","item":"https:\/\/narteks.net\/"},{"@type":"ListItem","position":2,"name":"ADADA GECE"}]},{"@type":"WebSite","@id":"https:\/\/narteks.net\/#website","url":"https:\/\/narteks.net\/","name":"narteks.net","description":"K\u00fclt\u00fcr Sanat Edebiyat Felsefe","publisher":{"@id":"https:\/\/narteks.net\/#organization"},"alternateName":"K\u00fclt\u00fcr Sanat Edebiyat Felsefe","potentialAction":[{"@type":"SearchAction","target":{"@type":"EntryPoint","urlTemplate":"https:\/\/narteks.net\/?s={search_term_string}"},"query-input":{"@type":"PropertyValueSpecification","valueRequired":true,"valueName":"search_term_string"}}],"inLanguage":"tr"},{"@type":"Organization","@id":"https:\/\/narteks.net\/#organization","name":"narteks.net","url":"https:\/\/narteks.net\/","logo":{"@type":"ImageObject","inLanguage":"tr","@id":"https:\/\/narteks.net\/#\/schema\/logo\/image\/","url":"https:\/\/narteks.net\/wp-content\/uploads\/narteks.png","contentUrl":"https:\/\/narteks.net\/wp-content\/uploads\/narteks.png","width":300,"height":90,"caption":"narteks.net"},"image":{"@id":"https:\/\/narteks.net\/#\/schema\/logo\/image\/"},"sameAs":["https:\/\/x.com\/narteks","https:\/\/instagram.com\/narteksnet"]},{"@type":"Person","@id":"https:\/\/narteks.net\/#\/schema\/person\/61f37d9834294b72d31d274e7ed79bca","name":"Tar\u0131k","image":{"@type":"ImageObject","inLanguage":"tr","@id":"https:\/\/narteks.net\/#\/schema\/person\/image\/","url":"https:\/\/secure.gravatar.com\/avatar\/50865afb55632c4ae467e0af0930f6510aa2297d8014be502a55b14f3b7550cf?s=96&d=mm&r=g","contentUrl":"https:\/\/secure.gravatar.com\/avatar\/50865afb55632c4ae467e0af0930f6510aa2297d8014be502a55b14f3b7550cf?s=96&d=mm&r=g","caption":"Tar\u0131k"},"sameAs":["http:\/\/narteks.net"],"url":"https:\/\/narteks.net\/index.php\/author\/narbak\/"}]}},"_links":{"self":[{"href":"https:\/\/narteks.net\/index.php\/wp-json\/wp\/v2\/posts\/3644","targetHints":{"allow":["GET"]}}],"collection":[{"href":"https:\/\/narteks.net\/index.php\/wp-json\/wp\/v2\/posts"}],"about":[{"href":"https:\/\/narteks.net\/index.php\/wp-json\/wp\/v2\/types\/post"}],"author":[{"embeddable":true,"href":"https:\/\/narteks.net\/index.php\/wp-json\/wp\/v2\/users\/1"}],"replies":[{"embeddable":true,"href":"https:\/\/narteks.net\/index.php\/wp-json\/wp\/v2\/comments?post=3644"}],"version-history":[{"count":0,"href":"https:\/\/narteks.net\/index.php\/wp-json\/wp\/v2\/posts\/3644\/revisions"}],"wp:attachment":[{"href":"https:\/\/narteks.net\/index.php\/wp-json\/wp\/v2\/media?parent=3644"}],"wp:term":[{"taxonomy":"category","embeddable":true,"href":"https:\/\/narteks.net\/index.php\/wp-json\/wp\/v2\/categories?post=3644"},{"taxonomy":"post_tag","embeddable":true,"href":"https:\/\/narteks.net\/index.php\/wp-json\/wp\/v2\/tags?post=3644"}],"curies":[{"name":"wp","href":"https:\/\/api.w.org\/{rel}","templated":true}]}}