{"id":3645,"date":"2009-12-29T22:35:12","date_gmt":"2009-12-29T19:35:12","guid":{"rendered":"http:\/\/localhost\/wordpress\/2009\/12\/29\/bulgar-siirinin-yenilikci-kusaginin-temsilcisi-komunist-sair-nikola-vaptsarov\/"},"modified":"2024-04-23T13:47:56","modified_gmt":"2024-04-23T10:47:56","slug":"bulgar-siirinin-yenilikci-kusaginin-temsilcisi-komunist-sair-nikola-vaptsarov","status":"publish","type":"post","link":"https:\/\/narteks.net\/index.php\/2009\/12\/29\/bulgar-siirinin-yenilikci-kusaginin-temsilcisi-komunist-sair-nikola-vaptsarov\/","title":{"rendered":"Bulgar \u015fiiri&#8217;nin yenilik\u00e7i ku\u015fa\u011f\u0131n\u0131n temsilcisi kom\u00fcnist \u015fair; Nikola Vaptsarov"},"content":{"rendered":"<p><img loading=\"lazy\" decoding=\"async\" src=\"http:\/\/www.novinite.com\/media\/images\/2008-12\/99604.jpg\" border=\"0\" width=\"155\" height=\"205\" style=\"float: left; border: 0;\" \/><\/p>\n<address><em>Bu y\u00fczden, uykular\u0131mdan<\/em><\/address>\n<address><em>\u00e7alarak yazd\u0131\u011f\u0131m \u015fiirler, <br \/> parf\u00fcm kokmaz, bu y\u00fczden<br \/> k\u0131sad\u0131r o \u00e7at\u0131k ka\u015fl\u0131 s\u00f6zler.<\/em><\/address>\n<address><em><br \/> \u00c7ektiklerimiz i\u00e7in, <br \/> yok \u00f6d\u00fcl filan bekledi\u011fimiz<br \/> ne de o koca ciltlerinde<br \/> resmimiz olsun isteriz<\/p>\n<p> Yaln\u0131z yal\u0131n anlat \u00f6yk\u00fcm\u00fcz\u00fc<br \/> gelece\u011fin insanlar\u0131na <\/em><\/address>\n<address><em>yerimizi alacaklara anlat nas\u0131l cesurduk kavgada.<\/em><\/address>\n<p style=\"text-align: center;\"><strong> <\/strong><\/p>\n<p style=\"text-align: justify;\">7 Aral\u0131k 1909 y\u0131l\u0131nda Bulgaristan\u2019\u0131n Bansko kasabas\u0131nda do\u011fdu. Babas\u0131n\u0131n iste\u011fi ile makine teknisyeni oldu. Sofya \u00dcniversitesi Edebiyat b\u00f6l\u00fcm\u00fcn\u00fc okuma iste\u011fini\u00a0 ger\u00e7ekle\u015ftiremedi. \u00c7e\u015fitli i\u015flerde \u00e7al\u0131\u015ft\u0131, zor ko\u015fullarda ya\u015fad\u0131. Bulgaristan Kom\u00fcnist Partisi saflar\u0131nda politik faaliyetlerde bulundu. 1940 y\u0131l\u0131nda tek kitab\u0131 \u201cMotor T\u00fcrk\u00fcleri\u201d yay\u0131nland\u0131. Bu kitap Nikola Vaptsarov\u2019u Bulgar ve d\u00fcnya insanl\u0131\u011f\u0131 kar\u015f\u0131s\u0131nda onurlu bir yere ta\u015f\u0131d\u0131. 1942 y\u0131l\u0131nda Alman fa\u015fizmine kar\u015f\u0131 \u00fclkesini savundu\u011fu i\u00e7in tutukland\u0131, i\u015fkence g\u00f6rd\u00fc. Be\u015f arkada\u015f\u0131yla birlikte 23 Temmuz 1942&#8217;de idam edildi.<\/p>\n<p style=\"text-align: justify;\">Vaptsarov&#8217;un \u015fiirleri Erdal Alova taraf\u0131ndan T\u00fcrk\u00e7eye \u00e7evrildi ve 1992 y\u0131l\u0131nda Y\u00f6n Yay\u0131nc\u0131l\u0131k taraf\u0131ndan yay\u0131mland\u0131. Evrensel Bas\u0131m, \u015fairin \u015fiirlerini &#8220;\u0130nsana Adanm\u0131\u015f \u015eark\u0131lar&#8221; ad\u0131yla derledi.<\/p>\n<p style=\"text-align: justify;\">\u00a0<\/p>\n<p style=\"text-align: justify;\">Alman fa\u015fizmi ezilen d\u00fcnya halklar\u0131na sald\u0131rd\u0131\u011f\u0131nda Balkan h\u00fck\u00fcmetleri de onun u\u015fakl\u0131\u011f\u0131n\u0131 yap\u0131yorlard\u0131. Bu zulme, g\u00f6\u011f\u00fcs geren balkan halklar\u0131 fa\u015fizme kar\u015f\u0131 birle\u015fik cephede binlerce kahramanl\u0131k \u00f6rne\u011fi sergilediler.<br \/>Bir avu\u00e7 diye nitelendirilen partizan m\u00fcfrezeleri, fa\u015fizmin kalelerinde, gedikler a\u00e7maya ba\u015flad\u0131klar\u0131nda Hitlerin u\u015faklar\u0131n\u0131n hayalleri de darmada\u011f\u0131n olmu\u015ftu.<\/p>\n<p style=\"text-align: justify;\">\u015eairin Biyografisi ve \u015fiirleri i\u00e7in <a href=\"http:\/\/localhost\/wordpress\/2009\/02\/27\/giz\/\">T\u0131klay\u0131n<\/a><\/p>\n","protected":false},"excerpt":{"rendered":"<p>Bu y\u00fczden, uykular\u0131mdan \u00e7alarak yazd\u0131\u011f\u0131m \u015fiirler, parf\u00fcm kokmaz, bu y\u00fczden k\u0131sad\u0131r o \u00e7at\u0131k ka\u015fl\u0131 s\u00f6zler. \u00c7ektiklerimiz i\u00e7in, yok \u00f6d\u00fcl filan bekledi\u011fimiz ne de o koca ciltlerinde resmimiz olsun isteriz Yaln\u0131z yal\u0131n anlat \u00f6yk\u00fcm\u00fcz\u00fc gelece\u011fin insanlar\u0131na yerimizi alacaklara anlat nas\u0131l cesurduk kavgada. 7 Aral\u0131k 1909 y\u0131l\u0131nda Bulgaristan\u2019\u0131n Bansko kasabas\u0131nda do\u011fdu. Babas\u0131n\u0131n iste\u011fi ile makine teknisyeni oldu. [&hellip;]<\/p>\n","protected":false},"author":1,"featured_media":0,"comment_status":"open","ping_status":"open","sticky":false,"template":"","format":"standard","meta":{"footnotes":""},"categories":[122],"tags":[],"class_list":{"0":"post-3645","1":"post","2":"type-post","3":"status-publish","4":"format-standard","6":"category-sair-e-dair"},"yoast_head":"<!-- This site is optimized with the Yoast SEO Premium plugin v24.9 (Yoast SEO v24.9) - https:\/\/yoast.com\/wordpress\/plugins\/seo\/ -->\n<title>Bulgar \u015fiiri&#039;nin yenilik\u00e7i ku\u015fa\u011f\u0131n\u0131n temsilcisi kom\u00fcnist \u015fair; Nikola Vaptsarov - narteks.net<\/title>\n<meta name=\"robots\" content=\"index, follow, max-snippet:-1, max-image-preview:large, max-video-preview:-1\" \/>\n<link rel=\"canonical\" href=\"https:\/\/narteks.net\/index.php\/2009\/12\/29\/bulgar-siirinin-yenilikci-kusaginin-temsilcisi-komunist-sair-nikola-vaptsarov\/\" \/>\n<meta property=\"og:locale\" content=\"tr_TR\" \/>\n<meta property=\"og:type\" content=\"article\" \/>\n<meta property=\"og:title\" content=\"Bulgar \u015fiiri&#039;nin yenilik\u00e7i ku\u015fa\u011f\u0131n\u0131n temsilcisi kom\u00fcnist \u015fair; Nikola Vaptsarov\" \/>\n<meta property=\"og:description\" content=\"Bu y\u00fczden, uykular\u0131mdan \u00e7alarak yazd\u0131\u011f\u0131m \u015fiirler, parf\u00fcm kokmaz, bu y\u00fczden k\u0131sad\u0131r o \u00e7at\u0131k ka\u015fl\u0131 s\u00f6zler. \u00c7ektiklerimiz i\u00e7in, yok \u00f6d\u00fcl filan bekledi\u011fimiz ne de o koca ciltlerinde resmimiz olsun isteriz Yaln\u0131z yal\u0131n anlat \u00f6yk\u00fcm\u00fcz\u00fc gelece\u011fin insanlar\u0131na yerimizi alacaklara anlat nas\u0131l cesurduk kavgada. 7 Aral\u0131k 1909 y\u0131l\u0131nda Bulgaristan\u2019\u0131n Bansko kasabas\u0131nda do\u011fdu. Babas\u0131n\u0131n iste\u011fi ile makine teknisyeni oldu. [&hellip;]\" \/>\n<meta property=\"og:url\" content=\"https:\/\/narteks.net\/index.php\/2009\/12\/29\/bulgar-siirinin-yenilikci-kusaginin-temsilcisi-komunist-sair-nikola-vaptsarov\/\" \/>\n<meta property=\"og:site_name\" content=\"narteks.net\" \/>\n<meta property=\"article:published_time\" content=\"2009-12-29T19:35:12+00:00\" \/>\n<meta property=\"article:modified_time\" content=\"2024-04-23T10:47:56+00:00\" \/>\n<meta property=\"og:image\" content=\"http:\/\/www.novinite.com\/media\/images\/2008-12\/99604.jpg\" \/>\n<meta name=\"author\" content=\"Tar\u0131k\" \/>\n<meta name=\"twitter:card\" content=\"summary_large_image\" \/>\n<meta name=\"twitter:creator\" content=\"@narteks\" \/>\n<meta name=\"twitter:site\" content=\"@narteks\" \/>\n<meta name=\"twitter:label1\" content=\"Yazan:\" \/>\n\t<meta name=\"twitter:data1\" content=\"Tar\u0131k\" \/>\n\t<meta name=\"twitter:label2\" content=\"Tahmini okuma s\u00fcresi\" \/>\n\t<meta name=\"twitter:data2\" content=\"1 dakika\" \/>\n<script type=\"application\/ld+json\" class=\"yoast-schema-graph\">{\"@context\":\"https:\/\/schema.org\",\"@graph\":[{\"@type\":\"Article\",\"@id\":\"https:\/\/narteks.net\/index.php\/2009\/12\/29\/bulgar-siirinin-yenilikci-kusaginin-temsilcisi-komunist-sair-nikola-vaptsarov\/#article\",\"isPartOf\":{\"@id\":\"https:\/\/narteks.net\/index.php\/2009\/12\/29\/bulgar-siirinin-yenilikci-kusaginin-temsilcisi-komunist-sair-nikola-vaptsarov\/\"},\"author\":{\"name\":\"Tar\u0131k\",\"@id\":\"https:\/\/narteks.net\/#\/schema\/person\/61f37d9834294b72d31d274e7ed79bca\"},\"headline\":\"Bulgar \u015fiiri&#8217;nin yenilik\u00e7i ku\u015fa\u011f\u0131n\u0131n temsilcisi kom\u00fcnist \u015fair; Nikola Vaptsarov\",\"datePublished\":\"2009-12-29T19:35:12+00:00\",\"dateModified\":\"2024-04-23T10:47:56+00:00\",\"mainEntityOfPage\":{\"@id\":\"https:\/\/narteks.net\/index.php\/2009\/12\/29\/bulgar-siirinin-yenilikci-kusaginin-temsilcisi-komunist-sair-nikola-vaptsarov\/\"},\"wordCount\":297,\"commentCount\":0,\"publisher\":{\"@id\":\"https:\/\/narteks.net\/#organization\"},\"image\":{\"@id\":\"https:\/\/narteks.net\/index.php\/2009\/12\/29\/bulgar-siirinin-yenilikci-kusaginin-temsilcisi-komunist-sair-nikola-vaptsarov\/#primaryimage\"},\"thumbnailUrl\":\"http:\/\/www.novinite.com\/media\/images\/2008-12\/99604.jpg\",\"articleSection\":[\"\u015eair'e Dair\"],\"inLanguage\":\"tr\",\"potentialAction\":[{\"@type\":\"CommentAction\",\"name\":\"Comment\",\"target\":[\"https:\/\/narteks.net\/index.php\/2009\/12\/29\/bulgar-siirinin-yenilikci-kusaginin-temsilcisi-komunist-sair-nikola-vaptsarov\/#respond\"]}]},{\"@type\":\"WebPage\",\"@id\":\"https:\/\/narteks.net\/index.php\/2009\/12\/29\/bulgar-siirinin-yenilikci-kusaginin-temsilcisi-komunist-sair-nikola-vaptsarov\/\",\"url\":\"https:\/\/narteks.net\/index.php\/2009\/12\/29\/bulgar-siirinin-yenilikci-kusaginin-temsilcisi-komunist-sair-nikola-vaptsarov\/\",\"name\":\"Bulgar \u015fiiri'nin yenilik\u00e7i ku\u015fa\u011f\u0131n\u0131n temsilcisi kom\u00fcnist \u015fair; Nikola Vaptsarov - narteks.net\",\"isPartOf\":{\"@id\":\"https:\/\/narteks.net\/#website\"},\"primaryImageOfPage\":{\"@id\":\"https:\/\/narteks.net\/index.php\/2009\/12\/29\/bulgar-siirinin-yenilikci-kusaginin-temsilcisi-komunist-sair-nikola-vaptsarov\/#primaryimage\"},\"image\":{\"@id\":\"https:\/\/narteks.net\/index.php\/2009\/12\/29\/bulgar-siirinin-yenilikci-kusaginin-temsilcisi-komunist-sair-nikola-vaptsarov\/#primaryimage\"},\"thumbnailUrl\":\"http:\/\/www.novinite.com\/media\/images\/2008-12\/99604.jpg\",\"datePublished\":\"2009-12-29T19:35:12+00:00\",\"dateModified\":\"2024-04-23T10:47:56+00:00\",\"breadcrumb\":{\"@id\":\"https:\/\/narteks.net\/index.php\/2009\/12\/29\/bulgar-siirinin-yenilikci-kusaginin-temsilcisi-komunist-sair-nikola-vaptsarov\/#breadcrumb\"},\"inLanguage\":\"tr\",\"potentialAction\":[{\"@type\":\"ReadAction\",\"target\":[\"https:\/\/narteks.net\/index.php\/2009\/12\/29\/bulgar-siirinin-yenilikci-kusaginin-temsilcisi-komunist-sair-nikola-vaptsarov\/\"]}]},{\"@type\":\"ImageObject\",\"inLanguage\":\"tr\",\"@id\":\"https:\/\/narteks.net\/index.php\/2009\/12\/29\/bulgar-siirinin-yenilikci-kusaginin-temsilcisi-komunist-sair-nikola-vaptsarov\/#primaryimage\",\"url\":\"http:\/\/www.novinite.com\/media\/images\/2008-12\/99604.jpg\",\"contentUrl\":\"http:\/\/www.novinite.com\/media\/images\/2008-12\/99604.jpg\"},{\"@type\":\"BreadcrumbList\",\"@id\":\"https:\/\/narteks.net\/index.php\/2009\/12\/29\/bulgar-siirinin-yenilikci-kusaginin-temsilcisi-komunist-sair-nikola-vaptsarov\/#breadcrumb\",\"itemListElement\":[{\"@type\":\"ListItem\",\"position\":1,\"name\":\"Anasayfa\",\"item\":\"https:\/\/narteks.net\/\"},{\"@type\":\"ListItem\",\"position\":2,\"name\":\"Bulgar \u015fiiri&#8217;nin yenilik\u00e7i ku\u015fa\u011f\u0131n\u0131n temsilcisi kom\u00fcnist \u015fair; Nikola Vaptsarov\"}]},{\"@type\":\"WebSite\",\"@id\":\"https:\/\/narteks.net\/#website\",\"url\":\"https:\/\/narteks.net\/\",\"name\":\"narteks.net\",\"description\":\"K\u00fclt\u00fcr Sanat Edebiyat Felsefe\",\"publisher\":{\"@id\":\"https:\/\/narteks.net\/#organization\"},\"alternateName\":\"K\u00fclt\u00fcr Sanat Edebiyat Felsefe\",\"potentialAction\":[{\"@type\":\"SearchAction\",\"target\":{\"@type\":\"EntryPoint\",\"urlTemplate\":\"https:\/\/narteks.net\/?s={search_term_string}\"},\"query-input\":{\"@type\":\"PropertyValueSpecification\",\"valueRequired\":true,\"valueName\":\"search_term_string\"}}],\"inLanguage\":\"tr\"},{\"@type\":\"Organization\",\"@id\":\"https:\/\/narteks.net\/#organization\",\"name\":\"narteks.net\",\"url\":\"https:\/\/narteks.net\/\",\"logo\":{\"@type\":\"ImageObject\",\"inLanguage\":\"tr\",\"@id\":\"https:\/\/narteks.net\/#\/schema\/logo\/image\/\",\"url\":\"https:\/\/narteks.net\/wp-content\/uploads\/narteks.png\",\"contentUrl\":\"https:\/\/narteks.net\/wp-content\/uploads\/narteks.png\",\"width\":300,\"height\":90,\"caption\":\"narteks.net\"},\"image\":{\"@id\":\"https:\/\/narteks.net\/#\/schema\/logo\/image\/\"},\"sameAs\":[\"https:\/\/x.com\/narteks\",\"https:\/\/instagram.com\/narteksnet\"]},{\"@type\":\"Person\",\"@id\":\"https:\/\/narteks.net\/#\/schema\/person\/61f37d9834294b72d31d274e7ed79bca\",\"name\":\"Tar\u0131k\",\"image\":{\"@type\":\"ImageObject\",\"inLanguage\":\"tr\",\"@id\":\"https:\/\/narteks.net\/#\/schema\/person\/image\/\",\"url\":\"https:\/\/secure.gravatar.com\/avatar\/50865afb55632c4ae467e0af0930f6510aa2297d8014be502a55b14f3b7550cf?s=96&d=mm&r=g\",\"contentUrl\":\"https:\/\/secure.gravatar.com\/avatar\/50865afb55632c4ae467e0af0930f6510aa2297d8014be502a55b14f3b7550cf?s=96&d=mm&r=g\",\"caption\":\"Tar\u0131k\"},\"sameAs\":[\"http:\/\/narteks.net\"],\"url\":\"https:\/\/narteks.net\/index.php\/author\/narbak\/\"}]}<\/script>\n<!-- \/ Yoast SEO Premium plugin. -->","yoast_head_json":{"title":"Bulgar \u015fiiri'nin yenilik\u00e7i ku\u015fa\u011f\u0131n\u0131n temsilcisi kom\u00fcnist \u015fair; Nikola Vaptsarov - narteks.net","robots":{"index":"index","follow":"follow","max-snippet":"max-snippet:-1","max-image-preview":"max-image-preview:large","max-video-preview":"max-video-preview:-1"},"canonical":"https:\/\/narteks.net\/index.php\/2009\/12\/29\/bulgar-siirinin-yenilikci-kusaginin-temsilcisi-komunist-sair-nikola-vaptsarov\/","og_locale":"tr_TR","og_type":"article","og_title":"Bulgar \u015fiiri'nin yenilik\u00e7i ku\u015fa\u011f\u0131n\u0131n temsilcisi kom\u00fcnist \u015fair; Nikola Vaptsarov","og_description":"Bu y\u00fczden, uykular\u0131mdan \u00e7alarak yazd\u0131\u011f\u0131m \u015fiirler, parf\u00fcm kokmaz, bu y\u00fczden k\u0131sad\u0131r o \u00e7at\u0131k ka\u015fl\u0131 s\u00f6zler. \u00c7ektiklerimiz i\u00e7in, yok \u00f6d\u00fcl filan bekledi\u011fimiz ne de o koca ciltlerinde resmimiz olsun isteriz Yaln\u0131z yal\u0131n anlat \u00f6yk\u00fcm\u00fcz\u00fc gelece\u011fin insanlar\u0131na yerimizi alacaklara anlat nas\u0131l cesurduk kavgada. 7 Aral\u0131k 1909 y\u0131l\u0131nda Bulgaristan\u2019\u0131n Bansko kasabas\u0131nda do\u011fdu. Babas\u0131n\u0131n iste\u011fi ile makine teknisyeni oldu. [&hellip;]","og_url":"https:\/\/narteks.net\/index.php\/2009\/12\/29\/bulgar-siirinin-yenilikci-kusaginin-temsilcisi-komunist-sair-nikola-vaptsarov\/","og_site_name":"narteks.net","article_published_time":"2009-12-29T19:35:12+00:00","article_modified_time":"2024-04-23T10:47:56+00:00","og_image":[{"url":"http:\/\/www.novinite.com\/media\/images\/2008-12\/99604.jpg","type":"","width":"","height":""}],"author":"Tar\u0131k","twitter_card":"summary_large_image","twitter_creator":"@narteks","twitter_site":"@narteks","twitter_misc":{"Yazan:":"Tar\u0131k","Tahmini okuma s\u00fcresi":"1 dakika"},"schema":{"@context":"https:\/\/schema.org","@graph":[{"@type":"Article","@id":"https:\/\/narteks.net\/index.php\/2009\/12\/29\/bulgar-siirinin-yenilikci-kusaginin-temsilcisi-komunist-sair-nikola-vaptsarov\/#article","isPartOf":{"@id":"https:\/\/narteks.net\/index.php\/2009\/12\/29\/bulgar-siirinin-yenilikci-kusaginin-temsilcisi-komunist-sair-nikola-vaptsarov\/"},"author":{"name":"Tar\u0131k","@id":"https:\/\/narteks.net\/#\/schema\/person\/61f37d9834294b72d31d274e7ed79bca"},"headline":"Bulgar \u015fiiri&#8217;nin yenilik\u00e7i ku\u015fa\u011f\u0131n\u0131n temsilcisi kom\u00fcnist \u015fair; Nikola Vaptsarov","datePublished":"2009-12-29T19:35:12+00:00","dateModified":"2024-04-23T10:47:56+00:00","mainEntityOfPage":{"@id":"https:\/\/narteks.net\/index.php\/2009\/12\/29\/bulgar-siirinin-yenilikci-kusaginin-temsilcisi-komunist-sair-nikola-vaptsarov\/"},"wordCount":297,"commentCount":0,"publisher":{"@id":"https:\/\/narteks.net\/#organization"},"image":{"@id":"https:\/\/narteks.net\/index.php\/2009\/12\/29\/bulgar-siirinin-yenilikci-kusaginin-temsilcisi-komunist-sair-nikola-vaptsarov\/#primaryimage"},"thumbnailUrl":"http:\/\/www.novinite.com\/media\/images\/2008-12\/99604.jpg","articleSection":["\u015eair'e Dair"],"inLanguage":"tr","potentialAction":[{"@type":"CommentAction","name":"Comment","target":["https:\/\/narteks.net\/index.php\/2009\/12\/29\/bulgar-siirinin-yenilikci-kusaginin-temsilcisi-komunist-sair-nikola-vaptsarov\/#respond"]}]},{"@type":"WebPage","@id":"https:\/\/narteks.net\/index.php\/2009\/12\/29\/bulgar-siirinin-yenilikci-kusaginin-temsilcisi-komunist-sair-nikola-vaptsarov\/","url":"https:\/\/narteks.net\/index.php\/2009\/12\/29\/bulgar-siirinin-yenilikci-kusaginin-temsilcisi-komunist-sair-nikola-vaptsarov\/","name":"Bulgar \u015fiiri'nin yenilik\u00e7i ku\u015fa\u011f\u0131n\u0131n temsilcisi kom\u00fcnist \u015fair; Nikola Vaptsarov - narteks.net","isPartOf":{"@id":"https:\/\/narteks.net\/#website"},"primaryImageOfPage":{"@id":"https:\/\/narteks.net\/index.php\/2009\/12\/29\/bulgar-siirinin-yenilikci-kusaginin-temsilcisi-komunist-sair-nikola-vaptsarov\/#primaryimage"},"image":{"@id":"https:\/\/narteks.net\/index.php\/2009\/12\/29\/bulgar-siirinin-yenilikci-kusaginin-temsilcisi-komunist-sair-nikola-vaptsarov\/#primaryimage"},"thumbnailUrl":"http:\/\/www.novinite.com\/media\/images\/2008-12\/99604.jpg","datePublished":"2009-12-29T19:35:12+00:00","dateModified":"2024-04-23T10:47:56+00:00","breadcrumb":{"@id":"https:\/\/narteks.net\/index.php\/2009\/12\/29\/bulgar-siirinin-yenilikci-kusaginin-temsilcisi-komunist-sair-nikola-vaptsarov\/#breadcrumb"},"inLanguage":"tr","potentialAction":[{"@type":"ReadAction","target":["https:\/\/narteks.net\/index.php\/2009\/12\/29\/bulgar-siirinin-yenilikci-kusaginin-temsilcisi-komunist-sair-nikola-vaptsarov\/"]}]},{"@type":"ImageObject","inLanguage":"tr","@id":"https:\/\/narteks.net\/index.php\/2009\/12\/29\/bulgar-siirinin-yenilikci-kusaginin-temsilcisi-komunist-sair-nikola-vaptsarov\/#primaryimage","url":"http:\/\/www.novinite.com\/media\/images\/2008-12\/99604.jpg","contentUrl":"http:\/\/www.novinite.com\/media\/images\/2008-12\/99604.jpg"},{"@type":"BreadcrumbList","@id":"https:\/\/narteks.net\/index.php\/2009\/12\/29\/bulgar-siirinin-yenilikci-kusaginin-temsilcisi-komunist-sair-nikola-vaptsarov\/#breadcrumb","itemListElement":[{"@type":"ListItem","position":1,"name":"Anasayfa","item":"https:\/\/narteks.net\/"},{"@type":"ListItem","position":2,"name":"Bulgar \u015fiiri&#8217;nin yenilik\u00e7i ku\u015fa\u011f\u0131n\u0131n temsilcisi kom\u00fcnist \u015fair; Nikola Vaptsarov"}]},{"@type":"WebSite","@id":"https:\/\/narteks.net\/#website","url":"https:\/\/narteks.net\/","name":"narteks.net","description":"K\u00fclt\u00fcr Sanat Edebiyat Felsefe","publisher":{"@id":"https:\/\/narteks.net\/#organization"},"alternateName":"K\u00fclt\u00fcr Sanat Edebiyat Felsefe","potentialAction":[{"@type":"SearchAction","target":{"@type":"EntryPoint","urlTemplate":"https:\/\/narteks.net\/?s={search_term_string}"},"query-input":{"@type":"PropertyValueSpecification","valueRequired":true,"valueName":"search_term_string"}}],"inLanguage":"tr"},{"@type":"Organization","@id":"https:\/\/narteks.net\/#organization","name":"narteks.net","url":"https:\/\/narteks.net\/","logo":{"@type":"ImageObject","inLanguage":"tr","@id":"https:\/\/narteks.net\/#\/schema\/logo\/image\/","url":"https:\/\/narteks.net\/wp-content\/uploads\/narteks.png","contentUrl":"https:\/\/narteks.net\/wp-content\/uploads\/narteks.png","width":300,"height":90,"caption":"narteks.net"},"image":{"@id":"https:\/\/narteks.net\/#\/schema\/logo\/image\/"},"sameAs":["https:\/\/x.com\/narteks","https:\/\/instagram.com\/narteksnet"]},{"@type":"Person","@id":"https:\/\/narteks.net\/#\/schema\/person\/61f37d9834294b72d31d274e7ed79bca","name":"Tar\u0131k","image":{"@type":"ImageObject","inLanguage":"tr","@id":"https:\/\/narteks.net\/#\/schema\/person\/image\/","url":"https:\/\/secure.gravatar.com\/avatar\/50865afb55632c4ae467e0af0930f6510aa2297d8014be502a55b14f3b7550cf?s=96&d=mm&r=g","contentUrl":"https:\/\/secure.gravatar.com\/avatar\/50865afb55632c4ae467e0af0930f6510aa2297d8014be502a55b14f3b7550cf?s=96&d=mm&r=g","caption":"Tar\u0131k"},"sameAs":["http:\/\/narteks.net"],"url":"https:\/\/narteks.net\/index.php\/author\/narbak\/"}]}},"_links":{"self":[{"href":"https:\/\/narteks.net\/index.php\/wp-json\/wp\/v2\/posts\/3645","targetHints":{"allow":["GET"]}}],"collection":[{"href":"https:\/\/narteks.net\/index.php\/wp-json\/wp\/v2\/posts"}],"about":[{"href":"https:\/\/narteks.net\/index.php\/wp-json\/wp\/v2\/types\/post"}],"author":[{"embeddable":true,"href":"https:\/\/narteks.net\/index.php\/wp-json\/wp\/v2\/users\/1"}],"replies":[{"embeddable":true,"href":"https:\/\/narteks.net\/index.php\/wp-json\/wp\/v2\/comments?post=3645"}],"version-history":[{"count":1,"href":"https:\/\/narteks.net\/index.php\/wp-json\/wp\/v2\/posts\/3645\/revisions"}],"predecessor-version":[{"id":7178,"href":"https:\/\/narteks.net\/index.php\/wp-json\/wp\/v2\/posts\/3645\/revisions\/7178"}],"wp:attachment":[{"href":"https:\/\/narteks.net\/index.php\/wp-json\/wp\/v2\/media?parent=3645"}],"wp:term":[{"taxonomy":"category","embeddable":true,"href":"https:\/\/narteks.net\/index.php\/wp-json\/wp\/v2\/categories?post=3645"},{"taxonomy":"post_tag","embeddable":true,"href":"https:\/\/narteks.net\/index.php\/wp-json\/wp\/v2\/tags?post=3645"}],"curies":[{"name":"wp","href":"https:\/\/api.w.org\/{rel}","templated":true}]}}